{"id":2501,"date":"2020-02-12T07:56:05","date_gmt":"2020-02-12T06:56:05","guid":{"rendered":"http:\/\/www.italiaeconomiaonline.it\/web\/?p=2501"},"modified":"2020-02-12T07:56:05","modified_gmt":"2020-02-12T06:56:05","slug":"coronavirus-tra-numeri-ufficiali-e-incognite-vietato-abbassare-la-guardia","status":"publish","type":"post","link":"https:\/\/www.italiaeconomiaonline.it\/web\/coronavirus-tra-numeri-ufficiali-e-incognite-vietato-abbassare-la-guardia\/","title":{"rendered":"Coronavirus: tra numeri ufficiali e incognite vietato abbassare la guardia"},"content":{"rendered":"<p><span class=\"dropcap dropcap3\">L<\/span>\u2019overdose d\u2019informazioni sul coronavirus, spesso finalizzate alla ricerca della notizia a tutti i costi, distrae dai numeri confermati dalle istituzioni internazionali, oltre che dalle dinamiche di diffusione del virus, gli unici punti di riferimento per le decisioni di sanit\u00e0 pubblica e per l\u2019informazione alla popolazione.<\/p>\n<p>Questa asimmetria informativa ha generato una dissociazione tra la minaccia reale dell\u2019epidemia e la sua percezione pubblica, alimentata ogni giorno da notizie irrilevanti, allarmanti, incomplete o imprecise.<\/p>\n<p>A ci\u00f2 si aggiungono anche le discordanti interpretazioni degli esperti di dati ed evidenze scientifiche che aumentano la disinformazione e disorientano la popolazione.<\/p>\n<p>\u00abPer tali ragioni \u2013 afferma Nino Cartabellotta, presidente della Fondazione GIMBE \u2013 abbiamo deciso di pubblicare le nostre analisi sui casi confermati con le relative infografiche per fornire a decisori, professionisti sanitari, cittadini e media un quadro sintetico e completo sui numeri dell\u2019epidemia da coronavirus, che oggi non pu\u00f2 essere etichettata come pandemia, visto che non si tratta di un\u2019epidemia di dimensioni globali con focolai in vari paesi anche distanti tra loro\u00bb.<\/p>\n<p>La Fondazione GIMBE dal 27 gennaio alimenta un database con i dati pubblicati dal report quotidiano dell\u2019<a href=\"https:\/\/www.who.int\/emergencies\/diseases\/novel-coronavirus-2019\/situation-reports\/\">Organizzazione Mondiale della Sanit\u00e0<\/a> (OMS), integrati con alcuni <a href=\"https:\/\/www.ecdc.europa.eu\/en\/cases-2019-ncov-eueea\">dettagli del Centro Europeo per la Prevenzione e il Controllo delle Malattie<\/a> (ECDC) per ci\u00f2 che riguarda l\u2019Europa. \u00abAl fine di facilitare la comunicazione per i non addetti ai lavori \u2013 spiega il Presidente \u2013 i dati sono stati aggregati per le principali aree geografiche, privilegiando la rilevanza per il nostro Paese rispetto ai dettagli analitici, per i quali si rimanda alle fonti originali\u00bb. Al 10 febbraio 2020 l\u2019OMS riporta i seguenti dati:<\/p>\n<p><strong>CASI CONFERMATI<\/strong> <strong>40.554 <\/strong>cos\u00ec distribuiti:<\/p>\n<ul>\n<li><strong>Cina: 40.235 casi<\/strong> (99,2% del totale) di cui:\n<ul>\n<li>Provincia di Hubei: 29.631 casi (73,1% del totale)<\/li>\n<li>Province confinanti a Hubei: 4.234 casi (10,4% del totale)<\/li>\n<li>Altre province: 6.370 casi (15,7% del totale)<\/li>\n<\/ul>\n<\/li>\n<li><strong>Resto del mondo: 319 casi<\/strong> (0,8% del totale)\n<ul>\n<li>Europa: 39 casi (0,1% del totale)<\/li>\n<li>Altri paesi: 280 casi (0,7% del totale), di cui la maggior parte nei paesi del Sud-Est asiatico (n. 143) e del Pacifico occidentale (n. 37), oltre che sulla nave Diamond Princess in quarantena al largo delle coste giapponesi (n.67).<\/li>\n<li>\u00abQuesti numeri \u2013 spiega Cartabellotta \u2013 dimostrano che per ogni 1.000 casi confermati in Cina si conta 1 solo caso in Europa e 7 negli altri paesi quasi tutti vicini alla Cina. \u00c8 evidente che l\u2019affidabilit\u00e0 dei dati dell\u2019OMS \u00e8 condizionata da alcune incognite oggi non valutabili: verosimile sottostima dei casi in Cina, assenza di segnalazioni dall\u2019Africa per la mancanza di kit diagnostici, silenzio totale dal Sud America\u00bb.\n<p><strong>910 DECESSI<\/strong>, di cui solo 1 fuori dalla Cina, nelle Filippine. \u00abIl tasso grezzo di mortalit\u00e0 \u2013 precisa Cartabellotta \u2013 \u00e8 del 2,2%, percentuale maggiore a quella dell\u2019influenza stagionale in Italia, ma indubbiamente sovrastimata perch\u00e9 il numero dei casi in Cina potrebbe essere di gran lunga superiore\u00bb.<\/p>\n<p><strong>39 CASI CONFERMATI IN EUROPA<\/strong>: Germania (n. 14), Francia (n. 11), Regno Unito (n. 4), Italia (n. 3), Spagna (n. 2), Belgio, Finlandia e Svezia (n. 1). I casi riportati dall\u2019OMS includono anche i 2 della Russia che l\u2019ECDC non conteggia tra quelli europei. 20 dei 39 casi confermati in Europa sono \u201cimportati\u201d, ovvero diagnosticati in persone con recente storia di viaggi in Cina, mentre 12\/14 in Germania, 5\/6 casi in Francia e 2\/4 nel Regno Unito sono classificati \u201ccontratti localmente\u201d, ovvero in soggetti senza storia di viaggi in Cina. Al momento l\u2019ECDC afferma che, grazie alle misure di contenimento adottate, il rischio di infezione per la popolazione europea rimane molto basso, ma sottolinea le numerose incertezze sulla trasmissione del virus e la verosimile sotto-rilevazione dei casi, in particolare quelli lievi o asintomatici.<\/p>\n<p>\u00abAd oggi \u2013 conclude Cartabellotta \u2013 il numero e la distribuzione geografica dei casi accertati confermano che l\u2019epidemia \u00e8 contenuta in Cina, prevalentemente nella provincia di Hubei, e che la diffusione al resto del mondo \u00e8 ben controllata, in particolare in Europa dove la \u201ccintura di sicurezza\u201d sta funzionando adeguatamente. Tuttavia, se i dati attestano che non esiste alcun motivo di allarme in Europa e in Italia, le numerose incertezze supportano sia la scelta politica della massima precauzione per tutelare la salute delle persone, sia la necessit\u00e0 per i cittadini di seguire le <a href=\"http:\/\/www.salute.gov.it\/portale\/nuovocoronavirus\/homeNuovoCoronavirus.html\">raccomandazioni del Ministero della Salute<\/a>, diffidando delle notizie sensazionalistiche perch\u00e9 la paura individuale pu\u00f2 alimentare il panico collettivo, oggi molto pi\u00f9 pericoloso del coronavirus\u00bb.<\/li>\n<\/ul>\n<\/li>\n<\/ul>\n","protected":false},"excerpt":{"rendered":"<p>L\u2019overdose d\u2019informazioni sul coronavirus, spesso finalizzate alla ricerca della notizia a tutti i costi, distrae dai numeri confermati dalle istituzioni internazionali, oltre che dalle dinamiche di diffusione del virus, gli unici punti di riferimento per le decisioni di sanit\u00e0 pubblica e per l\u2019informazione alla popolazione. Questa asimmetria informativa ha generato una dissociazione tra la minaccia [&hellip;]<\/p>\n","protected":false},"author":1,"featured_media":2444,"comment_status":"closed","ping_status":"open","sticky":false,"template":"","format":"standard","meta":{"footnotes":""},"categories":[128],"tags":[877],"yoast_head":"<!-- This site is optimized with the Yoast SEO plugin v22.2 - https:\/\/yoast.com\/wordpress\/plugins\/seo\/ -->\n<title>Coronavirus: tra numeri ufficiali e incognite vietato abbassare la guardia -<\/title>\n<meta name=\"robots\" content=\"index, follow, max-snippet:-1, max-image-preview:large, max-video-preview:-1\" \/>\n<link rel=\"canonical\" href=\"https:\/\/www.italiaeconomiaonline.it\/web\/coronavirus-tra-numeri-ufficiali-e-incognite-vietato-abbassare-la-guardia\/\" \/>\n<meta property=\"og:locale\" content=\"it_IT\" \/>\n<meta property=\"og:type\" content=\"article\" \/>\n<meta property=\"og:title\" content=\"Coronavirus: tra numeri ufficiali e incognite vietato abbassare la guardia -\" \/>\n<meta property=\"og:description\" content=\"L\u2019overdose d\u2019informazioni sul coronavirus, spesso finalizzate alla ricerca della notizia a tutti i costi, distrae dai numeri confermati dalle istituzioni internazionali, oltre che dalle dinamiche di diffusione del virus, gli unici punti di riferimento per le decisioni di sanit\u00e0 pubblica e per l\u2019informazione alla popolazione. Questa asimmetria informativa ha generato una dissociazione tra la minaccia [&hellip;]\" \/>\n<meta property=\"og:url\" content=\"https:\/\/www.italiaeconomiaonline.it\/web\/coronavirus-tra-numeri-ufficiali-e-incognite-vietato-abbassare-la-guardia\/\" \/>\n<meta property=\"og:site_name\" content=\"ItaliaEconomiaOnline\" \/>\n<meta property=\"article:published_time\" content=\"2020-02-12T06:56:05+00:00\" \/>\n<meta property=\"og:image\" content=\"https:\/\/www.italiaeconomiaonline.it\/web\/wp-content\/uploads\/2020\/02\/coronavirus800.jpg\" \/>\n\t<meta property=\"og:image:width\" content=\"800\" \/>\n\t<meta property=\"og:image:height\" content=\"533\" \/>\n\t<meta property=\"og:image:type\" content=\"image\/jpeg\" \/>\n<meta name=\"author\" content=\"ladyitaliaeconomia\" \/>\n<meta name=\"twitter:card\" content=\"summary_large_image\" \/>\n<meta name=\"twitter:label1\" content=\"Scritto da\" \/>\n\t<meta name=\"twitter:data1\" content=\"ladyitaliaeconomia\" \/>\n\t<meta name=\"twitter:label2\" content=\"Tempo di lettura stimato\" \/>\n\t<meta name=\"twitter:data2\" content=\"3 minuti\" \/>\n<script type=\"application\/ld+json\" class=\"yoast-schema-graph\">{\"@context\":\"https:\/\/schema.org\",\"@graph\":[{\"@type\":\"WebPage\",\"@id\":\"https:\/\/www.italiaeconomiaonline.it\/web\/coronavirus-tra-numeri-ufficiali-e-incognite-vietato-abbassare-la-guardia\/\",\"url\":\"https:\/\/www.italiaeconomiaonline.it\/web\/coronavirus-tra-numeri-ufficiali-e-incognite-vietato-abbassare-la-guardia\/\",\"name\":\"Coronavirus: tra numeri ufficiali e incognite vietato abbassare la guardia -\",\"isPartOf\":{\"@id\":\"https:\/\/www.italiaeconomiaonline.it\/web\/#website\"},\"primaryImageOfPage\":{\"@id\":\"https:\/\/www.italiaeconomiaonline.it\/web\/coronavirus-tra-numeri-ufficiali-e-incognite-vietato-abbassare-la-guardia\/#primaryimage\"},\"image\":{\"@id\":\"https:\/\/www.italiaeconomiaonline.it\/web\/coronavirus-tra-numeri-ufficiali-e-incognite-vietato-abbassare-la-guardia\/#primaryimage\"},\"thumbnailUrl\":\"https:\/\/www.italiaeconomiaonline.it\/web\/wp-content\/uploads\/2020\/02\/coronavirus800.jpg\",\"datePublished\":\"2020-02-12T06:56:05+00:00\",\"dateModified\":\"2020-02-12T06:56:05+00:00\",\"author\":{\"@id\":\"https:\/\/www.italiaeconomiaonline.it\/web\/#\/schema\/person\/909a49cce752523b020fbc37d5ab1c31\"},\"breadcrumb\":{\"@id\":\"https:\/\/www.italiaeconomiaonline.it\/web\/coronavirus-tra-numeri-ufficiali-e-incognite-vietato-abbassare-la-guardia\/#breadcrumb\"},\"inLanguage\":\"it-IT\",\"potentialAction\":[{\"@type\":\"ReadAction\",\"target\":[\"https:\/\/www.italiaeconomiaonline.it\/web\/coronavirus-tra-numeri-ufficiali-e-incognite-vietato-abbassare-la-guardia\/\"]}]},{\"@type\":\"ImageObject\",\"inLanguage\":\"it-IT\",\"@id\":\"https:\/\/www.italiaeconomiaonline.it\/web\/coronavirus-tra-numeri-ufficiali-e-incognite-vietato-abbassare-la-guardia\/#primaryimage\",\"url\":\"https:\/\/www.italiaeconomiaonline.it\/web\/wp-content\/uploads\/2020\/02\/coronavirus800.jpg\",\"contentUrl\":\"https:\/\/www.italiaeconomiaonline.it\/web\/wp-content\/uploads\/2020\/02\/coronavirus800.jpg\",\"width\":800,\"height\":533,\"caption\":\"coronavirus\"},{\"@type\":\"BreadcrumbList\",\"@id\":\"https:\/\/www.italiaeconomiaonline.it\/web\/coronavirus-tra-numeri-ufficiali-e-incognite-vietato-abbassare-la-guardia\/#breadcrumb\",\"itemListElement\":[{\"@type\":\"ListItem\",\"position\":1,\"name\":\"Home\",\"item\":\"https:\/\/www.italiaeconomiaonline.it\/web\/\"},{\"@type\":\"ListItem\",\"position\":2,\"name\":\"Coronavirus: tra numeri ufficiali e incognite vietato abbassare la guardia\"}]},{\"@type\":\"WebSite\",\"@id\":\"https:\/\/www.italiaeconomiaonline.it\/web\/#website\",\"url\":\"https:\/\/www.italiaeconomiaonline.it\/web\/\",\"name\":\"ItaliaEconomiaOnline\",\"description\":\"Quotidiano Economico Online\",\"potentialAction\":[{\"@type\":\"SearchAction\",\"target\":{\"@type\":\"EntryPoint\",\"urlTemplate\":\"https:\/\/www.italiaeconomiaonline.it\/web\/?s={search_term_string}\"},\"query-input\":\"required name=search_term_string\"}],\"inLanguage\":\"it-IT\"},{\"@type\":\"Person\",\"@id\":\"https:\/\/www.italiaeconomiaonline.it\/web\/#\/schema\/person\/909a49cce752523b020fbc37d5ab1c31\",\"name\":\"ladyitaliaeconomia\",\"image\":{\"@type\":\"ImageObject\",\"inLanguage\":\"it-IT\",\"@id\":\"https:\/\/www.italiaeconomiaonline.it\/web\/#\/schema\/person\/image\/\",\"url\":\"https:\/\/secure.gravatar.com\/avatar\/cedca10ce7416a579b9fa6bce9c0a8f2?s=96&d=mm&r=g\",\"contentUrl\":\"https:\/\/secure.gravatar.com\/avatar\/cedca10ce7416a579b9fa6bce9c0a8f2?s=96&d=mm&r=g\",\"caption\":\"ladyitaliaeconomia\"},\"url\":\"https:\/\/www.italiaeconomiaonline.it\/web\/author\/ladyitaliaeconomia\/\"}]}<\/script>\n<!-- \/ Yoast SEO plugin. -->","yoast_head_json":{"title":"Coronavirus: tra numeri ufficiali e incognite vietato abbassare la guardia -","robots":{"index":"index","follow":"follow","max-snippet":"max-snippet:-1","max-image-preview":"max-image-preview:large","max-video-preview":"max-video-preview:-1"},"canonical":"https:\/\/www.italiaeconomiaonline.it\/web\/coronavirus-tra-numeri-ufficiali-e-incognite-vietato-abbassare-la-guardia\/","og_locale":"it_IT","og_type":"article","og_title":"Coronavirus: tra numeri ufficiali e incognite vietato abbassare la guardia -","og_description":"L\u2019overdose d\u2019informazioni sul coronavirus, spesso finalizzate alla ricerca della notizia a tutti i costi, distrae dai numeri confermati dalle istituzioni internazionali, oltre che dalle dinamiche di diffusione del virus, gli unici punti di riferimento per le decisioni di sanit\u00e0 pubblica e per l\u2019informazione alla popolazione. Questa asimmetria informativa ha generato una dissociazione tra la minaccia [&hellip;]","og_url":"https:\/\/www.italiaeconomiaonline.it\/web\/coronavirus-tra-numeri-ufficiali-e-incognite-vietato-abbassare-la-guardia\/","og_site_name":"ItaliaEconomiaOnline","article_published_time":"2020-02-12T06:56:05+00:00","og_image":[{"width":800,"height":533,"url":"https:\/\/www.italiaeconomiaonline.it\/web\/wp-content\/uploads\/2020\/02\/coronavirus800.jpg","type":"image\/jpeg"}],"author":"ladyitaliaeconomia","twitter_card":"summary_large_image","twitter_misc":{"Scritto da":"ladyitaliaeconomia","Tempo di lettura stimato":"3 minuti"},"schema":{"@context":"https:\/\/schema.org","@graph":[{"@type":"WebPage","@id":"https:\/\/www.italiaeconomiaonline.it\/web\/coronavirus-tra-numeri-ufficiali-e-incognite-vietato-abbassare-la-guardia\/","url":"https:\/\/www.italiaeconomiaonline.it\/web\/coronavirus-tra-numeri-ufficiali-e-incognite-vietato-abbassare-la-guardia\/","name":"Coronavirus: tra numeri ufficiali e incognite vietato abbassare la guardia -","isPartOf":{"@id":"https:\/\/www.italiaeconomiaonline.it\/web\/#website"},"primaryImageOfPage":{"@id":"https:\/\/www.italiaeconomiaonline.it\/web\/coronavirus-tra-numeri-ufficiali-e-incognite-vietato-abbassare-la-guardia\/#primaryimage"},"image":{"@id":"https:\/\/www.italiaeconomiaonline.it\/web\/coronavirus-tra-numeri-ufficiali-e-incognite-vietato-abbassare-la-guardia\/#primaryimage"},"thumbnailUrl":"https:\/\/www.italiaeconomiaonline.it\/web\/wp-content\/uploads\/2020\/02\/coronavirus800.jpg","datePublished":"2020-02-12T06:56:05+00:00","dateModified":"2020-02-12T06:56:05+00:00","author":{"@id":"https:\/\/www.italiaeconomiaonline.it\/web\/#\/schema\/person\/909a49cce752523b020fbc37d5ab1c31"},"breadcrumb":{"@id":"https:\/\/www.italiaeconomiaonline.it\/web\/coronavirus-tra-numeri-ufficiali-e-incognite-vietato-abbassare-la-guardia\/#breadcrumb"},"inLanguage":"it-IT","potentialAction":[{"@type":"ReadAction","target":["https:\/\/www.italiaeconomiaonline.it\/web\/coronavirus-tra-numeri-ufficiali-e-incognite-vietato-abbassare-la-guardia\/"]}]},{"@type":"ImageObject","inLanguage":"it-IT","@id":"https:\/\/www.italiaeconomiaonline.it\/web\/coronavirus-tra-numeri-ufficiali-e-incognite-vietato-abbassare-la-guardia\/#primaryimage","url":"https:\/\/www.italiaeconomiaonline.it\/web\/wp-content\/uploads\/2020\/02\/coronavirus800.jpg","contentUrl":"https:\/\/www.italiaeconomiaonline.it\/web\/wp-content\/uploads\/2020\/02\/coronavirus800.jpg","width":800,"height":533,"caption":"coronavirus"},{"@type":"BreadcrumbList","@id":"https:\/\/www.italiaeconomiaonline.it\/web\/coronavirus-tra-numeri-ufficiali-e-incognite-vietato-abbassare-la-guardia\/#breadcrumb","itemListElement":[{"@type":"ListItem","position":1,"name":"Home","item":"https:\/\/www.italiaeconomiaonline.it\/web\/"},{"@type":"ListItem","position":2,"name":"Coronavirus: tra numeri ufficiali e incognite vietato abbassare la guardia"}]},{"@type":"WebSite","@id":"https:\/\/www.italiaeconomiaonline.it\/web\/#website","url":"https:\/\/www.italiaeconomiaonline.it\/web\/","name":"ItaliaEconomiaOnline","description":"Quotidiano Economico Online","potentialAction":[{"@type":"SearchAction","target":{"@type":"EntryPoint","urlTemplate":"https:\/\/www.italiaeconomiaonline.it\/web\/?s={search_term_string}"},"query-input":"required name=search_term_string"}],"inLanguage":"it-IT"},{"@type":"Person","@id":"https:\/\/www.italiaeconomiaonline.it\/web\/#\/schema\/person\/909a49cce752523b020fbc37d5ab1c31","name":"ladyitaliaeconomia","image":{"@type":"ImageObject","inLanguage":"it-IT","@id":"https:\/\/www.italiaeconomiaonline.it\/web\/#\/schema\/person\/image\/","url":"https:\/\/secure.gravatar.com\/avatar\/cedca10ce7416a579b9fa6bce9c0a8f2?s=96&d=mm&r=g","contentUrl":"https:\/\/secure.gravatar.com\/avatar\/cedca10ce7416a579b9fa6bce9c0a8f2?s=96&d=mm&r=g","caption":"ladyitaliaeconomia"},"url":"https:\/\/www.italiaeconomiaonline.it\/web\/author\/ladyitaliaeconomia\/"}]}},"_links":{"self":[{"href":"https:\/\/www.italiaeconomiaonline.it\/web\/wp-json\/wp\/v2\/posts\/2501"}],"collection":[{"href":"https:\/\/www.italiaeconomiaonline.it\/web\/wp-json\/wp\/v2\/posts"}],"about":[{"href":"https:\/\/www.italiaeconomiaonline.it\/web\/wp-json\/wp\/v2\/types\/post"}],"author":[{"embeddable":true,"href":"https:\/\/www.italiaeconomiaonline.it\/web\/wp-json\/wp\/v2\/users\/1"}],"replies":[{"embeddable":true,"href":"https:\/\/www.italiaeconomiaonline.it\/web\/wp-json\/wp\/v2\/comments?post=2501"}],"version-history":[{"count":1,"href":"https:\/\/www.italiaeconomiaonline.it\/web\/wp-json\/wp\/v2\/posts\/2501\/revisions"}],"predecessor-version":[{"id":2502,"href":"https:\/\/www.italiaeconomiaonline.it\/web\/wp-json\/wp\/v2\/posts\/2501\/revisions\/2502"}],"wp:featuredmedia":[{"embeddable":true,"href":"https:\/\/www.italiaeconomiaonline.it\/web\/wp-json\/wp\/v2\/media\/2444"}],"wp:attachment":[{"href":"https:\/\/www.italiaeconomiaonline.it\/web\/wp-json\/wp\/v2\/media?parent=2501"}],"wp:term":[{"taxonomy":"category","embeddable":true,"href":"https:\/\/www.italiaeconomiaonline.it\/web\/wp-json\/wp\/v2\/categories?post=2501"},{"taxonomy":"post_tag","embeddable":true,"href":"https:\/\/www.italiaeconomiaonline.it\/web\/wp-json\/wp\/v2\/tags?post=2501"}],"curies":[{"name":"wp","href":"https:\/\/api.w.org\/{rel}","templated":true}]}}