{"id":2603,"date":"2020-03-03T08:00:38","date_gmt":"2020-03-03T07:00:38","guid":{"rendered":"http:\/\/www.italiaeconomiaonline.it\/web\/?p=2603"},"modified":"2020-03-03T08:00:38","modified_gmt":"2020-03-03T07:00:38","slug":"cna-fita-per-taxi-e-tir-calo-verticale-del-fatturato","status":"publish","type":"post","link":"https:\/\/www.italiaeconomiaonline.it\/web\/cna-fita-per-taxi-e-tir-calo-verticale-del-fatturato\/","title":{"rendered":"CNA Fita: \u201cPer taxi e tir calo verticale del fatturato&#8221;"},"content":{"rendered":"<p><span class=\"dropcap dropcap3\">S<\/span>i \u00e8 svolto oggi pomeriggio l\u2019incontro tra il ministro De Micheli e le principali associazioni di rappresentanza dell\u2019autotrasporto merci e persone, tra cui CNA Fita.<\/p>\n<p>Durante l\u2019incontro CNA Fita ha sottolineato le pesanti ripercussioni che stanno subendo le imprese del settore, con un calo verticale del fatturato: meno 50 per cento per i taxi e situazione di sostanziale paralisi per NCC auto e bus.<\/p>\n<p>Non va meglio sul fronte trasporto merci che, in generale, fa registrare una significativa riduzione dei servizi, con particolari criticit\u00e0 in alcuni settori come quello della movimentazione dei container.<\/p>\n<p>A fronte dell\u2019emergenza, CNA Fita ha ribadito che le misure economiche di sostegno non possono essere limitate alle sole imprese ubicate nelle zone rosse, ma vanno estese all\u2019intero settore dei trasporti senza alcuna distinzione territoriale.<\/p>\n<p>Accanto agli interventi che salvaguardano la liquidit\u00e0 e l\u2019occupazione delle imprese (sospensione rate mutui, leasing, imposte e tributi) occorrono chiarimenti nei casi di quarantena del personale addetto alla guida, sia con riferimento alle certificazioni sanitarie necessarie che per quanto riguarda gli effetti giuridici di eventuali inadempienze contrattuali collegate all\u2019impossibilit\u00e0 di adempiere all\u2019esecuzione del contratto di trasporto.<\/p>\n<p>CNA Fita ha apprezzato le aperture del ministro De Micheli rispetto alla soluzione dei problemi del settore. Il ministro infatti ha espresso la volont\u00e0 di adottare, nei prossimi giorni, interventi che superino la territorialit\u00e0, affrontando in maniera generale le criticit\u00e0 del comparto.<\/p>\n<p>Condivisibili sono anche le indicazioni di intervenire sull\u2019ampliamento dell\u2019utilizzo del fondo centrale di garanzia e sull\u2019adozione di linee guida nazionali in materia sanitaria anche per evitare comportamenti difformi da un territorio all\u2019altro nonch\u00e9 l\u2019impegno a rendere permanente il tavolo di confronto con le associazioni d\u2019impresa per seguire tempestivamente l\u2019evolversi della crisi.<\/p>\n","protected":false},"excerpt":{"rendered":"<p>Si \u00e8 svolto oggi pomeriggio l\u2019incontro tra il ministro De Micheli e le principali associazioni di rappresentanza dell\u2019autotrasporto merci e persone, tra cui CNA Fita. Durante l\u2019incontro CNA Fita ha sottolineato le pesanti ripercussioni che stanno subendo le imprese del settore, con un calo verticale del fatturato: meno 50 per cento per i taxi e [&hellip;]<\/p>\n","protected":false},"author":1,"featured_media":2604,"comment_status":"closed","ping_status":"open","sticky":false,"template":"","format":"standard","meta":{"footnotes":""},"categories":[29],"tags":[],"yoast_head":"<!-- This site is optimized with the Yoast SEO plugin v22.2 - https:\/\/yoast.com\/wordpress\/plugins\/seo\/ -->\n<title>CNA Fita: \u201cPer taxi e tir calo verticale del fatturato&quot; -<\/title>\n<meta name=\"description\" content=\"Si \u00e8 svolto oggi pomeriggio l\u2019incontro tra il ministro De Micheli e le principali associazioni di rappresentanza dell\u2019autotrasporto\" \/>\n<meta name=\"robots\" content=\"index, follow, max-snippet:-1, max-image-preview:large, max-video-preview:-1\" \/>\n<link rel=\"canonical\" href=\"https:\/\/www.italiaeconomiaonline.it\/web\/cna-fita-per-taxi-e-tir-calo-verticale-del-fatturato\/\" \/>\n<meta property=\"og:locale\" content=\"it_IT\" \/>\n<meta property=\"og:type\" content=\"article\" \/>\n<meta property=\"og:title\" content=\"CNA Fita: \u201cPer taxi e tir calo verticale del fatturato&quot; -\" \/>\n<meta property=\"og:description\" content=\"Si \u00e8 svolto oggi pomeriggio l\u2019incontro tra il ministro De Micheli e le principali associazioni di rappresentanza dell\u2019autotrasporto\" \/>\n<meta property=\"og:url\" content=\"https:\/\/www.italiaeconomiaonline.it\/web\/cna-fita-per-taxi-e-tir-calo-verticale-del-fatturato\/\" \/>\n<meta property=\"og:site_name\" content=\"ItaliaEconomiaOnline\" \/>\n<meta property=\"article:published_time\" content=\"2020-03-03T07:00:38+00:00\" \/>\n<meta property=\"og:image\" content=\"https:\/\/www.italiaeconomiaonline.it\/web\/wp-content\/uploads\/2020\/03\/highway-3392100_1280.jpg\" \/>\n\t<meta property=\"og:image:width\" content=\"1280\" \/>\n\t<meta property=\"og:image:height\" content=\"853\" \/>\n\t<meta property=\"og:image:type\" content=\"image\/jpeg\" \/>\n<meta name=\"author\" content=\"ladyitaliaeconomia\" \/>\n<meta name=\"twitter:card\" content=\"summary_large_image\" \/>\n<meta name=\"twitter:label1\" content=\"Scritto da\" \/>\n\t<meta name=\"twitter:data1\" content=\"ladyitaliaeconomia\" \/>\n\t<meta name=\"twitter:label2\" content=\"Tempo di lettura stimato\" \/>\n\t<meta name=\"twitter:data2\" content=\"1 minuto\" \/>\n<script type=\"application\/ld+json\" class=\"yoast-schema-graph\">{\"@context\":\"https:\/\/schema.org\",\"@graph\":[{\"@type\":\"WebPage\",\"@id\":\"https:\/\/www.italiaeconomiaonline.it\/web\/cna-fita-per-taxi-e-tir-calo-verticale-del-fatturato\/\",\"url\":\"https:\/\/www.italiaeconomiaonline.it\/web\/cna-fita-per-taxi-e-tir-calo-verticale-del-fatturato\/\",\"name\":\"CNA Fita: \u201cPer taxi e tir calo verticale del fatturato\\\" -\",\"isPartOf\":{\"@id\":\"https:\/\/www.italiaeconomiaonline.it\/web\/#website\"},\"primaryImageOfPage\":{\"@id\":\"https:\/\/www.italiaeconomiaonline.it\/web\/cna-fita-per-taxi-e-tir-calo-verticale-del-fatturato\/#primaryimage\"},\"image\":{\"@id\":\"https:\/\/www.italiaeconomiaonline.it\/web\/cna-fita-per-taxi-e-tir-calo-verticale-del-fatturato\/#primaryimage\"},\"thumbnailUrl\":\"https:\/\/www.italiaeconomiaonline.it\/web\/wp-content\/uploads\/2020\/03\/highway-3392100_1280.jpg\",\"datePublished\":\"2020-03-03T07:00:38+00:00\",\"dateModified\":\"2020-03-03T07:00:38+00:00\",\"author\":{\"@id\":\"https:\/\/www.italiaeconomiaonline.it\/web\/#\/schema\/person\/909a49cce752523b020fbc37d5ab1c31\"},\"description\":\"Si \u00e8 svolto oggi pomeriggio l\u2019incontro tra il ministro De Micheli e le principali associazioni di rappresentanza dell\u2019autotrasporto\",\"breadcrumb\":{\"@id\":\"https:\/\/www.italiaeconomiaonline.it\/web\/cna-fita-per-taxi-e-tir-calo-verticale-del-fatturato\/#breadcrumb\"},\"inLanguage\":\"it-IT\",\"potentialAction\":[{\"@type\":\"ReadAction\",\"target\":[\"https:\/\/www.italiaeconomiaonline.it\/web\/cna-fita-per-taxi-e-tir-calo-verticale-del-fatturato\/\"]}]},{\"@type\":\"ImageObject\",\"inLanguage\":\"it-IT\",\"@id\":\"https:\/\/www.italiaeconomiaonline.it\/web\/cna-fita-per-taxi-e-tir-calo-verticale-del-fatturato\/#primaryimage\",\"url\":\"https:\/\/www.italiaeconomiaonline.it\/web\/wp-content\/uploads\/2020\/03\/highway-3392100_1280.jpg\",\"contentUrl\":\"https:\/\/www.italiaeconomiaonline.it\/web\/wp-content\/uploads\/2020\/03\/highway-3392100_1280.jpg\",\"width\":1280,\"height\":853},{\"@type\":\"BreadcrumbList\",\"@id\":\"https:\/\/www.italiaeconomiaonline.it\/web\/cna-fita-per-taxi-e-tir-calo-verticale-del-fatturato\/#breadcrumb\",\"itemListElement\":[{\"@type\":\"ListItem\",\"position\":1,\"name\":\"Home\",\"item\":\"https:\/\/www.italiaeconomiaonline.it\/web\/\"},{\"@type\":\"ListItem\",\"position\":2,\"name\":\"CNA Fita: \u201cPer taxi e tir calo verticale del fatturato&#8221;\"}]},{\"@type\":\"WebSite\",\"@id\":\"https:\/\/www.italiaeconomiaonline.it\/web\/#website\",\"url\":\"https:\/\/www.italiaeconomiaonline.it\/web\/\",\"name\":\"ItaliaEconomiaOnline\",\"description\":\"Quotidiano Economico Online\",\"potentialAction\":[{\"@type\":\"SearchAction\",\"target\":{\"@type\":\"EntryPoint\",\"urlTemplate\":\"https:\/\/www.italiaeconomiaonline.it\/web\/?s={search_term_string}\"},\"query-input\":\"required name=search_term_string\"}],\"inLanguage\":\"it-IT\"},{\"@type\":\"Person\",\"@id\":\"https:\/\/www.italiaeconomiaonline.it\/web\/#\/schema\/person\/909a49cce752523b020fbc37d5ab1c31\",\"name\":\"ladyitaliaeconomia\",\"image\":{\"@type\":\"ImageObject\",\"inLanguage\":\"it-IT\",\"@id\":\"https:\/\/www.italiaeconomiaonline.it\/web\/#\/schema\/person\/image\/\",\"url\":\"https:\/\/secure.gravatar.com\/avatar\/cedca10ce7416a579b9fa6bce9c0a8f2?s=96&d=mm&r=g\",\"contentUrl\":\"https:\/\/secure.gravatar.com\/avatar\/cedca10ce7416a579b9fa6bce9c0a8f2?s=96&d=mm&r=g\",\"caption\":\"ladyitaliaeconomia\"},\"url\":\"https:\/\/www.italiaeconomiaonline.it\/web\/author\/ladyitaliaeconomia\/\"}]}<\/script>\n<!-- \/ Yoast SEO plugin. -->","yoast_head_json":{"title":"CNA Fita: \u201cPer taxi e tir calo verticale del fatturato\" -","description":"Si \u00e8 svolto oggi pomeriggio l\u2019incontro tra il ministro De Micheli e le principali associazioni di rappresentanza dell\u2019autotrasporto","robots":{"index":"index","follow":"follow","max-snippet":"max-snippet:-1","max-image-preview":"max-image-preview:large","max-video-preview":"max-video-preview:-1"},"canonical":"https:\/\/www.italiaeconomiaonline.it\/web\/cna-fita-per-taxi-e-tir-calo-verticale-del-fatturato\/","og_locale":"it_IT","og_type":"article","og_title":"CNA Fita: \u201cPer taxi e tir calo verticale del fatturato\" -","og_description":"Si \u00e8 svolto oggi pomeriggio l\u2019incontro tra il ministro De Micheli e le principali associazioni di rappresentanza dell\u2019autotrasporto","og_url":"https:\/\/www.italiaeconomiaonline.it\/web\/cna-fita-per-taxi-e-tir-calo-verticale-del-fatturato\/","og_site_name":"ItaliaEconomiaOnline","article_published_time":"2020-03-03T07:00:38+00:00","og_image":[{"width":1280,"height":853,"url":"https:\/\/www.italiaeconomiaonline.it\/web\/wp-content\/uploads\/2020\/03\/highway-3392100_1280.jpg","type":"image\/jpeg"}],"author":"ladyitaliaeconomia","twitter_card":"summary_large_image","twitter_misc":{"Scritto da":"ladyitaliaeconomia","Tempo di lettura stimato":"1 minuto"},"schema":{"@context":"https:\/\/schema.org","@graph":[{"@type":"WebPage","@id":"https:\/\/www.italiaeconomiaonline.it\/web\/cna-fita-per-taxi-e-tir-calo-verticale-del-fatturato\/","url":"https:\/\/www.italiaeconomiaonline.it\/web\/cna-fita-per-taxi-e-tir-calo-verticale-del-fatturato\/","name":"CNA Fita: \u201cPer taxi e tir calo verticale del fatturato\" -","isPartOf":{"@id":"https:\/\/www.italiaeconomiaonline.it\/web\/#website"},"primaryImageOfPage":{"@id":"https:\/\/www.italiaeconomiaonline.it\/web\/cna-fita-per-taxi-e-tir-calo-verticale-del-fatturato\/#primaryimage"},"image":{"@id":"https:\/\/www.italiaeconomiaonline.it\/web\/cna-fita-per-taxi-e-tir-calo-verticale-del-fatturato\/#primaryimage"},"thumbnailUrl":"https:\/\/www.italiaeconomiaonline.it\/web\/wp-content\/uploads\/2020\/03\/highway-3392100_1280.jpg","datePublished":"2020-03-03T07:00:38+00:00","dateModified":"2020-03-03T07:00:38+00:00","author":{"@id":"https:\/\/www.italiaeconomiaonline.it\/web\/#\/schema\/person\/909a49cce752523b020fbc37d5ab1c31"},"description":"Si \u00e8 svolto oggi pomeriggio l\u2019incontro tra il ministro De Micheli e le principali associazioni di rappresentanza dell\u2019autotrasporto","breadcrumb":{"@id":"https:\/\/www.italiaeconomiaonline.it\/web\/cna-fita-per-taxi-e-tir-calo-verticale-del-fatturato\/#breadcrumb"},"inLanguage":"it-IT","potentialAction":[{"@type":"ReadAction","target":["https:\/\/www.italiaeconomiaonline.it\/web\/cna-fita-per-taxi-e-tir-calo-verticale-del-fatturato\/"]}]},{"@type":"ImageObject","inLanguage":"it-IT","@id":"https:\/\/www.italiaeconomiaonline.it\/web\/cna-fita-per-taxi-e-tir-calo-verticale-del-fatturato\/#primaryimage","url":"https:\/\/www.italiaeconomiaonline.it\/web\/wp-content\/uploads\/2020\/03\/highway-3392100_1280.jpg","contentUrl":"https:\/\/www.italiaeconomiaonline.it\/web\/wp-content\/uploads\/2020\/03\/highway-3392100_1280.jpg","width":1280,"height":853},{"@type":"BreadcrumbList","@id":"https:\/\/www.italiaeconomiaonline.it\/web\/cna-fita-per-taxi-e-tir-calo-verticale-del-fatturato\/#breadcrumb","itemListElement":[{"@type":"ListItem","position":1,"name":"Home","item":"https:\/\/www.italiaeconomiaonline.it\/web\/"},{"@type":"ListItem","position":2,"name":"CNA Fita: \u201cPer taxi e tir calo verticale del fatturato&#8221;"}]},{"@type":"WebSite","@id":"https:\/\/www.italiaeconomiaonline.it\/web\/#website","url":"https:\/\/www.italiaeconomiaonline.it\/web\/","name":"ItaliaEconomiaOnline","description":"Quotidiano Economico Online","potentialAction":[{"@type":"SearchAction","target":{"@type":"EntryPoint","urlTemplate":"https:\/\/www.italiaeconomiaonline.it\/web\/?s={search_term_string}"},"query-input":"required name=search_term_string"}],"inLanguage":"it-IT"},{"@type":"Person","@id":"https:\/\/www.italiaeconomiaonline.it\/web\/#\/schema\/person\/909a49cce752523b020fbc37d5ab1c31","name":"ladyitaliaeconomia","image":{"@type":"ImageObject","inLanguage":"it-IT","@id":"https:\/\/www.italiaeconomiaonline.it\/web\/#\/schema\/person\/image\/","url":"https:\/\/secure.gravatar.com\/avatar\/cedca10ce7416a579b9fa6bce9c0a8f2?s=96&d=mm&r=g","contentUrl":"https:\/\/secure.gravatar.com\/avatar\/cedca10ce7416a579b9fa6bce9c0a8f2?s=96&d=mm&r=g","caption":"ladyitaliaeconomia"},"url":"https:\/\/www.italiaeconomiaonline.it\/web\/author\/ladyitaliaeconomia\/"}]}},"_links":{"self":[{"href":"https:\/\/www.italiaeconomiaonline.it\/web\/wp-json\/wp\/v2\/posts\/2603"}],"collection":[{"href":"https:\/\/www.italiaeconomiaonline.it\/web\/wp-json\/wp\/v2\/posts"}],"about":[{"href":"https:\/\/www.italiaeconomiaonline.it\/web\/wp-json\/wp\/v2\/types\/post"}],"author":[{"embeddable":true,"href":"https:\/\/www.italiaeconomiaonline.it\/web\/wp-json\/wp\/v2\/users\/1"}],"replies":[{"embeddable":true,"href":"https:\/\/www.italiaeconomiaonline.it\/web\/wp-json\/wp\/v2\/comments?post=2603"}],"version-history":[{"count":1,"href":"https:\/\/www.italiaeconomiaonline.it\/web\/wp-json\/wp\/v2\/posts\/2603\/revisions"}],"predecessor-version":[{"id":2605,"href":"https:\/\/www.italiaeconomiaonline.it\/web\/wp-json\/wp\/v2\/posts\/2603\/revisions\/2605"}],"wp:featuredmedia":[{"embeddable":true,"href":"https:\/\/www.italiaeconomiaonline.it\/web\/wp-json\/wp\/v2\/media\/2604"}],"wp:attachment":[{"href":"https:\/\/www.italiaeconomiaonline.it\/web\/wp-json\/wp\/v2\/media?parent=2603"}],"wp:term":[{"taxonomy":"category","embeddable":true,"href":"https:\/\/www.italiaeconomiaonline.it\/web\/wp-json\/wp\/v2\/categories?post=2603"},{"taxonomy":"post_tag","embeddable":true,"href":"https:\/\/www.italiaeconomiaonline.it\/web\/wp-json\/wp\/v2\/tags?post=2603"}],"curies":[{"name":"wp","href":"https:\/\/api.w.org\/{rel}","templated":true}]}}