{"id":2610,"date":"2020-03-03T12:04:30","date_gmt":"2020-03-03T11:04:30","guid":{"rendered":"http:\/\/www.italiaeconomiaonline.it\/web\/?p=2610"},"modified":"2020-03-03T12:04:30","modified_gmt":"2020-03-03T11:04:30","slug":"giornata-mondiale-della-natura-confagricoltura-presentato-protocollo-dintesa","status":"publish","type":"post","link":"https:\/\/www.italiaeconomiaonline.it\/web\/giornata-mondiale-della-natura-confagricoltura-presentato-protocollo-dintesa\/","title":{"rendered":"Giornata mondiale della natura, Confagricoltura: &#8220;Presentato protocollo d&#8217;intesa&#8221;"},"content":{"rendered":"<p><span class=\"dropcap dropcap3\">I<\/span>n occasione della \u201cGiornata Mondiale della Natura\u201d, indetta dall\u2019Onu per il 3 marzo, \u00e8 stato presentato il protocollo d\u2019intesa tra Confagricoltura, Federparchi, Legambiente ed Uncem per la valorizzazione e lo sviluppo economico, ambientale e sociale delle aree montane appenniniche.<\/p>\n<p>L\u2019obiettivo \u2013 ancor pi\u00f9 significativo in una giornata dedicata alla conservazione della natura &#8211; \u00e8 di valorizzare le attivit\u00e0 produttive in loco, contrastare i disagi delle popolazioni residenti e contenere i fenomeni di spopolamento.<\/p>\n<p>Il protocollo \u00e8 stato firmato dai presidenti di Confagricoltura <strong>Massimiliano Giansanti<\/strong>, di Federparchi <strong>Giampiero Sammuri<\/strong>, di Legambiente <strong>Stefano Ciafani<\/strong> e di Uncem <strong>Marco Bussone. <\/strong><\/p>\n<p>Il documento \u2013 spiegano i firmatari &#8211; concentra la propria attenzione sull&#8217;individuazione di opportunit\u00e0, economiche ed occupazionali, in territori caratterizzati da grandi risorse ambientali, paesaggistiche ed agroalimentari che ricadono, in buona parte, in aree protette e siti della Rete Natura 2000 e in cui le imprese agricole e forestali potranno svolgere un ruolo determinante.<\/p>\n<p>In quest\u2019ottica andranno pure rafforzate le filiere agricole, zootecniche e forestali esistenti, individuandone anche di nuove, migliorando la qualit\u00e0, la sostenibilit\u00e0 delle produzioni e la redditivit\u00e0 delle imprese e delle Comunit\u00e0 locali.<\/p>\n<p>Una delle principali risorse delle aree montane ed appenniniche \u00e8 quella forestale di cui \u2013 sottolineano le associazioni firmatarie &#8211; c\u2019\u00e8 ancora una scarsa consapevolezza delle potenzialit\u00e0 che offre se gestita secondo criteri sostenibili e responsabili.<\/p>\n<p>Potr\u00e0 costituire un\u2019ottima fonte di reddito per le aziende e per le comunit\u00e0 locali interessate alla valorizzazione multifunzionale del bosco ed a rilanciare la filiera legno-energia e quella ricreativa e del benessere.<\/p>\n<p>&nbsp;<\/p>\n<p>Si prevede la possibilit\u00e0 di adesione al protocollo anche da parte dei GAL (gruppi locali di azione), coinvolgendoli in modo attivo e propositivo; e si hanno gi\u00e0 le prime adesioni: quelle del GAL \u201cTerra \u00e8 vita\u201d nel salernitano e di \u201cMagna Grecia\u201d nel tarantino.<\/p>\n<p>&nbsp;<\/p>\n<p>La sigla del protocollo \u2013 concludono i firmatari &#8211; fa seguito ad importanti novit\u00e0 delle ultime settimane: la legge di bilancio con la destinazione di nuove risorse per la \u2018Strategia nazionale per lo sviluppo delle Aree interne del Paese\u2019; l\u2019approvazione alla Camera delle mozioni sulle aree montane, interne e rurali; la riattivazione degli \u2018Stati Generali della montagna\u2019. Inserendosi in questo quadro si vuole orientare lo sviluppo concreto del territorio.<\/p>\n","protected":false},"excerpt":{"rendered":"<p>In occasione della \u201cGiornata Mondiale della Natura\u201d, indetta dall\u2019Onu per il 3 marzo, \u00e8 stato presentato il protocollo d\u2019intesa tra Confagricoltura, Federparchi, Legambiente ed Uncem per la valorizzazione e lo sviluppo economico, ambientale e sociale delle aree montane appenniniche. L\u2019obiettivo \u2013 ancor pi\u00f9 significativo in una giornata dedicata alla conservazione della natura &#8211; \u00e8 di [&hellip;]<\/p>\n","protected":false},"author":1,"featured_media":2432,"comment_status":"closed","ping_status":"open","sticky":false,"template":"","format":"standard","meta":{"footnotes":""},"categories":[56],"tags":[20,932],"yoast_head":"<!-- This site is optimized with the Yoast SEO plugin v22.2 - https:\/\/yoast.com\/wordpress\/plugins\/seo\/ -->\n<title>Giornata mondiale della natura, Confagricoltura: &quot;Presentato protocollo d&#039;intesa&quot; -<\/title>\n<meta name=\"description\" content=\"In occasione della \u201cGiornata Mondiale della Natura\u201d, indetta dall\u2019Onu per il 3 marzo, \u00e8 stato presentato il protocollo d\u2019intesa\" \/>\n<meta name=\"robots\" content=\"index, follow, max-snippet:-1, max-image-preview:large, max-video-preview:-1\" \/>\n<link rel=\"canonical\" href=\"https:\/\/www.italiaeconomiaonline.it\/web\/giornata-mondiale-della-natura-confagricoltura-presentato-protocollo-dintesa\/\" \/>\n<meta property=\"og:locale\" content=\"it_IT\" \/>\n<meta property=\"og:type\" content=\"article\" \/>\n<meta property=\"og:title\" content=\"Giornata mondiale della natura, Confagricoltura: &quot;Presentato protocollo d&#039;intesa&quot; -\" \/>\n<meta property=\"og:description\" content=\"In occasione della \u201cGiornata Mondiale della Natura\u201d, indetta dall\u2019Onu per il 3 marzo, \u00e8 stato presentato il protocollo d\u2019intesa\" \/>\n<meta property=\"og:url\" content=\"https:\/\/www.italiaeconomiaonline.it\/web\/giornata-mondiale-della-natura-confagricoltura-presentato-protocollo-dintesa\/\" \/>\n<meta property=\"og:site_name\" content=\"ItaliaEconomiaOnline\" \/>\n<meta property=\"article:published_time\" content=\"2020-03-03T11:04:30+00:00\" \/>\n<meta property=\"og:image\" content=\"https:\/\/www.italiaeconomiaonline.it\/web\/wp-content\/uploads\/2020\/01\/Schermata-2020-01-31-alle-15.13.33.png\" \/>\n\t<meta property=\"og:image:width\" content=\"818\" \/>\n\t<meta property=\"og:image:height\" content=\"475\" \/>\n\t<meta property=\"og:image:type\" content=\"image\/png\" \/>\n<meta name=\"author\" content=\"ladyitaliaeconomia\" \/>\n<meta name=\"twitter:card\" content=\"summary_large_image\" \/>\n<meta name=\"twitter:label1\" content=\"Scritto da\" \/>\n\t<meta name=\"twitter:data1\" content=\"ladyitaliaeconomia\" \/>\n\t<meta name=\"twitter:label2\" content=\"Tempo di lettura stimato\" \/>\n\t<meta name=\"twitter:data2\" content=\"2 minuti\" \/>\n<script type=\"application\/ld+json\" class=\"yoast-schema-graph\">{\"@context\":\"https:\/\/schema.org\",\"@graph\":[{\"@type\":\"WebPage\",\"@id\":\"https:\/\/www.italiaeconomiaonline.it\/web\/giornata-mondiale-della-natura-confagricoltura-presentato-protocollo-dintesa\/\",\"url\":\"https:\/\/www.italiaeconomiaonline.it\/web\/giornata-mondiale-della-natura-confagricoltura-presentato-protocollo-dintesa\/\",\"name\":\"Giornata mondiale della natura, Confagricoltura: \\\"Presentato protocollo d'intesa\\\" -\",\"isPartOf\":{\"@id\":\"https:\/\/www.italiaeconomiaonline.it\/web\/#website\"},\"primaryImageOfPage\":{\"@id\":\"https:\/\/www.italiaeconomiaonline.it\/web\/giornata-mondiale-della-natura-confagricoltura-presentato-protocollo-dintesa\/#primaryimage\"},\"image\":{\"@id\":\"https:\/\/www.italiaeconomiaonline.it\/web\/giornata-mondiale-della-natura-confagricoltura-presentato-protocollo-dintesa\/#primaryimage\"},\"thumbnailUrl\":\"https:\/\/www.italiaeconomiaonline.it\/web\/wp-content\/uploads\/2020\/01\/Schermata-2020-01-31-alle-15.13.33.png\",\"datePublished\":\"2020-03-03T11:04:30+00:00\",\"dateModified\":\"2020-03-03T11:04:30+00:00\",\"author\":{\"@id\":\"https:\/\/www.italiaeconomiaonline.it\/web\/#\/schema\/person\/909a49cce752523b020fbc37d5ab1c31\"},\"description\":\"In occasione della \u201cGiornata Mondiale della Natura\u201d, indetta dall\u2019Onu per il 3 marzo, \u00e8 stato presentato il protocollo d\u2019intesa\",\"breadcrumb\":{\"@id\":\"https:\/\/www.italiaeconomiaonline.it\/web\/giornata-mondiale-della-natura-confagricoltura-presentato-protocollo-dintesa\/#breadcrumb\"},\"inLanguage\":\"it-IT\",\"potentialAction\":[{\"@type\":\"ReadAction\",\"target\":[\"https:\/\/www.italiaeconomiaonline.it\/web\/giornata-mondiale-della-natura-confagricoltura-presentato-protocollo-dintesa\/\"]}]},{\"@type\":\"ImageObject\",\"inLanguage\":\"it-IT\",\"@id\":\"https:\/\/www.italiaeconomiaonline.it\/web\/giornata-mondiale-della-natura-confagricoltura-presentato-protocollo-dintesa\/#primaryimage\",\"url\":\"https:\/\/www.italiaeconomiaonline.it\/web\/wp-content\/uploads\/2020\/01\/Schermata-2020-01-31-alle-15.13.33.png\",\"contentUrl\":\"https:\/\/www.italiaeconomiaonline.it\/web\/wp-content\/uploads\/2020\/01\/Schermata-2020-01-31-alle-15.13.33.png\",\"width\":818,\"height\":475},{\"@type\":\"BreadcrumbList\",\"@id\":\"https:\/\/www.italiaeconomiaonline.it\/web\/giornata-mondiale-della-natura-confagricoltura-presentato-protocollo-dintesa\/#breadcrumb\",\"itemListElement\":[{\"@type\":\"ListItem\",\"position\":1,\"name\":\"Home\",\"item\":\"https:\/\/www.italiaeconomiaonline.it\/web\/\"},{\"@type\":\"ListItem\",\"position\":2,\"name\":\"Giornata mondiale della natura, Confagricoltura: &#8220;Presentato protocollo d&#8217;intesa&#8221;\"}]},{\"@type\":\"WebSite\",\"@id\":\"https:\/\/www.italiaeconomiaonline.it\/web\/#website\",\"url\":\"https:\/\/www.italiaeconomiaonline.it\/web\/\",\"name\":\"ItaliaEconomiaOnline\",\"description\":\"Quotidiano Economico Online\",\"potentialAction\":[{\"@type\":\"SearchAction\",\"target\":{\"@type\":\"EntryPoint\",\"urlTemplate\":\"https:\/\/www.italiaeconomiaonline.it\/web\/?s={search_term_string}\"},\"query-input\":\"required name=search_term_string\"}],\"inLanguage\":\"it-IT\"},{\"@type\":\"Person\",\"@id\":\"https:\/\/www.italiaeconomiaonline.it\/web\/#\/schema\/person\/909a49cce752523b020fbc37d5ab1c31\",\"name\":\"ladyitaliaeconomia\",\"image\":{\"@type\":\"ImageObject\",\"inLanguage\":\"it-IT\",\"@id\":\"https:\/\/www.italiaeconomiaonline.it\/web\/#\/schema\/person\/image\/\",\"url\":\"https:\/\/secure.gravatar.com\/avatar\/cedca10ce7416a579b9fa6bce9c0a8f2?s=96&d=mm&r=g\",\"contentUrl\":\"https:\/\/secure.gravatar.com\/avatar\/cedca10ce7416a579b9fa6bce9c0a8f2?s=96&d=mm&r=g\",\"caption\":\"ladyitaliaeconomia\"},\"url\":\"https:\/\/www.italiaeconomiaonline.it\/web\/author\/ladyitaliaeconomia\/\"}]}<\/script>\n<!-- \/ Yoast SEO plugin. -->","yoast_head_json":{"title":"Giornata mondiale della natura, Confagricoltura: \"Presentato protocollo d'intesa\" -","description":"In occasione della \u201cGiornata Mondiale della Natura\u201d, indetta dall\u2019Onu per il 3 marzo, \u00e8 stato presentato il protocollo d\u2019intesa","robots":{"index":"index","follow":"follow","max-snippet":"max-snippet:-1","max-image-preview":"max-image-preview:large","max-video-preview":"max-video-preview:-1"},"canonical":"https:\/\/www.italiaeconomiaonline.it\/web\/giornata-mondiale-della-natura-confagricoltura-presentato-protocollo-dintesa\/","og_locale":"it_IT","og_type":"article","og_title":"Giornata mondiale della natura, Confagricoltura: \"Presentato protocollo d'intesa\" -","og_description":"In occasione della \u201cGiornata Mondiale della Natura\u201d, indetta dall\u2019Onu per il 3 marzo, \u00e8 stato presentato il protocollo d\u2019intesa","og_url":"https:\/\/www.italiaeconomiaonline.it\/web\/giornata-mondiale-della-natura-confagricoltura-presentato-protocollo-dintesa\/","og_site_name":"ItaliaEconomiaOnline","article_published_time":"2020-03-03T11:04:30+00:00","og_image":[{"width":818,"height":475,"url":"https:\/\/www.italiaeconomiaonline.it\/web\/wp-content\/uploads\/2020\/01\/Schermata-2020-01-31-alle-15.13.33.png","type":"image\/png"}],"author":"ladyitaliaeconomia","twitter_card":"summary_large_image","twitter_misc":{"Scritto da":"ladyitaliaeconomia","Tempo di lettura stimato":"2 minuti"},"schema":{"@context":"https:\/\/schema.org","@graph":[{"@type":"WebPage","@id":"https:\/\/www.italiaeconomiaonline.it\/web\/giornata-mondiale-della-natura-confagricoltura-presentato-protocollo-dintesa\/","url":"https:\/\/www.italiaeconomiaonline.it\/web\/giornata-mondiale-della-natura-confagricoltura-presentato-protocollo-dintesa\/","name":"Giornata mondiale della natura, Confagricoltura: \"Presentato protocollo d'intesa\" -","isPartOf":{"@id":"https:\/\/www.italiaeconomiaonline.it\/web\/#website"},"primaryImageOfPage":{"@id":"https:\/\/www.italiaeconomiaonline.it\/web\/giornata-mondiale-della-natura-confagricoltura-presentato-protocollo-dintesa\/#primaryimage"},"image":{"@id":"https:\/\/www.italiaeconomiaonline.it\/web\/giornata-mondiale-della-natura-confagricoltura-presentato-protocollo-dintesa\/#primaryimage"},"thumbnailUrl":"https:\/\/www.italiaeconomiaonline.it\/web\/wp-content\/uploads\/2020\/01\/Schermata-2020-01-31-alle-15.13.33.png","datePublished":"2020-03-03T11:04:30+00:00","dateModified":"2020-03-03T11:04:30+00:00","author":{"@id":"https:\/\/www.italiaeconomiaonline.it\/web\/#\/schema\/person\/909a49cce752523b020fbc37d5ab1c31"},"description":"In occasione della \u201cGiornata Mondiale della Natura\u201d, indetta dall\u2019Onu per il 3 marzo, \u00e8 stato presentato il protocollo d\u2019intesa","breadcrumb":{"@id":"https:\/\/www.italiaeconomiaonline.it\/web\/giornata-mondiale-della-natura-confagricoltura-presentato-protocollo-dintesa\/#breadcrumb"},"inLanguage":"it-IT","potentialAction":[{"@type":"ReadAction","target":["https:\/\/www.italiaeconomiaonline.it\/web\/giornata-mondiale-della-natura-confagricoltura-presentato-protocollo-dintesa\/"]}]},{"@type":"ImageObject","inLanguage":"it-IT","@id":"https:\/\/www.italiaeconomiaonline.it\/web\/giornata-mondiale-della-natura-confagricoltura-presentato-protocollo-dintesa\/#primaryimage","url":"https:\/\/www.italiaeconomiaonline.it\/web\/wp-content\/uploads\/2020\/01\/Schermata-2020-01-31-alle-15.13.33.png","contentUrl":"https:\/\/www.italiaeconomiaonline.it\/web\/wp-content\/uploads\/2020\/01\/Schermata-2020-01-31-alle-15.13.33.png","width":818,"height":475},{"@type":"BreadcrumbList","@id":"https:\/\/www.italiaeconomiaonline.it\/web\/giornata-mondiale-della-natura-confagricoltura-presentato-protocollo-dintesa\/#breadcrumb","itemListElement":[{"@type":"ListItem","position":1,"name":"Home","item":"https:\/\/www.italiaeconomiaonline.it\/web\/"},{"@type":"ListItem","position":2,"name":"Giornata mondiale della natura, Confagricoltura: &#8220;Presentato protocollo d&#8217;intesa&#8221;"}]},{"@type":"WebSite","@id":"https:\/\/www.italiaeconomiaonline.it\/web\/#website","url":"https:\/\/www.italiaeconomiaonline.it\/web\/","name":"ItaliaEconomiaOnline","description":"Quotidiano Economico Online","potentialAction":[{"@type":"SearchAction","target":{"@type":"EntryPoint","urlTemplate":"https:\/\/www.italiaeconomiaonline.it\/web\/?s={search_term_string}"},"query-input":"required name=search_term_string"}],"inLanguage":"it-IT"},{"@type":"Person","@id":"https:\/\/www.italiaeconomiaonline.it\/web\/#\/schema\/person\/909a49cce752523b020fbc37d5ab1c31","name":"ladyitaliaeconomia","image":{"@type":"ImageObject","inLanguage":"it-IT","@id":"https:\/\/www.italiaeconomiaonline.it\/web\/#\/schema\/person\/image\/","url":"https:\/\/secure.gravatar.com\/avatar\/cedca10ce7416a579b9fa6bce9c0a8f2?s=96&d=mm&r=g","contentUrl":"https:\/\/secure.gravatar.com\/avatar\/cedca10ce7416a579b9fa6bce9c0a8f2?s=96&d=mm&r=g","caption":"ladyitaliaeconomia"},"url":"https:\/\/www.italiaeconomiaonline.it\/web\/author\/ladyitaliaeconomia\/"}]}},"_links":{"self":[{"href":"https:\/\/www.italiaeconomiaonline.it\/web\/wp-json\/wp\/v2\/posts\/2610"}],"collection":[{"href":"https:\/\/www.italiaeconomiaonline.it\/web\/wp-json\/wp\/v2\/posts"}],"about":[{"href":"https:\/\/www.italiaeconomiaonline.it\/web\/wp-json\/wp\/v2\/types\/post"}],"author":[{"embeddable":true,"href":"https:\/\/www.italiaeconomiaonline.it\/web\/wp-json\/wp\/v2\/users\/1"}],"replies":[{"embeddable":true,"href":"https:\/\/www.italiaeconomiaonline.it\/web\/wp-json\/wp\/v2\/comments?post=2610"}],"version-history":[{"count":1,"href":"https:\/\/www.italiaeconomiaonline.it\/web\/wp-json\/wp\/v2\/posts\/2610\/revisions"}],"predecessor-version":[{"id":2611,"href":"https:\/\/www.italiaeconomiaonline.it\/web\/wp-json\/wp\/v2\/posts\/2610\/revisions\/2611"}],"wp:featuredmedia":[{"embeddable":true,"href":"https:\/\/www.italiaeconomiaonline.it\/web\/wp-json\/wp\/v2\/media\/2432"}],"wp:attachment":[{"href":"https:\/\/www.italiaeconomiaonline.it\/web\/wp-json\/wp\/v2\/media?parent=2610"}],"wp:term":[{"taxonomy":"category","embeddable":true,"href":"https:\/\/www.italiaeconomiaonline.it\/web\/wp-json\/wp\/v2\/categories?post=2610"},{"taxonomy":"post_tag","embeddable":true,"href":"https:\/\/www.italiaeconomiaonline.it\/web\/wp-json\/wp\/v2\/tags?post=2610"}],"curies":[{"name":"wp","href":"https:\/\/api.w.org\/{rel}","templated":true}]}}