{"id":2631,"date":"2020-03-05T10:36:09","date_gmt":"2020-03-05T09:36:09","guid":{"rendered":"http:\/\/www.italiaeconomiaonline.it\/web\/?p=2631"},"modified":"2020-03-05T10:36:09","modified_gmt":"2020-03-05T09:36:09","slug":"gualtieri-laccordo-sullilva-coniuga-salute-ambiente-e-occupazione","status":"publish","type":"post","link":"https:\/\/www.italiaeconomiaonline.it\/web\/gualtieri-laccordo-sullilva-coniuga-salute-ambiente-e-occupazione\/","title":{"rendered":"Gualtieri: \u201cL\u2019accordo sull\u2019Ilva coniuga salute, ambiente e occupazione\u201d"},"content":{"rendered":"<p><span class=\"dropcap dropcap3\">S<\/span>iamo soddisfatti per un accordo che assicura da subito continuit\u00e0 operativa all&#8217;impianto e pone le basi per un progetto di politica industriale di grande respiro in grado di coniugare, grazie ad importanti investimenti pubblici, il rispetto per la salute e per l\u2019ambiente, la tutela dell\u2019occupazione e la garanzia di concrete prospettive di competitivit\u00e0\u201d.<\/p>\n<p>Cos\u00ec il ministro dell\u2019Economia e delle Finanze, Roberto Gualtieri, ha commentato l&#8217;accordo tra l\u2019amministrazione straordinaria di Ilva e ArcelorMittal Italia, arrivato al termine di una lunga trattativa che ha avuto come baricentro la tutela del benessere sociale ed economico della comunit\u00e0 di Taranto e la competitivit\u00e0 e sostenibilit\u00e0 di un impianto cruciale per l\u2019intero sistema industriale Italiano.<\/p>\n<p>L\u2019intesa raggiunta \u2013 che attiva la graduale decarbonizzazione dell\u2019impianto di Taranto \u2013 rappresenta un esempio concreto di quello che potr\u00e0 significare il Green New Deal in termini di prospettive di crescita e sviluppo.<\/p>\n<p>L\u2019accordo ha infatti un grande valore tecnologico in grado di attivare quella transizione energetica che \u00e8 al centro delle priorit\u00e0 dell\u2019Unione europea.<\/p>\n<p>L\u2019impianto per la migrazione dal carbone al gas, gi\u00e0 pronto ad un ulteriore passaggio verso l\u2019idrogeno, rappresenta il primo, fondamentale step verso una siderurgia sostenibile di cui l\u2019Italia vuole diventare protagonista, non solo con l\u2019impianto di Taranto ma con tutte le aziende della filiera siderurgica, metalmeccanica e delle infrastrutture.<\/p>\n<p>\u201cC&#8217;\u00e8 ancora molto da fare per raggiungere questi obbiettivi, ma tutto il governo \u00e8 concentrato in questo impegno che rappresenta anche una sfida, nell&#8217;attuale momento di difficolt\u00e0, per rilanciare il nostro paese e la sua industria, lungo il sentiero della transizione ambientale\u201d, ha concluso il ministro Gualtieri.<\/p>\n","protected":false},"excerpt":{"rendered":"<p>Siamo soddisfatti per un accordo che assicura da subito continuit\u00e0 operativa all&#8217;impianto e pone le basi per un progetto di politica industriale di grande respiro in grado di coniugare, grazie ad importanti investimenti pubblici, il rispetto per la salute e per l\u2019ambiente, la tutela dell\u2019occupazione e la garanzia di concrete prospettive di competitivit\u00e0\u201d. Cos\u00ec il [&hellip;]<\/p>\n","protected":false},"author":1,"featured_media":1026,"comment_status":"closed","ping_status":"open","sticky":false,"template":"","format":"standard","meta":{"footnotes":""},"categories":[311],"tags":[84,313,115],"yoast_head":"<!-- This site is optimized with the Yoast SEO plugin v22.2 - https:\/\/yoast.com\/wordpress\/plugins\/seo\/ -->\n<title>Gualtieri: \u201cL\u2019accordo sull\u2019Ilva coniuga salute, ambiente e occupazione\u201d -<\/title>\n<meta name=\"description\" content=\"Siamo soddisfatti per un accordo che assicura da subito continuit\u00e0 operativa all&#039;impianto e pone le basi per un progetto di politica industriale di grande\" \/>\n<meta name=\"robots\" content=\"index, follow, max-snippet:-1, max-image-preview:large, max-video-preview:-1\" \/>\n<link rel=\"canonical\" href=\"https:\/\/www.italiaeconomiaonline.it\/web\/gualtieri-laccordo-sullilva-coniuga-salute-ambiente-e-occupazione\/\" \/>\n<meta property=\"og:locale\" content=\"it_IT\" \/>\n<meta property=\"og:type\" content=\"article\" \/>\n<meta property=\"og:title\" content=\"Gualtieri: \u201cL\u2019accordo sull\u2019Ilva coniuga salute, ambiente e occupazione\u201d -\" \/>\n<meta property=\"og:description\" content=\"Siamo soddisfatti per un accordo che assicura da subito continuit\u00e0 operativa all&#039;impianto e pone le basi per un progetto di politica industriale di grande\" \/>\n<meta property=\"og:url\" content=\"https:\/\/www.italiaeconomiaonline.it\/web\/gualtieri-laccordo-sullilva-coniuga-salute-ambiente-e-occupazione\/\" \/>\n<meta property=\"og:site_name\" content=\"ItaliaEconomiaOnline\" \/>\n<meta property=\"article:published_time\" content=\"2020-03-05T09:36:09+00:00\" \/>\n<meta property=\"og:image\" content=\"https:\/\/www.italiaeconomiaonline.it\/web\/wp-content\/uploads\/2019\/06\/stretta-mano.jpg\" \/>\n\t<meta property=\"og:image:width\" content=\"960\" \/>\n\t<meta property=\"og:image:height\" content=\"640\" \/>\n\t<meta property=\"og:image:type\" content=\"image\/jpeg\" \/>\n<meta name=\"author\" content=\"ladyitaliaeconomia\" \/>\n<meta name=\"twitter:card\" content=\"summary_large_image\" \/>\n<meta name=\"twitter:label1\" content=\"Scritto da\" \/>\n\t<meta name=\"twitter:data1\" content=\"ladyitaliaeconomia\" \/>\n\t<meta name=\"twitter:label2\" content=\"Tempo di lettura stimato\" \/>\n\t<meta name=\"twitter:data2\" content=\"1 minuto\" \/>\n<script type=\"application\/ld+json\" class=\"yoast-schema-graph\">{\"@context\":\"https:\/\/schema.org\",\"@graph\":[{\"@type\":\"WebPage\",\"@id\":\"https:\/\/www.italiaeconomiaonline.it\/web\/gualtieri-laccordo-sullilva-coniuga-salute-ambiente-e-occupazione\/\",\"url\":\"https:\/\/www.italiaeconomiaonline.it\/web\/gualtieri-laccordo-sullilva-coniuga-salute-ambiente-e-occupazione\/\",\"name\":\"Gualtieri: \u201cL\u2019accordo sull\u2019Ilva coniuga salute, ambiente e occupazione\u201d -\",\"isPartOf\":{\"@id\":\"https:\/\/www.italiaeconomiaonline.it\/web\/#website\"},\"primaryImageOfPage\":{\"@id\":\"https:\/\/www.italiaeconomiaonline.it\/web\/gualtieri-laccordo-sullilva-coniuga-salute-ambiente-e-occupazione\/#primaryimage\"},\"image\":{\"@id\":\"https:\/\/www.italiaeconomiaonline.it\/web\/gualtieri-laccordo-sullilva-coniuga-salute-ambiente-e-occupazione\/#primaryimage\"},\"thumbnailUrl\":\"https:\/\/www.italiaeconomiaonline.it\/web\/wp-content\/uploads\/2019\/06\/stretta-mano.jpg\",\"datePublished\":\"2020-03-05T09:36:09+00:00\",\"dateModified\":\"2020-03-05T09:36:09+00:00\",\"author\":{\"@id\":\"https:\/\/www.italiaeconomiaonline.it\/web\/#\/schema\/person\/909a49cce752523b020fbc37d5ab1c31\"},\"description\":\"Siamo soddisfatti per un accordo che assicura da subito continuit\u00e0 operativa all'impianto e pone le basi per un progetto di politica industriale di grande\",\"breadcrumb\":{\"@id\":\"https:\/\/www.italiaeconomiaonline.it\/web\/gualtieri-laccordo-sullilva-coniuga-salute-ambiente-e-occupazione\/#breadcrumb\"},\"inLanguage\":\"it-IT\",\"potentialAction\":[{\"@type\":\"ReadAction\",\"target\":[\"https:\/\/www.italiaeconomiaonline.it\/web\/gualtieri-laccordo-sullilva-coniuga-salute-ambiente-e-occupazione\/\"]}]},{\"@type\":\"ImageObject\",\"inLanguage\":\"it-IT\",\"@id\":\"https:\/\/www.italiaeconomiaonline.it\/web\/gualtieri-laccordo-sullilva-coniuga-salute-ambiente-e-occupazione\/#primaryimage\",\"url\":\"https:\/\/www.italiaeconomiaonline.it\/web\/wp-content\/uploads\/2019\/06\/stretta-mano.jpg\",\"contentUrl\":\"https:\/\/www.italiaeconomiaonline.it\/web\/wp-content\/uploads\/2019\/06\/stretta-mano.jpg\",\"width\":960,\"height\":640},{\"@type\":\"BreadcrumbList\",\"@id\":\"https:\/\/www.italiaeconomiaonline.it\/web\/gualtieri-laccordo-sullilva-coniuga-salute-ambiente-e-occupazione\/#breadcrumb\",\"itemListElement\":[{\"@type\":\"ListItem\",\"position\":1,\"name\":\"Home\",\"item\":\"https:\/\/www.italiaeconomiaonline.it\/web\/\"},{\"@type\":\"ListItem\",\"position\":2,\"name\":\"Gualtieri: \u201cL\u2019accordo sull\u2019Ilva coniuga salute, ambiente e occupazione\u201d\"}]},{\"@type\":\"WebSite\",\"@id\":\"https:\/\/www.italiaeconomiaonline.it\/web\/#website\",\"url\":\"https:\/\/www.italiaeconomiaonline.it\/web\/\",\"name\":\"ItaliaEconomiaOnline\",\"description\":\"Quotidiano Economico Online\",\"potentialAction\":[{\"@type\":\"SearchAction\",\"target\":{\"@type\":\"EntryPoint\",\"urlTemplate\":\"https:\/\/www.italiaeconomiaonline.it\/web\/?s={search_term_string}\"},\"query-input\":\"required name=search_term_string\"}],\"inLanguage\":\"it-IT\"},{\"@type\":\"Person\",\"@id\":\"https:\/\/www.italiaeconomiaonline.it\/web\/#\/schema\/person\/909a49cce752523b020fbc37d5ab1c31\",\"name\":\"ladyitaliaeconomia\",\"image\":{\"@type\":\"ImageObject\",\"inLanguage\":\"it-IT\",\"@id\":\"https:\/\/www.italiaeconomiaonline.it\/web\/#\/schema\/person\/image\/\",\"url\":\"https:\/\/secure.gravatar.com\/avatar\/cedca10ce7416a579b9fa6bce9c0a8f2?s=96&d=mm&r=g\",\"contentUrl\":\"https:\/\/secure.gravatar.com\/avatar\/cedca10ce7416a579b9fa6bce9c0a8f2?s=96&d=mm&r=g\",\"caption\":\"ladyitaliaeconomia\"},\"url\":\"https:\/\/www.italiaeconomiaonline.it\/web\/author\/ladyitaliaeconomia\/\"}]}<\/script>\n<!-- \/ Yoast SEO plugin. -->","yoast_head_json":{"title":"Gualtieri: \u201cL\u2019accordo sull\u2019Ilva coniuga salute, ambiente e occupazione\u201d -","description":"Siamo soddisfatti per un accordo che assicura da subito continuit\u00e0 operativa all'impianto e pone le basi per un progetto di politica industriale di grande","robots":{"index":"index","follow":"follow","max-snippet":"max-snippet:-1","max-image-preview":"max-image-preview:large","max-video-preview":"max-video-preview:-1"},"canonical":"https:\/\/www.italiaeconomiaonline.it\/web\/gualtieri-laccordo-sullilva-coniuga-salute-ambiente-e-occupazione\/","og_locale":"it_IT","og_type":"article","og_title":"Gualtieri: \u201cL\u2019accordo sull\u2019Ilva coniuga salute, ambiente e occupazione\u201d -","og_description":"Siamo soddisfatti per un accordo che assicura da subito continuit\u00e0 operativa all'impianto e pone le basi per un progetto di politica industriale di grande","og_url":"https:\/\/www.italiaeconomiaonline.it\/web\/gualtieri-laccordo-sullilva-coniuga-salute-ambiente-e-occupazione\/","og_site_name":"ItaliaEconomiaOnline","article_published_time":"2020-03-05T09:36:09+00:00","og_image":[{"width":960,"height":640,"url":"https:\/\/www.italiaeconomiaonline.it\/web\/wp-content\/uploads\/2019\/06\/stretta-mano.jpg","type":"image\/jpeg"}],"author":"ladyitaliaeconomia","twitter_card":"summary_large_image","twitter_misc":{"Scritto da":"ladyitaliaeconomia","Tempo di lettura stimato":"1 minuto"},"schema":{"@context":"https:\/\/schema.org","@graph":[{"@type":"WebPage","@id":"https:\/\/www.italiaeconomiaonline.it\/web\/gualtieri-laccordo-sullilva-coniuga-salute-ambiente-e-occupazione\/","url":"https:\/\/www.italiaeconomiaonline.it\/web\/gualtieri-laccordo-sullilva-coniuga-salute-ambiente-e-occupazione\/","name":"Gualtieri: \u201cL\u2019accordo sull\u2019Ilva coniuga salute, ambiente e occupazione\u201d -","isPartOf":{"@id":"https:\/\/www.italiaeconomiaonline.it\/web\/#website"},"primaryImageOfPage":{"@id":"https:\/\/www.italiaeconomiaonline.it\/web\/gualtieri-laccordo-sullilva-coniuga-salute-ambiente-e-occupazione\/#primaryimage"},"image":{"@id":"https:\/\/www.italiaeconomiaonline.it\/web\/gualtieri-laccordo-sullilva-coniuga-salute-ambiente-e-occupazione\/#primaryimage"},"thumbnailUrl":"https:\/\/www.italiaeconomiaonline.it\/web\/wp-content\/uploads\/2019\/06\/stretta-mano.jpg","datePublished":"2020-03-05T09:36:09+00:00","dateModified":"2020-03-05T09:36:09+00:00","author":{"@id":"https:\/\/www.italiaeconomiaonline.it\/web\/#\/schema\/person\/909a49cce752523b020fbc37d5ab1c31"},"description":"Siamo soddisfatti per un accordo che assicura da subito continuit\u00e0 operativa all'impianto e pone le basi per un progetto di politica industriale di grande","breadcrumb":{"@id":"https:\/\/www.italiaeconomiaonline.it\/web\/gualtieri-laccordo-sullilva-coniuga-salute-ambiente-e-occupazione\/#breadcrumb"},"inLanguage":"it-IT","potentialAction":[{"@type":"ReadAction","target":["https:\/\/www.italiaeconomiaonline.it\/web\/gualtieri-laccordo-sullilva-coniuga-salute-ambiente-e-occupazione\/"]}]},{"@type":"ImageObject","inLanguage":"it-IT","@id":"https:\/\/www.italiaeconomiaonline.it\/web\/gualtieri-laccordo-sullilva-coniuga-salute-ambiente-e-occupazione\/#primaryimage","url":"https:\/\/www.italiaeconomiaonline.it\/web\/wp-content\/uploads\/2019\/06\/stretta-mano.jpg","contentUrl":"https:\/\/www.italiaeconomiaonline.it\/web\/wp-content\/uploads\/2019\/06\/stretta-mano.jpg","width":960,"height":640},{"@type":"BreadcrumbList","@id":"https:\/\/www.italiaeconomiaonline.it\/web\/gualtieri-laccordo-sullilva-coniuga-salute-ambiente-e-occupazione\/#breadcrumb","itemListElement":[{"@type":"ListItem","position":1,"name":"Home","item":"https:\/\/www.italiaeconomiaonline.it\/web\/"},{"@type":"ListItem","position":2,"name":"Gualtieri: \u201cL\u2019accordo sull\u2019Ilva coniuga salute, ambiente e occupazione\u201d"}]},{"@type":"WebSite","@id":"https:\/\/www.italiaeconomiaonline.it\/web\/#website","url":"https:\/\/www.italiaeconomiaonline.it\/web\/","name":"ItaliaEconomiaOnline","description":"Quotidiano Economico Online","potentialAction":[{"@type":"SearchAction","target":{"@type":"EntryPoint","urlTemplate":"https:\/\/www.italiaeconomiaonline.it\/web\/?s={search_term_string}"},"query-input":"required name=search_term_string"}],"inLanguage":"it-IT"},{"@type":"Person","@id":"https:\/\/www.italiaeconomiaonline.it\/web\/#\/schema\/person\/909a49cce752523b020fbc37d5ab1c31","name":"ladyitaliaeconomia","image":{"@type":"ImageObject","inLanguage":"it-IT","@id":"https:\/\/www.italiaeconomiaonline.it\/web\/#\/schema\/person\/image\/","url":"https:\/\/secure.gravatar.com\/avatar\/cedca10ce7416a579b9fa6bce9c0a8f2?s=96&d=mm&r=g","contentUrl":"https:\/\/secure.gravatar.com\/avatar\/cedca10ce7416a579b9fa6bce9c0a8f2?s=96&d=mm&r=g","caption":"ladyitaliaeconomia"},"url":"https:\/\/www.italiaeconomiaonline.it\/web\/author\/ladyitaliaeconomia\/"}]}},"_links":{"self":[{"href":"https:\/\/www.italiaeconomiaonline.it\/web\/wp-json\/wp\/v2\/posts\/2631"}],"collection":[{"href":"https:\/\/www.italiaeconomiaonline.it\/web\/wp-json\/wp\/v2\/posts"}],"about":[{"href":"https:\/\/www.italiaeconomiaonline.it\/web\/wp-json\/wp\/v2\/types\/post"}],"author":[{"embeddable":true,"href":"https:\/\/www.italiaeconomiaonline.it\/web\/wp-json\/wp\/v2\/users\/1"}],"replies":[{"embeddable":true,"href":"https:\/\/www.italiaeconomiaonline.it\/web\/wp-json\/wp\/v2\/comments?post=2631"}],"version-history":[{"count":1,"href":"https:\/\/www.italiaeconomiaonline.it\/web\/wp-json\/wp\/v2\/posts\/2631\/revisions"}],"predecessor-version":[{"id":2632,"href":"https:\/\/www.italiaeconomiaonline.it\/web\/wp-json\/wp\/v2\/posts\/2631\/revisions\/2632"}],"wp:featuredmedia":[{"embeddable":true,"href":"https:\/\/www.italiaeconomiaonline.it\/web\/wp-json\/wp\/v2\/media\/1026"}],"wp:attachment":[{"href":"https:\/\/www.italiaeconomiaonline.it\/web\/wp-json\/wp\/v2\/media?parent=2631"}],"wp:term":[{"taxonomy":"category","embeddable":true,"href":"https:\/\/www.italiaeconomiaonline.it\/web\/wp-json\/wp\/v2\/categories?post=2631"},{"taxonomy":"post_tag","embeddable":true,"href":"https:\/\/www.italiaeconomiaonline.it\/web\/wp-json\/wp\/v2\/tags?post=2631"}],"curies":[{"name":"wp","href":"https:\/\/api.w.org\/{rel}","templated":true}]}}