{"id":2660,"date":"2020-03-09T11:46:35","date_gmt":"2020-03-09T10:46:35","guid":{"rendered":"http:\/\/www.italiaeconomiaonline.it\/web\/?p=2660"},"modified":"2020-03-09T11:47:17","modified_gmt":"2020-03-09T10:47:17","slug":"cibus-posticipato-ai-primi-di-settembre","status":"publish","type":"post","link":"https:\/\/www.italiaeconomiaonline.it\/web\/cibus-posticipato-ai-primi-di-settembre\/","title":{"rendered":"Cibus posticipato ai primi di settembre"},"content":{"rendered":"<p><span class=\"dropcap dropcap3\">C<\/span>ibus 2020 verr\u00e0 posticipato al mese di settembre, da marted\u00ec 1 a venerd\u00ec 4. Lo slittamento si \u00e8 reso necessario a causa della inaspettata evoluzione dell\u2019emergenza CoronaVirus e, in particolare, della crescita dei blocchi aerei da e per l\u2019Italia.<\/p>\n<p>Pertanto Fiere di Parma, in accordo con Federalimentare, dopo una approfondita analisi insieme ai rappresentanti degli espositori, della filiera agroalimentare nonch\u00e9 dei buyers internazionali, ha deciso oggi di posticipare Cibus 2020 (inizialmente programmato in maggio) al periodo 1-4 settembre 2020.<\/p>\n<p>Questa decisione \u00e8 coerente con la scelta di Vinitaly di posporre la fiera nonch\u00e9 con il calendario fieristico internazionale, ed \u00e8 stata portata all\u2019attenzione anche del tavolo di crisi del Ministero degli Affari Esteri sul Made in Italy.<\/p>\n<p>Fiere di Parma si \u00e8 trovata di fronte all\u2019esigenza e priorit\u00e0 di tutelare gli investimenti delle aziende espositrici e il cambio di data sar\u00e0 decisivo per garantire il medesimo flusso di visitatori e buyers esteri da sempre offerto da Cibus all\u2019aziende agroalimentari italiane.<\/p>\n<p>\u201c<em>La situazione \u00e8 precipitata negli ultimi giorni<\/em> \u2013 ha dichiarato <strong>Antonio Cellie, ceo di Fiere di Parma<\/strong> \u2013 <em>col moltiplicarsi dei divieti di diversi Paesi a viaggiare verso e dall\u2019Italia. Tutto ci\u00f2 ha reso le condizioni di contesto troppo instabili: una situazione che avrebbe potuto danneggiare Cibus e l\u2019investimento dei nostri espositori nonch\u00e9 la reputazione di Parma nel suo anno da Capitale della Cultura. La collocazione a settembre \u00e8 una scelta responsabile e strategica: Cibus si potr\u00e0 presentare come l\u2019appuntamento chiave dell\u2019autunno per il mercato internazionale e per il Food Made in Italy. Di qui la decisione di posticipare. Nell\u2019interesse di tutti<\/em>\u201d.<\/p>\n<p>L\u2019arrivo degli operatori commerciali \u00e8 divenuto di colpo problematico non solo dall\u2019Asia, cosa in parte prevedibile, ma anche dagli Stati Uniti e dal Nord Europa dove si \u00e8 creato, nello spazio di giorni, un clima di forte preoccupazione relativamente ai viaggi in Italia.<\/p>\n<p>&#8220;<em>Abbiamo fatto il possibile per non arrivare alla decisione di rinviare Cibus<\/em> &#8211;\u00a0 ha sottolineato <strong>Ivano Vacondio, Presidente di Federalimentare<\/strong> &#8211; <em>ma l\u2019incertezza e le preoccupazioni che ancora abbiamo nel nostro paese relativamente al persistere del CoronaVirus, che ha come conseguenza il pericolo di avere una presenza non adeguata di visitatori ed espositori, ci obbliga a rinviare a settembre<\/em>&#8220;.<\/p>\n<p>Nel frattempo il catalogo di Cibus diventa <a href=\"http:\/\/www.mybusiness.cibus.it\">sito<\/a>\u00a0per mettere a disposizione fin d\u2019ora dei visitatori, e in generale degli utenti professionali i quali ora spendono molto pi\u00f9 tempo online, un raffinato motore di ricerca che non solo contiene le informazioni a catalogo, ma, a breve, anche tutti i prodotti che le aziende pubblicano sui loro siti, i cui contenuti sono stati indicizzati e federati.<\/p>\n<div><\/div>\n<div>Questo consentir\u00e0 agli utenti registrati di effettuare ricerche approfondite e puntuali e quindi inviare direttamente richieste di fornitura o di contatto.<\/div>\n<div><\/div>\n<div>Tutti i contenuti, anche quelli che le aziende non hanno tradotto, saranno editati in modalit\u00e0 multi lingue grazie allo specifico tool.<br \/>\nUna evoluzione digitale dei servizi fieristici, dedicata esclusivamente agli espositori di Cibus e quindi al meglio del Made in Italy alimentare, che, visto lo spostamento a settembre della manifestazione, contribuir\u00e0 ancora di pi\u00f9 alla riuscita dell\u2019evento.<\/div>\n","protected":false},"excerpt":{"rendered":"<p>Cibus 2020 verr\u00e0 posticipato al mese di settembre, da marted\u00ec 1 a venerd\u00ec 4. Lo slittamento si \u00e8 reso necessario a causa della inaspettata evoluzione dell\u2019emergenza CoronaVirus e, in particolare, della crescita dei blocchi aerei da e per l\u2019Italia. Pertanto Fiere di Parma, in accordo con Federalimentare, dopo una approfondita analisi insieme ai rappresentanti degli [&hellip;]<\/p>\n","protected":false},"author":1,"featured_media":2663,"comment_status":"closed","ping_status":"open","sticky":false,"template":"","format":"standard","meta":{"footnotes":""},"categories":[17],"tags":[944,945],"yoast_head":"<!-- This site is optimized with the Yoast SEO plugin v22.2 - https:\/\/yoast.com\/wordpress\/plugins\/seo\/ -->\n<title>Cibus posticipato ai primi di settembre -<\/title>\n<meta name=\"robots\" content=\"index, follow, max-snippet:-1, max-image-preview:large, max-video-preview:-1\" \/>\n<link rel=\"canonical\" href=\"https:\/\/www.italiaeconomiaonline.it\/web\/cibus-posticipato-ai-primi-di-settembre\/\" \/>\n<meta property=\"og:locale\" content=\"it_IT\" \/>\n<meta property=\"og:type\" content=\"article\" \/>\n<meta property=\"og:title\" content=\"Cibus posticipato ai primi di settembre -\" \/>\n<meta property=\"og:description\" content=\"Cibus 2020 verr\u00e0 posticipato al mese di settembre, da marted\u00ec 1 a venerd\u00ec 4. Lo slittamento si \u00e8 reso necessario a causa della inaspettata evoluzione dell\u2019emergenza CoronaVirus e, in particolare, della crescita dei blocchi aerei da e per l\u2019Italia. Pertanto Fiere di Parma, in accordo con Federalimentare, dopo una approfondita analisi insieme ai rappresentanti degli [&hellip;]\" \/>\n<meta property=\"og:url\" content=\"https:\/\/www.italiaeconomiaonline.it\/web\/cibus-posticipato-ai-primi-di-settembre\/\" \/>\n<meta property=\"og:site_name\" content=\"ItaliaEconomiaOnline\" \/>\n<meta property=\"article:published_time\" content=\"2020-03-09T10:46:35+00:00\" \/>\n<meta property=\"article:modified_time\" content=\"2020-03-09T10:47:17+00:00\" \/>\n<meta property=\"og:image\" content=\"https:\/\/www.italiaeconomiaonline.it\/web\/wp-content\/uploads\/2020\/03\/cibus18-1.jpg\" \/>\n\t<meta property=\"og:image:width\" content=\"1280\" \/>\n\t<meta property=\"og:image:height\" content=\"853\" \/>\n\t<meta property=\"og:image:type\" content=\"image\/jpeg\" \/>\n<meta name=\"author\" content=\"ladyitaliaeconomia\" \/>\n<meta name=\"twitter:card\" content=\"summary_large_image\" \/>\n<meta name=\"twitter:label1\" content=\"Scritto da\" \/>\n\t<meta name=\"twitter:data1\" content=\"ladyitaliaeconomia\" \/>\n\t<meta name=\"twitter:label2\" content=\"Tempo di lettura stimato\" \/>\n\t<meta name=\"twitter:data2\" content=\"3 minuti\" \/>\n<script type=\"application\/ld+json\" class=\"yoast-schema-graph\">{\"@context\":\"https:\/\/schema.org\",\"@graph\":[{\"@type\":\"WebPage\",\"@id\":\"https:\/\/www.italiaeconomiaonline.it\/web\/cibus-posticipato-ai-primi-di-settembre\/\",\"url\":\"https:\/\/www.italiaeconomiaonline.it\/web\/cibus-posticipato-ai-primi-di-settembre\/\",\"name\":\"Cibus posticipato ai primi di settembre -\",\"isPartOf\":{\"@id\":\"https:\/\/www.italiaeconomiaonline.it\/web\/#website\"},\"primaryImageOfPage\":{\"@id\":\"https:\/\/www.italiaeconomiaonline.it\/web\/cibus-posticipato-ai-primi-di-settembre\/#primaryimage\"},\"image\":{\"@id\":\"https:\/\/www.italiaeconomiaonline.it\/web\/cibus-posticipato-ai-primi-di-settembre\/#primaryimage\"},\"thumbnailUrl\":\"https:\/\/www.italiaeconomiaonline.it\/web\/wp-content\/uploads\/2020\/03\/cibus18-1.jpg\",\"datePublished\":\"2020-03-09T10:46:35+00:00\",\"dateModified\":\"2020-03-09T10:47:17+00:00\",\"author\":{\"@id\":\"https:\/\/www.italiaeconomiaonline.it\/web\/#\/schema\/person\/909a49cce752523b020fbc37d5ab1c31\"},\"breadcrumb\":{\"@id\":\"https:\/\/www.italiaeconomiaonline.it\/web\/cibus-posticipato-ai-primi-di-settembre\/#breadcrumb\"},\"inLanguage\":\"it-IT\",\"potentialAction\":[{\"@type\":\"ReadAction\",\"target\":[\"https:\/\/www.italiaeconomiaonline.it\/web\/cibus-posticipato-ai-primi-di-settembre\/\"]}]},{\"@type\":\"ImageObject\",\"inLanguage\":\"it-IT\",\"@id\":\"https:\/\/www.italiaeconomiaonline.it\/web\/cibus-posticipato-ai-primi-di-settembre\/#primaryimage\",\"url\":\"https:\/\/www.italiaeconomiaonline.it\/web\/wp-content\/uploads\/2020\/03\/cibus18-1.jpg\",\"contentUrl\":\"https:\/\/www.italiaeconomiaonline.it\/web\/wp-content\/uploads\/2020\/03\/cibus18-1.jpg\",\"width\":1280,\"height\":853},{\"@type\":\"BreadcrumbList\",\"@id\":\"https:\/\/www.italiaeconomiaonline.it\/web\/cibus-posticipato-ai-primi-di-settembre\/#breadcrumb\",\"itemListElement\":[{\"@type\":\"ListItem\",\"position\":1,\"name\":\"Home\",\"item\":\"https:\/\/www.italiaeconomiaonline.it\/web\/\"},{\"@type\":\"ListItem\",\"position\":2,\"name\":\"Cibus posticipato ai primi di settembre\"}]},{\"@type\":\"WebSite\",\"@id\":\"https:\/\/www.italiaeconomiaonline.it\/web\/#website\",\"url\":\"https:\/\/www.italiaeconomiaonline.it\/web\/\",\"name\":\"ItaliaEconomiaOnline\",\"description\":\"Quotidiano Economico Online\",\"potentialAction\":[{\"@type\":\"SearchAction\",\"target\":{\"@type\":\"EntryPoint\",\"urlTemplate\":\"https:\/\/www.italiaeconomiaonline.it\/web\/?s={search_term_string}\"},\"query-input\":\"required name=search_term_string\"}],\"inLanguage\":\"it-IT\"},{\"@type\":\"Person\",\"@id\":\"https:\/\/www.italiaeconomiaonline.it\/web\/#\/schema\/person\/909a49cce752523b020fbc37d5ab1c31\",\"name\":\"ladyitaliaeconomia\",\"image\":{\"@type\":\"ImageObject\",\"inLanguage\":\"it-IT\",\"@id\":\"https:\/\/www.italiaeconomiaonline.it\/web\/#\/schema\/person\/image\/\",\"url\":\"https:\/\/secure.gravatar.com\/avatar\/cedca10ce7416a579b9fa6bce9c0a8f2?s=96&d=mm&r=g\",\"contentUrl\":\"https:\/\/secure.gravatar.com\/avatar\/cedca10ce7416a579b9fa6bce9c0a8f2?s=96&d=mm&r=g\",\"caption\":\"ladyitaliaeconomia\"},\"url\":\"https:\/\/www.italiaeconomiaonline.it\/web\/author\/ladyitaliaeconomia\/\"}]}<\/script>\n<!-- \/ Yoast SEO plugin. -->","yoast_head_json":{"title":"Cibus posticipato ai primi di settembre -","robots":{"index":"index","follow":"follow","max-snippet":"max-snippet:-1","max-image-preview":"max-image-preview:large","max-video-preview":"max-video-preview:-1"},"canonical":"https:\/\/www.italiaeconomiaonline.it\/web\/cibus-posticipato-ai-primi-di-settembre\/","og_locale":"it_IT","og_type":"article","og_title":"Cibus posticipato ai primi di settembre -","og_description":"Cibus 2020 verr\u00e0 posticipato al mese di settembre, da marted\u00ec 1 a venerd\u00ec 4. Lo slittamento si \u00e8 reso necessario a causa della inaspettata evoluzione dell\u2019emergenza CoronaVirus e, in particolare, della crescita dei blocchi aerei da e per l\u2019Italia. Pertanto Fiere di Parma, in accordo con Federalimentare, dopo una approfondita analisi insieme ai rappresentanti degli [&hellip;]","og_url":"https:\/\/www.italiaeconomiaonline.it\/web\/cibus-posticipato-ai-primi-di-settembre\/","og_site_name":"ItaliaEconomiaOnline","article_published_time":"2020-03-09T10:46:35+00:00","article_modified_time":"2020-03-09T10:47:17+00:00","og_image":[{"width":1280,"height":853,"url":"https:\/\/www.italiaeconomiaonline.it\/web\/wp-content\/uploads\/2020\/03\/cibus18-1.jpg","type":"image\/jpeg"}],"author":"ladyitaliaeconomia","twitter_card":"summary_large_image","twitter_misc":{"Scritto da":"ladyitaliaeconomia","Tempo di lettura stimato":"3 minuti"},"schema":{"@context":"https:\/\/schema.org","@graph":[{"@type":"WebPage","@id":"https:\/\/www.italiaeconomiaonline.it\/web\/cibus-posticipato-ai-primi-di-settembre\/","url":"https:\/\/www.italiaeconomiaonline.it\/web\/cibus-posticipato-ai-primi-di-settembre\/","name":"Cibus posticipato ai primi di settembre -","isPartOf":{"@id":"https:\/\/www.italiaeconomiaonline.it\/web\/#website"},"primaryImageOfPage":{"@id":"https:\/\/www.italiaeconomiaonline.it\/web\/cibus-posticipato-ai-primi-di-settembre\/#primaryimage"},"image":{"@id":"https:\/\/www.italiaeconomiaonline.it\/web\/cibus-posticipato-ai-primi-di-settembre\/#primaryimage"},"thumbnailUrl":"https:\/\/www.italiaeconomiaonline.it\/web\/wp-content\/uploads\/2020\/03\/cibus18-1.jpg","datePublished":"2020-03-09T10:46:35+00:00","dateModified":"2020-03-09T10:47:17+00:00","author":{"@id":"https:\/\/www.italiaeconomiaonline.it\/web\/#\/schema\/person\/909a49cce752523b020fbc37d5ab1c31"},"breadcrumb":{"@id":"https:\/\/www.italiaeconomiaonline.it\/web\/cibus-posticipato-ai-primi-di-settembre\/#breadcrumb"},"inLanguage":"it-IT","potentialAction":[{"@type":"ReadAction","target":["https:\/\/www.italiaeconomiaonline.it\/web\/cibus-posticipato-ai-primi-di-settembre\/"]}]},{"@type":"ImageObject","inLanguage":"it-IT","@id":"https:\/\/www.italiaeconomiaonline.it\/web\/cibus-posticipato-ai-primi-di-settembre\/#primaryimage","url":"https:\/\/www.italiaeconomiaonline.it\/web\/wp-content\/uploads\/2020\/03\/cibus18-1.jpg","contentUrl":"https:\/\/www.italiaeconomiaonline.it\/web\/wp-content\/uploads\/2020\/03\/cibus18-1.jpg","width":1280,"height":853},{"@type":"BreadcrumbList","@id":"https:\/\/www.italiaeconomiaonline.it\/web\/cibus-posticipato-ai-primi-di-settembre\/#breadcrumb","itemListElement":[{"@type":"ListItem","position":1,"name":"Home","item":"https:\/\/www.italiaeconomiaonline.it\/web\/"},{"@type":"ListItem","position":2,"name":"Cibus posticipato ai primi di settembre"}]},{"@type":"WebSite","@id":"https:\/\/www.italiaeconomiaonline.it\/web\/#website","url":"https:\/\/www.italiaeconomiaonline.it\/web\/","name":"ItaliaEconomiaOnline","description":"Quotidiano Economico Online","potentialAction":[{"@type":"SearchAction","target":{"@type":"EntryPoint","urlTemplate":"https:\/\/www.italiaeconomiaonline.it\/web\/?s={search_term_string}"},"query-input":"required name=search_term_string"}],"inLanguage":"it-IT"},{"@type":"Person","@id":"https:\/\/www.italiaeconomiaonline.it\/web\/#\/schema\/person\/909a49cce752523b020fbc37d5ab1c31","name":"ladyitaliaeconomia","image":{"@type":"ImageObject","inLanguage":"it-IT","@id":"https:\/\/www.italiaeconomiaonline.it\/web\/#\/schema\/person\/image\/","url":"https:\/\/secure.gravatar.com\/avatar\/cedca10ce7416a579b9fa6bce9c0a8f2?s=96&d=mm&r=g","contentUrl":"https:\/\/secure.gravatar.com\/avatar\/cedca10ce7416a579b9fa6bce9c0a8f2?s=96&d=mm&r=g","caption":"ladyitaliaeconomia"},"url":"https:\/\/www.italiaeconomiaonline.it\/web\/author\/ladyitaliaeconomia\/"}]}},"_links":{"self":[{"href":"https:\/\/www.italiaeconomiaonline.it\/web\/wp-json\/wp\/v2\/posts\/2660"}],"collection":[{"href":"https:\/\/www.italiaeconomiaonline.it\/web\/wp-json\/wp\/v2\/posts"}],"about":[{"href":"https:\/\/www.italiaeconomiaonline.it\/web\/wp-json\/wp\/v2\/types\/post"}],"author":[{"embeddable":true,"href":"https:\/\/www.italiaeconomiaonline.it\/web\/wp-json\/wp\/v2\/users\/1"}],"replies":[{"embeddable":true,"href":"https:\/\/www.italiaeconomiaonline.it\/web\/wp-json\/wp\/v2\/comments?post=2660"}],"version-history":[{"count":1,"href":"https:\/\/www.italiaeconomiaonline.it\/web\/wp-json\/wp\/v2\/posts\/2660\/revisions"}],"predecessor-version":[{"id":2662,"href":"https:\/\/www.italiaeconomiaonline.it\/web\/wp-json\/wp\/v2\/posts\/2660\/revisions\/2662"}],"wp:featuredmedia":[{"embeddable":true,"href":"https:\/\/www.italiaeconomiaonline.it\/web\/wp-json\/wp\/v2\/media\/2663"}],"wp:attachment":[{"href":"https:\/\/www.italiaeconomiaonline.it\/web\/wp-json\/wp\/v2\/media?parent=2660"}],"wp:term":[{"taxonomy":"category","embeddable":true,"href":"https:\/\/www.italiaeconomiaonline.it\/web\/wp-json\/wp\/v2\/categories?post=2660"},{"taxonomy":"post_tag","embeddable":true,"href":"https:\/\/www.italiaeconomiaonline.it\/web\/wp-json\/wp\/v2\/tags?post=2660"}],"curies":[{"name":"wp","href":"https:\/\/api.w.org\/{rel}","templated":true}]}}