{"id":2686,"date":"2020-03-13T17:16:47","date_gmt":"2020-03-13T16:16:47","guid":{"rendered":"http:\/\/www.italiaeconomiaonline.it\/web\/?p=2686"},"modified":"2020-03-13T17:16:47","modified_gmt":"2020-03-13T16:16:47","slug":"italia-bloccata-dal-covid-19-chi-lavora-e-chi-no","status":"publish","type":"post","link":"https:\/\/www.italiaeconomiaonline.it\/web\/italia-bloccata-dal-covid-19-chi-lavora-e-chi-no\/","title":{"rendered":"Italia \u201cbloccata\u201d dal Covid-19: chi lavora e chi no"},"content":{"rendered":"<div class=\"page\" title=\"Page 1\">\n<div class=\"layoutArea\">\n<div class=\"column\">\n<p><span class=\"dropcap dropcap3\">S<\/span>ono circa 3 milioni (il 13,2% del totale degli occupati) i lavoratori che si sono ritrovati da un giorno all\u2019altro a casa per via dei provvedimenti \u201cstraordinari\u201d adottatati dal Governo nell\u2019ultima settimana per far fronte all\u2019emergenza sanitaria da COVID-19.<\/p>\n<p>Circa un milione di questi sono lavoratori autonomi, mentre 1,9 milioni dipendenti (per lo pi\u00f9 addetti alle vendite). E mentre sono ancora tante le persone al lavoro in questi giorni per garantire servizi essenziali, 3,6 milioni (16% del totale) sono occupati in settori \u201ca rischio chiusura\u201d.<\/p>\n<p>\u00c8 quanto emerge dall\u2019analisi statistica della Fondazione Studi Consulenti del Lavoro \u201cGli occupati in Italia ai tempi del Coronavirus\u201d, che fotografa 23 milioni di lavoratori (5 milioni 306 mila autonomi e 17 milioni 146 mila dipendenti) che devono fare i conti con un\u2019Italia \u201cbloccata\u201d da misure e provvedimenti di portata straordinaria.<\/p>\n<p>Dalla promozione dello smart working alla chiusura delle scuole, dal crollo della domanda di beni e servizi al blocco su tutto il territorio nazionale, fino al prossimo 25 marzo, delle attivit\u00e0 commerciali non di prima necessit\u00e0 (bar e ristoranti, centri commerciali, centri estetici, negozi di abbigliamento).<\/p>\n<p>L\u2019emergenza sanitaria ha stravolto, in pochi giorni, l\u2019intera geografia occupazionale del Paese definendo, di conseguenza, nuove e inedite condizioni di lavoro. A fronte di chi resta a casa \u201cper decreto\u201d, ci sono 7,9 milioni di lavoratori (35,2% degli occupati) che, malgrado l\u2019emergenza, non possono fermarsi, in quanto impegnati ad erogare beni e servizi essenziali per la collettivit\u00e0.<\/p>\n<p>Tra questi: medici e infermieri (1 milioni 320 mila occupati nell\u2019assistenza sanitaria), ma anche forze dell\u2019ordine e dipendenti delle P.A. (1 milione 243 mila), insegnanti e docenti universitari che da casa garantiscono continuit\u00e0 formativa (1 milione 587 mila), servizi pubblici essenziali (erogazione energia, gas, acqua, pulizia e raccolta rifiuti) e tante altre attivit\u00e0 private: il commercio, il credito, l\u2019informazione.<\/p>\n<p>Inoltre, 3,6 milioni (16% del totale) sono occupati in settori \u201ca rischio chiusura\u201d per un crollo della domanda o uno stallo dei servizi senza precedenti, come turismo (372 mila occupati in servizi di alloggio e agenzie), intermediazione immobiliare (149 mila), costruzioni (1,3 milioni) e alcune attivit\u00e0 professionali, soprattutto di tipo tecnico.<\/p>\n<p>Di questi, 1,3 milioni sono lavoratori autonomi che giorno dopo giorno devono decidere se chiudere o proseguire l\u2019attivit\u00e0 destreggiandosi tra congedi, ferie e permessi, e 2,3 milioni dipendenti in questi settori, che oltre alla paura del contagio hanno quella di perdere il lavoro. L\u2019incertezza governa anche gli 8 milioni (35,6%) di occupati in settori per lo pi\u00f9 manifatturieri e di servizio alle imprese, dove l\u2019impatto dell\u2019emergenza Coronavirus \u00e8 stato meno devastante, ma comunque forte.<\/p>\n<p>\u201cLa gestione del personale (o del lavoro) sta diventando un fattore sempre pi\u00f9 critico in questo momento per le aziende, che si trovano a fronteggiare nuove e straordinarie responsabilit\u00e0 di tutela della salute e sicurezza in un contesto di progressivo stallo economico e di incertezza sui provvedimenti che saranno adottati a supporto dell\u2019emergenza\u201d, ha dichiarato Rosario De Luca, Presidente della Fondazione Studi dei Consulenti del Lavoro.<\/p>\n<p>\u201cA fronte dei sempre pi\u00f9 numerosi lavoratori che resteranno a casa nei prossimi giorni, per i quali \u00e8 necessario mettere al pi\u00f9 presto in campo strumenti di sostegno, non dobbiamo dimenticare la condizione pi\u00f9 precaria del lavoro autonomo. Il 20% degli autonomi si ritrova a casa perch\u00e9 interessato dal blocco attivit\u00e0 e un altro 24,3% continua a mandare avanti la propria attivit\u00e0 in settori che sono oramai al collasso\u201d.<\/p>\n<p>\u201cIndispensabile, quindi, guardare con attenzione a questa componente importante del mercato del lavoro, che \u00e8 uscita gi\u00e0 stremata dalla crisi del 2008 e che sar\u00e0 decisiva per la ripresa quando ci saremo lasciati alle spalle questa emergenza\u201d ha concluso.<\/p>\n<\/div>\n<\/div>\n<p><img decoding=\"async\" src=\"data:image\/png;base64,iVBORw0KGgoAAAANSUhEUgAAAHcAAAABCAYAAADkQjFWAAAAAXNSR0IArs4c6QAAAHhlWElmTU0AKgAAAAgABAEaAAUAAAABAAAAPgEbAAUAAAABAAAARgEoAAMAAAABAAIAAIdpAAQAAAABAAAATgAAAAAAAUgXAAADKAABSBcAAAMoAAOgAQADAAAAAQABAACgAgAEAAAAAQAAAHegAwAEAAAAAQAAAAEAAAAAZ\/aDOwAAAAlwSFlzAAAP\/AAAD\/wBzShWowAAABRJREFUGBljZGD4X8UwCoZjCPwAAL5gAnOXyTFcAAAAAElFTkSuQmCC\" alt=\"page1image61227200\" width=\"118.940000\" height=\"0.480000\" \/><\/div>\n","protected":false},"excerpt":{"rendered":"<p>Sono circa 3 milioni (il 13,2% del totale degli occupati) i lavoratori che si sono ritrovati da un giorno all\u2019altro a casa per via dei provvedimenti \u201cstraordinari\u201d adottatati dal Governo nell\u2019ultima settimana per far fronte all\u2019emergenza sanitaria da COVID-19. Circa un milione di questi sono lavoratori autonomi, mentre 1,9 milioni dipendenti (per lo pi\u00f9 addetti [&hellip;]<\/p>\n","protected":false},"author":1,"featured_media":1360,"comment_status":"closed","ping_status":"open","sticky":false,"template":"","format":"standard","meta":{"footnotes":""},"categories":[28],"tags":[],"yoast_head":"<!-- This site is optimized with the Yoast SEO plugin v22.2 - https:\/\/yoast.com\/wordpress\/plugins\/seo\/ -->\n<title>Italia \u201cbloccata\u201d dal Covid-19: chi lavora e chi no -<\/title>\n<meta name=\"robots\" content=\"index, follow, max-snippet:-1, max-image-preview:large, max-video-preview:-1\" \/>\n<link rel=\"canonical\" href=\"https:\/\/www.italiaeconomiaonline.it\/web\/italia-bloccata-dal-covid-19-chi-lavora-e-chi-no\/\" \/>\n<meta property=\"og:locale\" content=\"it_IT\" \/>\n<meta property=\"og:type\" content=\"article\" \/>\n<meta property=\"og:title\" content=\"Italia \u201cbloccata\u201d dal Covid-19: chi lavora e chi no -\" \/>\n<meta property=\"og:description\" content=\"Sono circa 3 milioni (il 13,2% del totale degli occupati) i lavoratori che si sono ritrovati da un giorno all\u2019altro a casa per via dei provvedimenti \u201cstraordinari\u201d adottatati dal Governo nell\u2019ultima settimana per far fronte all\u2019emergenza sanitaria da COVID-19. Circa un milione di questi sono lavoratori autonomi, mentre 1,9 milioni dipendenti (per lo pi\u00f9 addetti [&hellip;]\" \/>\n<meta property=\"og:url\" content=\"https:\/\/www.italiaeconomiaonline.it\/web\/italia-bloccata-dal-covid-19-chi-lavora-e-chi-no\/\" \/>\n<meta property=\"og:site_name\" content=\"ItaliaEconomiaOnline\" \/>\n<meta property=\"article:published_time\" content=\"2020-03-13T16:16:47+00:00\" \/>\n<meta property=\"og:image\" content=\"https:\/\/www.italiaeconomiaonline.it\/web\/wp-content\/uploads\/2019\/07\/Telelavoro.jpg\" \/>\n\t<meta property=\"og:image:width\" content=\"1024\" \/>\n\t<meta property=\"og:image:height\" content=\"682\" \/>\n\t<meta property=\"og:image:type\" content=\"image\/jpeg\" \/>\n<meta name=\"author\" content=\"ladyitaliaeconomia\" \/>\n<meta name=\"twitter:card\" content=\"summary_large_image\" \/>\n<meta name=\"twitter:label1\" content=\"Scritto da\" \/>\n\t<meta name=\"twitter:data1\" content=\"ladyitaliaeconomia\" \/>\n\t<meta name=\"twitter:label2\" content=\"Tempo di lettura stimato\" \/>\n\t<meta name=\"twitter:data2\" content=\"3 minuti\" \/>\n<script type=\"application\/ld+json\" class=\"yoast-schema-graph\">{\"@context\":\"https:\/\/schema.org\",\"@graph\":[{\"@type\":\"WebPage\",\"@id\":\"https:\/\/www.italiaeconomiaonline.it\/web\/italia-bloccata-dal-covid-19-chi-lavora-e-chi-no\/\",\"url\":\"https:\/\/www.italiaeconomiaonline.it\/web\/italia-bloccata-dal-covid-19-chi-lavora-e-chi-no\/\",\"name\":\"Italia \u201cbloccata\u201d dal Covid-19: chi lavora e chi no -\",\"isPartOf\":{\"@id\":\"https:\/\/www.italiaeconomiaonline.it\/web\/#website\"},\"primaryImageOfPage\":{\"@id\":\"https:\/\/www.italiaeconomiaonline.it\/web\/italia-bloccata-dal-covid-19-chi-lavora-e-chi-no\/#primaryimage\"},\"image\":{\"@id\":\"https:\/\/www.italiaeconomiaonline.it\/web\/italia-bloccata-dal-covid-19-chi-lavora-e-chi-no\/#primaryimage\"},\"thumbnailUrl\":\"https:\/\/www.italiaeconomiaonline.it\/web\/wp-content\/uploads\/2019\/07\/Telelavoro.jpg\",\"datePublished\":\"2020-03-13T16:16:47+00:00\",\"dateModified\":\"2020-03-13T16:16:47+00:00\",\"author\":{\"@id\":\"https:\/\/www.italiaeconomiaonline.it\/web\/#\/schema\/person\/909a49cce752523b020fbc37d5ab1c31\"},\"breadcrumb\":{\"@id\":\"https:\/\/www.italiaeconomiaonline.it\/web\/italia-bloccata-dal-covid-19-chi-lavora-e-chi-no\/#breadcrumb\"},\"inLanguage\":\"it-IT\",\"potentialAction\":[{\"@type\":\"ReadAction\",\"target\":[\"https:\/\/www.italiaeconomiaonline.it\/web\/italia-bloccata-dal-covid-19-chi-lavora-e-chi-no\/\"]}]},{\"@type\":\"ImageObject\",\"inLanguage\":\"it-IT\",\"@id\":\"https:\/\/www.italiaeconomiaonline.it\/web\/italia-bloccata-dal-covid-19-chi-lavora-e-chi-no\/#primaryimage\",\"url\":\"https:\/\/www.italiaeconomiaonline.it\/web\/wp-content\/uploads\/2019\/07\/Telelavoro.jpg\",\"contentUrl\":\"https:\/\/www.italiaeconomiaonline.it\/web\/wp-content\/uploads\/2019\/07\/Telelavoro.jpg\",\"width\":1024,\"height\":682},{\"@type\":\"BreadcrumbList\",\"@id\":\"https:\/\/www.italiaeconomiaonline.it\/web\/italia-bloccata-dal-covid-19-chi-lavora-e-chi-no\/#breadcrumb\",\"itemListElement\":[{\"@type\":\"ListItem\",\"position\":1,\"name\":\"Home\",\"item\":\"https:\/\/www.italiaeconomiaonline.it\/web\/\"},{\"@type\":\"ListItem\",\"position\":2,\"name\":\"Italia \u201cbloccata\u201d dal Covid-19: chi lavora e chi no\"}]},{\"@type\":\"WebSite\",\"@id\":\"https:\/\/www.italiaeconomiaonline.it\/web\/#website\",\"url\":\"https:\/\/www.italiaeconomiaonline.it\/web\/\",\"name\":\"ItaliaEconomiaOnline\",\"description\":\"Quotidiano Economico Online\",\"potentialAction\":[{\"@type\":\"SearchAction\",\"target\":{\"@type\":\"EntryPoint\",\"urlTemplate\":\"https:\/\/www.italiaeconomiaonline.it\/web\/?s={search_term_string}\"},\"query-input\":\"required name=search_term_string\"}],\"inLanguage\":\"it-IT\"},{\"@type\":\"Person\",\"@id\":\"https:\/\/www.italiaeconomiaonline.it\/web\/#\/schema\/person\/909a49cce752523b020fbc37d5ab1c31\",\"name\":\"ladyitaliaeconomia\",\"image\":{\"@type\":\"ImageObject\",\"inLanguage\":\"it-IT\",\"@id\":\"https:\/\/www.italiaeconomiaonline.it\/web\/#\/schema\/person\/image\/\",\"url\":\"https:\/\/secure.gravatar.com\/avatar\/cedca10ce7416a579b9fa6bce9c0a8f2?s=96&d=mm&r=g\",\"contentUrl\":\"https:\/\/secure.gravatar.com\/avatar\/cedca10ce7416a579b9fa6bce9c0a8f2?s=96&d=mm&r=g\",\"caption\":\"ladyitaliaeconomia\"},\"url\":\"https:\/\/www.italiaeconomiaonline.it\/web\/author\/ladyitaliaeconomia\/\"}]}<\/script>\n<!-- \/ Yoast SEO plugin. -->","yoast_head_json":{"title":"Italia \u201cbloccata\u201d dal Covid-19: chi lavora e chi no -","robots":{"index":"index","follow":"follow","max-snippet":"max-snippet:-1","max-image-preview":"max-image-preview:large","max-video-preview":"max-video-preview:-1"},"canonical":"https:\/\/www.italiaeconomiaonline.it\/web\/italia-bloccata-dal-covid-19-chi-lavora-e-chi-no\/","og_locale":"it_IT","og_type":"article","og_title":"Italia \u201cbloccata\u201d dal Covid-19: chi lavora e chi no -","og_description":"Sono circa 3 milioni (il 13,2% del totale degli occupati) i lavoratori che si sono ritrovati da un giorno all\u2019altro a casa per via dei provvedimenti \u201cstraordinari\u201d adottatati dal Governo nell\u2019ultima settimana per far fronte all\u2019emergenza sanitaria da COVID-19. Circa un milione di questi sono lavoratori autonomi, mentre 1,9 milioni dipendenti (per lo pi\u00f9 addetti [&hellip;]","og_url":"https:\/\/www.italiaeconomiaonline.it\/web\/italia-bloccata-dal-covid-19-chi-lavora-e-chi-no\/","og_site_name":"ItaliaEconomiaOnline","article_published_time":"2020-03-13T16:16:47+00:00","og_image":[{"width":1024,"height":682,"url":"https:\/\/www.italiaeconomiaonline.it\/web\/wp-content\/uploads\/2019\/07\/Telelavoro.jpg","type":"image\/jpeg"}],"author":"ladyitaliaeconomia","twitter_card":"summary_large_image","twitter_misc":{"Scritto da":"ladyitaliaeconomia","Tempo di lettura stimato":"3 minuti"},"schema":{"@context":"https:\/\/schema.org","@graph":[{"@type":"WebPage","@id":"https:\/\/www.italiaeconomiaonline.it\/web\/italia-bloccata-dal-covid-19-chi-lavora-e-chi-no\/","url":"https:\/\/www.italiaeconomiaonline.it\/web\/italia-bloccata-dal-covid-19-chi-lavora-e-chi-no\/","name":"Italia \u201cbloccata\u201d dal Covid-19: chi lavora e chi no -","isPartOf":{"@id":"https:\/\/www.italiaeconomiaonline.it\/web\/#website"},"primaryImageOfPage":{"@id":"https:\/\/www.italiaeconomiaonline.it\/web\/italia-bloccata-dal-covid-19-chi-lavora-e-chi-no\/#primaryimage"},"image":{"@id":"https:\/\/www.italiaeconomiaonline.it\/web\/italia-bloccata-dal-covid-19-chi-lavora-e-chi-no\/#primaryimage"},"thumbnailUrl":"https:\/\/www.italiaeconomiaonline.it\/web\/wp-content\/uploads\/2019\/07\/Telelavoro.jpg","datePublished":"2020-03-13T16:16:47+00:00","dateModified":"2020-03-13T16:16:47+00:00","author":{"@id":"https:\/\/www.italiaeconomiaonline.it\/web\/#\/schema\/person\/909a49cce752523b020fbc37d5ab1c31"},"breadcrumb":{"@id":"https:\/\/www.italiaeconomiaonline.it\/web\/italia-bloccata-dal-covid-19-chi-lavora-e-chi-no\/#breadcrumb"},"inLanguage":"it-IT","potentialAction":[{"@type":"ReadAction","target":["https:\/\/www.italiaeconomiaonline.it\/web\/italia-bloccata-dal-covid-19-chi-lavora-e-chi-no\/"]}]},{"@type":"ImageObject","inLanguage":"it-IT","@id":"https:\/\/www.italiaeconomiaonline.it\/web\/italia-bloccata-dal-covid-19-chi-lavora-e-chi-no\/#primaryimage","url":"https:\/\/www.italiaeconomiaonline.it\/web\/wp-content\/uploads\/2019\/07\/Telelavoro.jpg","contentUrl":"https:\/\/www.italiaeconomiaonline.it\/web\/wp-content\/uploads\/2019\/07\/Telelavoro.jpg","width":1024,"height":682},{"@type":"BreadcrumbList","@id":"https:\/\/www.italiaeconomiaonline.it\/web\/italia-bloccata-dal-covid-19-chi-lavora-e-chi-no\/#breadcrumb","itemListElement":[{"@type":"ListItem","position":1,"name":"Home","item":"https:\/\/www.italiaeconomiaonline.it\/web\/"},{"@type":"ListItem","position":2,"name":"Italia \u201cbloccata\u201d dal Covid-19: chi lavora e chi no"}]},{"@type":"WebSite","@id":"https:\/\/www.italiaeconomiaonline.it\/web\/#website","url":"https:\/\/www.italiaeconomiaonline.it\/web\/","name":"ItaliaEconomiaOnline","description":"Quotidiano Economico Online","potentialAction":[{"@type":"SearchAction","target":{"@type":"EntryPoint","urlTemplate":"https:\/\/www.italiaeconomiaonline.it\/web\/?s={search_term_string}"},"query-input":"required name=search_term_string"}],"inLanguage":"it-IT"},{"@type":"Person","@id":"https:\/\/www.italiaeconomiaonline.it\/web\/#\/schema\/person\/909a49cce752523b020fbc37d5ab1c31","name":"ladyitaliaeconomia","image":{"@type":"ImageObject","inLanguage":"it-IT","@id":"https:\/\/www.italiaeconomiaonline.it\/web\/#\/schema\/person\/image\/","url":"https:\/\/secure.gravatar.com\/avatar\/cedca10ce7416a579b9fa6bce9c0a8f2?s=96&d=mm&r=g","contentUrl":"https:\/\/secure.gravatar.com\/avatar\/cedca10ce7416a579b9fa6bce9c0a8f2?s=96&d=mm&r=g","caption":"ladyitaliaeconomia"},"url":"https:\/\/www.italiaeconomiaonline.it\/web\/author\/ladyitaliaeconomia\/"}]}},"_links":{"self":[{"href":"https:\/\/www.italiaeconomiaonline.it\/web\/wp-json\/wp\/v2\/posts\/2686"}],"collection":[{"href":"https:\/\/www.italiaeconomiaonline.it\/web\/wp-json\/wp\/v2\/posts"}],"about":[{"href":"https:\/\/www.italiaeconomiaonline.it\/web\/wp-json\/wp\/v2\/types\/post"}],"author":[{"embeddable":true,"href":"https:\/\/www.italiaeconomiaonline.it\/web\/wp-json\/wp\/v2\/users\/1"}],"replies":[{"embeddable":true,"href":"https:\/\/www.italiaeconomiaonline.it\/web\/wp-json\/wp\/v2\/comments?post=2686"}],"version-history":[{"count":1,"href":"https:\/\/www.italiaeconomiaonline.it\/web\/wp-json\/wp\/v2\/posts\/2686\/revisions"}],"predecessor-version":[{"id":2687,"href":"https:\/\/www.italiaeconomiaonline.it\/web\/wp-json\/wp\/v2\/posts\/2686\/revisions\/2687"}],"wp:featuredmedia":[{"embeddable":true,"href":"https:\/\/www.italiaeconomiaonline.it\/web\/wp-json\/wp\/v2\/media\/1360"}],"wp:attachment":[{"href":"https:\/\/www.italiaeconomiaonline.it\/web\/wp-json\/wp\/v2\/media?parent=2686"}],"wp:term":[{"taxonomy":"category","embeddable":true,"href":"https:\/\/www.italiaeconomiaonline.it\/web\/wp-json\/wp\/v2\/categories?post=2686"},{"taxonomy":"post_tag","embeddable":true,"href":"https:\/\/www.italiaeconomiaonline.it\/web\/wp-json\/wp\/v2\/tags?post=2686"}],"curies":[{"name":"wp","href":"https:\/\/api.w.org\/{rel}","templated":true}]}}