{"id":2696,"date":"2020-03-17T08:27:20","date_gmt":"2020-03-17T07:27:20","guid":{"rendered":"http:\/\/www.italiaeconomiaonline.it\/web\/?p=2696"},"modified":"2020-03-17T08:28:52","modified_gmt":"2020-03-17T07:28:52","slug":"coronavirus-ecco-cosa-prevede-il-decreto-cura-italiaecco-cosa-prevede-il-decreto-cura-italia","status":"publish","type":"post","link":"https:\/\/www.italiaeconomiaonline.it\/web\/coronavirus-ecco-cosa-prevede-il-decreto-cura-italiaecco-cosa-prevede-il-decreto-cura-italia\/","title":{"rendered":"Coronavirus, ecco cosa prevede il decreto Cura Italia"},"content":{"rendered":"<p><span class=\"dropcap dropcap3\">I<\/span>l Consiglio dei Ministri, su proposta del Presidente Giuseppe Conte, del Ministro dell\u2019economia e delle finanze, Roberto Gualtieri, del Ministro dello sviluppo economico, Stefano Patuanelli, del Ministro del lavoro e delle politiche sociali, Nunzia Catalfo e del Ministro della salute, Roberto Speranza, ha approvato un decreto-legge che introduce misure di potenziamento del servizio sanitario nazionale e di sostegno economico per famiglie, lavoratori e imprese connesse all\u2019emergenza epidemiologica da COVID-19.<\/p>\n<p>Il decreto interviene con provvedimenti su quattro fronti principali e altre misure settoriali:<\/p>\n<ol>\n<li>finanziamento e altre misure per il potenziamento del Sistema sanitario nazionale, della Protezione civile e degli altri soggetti pubblici impegnati sul fronte dell\u2019emergenza;<\/li>\n<li>sostegno all\u2019occupazione e ai lavoratori per la difesa del lavoro e del reddito;<\/li>\n<li>supporto al credito per famiglie e micro, piccole e medie imprese, tramite il sistema bancario e l\u2019utilizzo del fondo centrale di garanzia;<\/li>\n<li>sospensione degli obblighi di versamento per tributi e contributi nonch\u00e9 di altri adempimenti fiscali ed incentivi fiscali per la sanificazione dei luoghi di lavoro e premi ai dipendenti che restano in servizio.<\/li>\n<\/ol>\n<p>Tali provvedimenti si aggiungono a quelli gi\u00e0 adottati d\u2019urgenza dal Governo per evitare che la crisi transitoria delle attivit\u00e0 economiche indotta dall\u2019epidemia di COVID-19 produca effetti permanenti, come la scomparsa definitiva di imprese nei settori maggiormente colpiti.<\/p>\n<p>In particolare, con i precedenti interventi, sono stati sospesi adempimenti tributari e pagamenti di contributi e mutui per gli abitanti della ex \u201czona rossa\u201d, sono stati aperti gli ammortizzatori sociali a soggetti che in condizioni ordinarie non ne beneficiano, sono state potenziate le modalit\u00e0 di lavoro a distanza ed \u00e8 stato garantito sostegno al settore del turismo.<\/p>\n<p>Di seguito una panoramica delle misure economico-finanziarie sui 4 fronti principali.<\/p>\n<h4>1. Misure per potenziare la capacit\u00e0 di intervento del Sistema sanitario, della Protezione civile e degli altri soggetti pubblici impegnati a fronteggiare l\u2019emergenza sanitaria<\/h4>\n<ul>\n<li>vengono individuate le coperture per le <strong>20.000 assunzioni<\/strong> gi\u00e0 deliberate per il Sistema sanitario nazionale;<\/li>\n<li>il <strong>Fondo emergenze nazionali<\/strong> viene incrementato complessivamente di 1,65 miliardi;<\/li>\n<li>lo stanziamento di risorse per gli <strong>straordinari <\/strong>del personale sanitario viene incrementato di 150 milioni di euro per il 2020;<\/li>\n<li>il finanziamento dell\u2019<strong>aumento dei posti letto<\/strong> in terapia intensiva e nelle unit\u00e0 di pneumologia e malattie infettive (anche in deroga ai limiti di spesa) mentre le strutture private devono mettere a disposizione il personale sanitario in servizio, i locali e le proprie apparecchiature (per un costo di 340 milioni);<\/li>\n<li>l\u2019autorizzazione a Invitalia a erogare finanziamenti agevolati o contributi a fondo perduto alle <strong>imprese produttrici di dispositivi medici <\/strong>e dispositivi di protezione individuale (50 milioni);<\/li>\n<li>la previsione che la Protezione civile possa disporre la <strong>requisizione <\/strong>da soggetti pubblici o privati di presidi sanitari e medico-chirurgici e di beni mobili necessari per fronteggiare l\u2019emergenza sanitaria. I Prefetti potranno disporre la requisizione di alberghi o altri immobili aventi analoghe caratteristiche per ospitarvi le persone in sorveglianza sanitaria (150 milioni);<\/li>\n<li>la possibilit\u00e0 di incrementare il <strong>personale medico e infermieristico militare<\/strong> con una ferma eccezionale di un anno, mentre vengono potenziati i servizi sanitari militari. L\u2019Inail potr\u00e0 assumere a tempo determinato 200 medici specialisti e 100 infermieri, mentre viene incrementato lo stanziamento a favore dell\u2019Istituto Superiore di Sanit\u00e0 per far fronte alle esigenze di sorveglianza epidemiologica (il totale di questi interventi assomma a 64 milioni);<\/li>\n<li>la possibilit\u00e0, ove non sia possibile reclutare nuovo personale, di <strong>trattenere in servizio<\/strong> il personale del Sistema Sanitario Nazionale che avrebbe i requisiti per la pensione;<\/li>\n<li>una deroga alle norme di riconoscimento delle qualifiche professionali sanitarie, per consentire l\u2019<strong>esercizio temporaneo sul territorio nazionale<\/strong> a chi ha conseguito una professione sanitaria all\u2019estero, regolata da specifiche direttive dell\u2019Unione Europea;<\/li>\n<li>disposizioni sull\u2019abilitazione all\u2019esercizio della professione di medico-chirurgo, con la previsione che il conseguimento della laurea magistrale a ciclo unico in Medicina e chirurgia, abiliti all\u2019esercizio della professione di medico chirurgo previo giudizio di idoneit\u00e0 sui risultati relativi alle competenze dimostrate nel corso del tirocinio pratico-valutativo svolto all\u2019interno del corso di studi;<\/li>\n<li>l\u2019introduzione di disposizioni in merito all\u2019anticipazione del prezzo nei contratti pubblici, volte a velocizzare le procedure d\u2019acquisto e di pagamento di materiali e strumentazioni sanitari;<\/li>\n<li>lo stanziamento di fondi per il pagamento degli straordinari dovuti ai maggiori compiti connessi all\u2019emergenza per le Forze di polizia, le Forze armate, il Corpo di polizia penitenziaria, il Corpo nazionale dei Vigili del Fuoco, il personale della carriera prefettizia, quello dei ruoli dell\u2019Amministrazione civile dell\u2019interno e quello delle polizie locali, nonch\u00e9 per la sanificazione e la disinfezione straordinaria degli uffici, degli ambienti e dei mezzi in uso alle medesime Forze, e per assicurare l\u2019adeguata dotazione di dispositivi di protezione individuale;<\/li>\n<li>lo stanziamento di fondi per la pulizia straordinaria degli ambienti scolastici;<\/li>\n<li>l\u2019istituzione del Fondo per la sanificazione degli ambienti di Province, Citt\u00e0 metropolitane e Comuni;<\/li>\n<li>la previsione che, nella vigenza dello stato di emergenza e, in ogni caso, sino al 31 luglio 2020, l\u2019acquisizione di forniture e servizi da parte delle aziende, agenzie e degli enti del Servizio sanitario nazionale da utilizzare nelle attivit\u00e0 di contrasto alla diffusione del COVID-19, qualora sia finanziata in via esclusiva tramite donazioni di persone fisiche o giuridiche private, avviene mediante affidamento diretto, senza previa consultazione di due o pi\u00f9 operatori economici, per importi non superiori alle soglie gi\u00e0 previste, a condizione che l\u2019affidamento sia conforme al motivo delle liberalit\u00e0;<\/li>\n<li>la disciplina relativa alla nomina con apposito decreto del Presidente del Consiglio dei Ministri del Commissario straordinario per l\u2019attuazione e il coordinamento delle misure occorrenti per il contenimento e il contrasto dell\u2019emergenza epidemiologica COVID-19.<\/li>\n<\/ul>\n<h4>2. Sostegno ai lavoratori e alle aziende, con l\u2019obiettivo che nessuno perda il posto di lavoro a causa dell\u2019emergenza<\/h4>\n<ul>\n<li>la <strong>cassa integrazione in deroga<\/strong> viene estesa all\u2019intero territorio nazionale, a tutti i dipendenti, di tutti i settori produttivi. I datori di lavoro, comprese le aziende con meno di 5 dipendenti, che sospendono o riducono l\u2019attivit\u00e0 a seguito dell\u2019emergenza epidemiologica, possono ricorrere alla cassa integrazione guadagni in deroga con la nuova causale \u201cCOVID-19\u201d per la durata massima di 9 settimane. Tale possibilit\u00e0 viene estesa anche alle imprese che gi\u00e0 beneficiano della cassa integrazione straordinaria;<\/li>\n<li>la possibilit\u00e0 di accesso all\u2019assegno ordinario con causale \u201cemergenza COVID-19\u201d \u00e8 esteso anche ai lavoratori dipendenti presso datori di lavoro iscritti al Fondo di integrazione salariale (FIS) che occupano mediamente pi\u00f9 di 5 dipendenti;<\/li>\n<li>\u00e8 riconosciuto un indennizzo di 600 euro, su base mensile, non tassabile, per i lavoratori autonomi e le partite IVA. L\u2019indennizzo va ad una platea di quasi 5 milioni di persone: professionisti non iscritti agli ordini, co.co.co. in gestione separata, artigiani, commercianti, coltivatori diretti, coloni e mezzadri, stagionali dei settori del turismo e degli stabilimenti termali, lavoratori del settore spettacolo, lavoratori agricoli;<\/li>\n<li>\u00e8 istituito un<strong> Fondo per il reddito di ultima istanza<\/strong> con una dotazione di 300 milioni di euro come fondo residuale per coprire tutti gli esclusi dall\u2019indennizzo di 600 euro, compresi i professionisti iscritti agli ordini;<\/li>\n<li>misure di <strong>sostegno per i magistrati onorari in servizio<\/strong>: riconoscimento di un contributo economico mensile pari a 600 euro per un massimo di tre mesi e parametrato al periodo effettivo di sospensione dell\u2019attivit\u00e0. Il contributo non spetta ai magistrati onorari dipendenti pubblici o privati, anche se in quiescenza, e non \u00e8 cumulabile con altri contributi o indennit\u00e0 comunque denominati erogati a norma del decreto;<\/li>\n<li>si prevede l\u2019equiparazione alla malattia del periodo trascorso in quarantena o in permanenza domiciliare fiduciaria con sorveglianza attiva per Covid-19, per il settore privato (per il settore pubblico l\u2019equiparazione era gi\u00e0 stata inserita nel DL del 9 marzo 2020);<\/li>\n<li>a sostegno dei genitori lavoratori, a seguito della sospensione del servizio scolastico, \u00e8 prevista la possibilit\u00e0 di usufruire, per i figli di et\u00e0 non superiore ai 12 anni o con disabilit\u00e0 in situazione di gravit\u00e0 accertata, del congedo parentale per 15 giorni aggiuntivi al 50% del trattamento retributivo. In alternativa, \u00e8 prevista l\u2019assegnazione di un bonus per l\u2019acquisto di servizi di baby-sitting nel limite di 600 euro, aumentato a 1.000 euro per il personale del Servizio sanitario nazionale e le Forze dell\u2019ordine;<\/li>\n<li>il numero di giorni di permesso mensile retribuito coperto da contribuzione figurativa di cui all\u2019articolo 33, comma 3, della legge 5 febbraio 1992, n. 104, in caso di handicap grave \u00e8 incrementato di ulteriori complessive dodici giornate;<\/li>\n<li>misure per il trasporto aereo, come il riconoscimento di compensazioni per i danni subiti dalle imprese titolari di licenza di trasporto di passeggeri che esercitano oneri di servizio pubblico, l\u2019incremento del fondo speciale per il sostegno del reddito e dell\u2019occupazione e per la riconversione e riqualificazione del personale del settore, nonch\u00e9 la previsione della costituzione di una nuova societ\u00e0 interamente controllata dal Ministero dell\u2019economia e delle finanze, ovvero controllata da una societ\u00e0 a prevalente partecipazione pubblica anche indiretta, in considerazione della situazione determinata dall\u2019emergenza sulle attivit\u00e0 di Alitalia &#8211; Societ\u00e0 Aerea Italiana S.p.a. e di Alitalia Cityliner S.p.a. entrambe in amministrazione straordinaria;<\/li>\n<li>l\u2019incremento della dotazione dei contratti di sviluppo, per il rafforzamento della struttura produttiva del Paese;<\/li>\n<li>misure in favore del settore agricolo e della pesca, come la possibilit\u00e0 di aumentare dal 50 al 70% la percentuale degli anticipi spettanti alle imprese che hanno diritto di accedere ai contributi PAC e la costituzione di un fondo presso il Ministero delle politiche agricole alimentari e forestali, per assicurare la continuit\u00e0 aziendale delle imprese agricole, della pesca e dell\u2019acquacoltura, per la copertura degli interessi passivi su finanziamenti bancari e dei costi sostenuti per interessi maturati sui mutui, nonch\u00e9 per l\u2019arresto temporaneo dell\u2019attivit\u00e0 di pesca.<\/li>\n<\/ul>\n<h4>3. Sostegno alla liquidit\u00e0 delle famiglie e delle imprese<\/h4>\n<p>Per evitare a imprese e nuclei familiari la carenza di liquidit\u00e0 sono stati previsti numerosi interventi, anche attraverso la collaborazione con il sistema bancario. Di seguito i principali.<\/p>\n<ul>\n<li>Una moratoria dei finanziamenti a micro, piccole e medie imprese (che riguarda mutui, leasing, aperture di credito e finanziamenti a breve in scadenza);<\/li>\n<li>potenziamento del fondo centrale di garanzia per le piccole e medie imprese, anche per la rinegoziazione dei prestiti esistenti. Le modifiche riguardano nel dettaglio:\n<ul>\n<li>la gratuit\u00e0 della garanzia del fondo, con la sospensione dell\u2019obbligo di versamento delle previste commissioni per l\u2019accesso al fondo stesso;<\/li>\n<li>l\u2019ammissibilit\u00e0 alla garanzia di operazioni di rinegoziazione del debito, per consentire di venire incontro a prevedibili, immediate esigenze di liquidit\u00e0 di imprese ritenute affidabili dal sistema bancario;<\/li>\n<li>l\u2019allungamento automatico della garanzia nell\u2019ipotesi di moratoria o sospensione del finanziamento correlata all\u2019emergenza coronavirus;<\/li>\n<li>la previsione, per le operazioni di importo fino a 100.000 euro, di procedure di valutazione per l\u2019accesso al fondo ristrette ai soli profili economico-finanziari al fine di ammettere alla garanzia anche imprese che registrano tensioni col sistema finanziario in ragione della crisi connessa all\u2019epidemia;<\/li>\n<li>eliminazione della commissione di mancato perfezionamento per tutte le operazioni non perfezionate;<\/li>\n<li>la possibilit\u00e0 di cumulare la garanzia del fondo con altre forme di garanzia acquisite per operazioni di importo e durata rilevanti nel settore turistico alberghiero e delle attivit\u00e0 immobiliari;<\/li>\n<li>la possibilit\u00e0 di accrescere lo spessore della tranche junior garantita dal Fondo a fronte di portafogli destinati ad imprese\/settori\/filiere maggiormente danneggiati dall\u2019epidemia;<\/li>\n<li>la possibilit\u00e0 di istituire sezioni speciali del fondo per sostenere l\u2019accesso al credito di determinati settori economici o filiere di imprese, su iniziativa delle Amministrazioni di settore anche unitamente alle associazioni ed enti di riferimento<\/li>\n<li>la sospensione dei termini operativi del fondo;<\/li>\n<li>estensione del limite per la concessione della garanzia da 2,5 milioni a 5 milioni di finanziamento;<\/li>\n<li>estensione a soggetti privati della facolt\u00e0 di contribuire a incrementare la dotazione del fondo p.m.i. (oggi riconosciuta a banche, Regioni e altri enti e organismi pubblici, con l\u2019intervento di Cassa depositi e prestiti e di Sace);<\/li>\n<li>facilitazione per l\u2019erogazione di garanzie per finanziamenti a lavoratori autonomi, liberi professionisti e imprenditori individuali;<\/li>\n<li>estensione dell\u2019impiego delle risorse del Fondo;<\/li>\n<\/ul>\n<\/li>\n<li>rafforzamento dei Confidi per le microimprese, attraverso misure di semplificazione;<\/li>\n<li>estensione ai lavoratori autonomi e semplificazione dell\u2019utilizzo del fondo per mutui prima casa;<\/li>\n<li>misure per l\u2019incremento dell\u2019indennit\u00e0 dei collaboratori sportivi;<\/li>\n<li>la costituzione presso il Ministero degli affari esteri e della cooperazione internazionale di un Fondo per la promozione integrata, finalizzato a sostenere l\u2019internazionalizzazione del sistema Paese;<\/li>\n<li>immediata entrata in vigore del \u201cvolatility adjustment\u201d per le assicurazioni;<\/li>\n<li>possibilit\u00e0 di corrispondere agli azionisti e agli obbligazionisti danneggiati dalle banche un anticipo pari al 40 per cento dell\u2019importo dell\u2019indennizzo spettante a valere sul Fondo indennizzo risparmiatori (FIR);<\/li>\n<li>introduzione di un meccanismo di controgaranzia per le banche, da parte di Cassa depositi e prestiti, con cui consentire l\u2019espansione del credito anche alle imprese medio-grandi impattate dalla crisi. L\u2019obiettivo \u00e8 di liberare cos\u00ec circa 10 miliardi di ulteriori investimenti;<\/li>\n<li>incentivo alla cessione dei crediti deteriorati (NPL) mediante conversione delle attivit\u00e0 fiscali differite (DTA) in crediti di imposta per imprese finanziarie ed industriali;<\/li>\n<li>norme sul rimborso dei contratti di soggiorno e sulla risoluzione dei contratti di acquisto di biglietti per spettacoli, musei e altri luoghi della cultura, con la previsione del diritto al rimborso per le prestazioni non fruite sotto forma di voucher di pari importo al titolo di acquisto, da utilizzare entro un anno dall\u2019emissione;<\/li>\n<li>l\u2019istituzione di un fondo emergenze spettacolo, cinema e audiovisivo e ulteriori disposizioni urgenti per sostenere il settore della cultura;<\/li>\n<li>l\u2019aumento delle anticipazioni del Fondo sviluppo e coesione 2014-2020 nell\u2019ambito dei Piani Operativi delle Amministrazioni Centrali e dei Patti per lo sviluppo, con la possibilit\u00e0 di richiedere il venti per cento delle risorse assegnate ai singoli interventi, qualora questi ultimi siano dotati di progetto esecutivo approvato o definitivo approvato in caso di affidamento congiunto della progettazione ed esecuzione dei lavori.<\/li>\n<\/ul>\n<h4>4.\u00a0Misure in campo fiscale, allo scopo di evitare che obbligazioni e adempimenti aggravino i problemi di liquidit\u00e0<\/h4>\n<ul>\n<li><strong>Sospensione, senza limiti di fatturato, per i settori pi\u00f9 colpiti, dei versamenti delle ritenute, dei contributi previdenziali e assistenziali e dei premi per l\u2019assicurazione obbligatoria<\/strong> per i mesi di marzo e aprile, insieme al versamento Iva di marzo. I settori interessati sono: turistico-alberghiero, termale, trasporti passeggeri, ristorazione e bar, cultura (cinema, teatri), sport, istruzione, parchi divertimento, eventi (fiere\/convegni), sale giochi e centri scommesse;<\/li>\n<li><strong>sospensione dei termini degli adempimenti e dei versamenti fiscali e contributivi per contribuenti con fatturato fino a 2 milioni di euro<\/strong> (versamenti IVA, ritenute e contributi di marzo);<\/li>\n<li><strong>differimento scadenze<\/strong> \u2013 per gli operatori economici ai quali non si applica la sospensione, il termine per i versamenti dovuti nei confronti delle pubbliche amministrazioni, inclusi quelli relativi ai contributi previdenziali ed assistenziali ed ai premi per l\u2019assicurazione obbligatoria, dal 16 marzo viene posticipato al 20 marzo;<\/li>\n<li><strong>disapplicazione della ritenuta d\u2019acconto per professionisti<\/strong> senza dipendenti, con ricavi o compensi non superiori a euro 400.000 nel periodo di imposta precedente, sulle fatture di marzo e aprile;<\/li>\n<li><strong>sospensione sino al 31 maggio 2020 dei termini<\/strong> relativi alle attivit\u00e0 di liquidazione, di controllo, di accertamento, di riscossione e di contenzioso, da parte degli uffici dell\u2019 Agenzia delle entrate;<\/li>\n<li><strong>sospensione dei termini <\/strong>per la riscossione di cartelle esattoriali, per saldo e stralcio e per rottamazione-ter, <strong>sospensione <\/strong>dell\u2019invio nuove cartelle e sospensione degli atti esecutivi;<\/li>\n<li><strong>premi ai lavoratori:<\/strong> ai lavoratori con reddito annuo lordo fino a 40.000 euro che nel mese di marzo svolgono la propria prestazione sul luogo di lavoro (non in smart working) viene riconosciuto un premio di 100 euro, non tassabile (in proporzione ai giorni lavorati);<\/li>\n<li>l\u2019introduzione di <strong>incentivi e contributi per la sanificazione e sicurezza sul lavoro<\/strong>: per le imprese vengono introdotti incentivi per gli interventi di sanificazione e di aumento della sicurezza sul lavoro, attraverso la concessione di un credito d\u2019 imposta, nonch\u00e9 contributi attraverso la costituzione di un fondo INAIL; analoghi contributi sono previsti anche per gli enti locali attraverso uno specifico fondo;<\/li>\n<li><strong>donazioni COVID-19 <\/strong>\u2013 la deducibilit\u00e0 delle donazioni effettuate dalle imprese ai sensi dell\u2019articolo 27 L. 133\/99 viene estesa; inoltra viene introdotta una detrazione per le donazioni delle persone fisiche fino a un beneficio massimo di 30.000 euro;<\/li>\n<li><strong>affitti commerciali<\/strong> \u2013 a negozi e botteghe viene riconosciuto un credito d\u2019imposta pari al 60% del canone di locazione del mese di marzo;<\/li>\n<li>disposizioni in materia di trasporto stradale e trasporto di pubblico di persone, per contrastare gli effetti derivanti dalla diffusione del Covid-19 sugli operatori di servizio di trasporto pubblico regionale e locale e sui gestori di servizi di trasporto scolastico, nonch\u00e9 di trasporto navale, come l\u2019esenzione temporanea dal pagamento della tassa di ancoraggio delle operazioni commerciali effettuate nell\u2019ambito di porti, rade o spiagge dello Stato e la sospensione dei canoni per le operazioni portuali fino al 31 luglio 2020;<\/li>\n<li>disposizioni di sostegno agli autoservizi pubblici non di linea, con un contributo in favore dei soggetti che dotano i veicoli di paratie divisorie atte a separare il posto guida dai sedili riservati alla clientela;<\/li>\n<li>la sospensione fino al 31 maggio 2020 dei versamenti dei canoni di locazione e concessori relativi all\u2019affidamento di impianti sportivi pubblici dello Stato e degli enti territoriali per le associazioni e societ\u00e0 sportive, professionistiche e dilettantistiche, che operano sull\u2019intero territorio nazionale;<\/li>\n<li>misure straordinarie urgenti a sostegno della filiera della stampa.<\/li>\n<\/ul>\n<p>Inoltre, il decreto introduce ulteriori misure, tra le quali:<\/p>\n<ul>\n<li>nuove misure per contenere gli effetti dell\u2019emergenza in materia di giustizia civile, penale, amministrativa, tributaria, contabile e militare, quali, tra l\u2019altro, il rinvio d\u2019ufficio a data successiva al 15 aprile 2020 delle udienze calendarizzate dal 9 marzo al 15 aprile 2020 per i procedimenti civili e penali pendenti presso tutti gli uffici giudiziari e la sospensione, nello stesso periodo, del decorso dei termini per il compimento di qualsiasi atto dei procedimenti civili, penali e amministrativi, salvo specifiche eccezioni;<\/li>\n<li>misure per il ripristino della funzionalit\u00e0 degli Istituti penitenziari e per la prevenzione della diffusione del COVID-19 nelle carceri;<\/li>\n<li>misure straordinarie in materia di lavoro agile e di esenzione dal servizio e di procedure concorsuali, con la previsione che, fino alla data di cessazione dello stato di emergenza epidemiologica, il lavoro agile \u00e8 la modalit\u00e0 ordinaria di svolgimento della prestazione lavorativa nelle pubbliche amministrazioni e che lo svolgimento delle procedure concorsuali per l\u2019accesso al pubblico impiego, ad esclusione dei casi in cui la valutazione dei candidati sia effettuata esclusivamente su basi curriculari ovvero in modalit\u00e0 telematica, sono sospese per sessanta giorni a decorrere dall\u2019entrata in vigore del presente decreto. Resta ferma la conclusione delle procedure per le quali risulti gi\u00e0 ultimata la valutazione dei candidati, nonch\u00e9 la possibilit\u00e0 di svolgimento dei procedimenti per il conferimento di incarichi, anche dirigenziali, nelle pubbliche amministrazioni di cui al comma 1, che si istaurano e si svolgono in via telematica e che si possono concludere anche utilizzando le modalit\u00e0 lavorative di cui ai commi che precedono;<\/li>\n<li>disposizioni per l\u2019utilizzo in deroga della quota libera dell\u2019avanzo di amministrazione delle regioni e delle province autonome di Trento e di Bolzano, limitatamente all\u2019esercizio finanziario 2020 e per la sospensione della quota capitale dei mutui delle regioni a statuto ordinario e degli enti locali;<\/li>\n<li>misure per assicurare il recupero delle eccedenze alimentari e favorirne la distribuzione gratuita agli indigenti;<\/li>\n<li>la possibilit\u00e0, fino alla fine dello stato d\u2019emergenza, \u00a0per i consigli dei comuni, delle province e delle citt\u00e0 metropolitane e le giunte comunali, per gli organi collegiali degli enti pubblici nazionali e per le associazioni private anche non riconosciute e le fondazioni di riunirsi in videoconferenza;<\/li>\n<li>la proroga al 31 agosto 2020 della validit\u00e0 dei documenti di riconoscimento scaduti o in scadenza successivamente alla data di entrata in vigore del decreto;<\/li>\n<li>misure per lo svolgimento del servizio postale, con la previsione che, fino al 31 maggio 2020, a tutela dei lavoratori del servizio postale e dei destinatari degli invii postali, per lo svolgimento del servizio postale relativo agli invii raccomandati, agli invii assicurati, alla distribuzione dei pacchi, la firma \u00e8 apposta dall\u2019operatore postale sui documenti di consegna in cui \u00e8 attestata anche la modalit\u00e0 di recapito e ulteriori disposizioni per lo svolgimento dei servizi di notificazione a mezzo posta:<\/li>\n<li>norme in materia di svolgimento delle assemblee di societ\u00e0 e per il differimento del termine di adozione dei rendiconti annuali 2019 e dei bilanci di previsione 2020-2022;<\/li>\n<li>il rinvio al 30 giugno di scadenze adempimenti relativi a comunicazioni sui rifiuti;<\/li>\n<li>misure per la continuit\u00e0 dell\u2019attivit\u00e0 formativa e a sostegno delle universit\u00e0 delle istituzioni di alta formazione artistica musicale e coreutica e degli enti di ricerca, con l\u2019istituzione di un fondo per le esigenze emergenziali e la proroga dell\u2019ultima sessione delle prove finali per il conseguimento del titolo di studio relative all\u2019anno accademico 2018\/2019, e dei termini di ogni adempimento connesso, al 15 giugno 2020;<\/li>\n<li>contributi per le piattaforme per la didattica a distanza;<\/li>\n<li>misure per favorire la continuit\u00e0 occupazionale per i docenti supplenti brevi e saltuari;<\/li>\n<li>la proroga del mandato dei componenti dell&#8217;Autorit\u00e0 per le garanzie nelle comunicazioni e del Garante per la protezione dei dati personali fino a non oltre i 60 giorni successivi alla data di cessazione dello stato di emergenza;<\/li>\n<li>la proroga di sei mesi del termine per l\u2019indizione del referendum confermativo della legge costituzionale sulla riduzione del numero dei parlamentari.<\/li>\n<\/ul>\n<p>*****<\/p>\n<h2>PROROGA DEI TERMINI PER L\u2019ADOZIONE DI DECRETI LEGISLATIVI<\/h2>\n<h3>Disegno di legge<\/h3>\n<p>Il Consiglio dei Ministri, su proposta del Presidente del Consiglio, ha approvato un disegno di legge che dispone la proroga dei termini per l\u2019adozione di decreti legislativi.<\/p>\n<p>In considerazione dello stato di emergenza per il rischio sanitario connesso alla diffusione del virus COVID-19, il disegno di legge proroga di tre mesi i termini con scadenza tra il 1\u00b0 febbraio e il 31 agosto 2020.<\/p>\n<p>*****<\/p>\n<h2>DELIBERAZIONI DI PROTEZIONE CIVILE<\/h2>\n<p>Il Consiglio dei Ministri, su proposta del Presidente Giuseppe Conte, ha deliberato la dichiarazione dello stato di emergenza in conseguenza degli eventi meteorologici che si sono verificati nel periodo dal 30 ottobre al 30 novembre 2019 nel territorio della Regione Lazio e il conseguente stanziamento di un milione di euro, a valere sul Fondo per le emergenze nazionali, per far fronte alle prime necessit\u00e0.<\/p>\n<p>*****<\/p>\n<h2>DELIBERAZIONI A NORMA DEL TESTO UNICO DEGLI ENTI LOCALI<\/h2>\n<p>Il Consiglio dei Ministri, su proposta del Ministro dell\u2019interno Luciana Lamorgese, a seguito di accertati condizionamenti da parte delle locali organizzazioni criminali, a norma dell\u2019articolo 143 del Testo unico delle leggi sull\u2019ordinamento degli enti locali (decreto legislativo 18 agosto 2000, n. 267), ha deliberato lo scioglimento per diciotto mesi del Consiglio comunale di Sant\u2019Antimo (Napoli) e il contestuale affidamento dell\u2019amministrazione dell\u2019ente a una Commissione di gestione straordinaria.<\/p>\n<p>*****<\/p>\n<h2>CONTRATTI COLLETTIVI DI LAVORO<\/h2>\n<p>Il Consiglio dei Ministri ha deliberato di autorizzare il Ministro per la pubblica amministrazione, Fabiana Dadone, ad esprimere il parere favorevole del Governo sull\u2019ipotesi di sequenza contrattuale ad integrazione del contratto collettivo nazionale di lavoro del comparto funzioni centrali per il triennio 2016-2018, stipulata il 27 novembre 2019, finalizzata a definire una specifica disciplina per l\u2019adeguamento retributivo per il personale italiano assunto con contratto a tempo indeterminato dal Ministero degli affari esteri e della cooperazione internazionale nelle sedi diplomatiche e negli Istituti italiani di cultura all\u2019estero.<\/p>\n<p>*****<\/p>\n<h2>CONFLITTI DI ATTRIBUZIONE<\/h2>\n<p>Il Consiglio dei Ministri, su proposta del Ministro per gli affari regionali e le autonomie Francesco Boccia, ha deliberato la costituzione in giudizio dello Stato nel conflitto di attribuzione promosso dalla regione Veneto avverso il decreto del Ministero per i beni e le attivit\u00e0 culturali e per il turismo 5 dicembre 2019, n. 1676, recante la \u201cDichiarazione di notevole interesse pubblico dell\u2019area alpina compresa tra il Comelico e la Val d\u2019Ansiei, comuni di Auronzo di Cadore, Danta di Cadore, Santo Stefano di Cadore, San Pietro di Cadore, San Nicol\u00f2 di Comelico e Comelico Superiore\u201d (BL),.<\/p>\n<p>*****<\/p>\n<h2>NOMINE<\/h2>\n<p>Il Consiglio dei Ministri ha deliberato:<\/p>\n<ul>\n<li>su proposta del Ministro della difesa Lorenzo Guerini, la nomina a Vice Comandante generale dell\u2019Arma dei carabinieri del generale di corpo d\u2019armata Gaetano Angelo Antonio MARUCCIA;<\/li>\n<li>su proposta del Ministro dell\u2019economia e delle finanze Roberto Gualtieri, la promozione al grado di generale di Corpo d\u2019armata del Generale di divisione del ruolo normale \u2013 Comparto ordinario della Guardia di finanza Piero BURLA.<\/li>\n<\/ul>\n<p>*****<\/p>\n<h2>LEGGI REGIONALI<\/h2>\n<p>Il Consiglio dei Ministri, su proposta del Ministro per gli affari regionali e le autonomie Francesco Boccia, ha esaminato undici leggi delle Regioni e delle Province autonome e ha quindi deliberato:<\/p>\n<ul>\n<li>di <strong>impugnare <\/strong>la legge della Regione Abruzzo n. 3 del 28 gennaio 2020, recante \u201cDisposizioni finanziarie per la redazione del bilancio di previsione finanziario 2020-2022 della Regione Abruzzo (legge di stabilit\u00e0 regionale 2020)\u201d, in quanto una norma in materia urbanistica si pone in contrasto con la disciplina statale in materia di tutela dei beni culturali e paesaggistici e viola l\u2019articolo 117, secondo comma, lettera s), della Costituzione, nonch\u00e9 i principi di ragionevolezza e buon andamento, di cui agli articoli 3 e 97 della Costituzione; un\u2019altra norma riguardante i finanziamenti pubblici per le associazioni di promozione sociale lede i principi costituzionali di uguaglianza sostanziale di cui all\u2019articolo 3 della Costituzione e di autonomia delle formazioni sociali e sussidiariet\u00e0 degli enti del terzo settore, di cui all\u2019articolo 2 e 118, ultimo comma, della Costituzione; un\u2019altra norma ancora in materia di benefici abitativi lede i principi di uguaglianza e di ragionevolezza espressi dall\u2019articolo 3 della Costituzione; altre norme di carattere finanziario violano, infine, l\u2019articolo 81, terzo comma, della Costituzione e l\u2019articolo 117, secondo comma, lettera e), della Costituzione, riguardante la potest\u00e0 legislativa esclusiva dello Stato in materia di armonizzazione dei bilanci pubblici;<\/li>\n<li>di <strong>non impugnare<\/strong>\n<ol>\n<li>la legge la legge della Regione Sicilia n. 1 del 24\/01\/2020, recante \u201cAutorizzazione all\u2019esercizio provvisorio del bilancio della Regione per l\u2019esercizio finanziario 2020\u201d;<\/li>\n<li>la legge della Regione Veneto n. 1 del 24\/01\/2020, recante \u201cDisposizioni di adeguamento ordinamentale 2019 in materia di politiche sanitarie e di politiche sociali\u201d;<\/li>\n<li>la legge della Regione Veneto n. 2 del 24\/01\/2020, recante \u201cDisposizioni in materia di enti locali\u201d;<\/li>\n<li>la legge della Regione Abruzzo n. 2 del 21\/01\/2020, recante \u201cRiconoscimento della legittimit\u00e0 del debito fuori bilancio ai sensi dell\u2019articolo 73 del decreto legislativo 23 giugno 2011, n. 118 (Disposizioni in materia di armonizzazione dei sistemi contabili e degli schemi di bilancio delle Regioni, degli enti locali e dei loro organismi, a norma degli articoli 1 e 2 della legge 5 maggio 2009, n. 42) Sentenza Corte d\u2019Appello di L\u2019Aquila n. 906\/2019\u201d;<\/li>\n<li>la legge della Regione Basilicata n. 3 del 28\/01\/2020, recante \u201cAutorizzazione all\u2019esercizio provvisorio del bilancio della Regione Basilicata e degli Organismi e degli Enti strumentali della Regione Basilicata per l\u2019esercizio finanziario 2020\u201d;<\/li>\n<li>la legge della Regione Marche n. 1 del 20\/01\/2020, recante \u201cModifica alla legge regionale 1 dicembre 1997, n. 71 \u201cNorme per la disciplina delle attivit\u00e0 estrattive\u201d;<\/li>\n<li>la legge della Regione Abruzzo n. 4 del 28\/01\/2020, recante \u201cBilancio di previsione finanziario 2020 \u2013 2022\u201d;<\/li>\n<li>la legge della Regione Lombardia n. 1 del 31\/01\/2020, recante \u201cMutamento delle circoscrizioni comunali dei comuni di Somaglia e Casalpusterlengo, in provincia di Lodi\u201d;<\/li>\n<li>la legge della Regione Veneto n. 3 del 30\/01\/2020, recante \u201cModifiche alla legge regionale 24 dicembre 1992, n. 25 \u201cNorme in materia di variazioni provinciali e comunali\u201d e disposizioni correlate di modifica della legge regionale 27 aprile 2012, n. 18 \u201cDisciplina dell\u2019esercizio associato di funzioni e servizi comunali\u201d\u201d;<\/li>\n<li>la legge della Regione Veneto n. 4 del 30\/01\/2020, recante \u201cDisposizioni per il riconoscimento, la valorizzazione e la promozione dei cammini veneti\u201d.<\/li>\n<\/ol>\n<\/li>\n<\/ul>\n","protected":false},"excerpt":{"rendered":"<p>Il Consiglio dei Ministri, su proposta del Presidente Giuseppe Conte, del Ministro dell\u2019economia e delle finanze, Roberto Gualtieri, del Ministro dello sviluppo economico, Stefano Patuanelli, del Ministro del lavoro e delle politiche sociali, Nunzia Catalfo e del Ministro della salute, Roberto Speranza, ha approvato un decreto-legge che introduce misure di potenziamento del servizio sanitario nazionale [&hellip;]<\/p>\n","protected":false},"author":1,"featured_media":1079,"comment_status":"closed","ping_status":"open","sticky":false,"template":"","format":"standard","meta":{"footnotes":""},"categories":[56],"tags":[877,956,192],"yoast_head":"<!-- This site is optimized with the Yoast SEO plugin v22.2 - https:\/\/yoast.com\/wordpress\/plugins\/seo\/ -->\n<title>Coronavirus, ecco cosa prevede il decreto Cura Italia -<\/title>\n<meta name=\"robots\" content=\"index, follow, max-snippet:-1, max-image-preview:large, max-video-preview:-1\" \/>\n<link rel=\"canonical\" href=\"https:\/\/www.italiaeconomiaonline.it\/web\/coronavirus-ecco-cosa-prevede-il-decreto-cura-italiaecco-cosa-prevede-il-decreto-cura-italia\/\" \/>\n<meta property=\"og:locale\" content=\"it_IT\" \/>\n<meta property=\"og:type\" content=\"article\" \/>\n<meta property=\"og:title\" content=\"Coronavirus, ecco cosa prevede il decreto Cura Italia -\" \/>\n<meta property=\"og:description\" content=\"Il Consiglio dei Ministri, su proposta del Presidente Giuseppe Conte, del Ministro dell\u2019economia e delle finanze, Roberto Gualtieri, del Ministro dello sviluppo economico, Stefano Patuanelli, del Ministro del lavoro e delle politiche sociali, Nunzia Catalfo e del Ministro della salute, Roberto Speranza, ha approvato un decreto-legge che introduce misure di potenziamento del servizio sanitario nazionale [&hellip;]\" \/>\n<meta property=\"og:url\" content=\"https:\/\/www.italiaeconomiaonline.it\/web\/coronavirus-ecco-cosa-prevede-il-decreto-cura-italiaecco-cosa-prevede-il-decreto-cura-italia\/\" \/>\n<meta property=\"og:site_name\" content=\"ItaliaEconomiaOnline\" \/>\n<meta property=\"article:published_time\" content=\"2020-03-17T07:27:20+00:00\" \/>\n<meta property=\"article:modified_time\" content=\"2020-03-17T07:28:52+00:00\" \/>\n<meta property=\"og:image\" content=\"https:\/\/www.italiaeconomiaonline.it\/web\/wp-content\/uploads\/2019\/06\/conte.jpg\" \/>\n\t<meta property=\"og:image:width\" content=\"1280\" \/>\n\t<meta property=\"og:image:height\" content=\"853\" \/>\n\t<meta property=\"og:image:type\" content=\"image\/jpeg\" \/>\n<meta name=\"author\" content=\"ladyitaliaeconomia\" \/>\n<meta name=\"twitter:card\" content=\"summary_large_image\" \/>\n<meta name=\"twitter:label1\" content=\"Scritto da\" \/>\n\t<meta name=\"twitter:data1\" content=\"ladyitaliaeconomia\" \/>\n\t<meta name=\"twitter:label2\" content=\"Tempo di lettura stimato\" \/>\n\t<meta name=\"twitter:data2\" content=\"22 minuti\" \/>\n<script type=\"application\/ld+json\" class=\"yoast-schema-graph\">{\"@context\":\"https:\/\/schema.org\",\"@graph\":[{\"@type\":\"WebPage\",\"@id\":\"https:\/\/www.italiaeconomiaonline.it\/web\/coronavirus-ecco-cosa-prevede-il-decreto-cura-italiaecco-cosa-prevede-il-decreto-cura-italia\/\",\"url\":\"https:\/\/www.italiaeconomiaonline.it\/web\/coronavirus-ecco-cosa-prevede-il-decreto-cura-italiaecco-cosa-prevede-il-decreto-cura-italia\/\",\"name\":\"Coronavirus, ecco cosa prevede il decreto Cura Italia -\",\"isPartOf\":{\"@id\":\"https:\/\/www.italiaeconomiaonline.it\/web\/#website\"},\"primaryImageOfPage\":{\"@id\":\"https:\/\/www.italiaeconomiaonline.it\/web\/coronavirus-ecco-cosa-prevede-il-decreto-cura-italiaecco-cosa-prevede-il-decreto-cura-italia\/#primaryimage\"},\"image\":{\"@id\":\"https:\/\/www.italiaeconomiaonline.it\/web\/coronavirus-ecco-cosa-prevede-il-decreto-cura-italiaecco-cosa-prevede-il-decreto-cura-italia\/#primaryimage\"},\"thumbnailUrl\":\"https:\/\/www.italiaeconomiaonline.it\/web\/wp-content\/uploads\/2019\/06\/conte.jpg\",\"datePublished\":\"2020-03-17T07:27:20+00:00\",\"dateModified\":\"2020-03-17T07:28:52+00:00\",\"author\":{\"@id\":\"https:\/\/www.italiaeconomiaonline.it\/web\/#\/schema\/person\/909a49cce752523b020fbc37d5ab1c31\"},\"breadcrumb\":{\"@id\":\"https:\/\/www.italiaeconomiaonline.it\/web\/coronavirus-ecco-cosa-prevede-il-decreto-cura-italiaecco-cosa-prevede-il-decreto-cura-italia\/#breadcrumb\"},\"inLanguage\":\"it-IT\",\"potentialAction\":[{\"@type\":\"ReadAction\",\"target\":[\"https:\/\/www.italiaeconomiaonline.it\/web\/coronavirus-ecco-cosa-prevede-il-decreto-cura-italiaecco-cosa-prevede-il-decreto-cura-italia\/\"]}]},{\"@type\":\"ImageObject\",\"inLanguage\":\"it-IT\",\"@id\":\"https:\/\/www.italiaeconomiaonline.it\/web\/coronavirus-ecco-cosa-prevede-il-decreto-cura-italiaecco-cosa-prevede-il-decreto-cura-italia\/#primaryimage\",\"url\":\"https:\/\/www.italiaeconomiaonline.it\/web\/wp-content\/uploads\/2019\/06\/conte.jpg\",\"contentUrl\":\"https:\/\/www.italiaeconomiaonline.it\/web\/wp-content\/uploads\/2019\/06\/conte.jpg\",\"width\":1280,\"height\":853},{\"@type\":\"BreadcrumbList\",\"@id\":\"https:\/\/www.italiaeconomiaonline.it\/web\/coronavirus-ecco-cosa-prevede-il-decreto-cura-italiaecco-cosa-prevede-il-decreto-cura-italia\/#breadcrumb\",\"itemListElement\":[{\"@type\":\"ListItem\",\"position\":1,\"name\":\"Home\",\"item\":\"https:\/\/www.italiaeconomiaonline.it\/web\/\"},{\"@type\":\"ListItem\",\"position\":2,\"name\":\"Coronavirus, ecco cosa prevede il decreto Cura Italia\"}]},{\"@type\":\"WebSite\",\"@id\":\"https:\/\/www.italiaeconomiaonline.it\/web\/#website\",\"url\":\"https:\/\/www.italiaeconomiaonline.it\/web\/\",\"name\":\"ItaliaEconomiaOnline\",\"description\":\"Quotidiano Economico Online\",\"potentialAction\":[{\"@type\":\"SearchAction\",\"target\":{\"@type\":\"EntryPoint\",\"urlTemplate\":\"https:\/\/www.italiaeconomiaonline.it\/web\/?s={search_term_string}\"},\"query-input\":\"required name=search_term_string\"}],\"inLanguage\":\"it-IT\"},{\"@type\":\"Person\",\"@id\":\"https:\/\/www.italiaeconomiaonline.it\/web\/#\/schema\/person\/909a49cce752523b020fbc37d5ab1c31\",\"name\":\"ladyitaliaeconomia\",\"image\":{\"@type\":\"ImageObject\",\"inLanguage\":\"it-IT\",\"@id\":\"https:\/\/www.italiaeconomiaonline.it\/web\/#\/schema\/person\/image\/\",\"url\":\"https:\/\/secure.gravatar.com\/avatar\/cedca10ce7416a579b9fa6bce9c0a8f2?s=96&d=mm&r=g\",\"contentUrl\":\"https:\/\/secure.gravatar.com\/avatar\/cedca10ce7416a579b9fa6bce9c0a8f2?s=96&d=mm&r=g\",\"caption\":\"ladyitaliaeconomia\"},\"url\":\"https:\/\/www.italiaeconomiaonline.it\/web\/author\/ladyitaliaeconomia\/\"}]}<\/script>\n<!-- \/ Yoast SEO plugin. -->","yoast_head_json":{"title":"Coronavirus, ecco cosa prevede il decreto Cura Italia -","robots":{"index":"index","follow":"follow","max-snippet":"max-snippet:-1","max-image-preview":"max-image-preview:large","max-video-preview":"max-video-preview:-1"},"canonical":"https:\/\/www.italiaeconomiaonline.it\/web\/coronavirus-ecco-cosa-prevede-il-decreto-cura-italiaecco-cosa-prevede-il-decreto-cura-italia\/","og_locale":"it_IT","og_type":"article","og_title":"Coronavirus, ecco cosa prevede il decreto Cura Italia -","og_description":"Il Consiglio dei Ministri, su proposta del Presidente Giuseppe Conte, del Ministro dell\u2019economia e delle finanze, Roberto Gualtieri, del Ministro dello sviluppo economico, Stefano Patuanelli, del Ministro del lavoro e delle politiche sociali, Nunzia Catalfo e del Ministro della salute, Roberto Speranza, ha approvato un decreto-legge che introduce misure di potenziamento del servizio sanitario nazionale [&hellip;]","og_url":"https:\/\/www.italiaeconomiaonline.it\/web\/coronavirus-ecco-cosa-prevede-il-decreto-cura-italiaecco-cosa-prevede-il-decreto-cura-italia\/","og_site_name":"ItaliaEconomiaOnline","article_published_time":"2020-03-17T07:27:20+00:00","article_modified_time":"2020-03-17T07:28:52+00:00","og_image":[{"width":1280,"height":853,"url":"https:\/\/www.italiaeconomiaonline.it\/web\/wp-content\/uploads\/2019\/06\/conte.jpg","type":"image\/jpeg"}],"author":"ladyitaliaeconomia","twitter_card":"summary_large_image","twitter_misc":{"Scritto da":"ladyitaliaeconomia","Tempo di lettura stimato":"22 minuti"},"schema":{"@context":"https:\/\/schema.org","@graph":[{"@type":"WebPage","@id":"https:\/\/www.italiaeconomiaonline.it\/web\/coronavirus-ecco-cosa-prevede-il-decreto-cura-italiaecco-cosa-prevede-il-decreto-cura-italia\/","url":"https:\/\/www.italiaeconomiaonline.it\/web\/coronavirus-ecco-cosa-prevede-il-decreto-cura-italiaecco-cosa-prevede-il-decreto-cura-italia\/","name":"Coronavirus, ecco cosa prevede il decreto Cura Italia -","isPartOf":{"@id":"https:\/\/www.italiaeconomiaonline.it\/web\/#website"},"primaryImageOfPage":{"@id":"https:\/\/www.italiaeconomiaonline.it\/web\/coronavirus-ecco-cosa-prevede-il-decreto-cura-italiaecco-cosa-prevede-il-decreto-cura-italia\/#primaryimage"},"image":{"@id":"https:\/\/www.italiaeconomiaonline.it\/web\/coronavirus-ecco-cosa-prevede-il-decreto-cura-italiaecco-cosa-prevede-il-decreto-cura-italia\/#primaryimage"},"thumbnailUrl":"https:\/\/www.italiaeconomiaonline.it\/web\/wp-content\/uploads\/2019\/06\/conte.jpg","datePublished":"2020-03-17T07:27:20+00:00","dateModified":"2020-03-17T07:28:52+00:00","author":{"@id":"https:\/\/www.italiaeconomiaonline.it\/web\/#\/schema\/person\/909a49cce752523b020fbc37d5ab1c31"},"breadcrumb":{"@id":"https:\/\/www.italiaeconomiaonline.it\/web\/coronavirus-ecco-cosa-prevede-il-decreto-cura-italiaecco-cosa-prevede-il-decreto-cura-italia\/#breadcrumb"},"inLanguage":"it-IT","potentialAction":[{"@type":"ReadAction","target":["https:\/\/www.italiaeconomiaonline.it\/web\/coronavirus-ecco-cosa-prevede-il-decreto-cura-italiaecco-cosa-prevede-il-decreto-cura-italia\/"]}]},{"@type":"ImageObject","inLanguage":"it-IT","@id":"https:\/\/www.italiaeconomiaonline.it\/web\/coronavirus-ecco-cosa-prevede-il-decreto-cura-italiaecco-cosa-prevede-il-decreto-cura-italia\/#primaryimage","url":"https:\/\/www.italiaeconomiaonline.it\/web\/wp-content\/uploads\/2019\/06\/conte.jpg","contentUrl":"https:\/\/www.italiaeconomiaonline.it\/web\/wp-content\/uploads\/2019\/06\/conte.jpg","width":1280,"height":853},{"@type":"BreadcrumbList","@id":"https:\/\/www.italiaeconomiaonline.it\/web\/coronavirus-ecco-cosa-prevede-il-decreto-cura-italiaecco-cosa-prevede-il-decreto-cura-italia\/#breadcrumb","itemListElement":[{"@type":"ListItem","position":1,"name":"Home","item":"https:\/\/www.italiaeconomiaonline.it\/web\/"},{"@type":"ListItem","position":2,"name":"Coronavirus, ecco cosa prevede il decreto Cura Italia"}]},{"@type":"WebSite","@id":"https:\/\/www.italiaeconomiaonline.it\/web\/#website","url":"https:\/\/www.italiaeconomiaonline.it\/web\/","name":"ItaliaEconomiaOnline","description":"Quotidiano Economico Online","potentialAction":[{"@type":"SearchAction","target":{"@type":"EntryPoint","urlTemplate":"https:\/\/www.italiaeconomiaonline.it\/web\/?s={search_term_string}"},"query-input":"required name=search_term_string"}],"inLanguage":"it-IT"},{"@type":"Person","@id":"https:\/\/www.italiaeconomiaonline.it\/web\/#\/schema\/person\/909a49cce752523b020fbc37d5ab1c31","name":"ladyitaliaeconomia","image":{"@type":"ImageObject","inLanguage":"it-IT","@id":"https:\/\/www.italiaeconomiaonline.it\/web\/#\/schema\/person\/image\/","url":"https:\/\/secure.gravatar.com\/avatar\/cedca10ce7416a579b9fa6bce9c0a8f2?s=96&d=mm&r=g","contentUrl":"https:\/\/secure.gravatar.com\/avatar\/cedca10ce7416a579b9fa6bce9c0a8f2?s=96&d=mm&r=g","caption":"ladyitaliaeconomia"},"url":"https:\/\/www.italiaeconomiaonline.it\/web\/author\/ladyitaliaeconomia\/"}]}},"_links":{"self":[{"href":"https:\/\/www.italiaeconomiaonline.it\/web\/wp-json\/wp\/v2\/posts\/2696"}],"collection":[{"href":"https:\/\/www.italiaeconomiaonline.it\/web\/wp-json\/wp\/v2\/posts"}],"about":[{"href":"https:\/\/www.italiaeconomiaonline.it\/web\/wp-json\/wp\/v2\/types\/post"}],"author":[{"embeddable":true,"href":"https:\/\/www.italiaeconomiaonline.it\/web\/wp-json\/wp\/v2\/users\/1"}],"replies":[{"embeddable":true,"href":"https:\/\/www.italiaeconomiaonline.it\/web\/wp-json\/wp\/v2\/comments?post=2696"}],"version-history":[{"count":3,"href":"https:\/\/www.italiaeconomiaonline.it\/web\/wp-json\/wp\/v2\/posts\/2696\/revisions"}],"predecessor-version":[{"id":2699,"href":"https:\/\/www.italiaeconomiaonline.it\/web\/wp-json\/wp\/v2\/posts\/2696\/revisions\/2699"}],"wp:featuredmedia":[{"embeddable":true,"href":"https:\/\/www.italiaeconomiaonline.it\/web\/wp-json\/wp\/v2\/media\/1079"}],"wp:attachment":[{"href":"https:\/\/www.italiaeconomiaonline.it\/web\/wp-json\/wp\/v2\/media?parent=2696"}],"wp:term":[{"taxonomy":"category","embeddable":true,"href":"https:\/\/www.italiaeconomiaonline.it\/web\/wp-json\/wp\/v2\/categories?post=2696"},{"taxonomy":"post_tag","embeddable":true,"href":"https:\/\/www.italiaeconomiaonline.it\/web\/wp-json\/wp\/v2\/tags?post=2696"}],"curies":[{"name":"wp","href":"https:\/\/api.w.org\/{rel}","templated":true}]}}