{"id":2713,"date":"2020-03-21T10:54:43","date_gmt":"2020-03-21T09:54:43","guid":{"rendered":"http:\/\/www.italiaeconomiaonline.it\/web\/?p=2713"},"modified":"2020-03-21T10:54:43","modified_gmt":"2020-03-21T09:54:43","slug":"coronavirus-parte-la-selezione-di-300-medici-volontari","status":"publish","type":"post","link":"https:\/\/www.italiaeconomiaonline.it\/web\/coronavirus-parte-la-selezione-di-300-medici-volontari\/","title":{"rendered":"Coronavirus, parte la selezione di 300 medici volontari"},"content":{"rendered":"<div class=\"journal-content-article\">\n<div class=\"main-content-text\">\n<div class=\"top-content leg-content\">\n<div class=\"top-content-back\">\n<div class=\"top-content-body\">\n<p><span class=\"dropcap dropcap3\">E<\/span>&#8216; una \u201cchiamata alle armi\u201d verso tutta la sanit\u00e0 italiana perch\u00e9 i medici che sono in prima linea contro l\u2019emergenza Coronavirus hanno bisogno di aiuto.<\/p>\n<p>Lo ha dichiarato stasera il ministro per gli Affari Regionali e Autonomie Francesco Boccia annunciando presso la sede del Dipartimento della Protezione Civile l\u2019avvio della procedura attraverso la quale sar\u00e0 costituita la task force di 300 medici che opereranno a supporto delle strutture sanitarie regionali per l\u2019attuazione delle misure necessarie al contenimento e contrasto dell\u2019emergenza COVID-19<\/p>\n<p>\u00abI medici che operano contro il Coronavirus, soprattutto in Lombardia, sono in difficolt\u00e0\u00a0e la risposta di coloro che si candideranno deve avvenire entro 24 ore perch\u00e9 domani l\u2019avviso sar\u00e0 chiuso\u00bb, ha proseguito il ministro. \u00abSar\u00e0 data priorit\u00e0 agli anestesisti ma il bando \u00e8 aperto a tutti i medici, l\u2019importante \u00e8 far arrivare la propria candidatura nel pi\u00f9 breve tempo possibile\u00bb.<\/p>\n<p>Questa operazione di \u201cmedici per la Protezione civile\u201d \u00e8 su base volontaria , ha concluso Francesco Boccia, e \u00absono sicuro che arriveranno tantissime domande\u00bb.<\/p>\n<p>\u00abSi tratta di costruire una forma rapida di intervento\u00bb, ha dichiarato il Capo Dipartimento Angelo Borrelli, \u00abi medici che verranno selezionati si affiancheranno a quelli della sanit\u00e0 regionale e a quelli volontari che gi\u00e0 stanno prestando la loro opera negli ospedali dove vengono accolti i malati di Coronavirus\u00bb.<\/p>\n<p>La partecipazione dei medici che saranno selezionati sar\u00e0 obbligatoria per il datore di lavoro fatta eccezione per le strutture convenzionate per le quali la possibilit\u00e0 di far parte della task force avviene su base consensuale con il proprio datore di lavoro. La partecipazione prevede il rimborso delle spese di viaggio ed una indennit\u00e0 forfettaria per ciascuna giornata prestata. Le Regioni provvederanno alla sistemazione alloggiativa.<\/p>\n<p><strong><a href=\"https:\/\/medicipercovid.protezionecivile.it\/index.php?r=survey\/index&amp;sid=136947\" target=\"_blank\" rel=\"noopener noreferrer\">Qui il form<\/a><\/strong> dove presentare la candidatura.<\/p>\n<\/div>\n<\/div>\n<\/div>\n<\/div>\n<\/div>\n<p>&nbsp;<\/p>\n","protected":false},"excerpt":{"rendered":"<p>E&#8216; una \u201cchiamata alle armi\u201d verso tutta la sanit\u00e0 italiana perch\u00e9 i medici che sono in prima linea contro l\u2019emergenza Coronavirus hanno bisogno di aiuto. Lo ha dichiarato stasera il ministro per gli Affari Regionali e Autonomie Francesco Boccia annunciando presso la sede del Dipartimento della Protezione Civile l\u2019avvio della procedura attraverso la quale sar\u00e0 [&hellip;]<\/p>\n","protected":false},"author":1,"featured_media":2714,"comment_status":"closed","ping_status":"open","sticky":false,"template":"","format":"standard","meta":{"footnotes":""},"categories":[128],"tags":[877,960,961,401],"yoast_head":"<!-- This site is optimized with the Yoast SEO plugin v22.2 - https:\/\/yoast.com\/wordpress\/plugins\/seo\/ -->\n<title>Coronavirus, parte la selezione di 300 medici volontari -<\/title>\n<meta name=\"robots\" content=\"index, follow, max-snippet:-1, max-image-preview:large, max-video-preview:-1\" \/>\n<link rel=\"canonical\" href=\"https:\/\/www.italiaeconomiaonline.it\/web\/coronavirus-parte-la-selezione-di-300-medici-volontari\/\" \/>\n<meta property=\"og:locale\" content=\"it_IT\" \/>\n<meta property=\"og:type\" content=\"article\" \/>\n<meta property=\"og:title\" content=\"Coronavirus, parte la selezione di 300 medici volontari -\" \/>\n<meta property=\"og:description\" content=\"E&#8216; una \u201cchiamata alle armi\u201d verso tutta la sanit\u00e0 italiana perch\u00e9 i medici che sono in prima linea contro l\u2019emergenza Coronavirus hanno bisogno di aiuto. Lo ha dichiarato stasera il ministro per gli Affari Regionali e Autonomie Francesco Boccia annunciando presso la sede del Dipartimento della Protezione Civile l\u2019avvio della procedura attraverso la quale sar\u00e0 [&hellip;]\" \/>\n<meta property=\"og:url\" content=\"https:\/\/www.italiaeconomiaonline.it\/web\/coronavirus-parte-la-selezione-di-300-medici-volontari\/\" \/>\n<meta property=\"og:site_name\" content=\"ItaliaEconomiaOnline\" \/>\n<meta property=\"article:published_time\" content=\"2020-03-21T09:54:43+00:00\" \/>\n<meta property=\"og:image\" content=\"https:\/\/www.italiaeconomiaonline.it\/web\/wp-content\/uploads\/2020\/03\/covid.jpg\" \/>\n\t<meta property=\"og:image:width\" content=\"1000\" \/>\n\t<meta property=\"og:image:height\" content=\"667\" \/>\n\t<meta property=\"og:image:type\" content=\"image\/jpeg\" \/>\n<meta name=\"author\" content=\"ladyitaliaeconomia\" \/>\n<meta name=\"twitter:card\" content=\"summary_large_image\" \/>\n<meta name=\"twitter:label1\" content=\"Scritto da\" \/>\n\t<meta name=\"twitter:data1\" content=\"ladyitaliaeconomia\" \/>\n\t<meta name=\"twitter:label2\" content=\"Tempo di lettura stimato\" \/>\n\t<meta name=\"twitter:data2\" content=\"1 minuto\" \/>\n<script type=\"application\/ld+json\" class=\"yoast-schema-graph\">{\"@context\":\"https:\/\/schema.org\",\"@graph\":[{\"@type\":\"WebPage\",\"@id\":\"https:\/\/www.italiaeconomiaonline.it\/web\/coronavirus-parte-la-selezione-di-300-medici-volontari\/\",\"url\":\"https:\/\/www.italiaeconomiaonline.it\/web\/coronavirus-parte-la-selezione-di-300-medici-volontari\/\",\"name\":\"Coronavirus, parte la selezione di 300 medici volontari -\",\"isPartOf\":{\"@id\":\"https:\/\/www.italiaeconomiaonline.it\/web\/#website\"},\"primaryImageOfPage\":{\"@id\":\"https:\/\/www.italiaeconomiaonline.it\/web\/coronavirus-parte-la-selezione-di-300-medici-volontari\/#primaryimage\"},\"image\":{\"@id\":\"https:\/\/www.italiaeconomiaonline.it\/web\/coronavirus-parte-la-selezione-di-300-medici-volontari\/#primaryimage\"},\"thumbnailUrl\":\"https:\/\/www.italiaeconomiaonline.it\/web\/wp-content\/uploads\/2020\/03\/covid.jpg\",\"datePublished\":\"2020-03-21T09:54:43+00:00\",\"dateModified\":\"2020-03-21T09:54:43+00:00\",\"author\":{\"@id\":\"https:\/\/www.italiaeconomiaonline.it\/web\/#\/schema\/person\/909a49cce752523b020fbc37d5ab1c31\"},\"breadcrumb\":{\"@id\":\"https:\/\/www.italiaeconomiaonline.it\/web\/coronavirus-parte-la-selezione-di-300-medici-volontari\/#breadcrumb\"},\"inLanguage\":\"it-IT\",\"potentialAction\":[{\"@type\":\"ReadAction\",\"target\":[\"https:\/\/www.italiaeconomiaonline.it\/web\/coronavirus-parte-la-selezione-di-300-medici-volontari\/\"]}]},{\"@type\":\"ImageObject\",\"inLanguage\":\"it-IT\",\"@id\":\"https:\/\/www.italiaeconomiaonline.it\/web\/coronavirus-parte-la-selezione-di-300-medici-volontari\/#primaryimage\",\"url\":\"https:\/\/www.italiaeconomiaonline.it\/web\/wp-content\/uploads\/2020\/03\/covid.jpg\",\"contentUrl\":\"https:\/\/www.italiaeconomiaonline.it\/web\/wp-content\/uploads\/2020\/03\/covid.jpg\",\"width\":1000,\"height\":667},{\"@type\":\"BreadcrumbList\",\"@id\":\"https:\/\/www.italiaeconomiaonline.it\/web\/coronavirus-parte-la-selezione-di-300-medici-volontari\/#breadcrumb\",\"itemListElement\":[{\"@type\":\"ListItem\",\"position\":1,\"name\":\"Home\",\"item\":\"https:\/\/www.italiaeconomiaonline.it\/web\/\"},{\"@type\":\"ListItem\",\"position\":2,\"name\":\"Coronavirus, parte la selezione di 300 medici volontari\"}]},{\"@type\":\"WebSite\",\"@id\":\"https:\/\/www.italiaeconomiaonline.it\/web\/#website\",\"url\":\"https:\/\/www.italiaeconomiaonline.it\/web\/\",\"name\":\"ItaliaEconomiaOnline\",\"description\":\"Quotidiano Economico Online\",\"potentialAction\":[{\"@type\":\"SearchAction\",\"target\":{\"@type\":\"EntryPoint\",\"urlTemplate\":\"https:\/\/www.italiaeconomiaonline.it\/web\/?s={search_term_string}\"},\"query-input\":\"required name=search_term_string\"}],\"inLanguage\":\"it-IT\"},{\"@type\":\"Person\",\"@id\":\"https:\/\/www.italiaeconomiaonline.it\/web\/#\/schema\/person\/909a49cce752523b020fbc37d5ab1c31\",\"name\":\"ladyitaliaeconomia\",\"image\":{\"@type\":\"ImageObject\",\"inLanguage\":\"it-IT\",\"@id\":\"https:\/\/www.italiaeconomiaonline.it\/web\/#\/schema\/person\/image\/\",\"url\":\"https:\/\/secure.gravatar.com\/avatar\/cedca10ce7416a579b9fa6bce9c0a8f2?s=96&d=mm&r=g\",\"contentUrl\":\"https:\/\/secure.gravatar.com\/avatar\/cedca10ce7416a579b9fa6bce9c0a8f2?s=96&d=mm&r=g\",\"caption\":\"ladyitaliaeconomia\"},\"url\":\"https:\/\/www.italiaeconomiaonline.it\/web\/author\/ladyitaliaeconomia\/\"}]}<\/script>\n<!-- \/ Yoast SEO plugin. -->","yoast_head_json":{"title":"Coronavirus, parte la selezione di 300 medici volontari -","robots":{"index":"index","follow":"follow","max-snippet":"max-snippet:-1","max-image-preview":"max-image-preview:large","max-video-preview":"max-video-preview:-1"},"canonical":"https:\/\/www.italiaeconomiaonline.it\/web\/coronavirus-parte-la-selezione-di-300-medici-volontari\/","og_locale":"it_IT","og_type":"article","og_title":"Coronavirus, parte la selezione di 300 medici volontari -","og_description":"E&#8216; una \u201cchiamata alle armi\u201d verso tutta la sanit\u00e0 italiana perch\u00e9 i medici che sono in prima linea contro l\u2019emergenza Coronavirus hanno bisogno di aiuto. Lo ha dichiarato stasera il ministro per gli Affari Regionali e Autonomie Francesco Boccia annunciando presso la sede del Dipartimento della Protezione Civile l\u2019avvio della procedura attraverso la quale sar\u00e0 [&hellip;]","og_url":"https:\/\/www.italiaeconomiaonline.it\/web\/coronavirus-parte-la-selezione-di-300-medici-volontari\/","og_site_name":"ItaliaEconomiaOnline","article_published_time":"2020-03-21T09:54:43+00:00","og_image":[{"width":1000,"height":667,"url":"https:\/\/www.italiaeconomiaonline.it\/web\/wp-content\/uploads\/2020\/03\/covid.jpg","type":"image\/jpeg"}],"author":"ladyitaliaeconomia","twitter_card":"summary_large_image","twitter_misc":{"Scritto da":"ladyitaliaeconomia","Tempo di lettura stimato":"1 minuto"},"schema":{"@context":"https:\/\/schema.org","@graph":[{"@type":"WebPage","@id":"https:\/\/www.italiaeconomiaonline.it\/web\/coronavirus-parte-la-selezione-di-300-medici-volontari\/","url":"https:\/\/www.italiaeconomiaonline.it\/web\/coronavirus-parte-la-selezione-di-300-medici-volontari\/","name":"Coronavirus, parte la selezione di 300 medici volontari -","isPartOf":{"@id":"https:\/\/www.italiaeconomiaonline.it\/web\/#website"},"primaryImageOfPage":{"@id":"https:\/\/www.italiaeconomiaonline.it\/web\/coronavirus-parte-la-selezione-di-300-medici-volontari\/#primaryimage"},"image":{"@id":"https:\/\/www.italiaeconomiaonline.it\/web\/coronavirus-parte-la-selezione-di-300-medici-volontari\/#primaryimage"},"thumbnailUrl":"https:\/\/www.italiaeconomiaonline.it\/web\/wp-content\/uploads\/2020\/03\/covid.jpg","datePublished":"2020-03-21T09:54:43+00:00","dateModified":"2020-03-21T09:54:43+00:00","author":{"@id":"https:\/\/www.italiaeconomiaonline.it\/web\/#\/schema\/person\/909a49cce752523b020fbc37d5ab1c31"},"breadcrumb":{"@id":"https:\/\/www.italiaeconomiaonline.it\/web\/coronavirus-parte-la-selezione-di-300-medici-volontari\/#breadcrumb"},"inLanguage":"it-IT","potentialAction":[{"@type":"ReadAction","target":["https:\/\/www.italiaeconomiaonline.it\/web\/coronavirus-parte-la-selezione-di-300-medici-volontari\/"]}]},{"@type":"ImageObject","inLanguage":"it-IT","@id":"https:\/\/www.italiaeconomiaonline.it\/web\/coronavirus-parte-la-selezione-di-300-medici-volontari\/#primaryimage","url":"https:\/\/www.italiaeconomiaonline.it\/web\/wp-content\/uploads\/2020\/03\/covid.jpg","contentUrl":"https:\/\/www.italiaeconomiaonline.it\/web\/wp-content\/uploads\/2020\/03\/covid.jpg","width":1000,"height":667},{"@type":"BreadcrumbList","@id":"https:\/\/www.italiaeconomiaonline.it\/web\/coronavirus-parte-la-selezione-di-300-medici-volontari\/#breadcrumb","itemListElement":[{"@type":"ListItem","position":1,"name":"Home","item":"https:\/\/www.italiaeconomiaonline.it\/web\/"},{"@type":"ListItem","position":2,"name":"Coronavirus, parte la selezione di 300 medici volontari"}]},{"@type":"WebSite","@id":"https:\/\/www.italiaeconomiaonline.it\/web\/#website","url":"https:\/\/www.italiaeconomiaonline.it\/web\/","name":"ItaliaEconomiaOnline","description":"Quotidiano Economico Online","potentialAction":[{"@type":"SearchAction","target":{"@type":"EntryPoint","urlTemplate":"https:\/\/www.italiaeconomiaonline.it\/web\/?s={search_term_string}"},"query-input":"required name=search_term_string"}],"inLanguage":"it-IT"},{"@type":"Person","@id":"https:\/\/www.italiaeconomiaonline.it\/web\/#\/schema\/person\/909a49cce752523b020fbc37d5ab1c31","name":"ladyitaliaeconomia","image":{"@type":"ImageObject","inLanguage":"it-IT","@id":"https:\/\/www.italiaeconomiaonline.it\/web\/#\/schema\/person\/image\/","url":"https:\/\/secure.gravatar.com\/avatar\/cedca10ce7416a579b9fa6bce9c0a8f2?s=96&d=mm&r=g","contentUrl":"https:\/\/secure.gravatar.com\/avatar\/cedca10ce7416a579b9fa6bce9c0a8f2?s=96&d=mm&r=g","caption":"ladyitaliaeconomia"},"url":"https:\/\/www.italiaeconomiaonline.it\/web\/author\/ladyitaliaeconomia\/"}]}},"_links":{"self":[{"href":"https:\/\/www.italiaeconomiaonline.it\/web\/wp-json\/wp\/v2\/posts\/2713"}],"collection":[{"href":"https:\/\/www.italiaeconomiaonline.it\/web\/wp-json\/wp\/v2\/posts"}],"about":[{"href":"https:\/\/www.italiaeconomiaonline.it\/web\/wp-json\/wp\/v2\/types\/post"}],"author":[{"embeddable":true,"href":"https:\/\/www.italiaeconomiaonline.it\/web\/wp-json\/wp\/v2\/users\/1"}],"replies":[{"embeddable":true,"href":"https:\/\/www.italiaeconomiaonline.it\/web\/wp-json\/wp\/v2\/comments?post=2713"}],"version-history":[{"count":1,"href":"https:\/\/www.italiaeconomiaonline.it\/web\/wp-json\/wp\/v2\/posts\/2713\/revisions"}],"predecessor-version":[{"id":2715,"href":"https:\/\/www.italiaeconomiaonline.it\/web\/wp-json\/wp\/v2\/posts\/2713\/revisions\/2715"}],"wp:featuredmedia":[{"embeddable":true,"href":"https:\/\/www.italiaeconomiaonline.it\/web\/wp-json\/wp\/v2\/media\/2714"}],"wp:attachment":[{"href":"https:\/\/www.italiaeconomiaonline.it\/web\/wp-json\/wp\/v2\/media?parent=2713"}],"wp:term":[{"taxonomy":"category","embeddable":true,"href":"https:\/\/www.italiaeconomiaonline.it\/web\/wp-json\/wp\/v2\/categories?post=2713"},{"taxonomy":"post_tag","embeddable":true,"href":"https:\/\/www.italiaeconomiaonline.it\/web\/wp-json\/wp\/v2\/tags?post=2713"}],"curies":[{"name":"wp","href":"https:\/\/api.w.org\/{rel}","templated":true}]}}