{"id":2716,"date":"2020-03-21T11:28:49","date_gmt":"2020-03-21T10:28:49","guid":{"rendered":"http:\/\/www.italiaeconomiaonline.it\/web\/?p=2716"},"modified":"2020-03-21T11:29:54","modified_gmt":"2020-03-21T10:29:54","slug":"coronavirus-le-ulteriori-restrizioni-del-ministro-speranza","status":"publish","type":"post","link":"https:\/\/www.italiaeconomiaonline.it\/web\/coronavirus-le-ulteriori-restrizioni-del-ministro-speranza\/","title":{"rendered":"Coronavirus, le ulteriori restrizioni del Ministro Speranza"},"content":{"rendered":"<div class=\"col-md-6 col-sm-8\">\n<div class=\"post_content post_content_cell clearfix\">\n<div class=\"field field-name-body field-type-text-with-summary field-label-hidden\">\n<div class=\"field-items\">\n<div class=\"field-item even\">\n<p><span class=\"dropcap dropcap3\">I<\/span>l Ministro della Salute, Roberto Speranza, ha firmato l&#8217;ordinanza che vieta: l&#8217;accesso del pubblico ai parchi, alle ville, alle aree gioco e ai giardini pubblici; di svolgere attivit\u00e0 ludica o ricreativa all&#8217;aperto. Resta consentito svolgere individualmente attivit\u00e0 motoria in prossimit\u00e0 della propria abitazione, purch\u00e9 comunque nel rispetto della distanza di almeno un metro da ogni altra persona.<\/p>\n<div class=\"col-md-6 col-sm-8\">\n<div class=\"post_content post_content_cell clearfix\">\n<div class=\"field field-name-body field-type-text-with-summary field-label-hidden\">\n<div class=\"field-items\">\n<div class=\"field-item even\">\n<p>L&#8217;ordinanza inoltre impone la chiusura degli esercizi di somministrazione di alimenti e bevande, posti all&#8217;interno delle stazioni ferroviarie e lacustri, nonch\u00e9 nelle aree di servizio e rifornimento carburante, con esclusione di quelli situati lungo le autostrade, che possono vendere solo prodotti da asporto da consumarsi al di fuori dei locali; restano aperti quelli siti negli ospedali e negli aeroporti, con obbligo di assicurare in ogni caso il rispetto della distanza interpersonale di almeno un metro.<\/p>\n<p>Nei giorni festivi e prefestivi, nonch\u00e9 in quegli altri che immediatamente precedono o seguono tali giorni, \u00e8 vietato ogni spostamento verso abitazioni diverse da quella principale, comprese le seconde case utilizzate per vacanza.<\/p>\n<p>Le disposizioni producono effetto dal 21 marzo e sono efficaci fino al 25 marzo 2020.<\/p>\n<\/div>\n<\/div>\n<\/div>\n<\/div>\n<\/div>\n<div class=\"col-md-4 col-md-offset-2 col-sm-4 col-sm-offset-0\">\n<aside class=\"sidebar\"><a id=\"link\"><\/a><\/p>\n<div class=\"h4\">Per saperne di pi\u00f9<\/div>\n<div class=\"field-collection-container clearfix\">\n<ul>\n<li><a href=\"https:\/\/www.gazzettaufficiale.it\/eli\/id\/2020\/03\/20\/20A01797\/sg\">L&#8217;ordinanza sulla G.U. Serie Generale n.73 del 20\/03\/2020<\/a><\/li>\n<\/ul>\n<\/div>\n<hr \/>\n<\/aside>\n<\/div>\n<div class=\"h4\"><\/div>\n<div class=\"field-collection-container clearfix\">\n<p>&nbsp;<\/p>\n<\/div>\n<\/div>\n<\/div>\n<\/div>\n<\/div>\n<\/div>\n","protected":false},"excerpt":{"rendered":"<p>Il Ministro della Salute, Roberto Speranza, ha firmato l&#8217;ordinanza che vieta: l&#8217;accesso del pubblico ai parchi, alle ville, alle aree gioco e ai giardini pubblici; di svolgere attivit\u00e0 ludica o ricreativa all&#8217;aperto. Resta consentito svolgere individualmente attivit\u00e0 motoria in prossimit\u00e0 della propria abitazione, purch\u00e9 comunque nel rispetto della distanza di almeno un metro da ogni [&hellip;]<\/p>\n","protected":false},"author":1,"featured_media":2717,"comment_status":"closed","ping_status":"open","sticky":false,"template":"","format":"standard","meta":{"footnotes":""},"categories":[128],"tags":[877,962],"yoast_head":"<!-- This site is optimized with the Yoast SEO plugin v22.2 - https:\/\/yoast.com\/wordpress\/plugins\/seo\/ -->\n<title>Coronavirus, le ulteriori restrizioni del Ministro Speranza -<\/title>\n<meta name=\"robots\" content=\"index, follow, max-snippet:-1, max-image-preview:large, max-video-preview:-1\" \/>\n<link rel=\"canonical\" href=\"https:\/\/www.italiaeconomiaonline.it\/web\/coronavirus-le-ulteriori-restrizioni-del-ministro-speranza\/\" \/>\n<meta property=\"og:locale\" content=\"it_IT\" \/>\n<meta property=\"og:type\" content=\"article\" \/>\n<meta property=\"og:title\" content=\"Coronavirus, le ulteriori restrizioni del Ministro Speranza -\" \/>\n<meta property=\"og:description\" content=\"Il Ministro della Salute, Roberto Speranza, ha firmato l&#8217;ordinanza che vieta: l&#8217;accesso del pubblico ai parchi, alle ville, alle aree gioco e ai giardini pubblici; di svolgere attivit\u00e0 ludica o ricreativa all&#8217;aperto. Resta consentito svolgere individualmente attivit\u00e0 motoria in prossimit\u00e0 della propria abitazione, purch\u00e9 comunque nel rispetto della distanza di almeno un metro da ogni [&hellip;]\" \/>\n<meta property=\"og:url\" content=\"https:\/\/www.italiaeconomiaonline.it\/web\/coronavirus-le-ulteriori-restrizioni-del-ministro-speranza\/\" \/>\n<meta property=\"og:site_name\" content=\"ItaliaEconomiaOnline\" \/>\n<meta property=\"article:published_time\" content=\"2020-03-21T10:28:49+00:00\" \/>\n<meta property=\"article:modified_time\" content=\"2020-03-21T10:29:54+00:00\" \/>\n<meta property=\"og:image\" content=\"https:\/\/www.italiaeconomiaonline.it\/web\/wp-content\/uploads\/2020\/03\/speranza.jpg\" \/>\n\t<meta property=\"og:image:width\" content=\"860\" \/>\n\t<meta property=\"og:image:height\" content=\"600\" \/>\n\t<meta property=\"og:image:type\" content=\"image\/jpeg\" \/>\n<meta name=\"author\" content=\"ladyitaliaeconomia\" \/>\n<meta name=\"twitter:card\" content=\"summary_large_image\" \/>\n<meta name=\"twitter:label1\" content=\"Scritto da\" \/>\n\t<meta name=\"twitter:data1\" content=\"ladyitaliaeconomia\" \/>\n\t<meta name=\"twitter:label2\" content=\"Tempo di lettura stimato\" \/>\n\t<meta name=\"twitter:data2\" content=\"1 minuto\" \/>\n<script type=\"application\/ld+json\" class=\"yoast-schema-graph\">{\"@context\":\"https:\/\/schema.org\",\"@graph\":[{\"@type\":\"WebPage\",\"@id\":\"https:\/\/www.italiaeconomiaonline.it\/web\/coronavirus-le-ulteriori-restrizioni-del-ministro-speranza\/\",\"url\":\"https:\/\/www.italiaeconomiaonline.it\/web\/coronavirus-le-ulteriori-restrizioni-del-ministro-speranza\/\",\"name\":\"Coronavirus, le ulteriori restrizioni del Ministro Speranza -\",\"isPartOf\":{\"@id\":\"https:\/\/www.italiaeconomiaonline.it\/web\/#website\"},\"primaryImageOfPage\":{\"@id\":\"https:\/\/www.italiaeconomiaonline.it\/web\/coronavirus-le-ulteriori-restrizioni-del-ministro-speranza\/#primaryimage\"},\"image\":{\"@id\":\"https:\/\/www.italiaeconomiaonline.it\/web\/coronavirus-le-ulteriori-restrizioni-del-ministro-speranza\/#primaryimage\"},\"thumbnailUrl\":\"https:\/\/www.italiaeconomiaonline.it\/web\/wp-content\/uploads\/2020\/03\/speranza.jpg\",\"datePublished\":\"2020-03-21T10:28:49+00:00\",\"dateModified\":\"2020-03-21T10:29:54+00:00\",\"author\":{\"@id\":\"https:\/\/www.italiaeconomiaonline.it\/web\/#\/schema\/person\/909a49cce752523b020fbc37d5ab1c31\"},\"breadcrumb\":{\"@id\":\"https:\/\/www.italiaeconomiaonline.it\/web\/coronavirus-le-ulteriori-restrizioni-del-ministro-speranza\/#breadcrumb\"},\"inLanguage\":\"it-IT\",\"potentialAction\":[{\"@type\":\"ReadAction\",\"target\":[\"https:\/\/www.italiaeconomiaonline.it\/web\/coronavirus-le-ulteriori-restrizioni-del-ministro-speranza\/\"]}]},{\"@type\":\"ImageObject\",\"inLanguage\":\"it-IT\",\"@id\":\"https:\/\/www.italiaeconomiaonline.it\/web\/coronavirus-le-ulteriori-restrizioni-del-ministro-speranza\/#primaryimage\",\"url\":\"https:\/\/www.italiaeconomiaonline.it\/web\/wp-content\/uploads\/2020\/03\/speranza.jpg\",\"contentUrl\":\"https:\/\/www.italiaeconomiaonline.it\/web\/wp-content\/uploads\/2020\/03\/speranza.jpg\",\"width\":860,\"height\":600},{\"@type\":\"BreadcrumbList\",\"@id\":\"https:\/\/www.italiaeconomiaonline.it\/web\/coronavirus-le-ulteriori-restrizioni-del-ministro-speranza\/#breadcrumb\",\"itemListElement\":[{\"@type\":\"ListItem\",\"position\":1,\"name\":\"Home\",\"item\":\"https:\/\/www.italiaeconomiaonline.it\/web\/\"},{\"@type\":\"ListItem\",\"position\":2,\"name\":\"Coronavirus, le ulteriori restrizioni del Ministro Speranza\"}]},{\"@type\":\"WebSite\",\"@id\":\"https:\/\/www.italiaeconomiaonline.it\/web\/#website\",\"url\":\"https:\/\/www.italiaeconomiaonline.it\/web\/\",\"name\":\"ItaliaEconomiaOnline\",\"description\":\"Quotidiano Economico Online\",\"potentialAction\":[{\"@type\":\"SearchAction\",\"target\":{\"@type\":\"EntryPoint\",\"urlTemplate\":\"https:\/\/www.italiaeconomiaonline.it\/web\/?s={search_term_string}\"},\"query-input\":\"required name=search_term_string\"}],\"inLanguage\":\"it-IT\"},{\"@type\":\"Person\",\"@id\":\"https:\/\/www.italiaeconomiaonline.it\/web\/#\/schema\/person\/909a49cce752523b020fbc37d5ab1c31\",\"name\":\"ladyitaliaeconomia\",\"image\":{\"@type\":\"ImageObject\",\"inLanguage\":\"it-IT\",\"@id\":\"https:\/\/www.italiaeconomiaonline.it\/web\/#\/schema\/person\/image\/\",\"url\":\"https:\/\/secure.gravatar.com\/avatar\/cedca10ce7416a579b9fa6bce9c0a8f2?s=96&d=mm&r=g\",\"contentUrl\":\"https:\/\/secure.gravatar.com\/avatar\/cedca10ce7416a579b9fa6bce9c0a8f2?s=96&d=mm&r=g\",\"caption\":\"ladyitaliaeconomia\"},\"url\":\"https:\/\/www.italiaeconomiaonline.it\/web\/author\/ladyitaliaeconomia\/\"}]}<\/script>\n<!-- \/ Yoast SEO plugin. -->","yoast_head_json":{"title":"Coronavirus, le ulteriori restrizioni del Ministro Speranza -","robots":{"index":"index","follow":"follow","max-snippet":"max-snippet:-1","max-image-preview":"max-image-preview:large","max-video-preview":"max-video-preview:-1"},"canonical":"https:\/\/www.italiaeconomiaonline.it\/web\/coronavirus-le-ulteriori-restrizioni-del-ministro-speranza\/","og_locale":"it_IT","og_type":"article","og_title":"Coronavirus, le ulteriori restrizioni del Ministro Speranza -","og_description":"Il Ministro della Salute, Roberto Speranza, ha firmato l&#8217;ordinanza che vieta: l&#8217;accesso del pubblico ai parchi, alle ville, alle aree gioco e ai giardini pubblici; di svolgere attivit\u00e0 ludica o ricreativa all&#8217;aperto. Resta consentito svolgere individualmente attivit\u00e0 motoria in prossimit\u00e0 della propria abitazione, purch\u00e9 comunque nel rispetto della distanza di almeno un metro da ogni [&hellip;]","og_url":"https:\/\/www.italiaeconomiaonline.it\/web\/coronavirus-le-ulteriori-restrizioni-del-ministro-speranza\/","og_site_name":"ItaliaEconomiaOnline","article_published_time":"2020-03-21T10:28:49+00:00","article_modified_time":"2020-03-21T10:29:54+00:00","og_image":[{"width":860,"height":600,"url":"https:\/\/www.italiaeconomiaonline.it\/web\/wp-content\/uploads\/2020\/03\/speranza.jpg","type":"image\/jpeg"}],"author":"ladyitaliaeconomia","twitter_card":"summary_large_image","twitter_misc":{"Scritto da":"ladyitaliaeconomia","Tempo di lettura stimato":"1 minuto"},"schema":{"@context":"https:\/\/schema.org","@graph":[{"@type":"WebPage","@id":"https:\/\/www.italiaeconomiaonline.it\/web\/coronavirus-le-ulteriori-restrizioni-del-ministro-speranza\/","url":"https:\/\/www.italiaeconomiaonline.it\/web\/coronavirus-le-ulteriori-restrizioni-del-ministro-speranza\/","name":"Coronavirus, le ulteriori restrizioni del Ministro Speranza -","isPartOf":{"@id":"https:\/\/www.italiaeconomiaonline.it\/web\/#website"},"primaryImageOfPage":{"@id":"https:\/\/www.italiaeconomiaonline.it\/web\/coronavirus-le-ulteriori-restrizioni-del-ministro-speranza\/#primaryimage"},"image":{"@id":"https:\/\/www.italiaeconomiaonline.it\/web\/coronavirus-le-ulteriori-restrizioni-del-ministro-speranza\/#primaryimage"},"thumbnailUrl":"https:\/\/www.italiaeconomiaonline.it\/web\/wp-content\/uploads\/2020\/03\/speranza.jpg","datePublished":"2020-03-21T10:28:49+00:00","dateModified":"2020-03-21T10:29:54+00:00","author":{"@id":"https:\/\/www.italiaeconomiaonline.it\/web\/#\/schema\/person\/909a49cce752523b020fbc37d5ab1c31"},"breadcrumb":{"@id":"https:\/\/www.italiaeconomiaonline.it\/web\/coronavirus-le-ulteriori-restrizioni-del-ministro-speranza\/#breadcrumb"},"inLanguage":"it-IT","potentialAction":[{"@type":"ReadAction","target":["https:\/\/www.italiaeconomiaonline.it\/web\/coronavirus-le-ulteriori-restrizioni-del-ministro-speranza\/"]}]},{"@type":"ImageObject","inLanguage":"it-IT","@id":"https:\/\/www.italiaeconomiaonline.it\/web\/coronavirus-le-ulteriori-restrizioni-del-ministro-speranza\/#primaryimage","url":"https:\/\/www.italiaeconomiaonline.it\/web\/wp-content\/uploads\/2020\/03\/speranza.jpg","contentUrl":"https:\/\/www.italiaeconomiaonline.it\/web\/wp-content\/uploads\/2020\/03\/speranza.jpg","width":860,"height":600},{"@type":"BreadcrumbList","@id":"https:\/\/www.italiaeconomiaonline.it\/web\/coronavirus-le-ulteriori-restrizioni-del-ministro-speranza\/#breadcrumb","itemListElement":[{"@type":"ListItem","position":1,"name":"Home","item":"https:\/\/www.italiaeconomiaonline.it\/web\/"},{"@type":"ListItem","position":2,"name":"Coronavirus, le ulteriori restrizioni del Ministro Speranza"}]},{"@type":"WebSite","@id":"https:\/\/www.italiaeconomiaonline.it\/web\/#website","url":"https:\/\/www.italiaeconomiaonline.it\/web\/","name":"ItaliaEconomiaOnline","description":"Quotidiano Economico Online","potentialAction":[{"@type":"SearchAction","target":{"@type":"EntryPoint","urlTemplate":"https:\/\/www.italiaeconomiaonline.it\/web\/?s={search_term_string}"},"query-input":"required name=search_term_string"}],"inLanguage":"it-IT"},{"@type":"Person","@id":"https:\/\/www.italiaeconomiaonline.it\/web\/#\/schema\/person\/909a49cce752523b020fbc37d5ab1c31","name":"ladyitaliaeconomia","image":{"@type":"ImageObject","inLanguage":"it-IT","@id":"https:\/\/www.italiaeconomiaonline.it\/web\/#\/schema\/person\/image\/","url":"https:\/\/secure.gravatar.com\/avatar\/cedca10ce7416a579b9fa6bce9c0a8f2?s=96&d=mm&r=g","contentUrl":"https:\/\/secure.gravatar.com\/avatar\/cedca10ce7416a579b9fa6bce9c0a8f2?s=96&d=mm&r=g","caption":"ladyitaliaeconomia"},"url":"https:\/\/www.italiaeconomiaonline.it\/web\/author\/ladyitaliaeconomia\/"}]}},"_links":{"self":[{"href":"https:\/\/www.italiaeconomiaonline.it\/web\/wp-json\/wp\/v2\/posts\/2716"}],"collection":[{"href":"https:\/\/www.italiaeconomiaonline.it\/web\/wp-json\/wp\/v2\/posts"}],"about":[{"href":"https:\/\/www.italiaeconomiaonline.it\/web\/wp-json\/wp\/v2\/types\/post"}],"author":[{"embeddable":true,"href":"https:\/\/www.italiaeconomiaonline.it\/web\/wp-json\/wp\/v2\/users\/1"}],"replies":[{"embeddable":true,"href":"https:\/\/www.italiaeconomiaonline.it\/web\/wp-json\/wp\/v2\/comments?post=2716"}],"version-history":[{"count":2,"href":"https:\/\/www.italiaeconomiaonline.it\/web\/wp-json\/wp\/v2\/posts\/2716\/revisions"}],"predecessor-version":[{"id":2719,"href":"https:\/\/www.italiaeconomiaonline.it\/web\/wp-json\/wp\/v2\/posts\/2716\/revisions\/2719"}],"wp:featuredmedia":[{"embeddable":true,"href":"https:\/\/www.italiaeconomiaonline.it\/web\/wp-json\/wp\/v2\/media\/2717"}],"wp:attachment":[{"href":"https:\/\/www.italiaeconomiaonline.it\/web\/wp-json\/wp\/v2\/media?parent=2716"}],"wp:term":[{"taxonomy":"category","embeddable":true,"href":"https:\/\/www.italiaeconomiaonline.it\/web\/wp-json\/wp\/v2\/categories?post=2716"},{"taxonomy":"post_tag","embeddable":true,"href":"https:\/\/www.italiaeconomiaonline.it\/web\/wp-json\/wp\/v2\/tags?post=2716"}],"curies":[{"name":"wp","href":"https:\/\/api.w.org\/{rel}","templated":true}]}}