{"id":2723,"date":"2020-03-22T21:52:49","date_gmt":"2020-03-22T20:52:49","guid":{"rendered":"http:\/\/www.italiaeconomiaonline.it\/web\/?p=2723"},"modified":"2020-03-22T21:52:49","modified_gmt":"2020-03-22T20:52:49","slug":"coronavirus-firmato-il-decreto-ecco-chi-continuera-a-lavorare","status":"publish","type":"post","link":"https:\/\/www.italiaeconomiaonline.it\/web\/coronavirus-firmato-il-decreto-ecco-chi-continuera-a-lavorare\/","title":{"rendered":"Coronavirus, firmato il decreto: ecco chi continuer\u00e0 a lavorare"},"content":{"rendered":"<p><span class=\"dropcap dropcap3\">I<\/span>l Presidente Conte ha firmato il dpcm che introduce ulteriori misure in materia di contenimento e gestione dell&#8217;emergenza epidemiologica da COVID-19, applicabili sull&#8217;intero territorio nazionale.<\/p>\n<p>Le attivit\u00e0 professionali possono continuare, sono sospese soltanto le attivit\u00e0 produttive.<\/p>\n<p>Lo ha stabilito il decreto del presidente del Consiglio dei ministri che ha indicato le attivit\u00e0 produttive che possono rimanere aperte. (<a href=\"http:\/\/www.italiaeconomiaonline.it\/web\/wp-content\/uploads\/2020\/03\/dpcm_20200322_allegato_1.pdf\" target=\"_blank\" rel=\"noopener noreferrer\">qui la lista delle attivit\u00e0 che potranno rimanere aperte)<\/a><\/p>\n<p>Le disposizioni del <a href=\"http:\/\/www.italiaeconomiaonline.it\/web\/wp-content\/uploads\/2020\/03\/dpcm_20200322.pdf\" target=\"_blank\" rel=\"noopener noreferrer\">decreto<\/a>producono effetto dalla data del 23 marzo 2020 e sono efficaci fino al 3 aprile 2020.<\/p>\n","protected":false},"excerpt":{"rendered":"<p>Il Presidente Conte ha firmato il dpcm che introduce ulteriori misure in materia di contenimento e gestione dell&#8217;emergenza epidemiologica da COVID-19, applicabili sull&#8217;intero territorio nazionale. Le attivit\u00e0 professionali possono continuare, sono sospese soltanto le attivit\u00e0 produttive. Lo ha stabilito il decreto del presidente del Consiglio dei ministri che ha indicato le attivit\u00e0 produttive che possono [&hellip;]<\/p>\n","protected":false},"author":1,"featured_media":1079,"comment_status":"closed","ping_status":"open","sticky":false,"template":"","format":"standard","meta":{"footnotes":""},"categories":[56],"tags":[],"yoast_head":"<!-- This site is optimized with the Yoast SEO plugin v22.2 - https:\/\/yoast.com\/wordpress\/plugins\/seo\/ -->\n<title>Coronavirus, firmato il decreto: ecco chi continuer\u00e0 a lavorare -<\/title>\n<meta name=\"robots\" content=\"index, follow, max-snippet:-1, max-image-preview:large, max-video-preview:-1\" \/>\n<link rel=\"canonical\" href=\"https:\/\/www.italiaeconomiaonline.it\/web\/coronavirus-firmato-il-decreto-ecco-chi-continuera-a-lavorare\/\" \/>\n<meta property=\"og:locale\" content=\"it_IT\" \/>\n<meta property=\"og:type\" content=\"article\" \/>\n<meta property=\"og:title\" content=\"Coronavirus, firmato il decreto: ecco chi continuer\u00e0 a lavorare -\" \/>\n<meta property=\"og:description\" content=\"Il Presidente Conte ha firmato il dpcm che introduce ulteriori misure in materia di contenimento e gestione dell&#8217;emergenza epidemiologica da COVID-19, applicabili sull&#8217;intero territorio nazionale. Le attivit\u00e0 professionali possono continuare, sono sospese soltanto le attivit\u00e0 produttive. Lo ha stabilito il decreto del presidente del Consiglio dei ministri che ha indicato le attivit\u00e0 produttive che possono [&hellip;]\" \/>\n<meta property=\"og:url\" content=\"https:\/\/www.italiaeconomiaonline.it\/web\/coronavirus-firmato-il-decreto-ecco-chi-continuera-a-lavorare\/\" \/>\n<meta property=\"og:site_name\" content=\"ItaliaEconomiaOnline\" \/>\n<meta property=\"article:published_time\" content=\"2020-03-22T20:52:49+00:00\" \/>\n<meta property=\"og:image\" content=\"https:\/\/www.italiaeconomiaonline.it\/web\/wp-content\/uploads\/2019\/06\/conte.jpg\" \/>\n\t<meta property=\"og:image:width\" content=\"1280\" \/>\n\t<meta property=\"og:image:height\" content=\"853\" \/>\n\t<meta property=\"og:image:type\" content=\"image\/jpeg\" \/>\n<meta name=\"author\" content=\"ladyitaliaeconomia\" \/>\n<meta name=\"twitter:card\" content=\"summary_large_image\" \/>\n<meta name=\"twitter:label1\" content=\"Scritto da\" \/>\n\t<meta name=\"twitter:data1\" content=\"ladyitaliaeconomia\" \/>\n<script type=\"application\/ld+json\" class=\"yoast-schema-graph\">{\"@context\":\"https:\/\/schema.org\",\"@graph\":[{\"@type\":\"WebPage\",\"@id\":\"https:\/\/www.italiaeconomiaonline.it\/web\/coronavirus-firmato-il-decreto-ecco-chi-continuera-a-lavorare\/\",\"url\":\"https:\/\/www.italiaeconomiaonline.it\/web\/coronavirus-firmato-il-decreto-ecco-chi-continuera-a-lavorare\/\",\"name\":\"Coronavirus, firmato il decreto: ecco chi continuer\u00e0 a lavorare -\",\"isPartOf\":{\"@id\":\"https:\/\/www.italiaeconomiaonline.it\/web\/#website\"},\"primaryImageOfPage\":{\"@id\":\"https:\/\/www.italiaeconomiaonline.it\/web\/coronavirus-firmato-il-decreto-ecco-chi-continuera-a-lavorare\/#primaryimage\"},\"image\":{\"@id\":\"https:\/\/www.italiaeconomiaonline.it\/web\/coronavirus-firmato-il-decreto-ecco-chi-continuera-a-lavorare\/#primaryimage\"},\"thumbnailUrl\":\"https:\/\/www.italiaeconomiaonline.it\/web\/wp-content\/uploads\/2019\/06\/conte.jpg\",\"datePublished\":\"2020-03-22T20:52:49+00:00\",\"dateModified\":\"2020-03-22T20:52:49+00:00\",\"author\":{\"@id\":\"https:\/\/www.italiaeconomiaonline.it\/web\/#\/schema\/person\/909a49cce752523b020fbc37d5ab1c31\"},\"breadcrumb\":{\"@id\":\"https:\/\/www.italiaeconomiaonline.it\/web\/coronavirus-firmato-il-decreto-ecco-chi-continuera-a-lavorare\/#breadcrumb\"},\"inLanguage\":\"it-IT\",\"potentialAction\":[{\"@type\":\"ReadAction\",\"target\":[\"https:\/\/www.italiaeconomiaonline.it\/web\/coronavirus-firmato-il-decreto-ecco-chi-continuera-a-lavorare\/\"]}]},{\"@type\":\"ImageObject\",\"inLanguage\":\"it-IT\",\"@id\":\"https:\/\/www.italiaeconomiaonline.it\/web\/coronavirus-firmato-il-decreto-ecco-chi-continuera-a-lavorare\/#primaryimage\",\"url\":\"https:\/\/www.italiaeconomiaonline.it\/web\/wp-content\/uploads\/2019\/06\/conte.jpg\",\"contentUrl\":\"https:\/\/www.italiaeconomiaonline.it\/web\/wp-content\/uploads\/2019\/06\/conte.jpg\",\"width\":1280,\"height\":853},{\"@type\":\"BreadcrumbList\",\"@id\":\"https:\/\/www.italiaeconomiaonline.it\/web\/coronavirus-firmato-il-decreto-ecco-chi-continuera-a-lavorare\/#breadcrumb\",\"itemListElement\":[{\"@type\":\"ListItem\",\"position\":1,\"name\":\"Home\",\"item\":\"https:\/\/www.italiaeconomiaonline.it\/web\/\"},{\"@type\":\"ListItem\",\"position\":2,\"name\":\"Coronavirus, firmato il decreto: ecco chi continuer\u00e0 a lavorare\"}]},{\"@type\":\"WebSite\",\"@id\":\"https:\/\/www.italiaeconomiaonline.it\/web\/#website\",\"url\":\"https:\/\/www.italiaeconomiaonline.it\/web\/\",\"name\":\"ItaliaEconomiaOnline\",\"description\":\"Quotidiano Economico Online\",\"potentialAction\":[{\"@type\":\"SearchAction\",\"target\":{\"@type\":\"EntryPoint\",\"urlTemplate\":\"https:\/\/www.italiaeconomiaonline.it\/web\/?s={search_term_string}\"},\"query-input\":\"required name=search_term_string\"}],\"inLanguage\":\"it-IT\"},{\"@type\":\"Person\",\"@id\":\"https:\/\/www.italiaeconomiaonline.it\/web\/#\/schema\/person\/909a49cce752523b020fbc37d5ab1c31\",\"name\":\"ladyitaliaeconomia\",\"image\":{\"@type\":\"ImageObject\",\"inLanguage\":\"it-IT\",\"@id\":\"https:\/\/www.italiaeconomiaonline.it\/web\/#\/schema\/person\/image\/\",\"url\":\"https:\/\/secure.gravatar.com\/avatar\/cedca10ce7416a579b9fa6bce9c0a8f2?s=96&d=mm&r=g\",\"contentUrl\":\"https:\/\/secure.gravatar.com\/avatar\/cedca10ce7416a579b9fa6bce9c0a8f2?s=96&d=mm&r=g\",\"caption\":\"ladyitaliaeconomia\"},\"url\":\"https:\/\/www.italiaeconomiaonline.it\/web\/author\/ladyitaliaeconomia\/\"}]}<\/script>\n<!-- \/ Yoast SEO plugin. -->","yoast_head_json":{"title":"Coronavirus, firmato il decreto: ecco chi continuer\u00e0 a lavorare -","robots":{"index":"index","follow":"follow","max-snippet":"max-snippet:-1","max-image-preview":"max-image-preview:large","max-video-preview":"max-video-preview:-1"},"canonical":"https:\/\/www.italiaeconomiaonline.it\/web\/coronavirus-firmato-il-decreto-ecco-chi-continuera-a-lavorare\/","og_locale":"it_IT","og_type":"article","og_title":"Coronavirus, firmato il decreto: ecco chi continuer\u00e0 a lavorare -","og_description":"Il Presidente Conte ha firmato il dpcm che introduce ulteriori misure in materia di contenimento e gestione dell&#8217;emergenza epidemiologica da COVID-19, applicabili sull&#8217;intero territorio nazionale. Le attivit\u00e0 professionali possono continuare, sono sospese soltanto le attivit\u00e0 produttive. Lo ha stabilito il decreto del presidente del Consiglio dei ministri che ha indicato le attivit\u00e0 produttive che possono [&hellip;]","og_url":"https:\/\/www.italiaeconomiaonline.it\/web\/coronavirus-firmato-il-decreto-ecco-chi-continuera-a-lavorare\/","og_site_name":"ItaliaEconomiaOnline","article_published_time":"2020-03-22T20:52:49+00:00","og_image":[{"width":1280,"height":853,"url":"https:\/\/www.italiaeconomiaonline.it\/web\/wp-content\/uploads\/2019\/06\/conte.jpg","type":"image\/jpeg"}],"author":"ladyitaliaeconomia","twitter_card":"summary_large_image","twitter_misc":{"Scritto da":"ladyitaliaeconomia"},"schema":{"@context":"https:\/\/schema.org","@graph":[{"@type":"WebPage","@id":"https:\/\/www.italiaeconomiaonline.it\/web\/coronavirus-firmato-il-decreto-ecco-chi-continuera-a-lavorare\/","url":"https:\/\/www.italiaeconomiaonline.it\/web\/coronavirus-firmato-il-decreto-ecco-chi-continuera-a-lavorare\/","name":"Coronavirus, firmato il decreto: ecco chi continuer\u00e0 a lavorare -","isPartOf":{"@id":"https:\/\/www.italiaeconomiaonline.it\/web\/#website"},"primaryImageOfPage":{"@id":"https:\/\/www.italiaeconomiaonline.it\/web\/coronavirus-firmato-il-decreto-ecco-chi-continuera-a-lavorare\/#primaryimage"},"image":{"@id":"https:\/\/www.italiaeconomiaonline.it\/web\/coronavirus-firmato-il-decreto-ecco-chi-continuera-a-lavorare\/#primaryimage"},"thumbnailUrl":"https:\/\/www.italiaeconomiaonline.it\/web\/wp-content\/uploads\/2019\/06\/conte.jpg","datePublished":"2020-03-22T20:52:49+00:00","dateModified":"2020-03-22T20:52:49+00:00","author":{"@id":"https:\/\/www.italiaeconomiaonline.it\/web\/#\/schema\/person\/909a49cce752523b020fbc37d5ab1c31"},"breadcrumb":{"@id":"https:\/\/www.italiaeconomiaonline.it\/web\/coronavirus-firmato-il-decreto-ecco-chi-continuera-a-lavorare\/#breadcrumb"},"inLanguage":"it-IT","potentialAction":[{"@type":"ReadAction","target":["https:\/\/www.italiaeconomiaonline.it\/web\/coronavirus-firmato-il-decreto-ecco-chi-continuera-a-lavorare\/"]}]},{"@type":"ImageObject","inLanguage":"it-IT","@id":"https:\/\/www.italiaeconomiaonline.it\/web\/coronavirus-firmato-il-decreto-ecco-chi-continuera-a-lavorare\/#primaryimage","url":"https:\/\/www.italiaeconomiaonline.it\/web\/wp-content\/uploads\/2019\/06\/conte.jpg","contentUrl":"https:\/\/www.italiaeconomiaonline.it\/web\/wp-content\/uploads\/2019\/06\/conte.jpg","width":1280,"height":853},{"@type":"BreadcrumbList","@id":"https:\/\/www.italiaeconomiaonline.it\/web\/coronavirus-firmato-il-decreto-ecco-chi-continuera-a-lavorare\/#breadcrumb","itemListElement":[{"@type":"ListItem","position":1,"name":"Home","item":"https:\/\/www.italiaeconomiaonline.it\/web\/"},{"@type":"ListItem","position":2,"name":"Coronavirus, firmato il decreto: ecco chi continuer\u00e0 a lavorare"}]},{"@type":"WebSite","@id":"https:\/\/www.italiaeconomiaonline.it\/web\/#website","url":"https:\/\/www.italiaeconomiaonline.it\/web\/","name":"ItaliaEconomiaOnline","description":"Quotidiano Economico Online","potentialAction":[{"@type":"SearchAction","target":{"@type":"EntryPoint","urlTemplate":"https:\/\/www.italiaeconomiaonline.it\/web\/?s={search_term_string}"},"query-input":"required name=search_term_string"}],"inLanguage":"it-IT"},{"@type":"Person","@id":"https:\/\/www.italiaeconomiaonline.it\/web\/#\/schema\/person\/909a49cce752523b020fbc37d5ab1c31","name":"ladyitaliaeconomia","image":{"@type":"ImageObject","inLanguage":"it-IT","@id":"https:\/\/www.italiaeconomiaonline.it\/web\/#\/schema\/person\/image\/","url":"https:\/\/secure.gravatar.com\/avatar\/cedca10ce7416a579b9fa6bce9c0a8f2?s=96&d=mm&r=g","contentUrl":"https:\/\/secure.gravatar.com\/avatar\/cedca10ce7416a579b9fa6bce9c0a8f2?s=96&d=mm&r=g","caption":"ladyitaliaeconomia"},"url":"https:\/\/www.italiaeconomiaonline.it\/web\/author\/ladyitaliaeconomia\/"}]}},"_links":{"self":[{"href":"https:\/\/www.italiaeconomiaonline.it\/web\/wp-json\/wp\/v2\/posts\/2723"}],"collection":[{"href":"https:\/\/www.italiaeconomiaonline.it\/web\/wp-json\/wp\/v2\/posts"}],"about":[{"href":"https:\/\/www.italiaeconomiaonline.it\/web\/wp-json\/wp\/v2\/types\/post"}],"author":[{"embeddable":true,"href":"https:\/\/www.italiaeconomiaonline.it\/web\/wp-json\/wp\/v2\/users\/1"}],"replies":[{"embeddable":true,"href":"https:\/\/www.italiaeconomiaonline.it\/web\/wp-json\/wp\/v2\/comments?post=2723"}],"version-history":[{"count":1,"href":"https:\/\/www.italiaeconomiaonline.it\/web\/wp-json\/wp\/v2\/posts\/2723\/revisions"}],"predecessor-version":[{"id":2726,"href":"https:\/\/www.italiaeconomiaonline.it\/web\/wp-json\/wp\/v2\/posts\/2723\/revisions\/2726"}],"wp:featuredmedia":[{"embeddable":true,"href":"https:\/\/www.italiaeconomiaonline.it\/web\/wp-json\/wp\/v2\/media\/1079"}],"wp:attachment":[{"href":"https:\/\/www.italiaeconomiaonline.it\/web\/wp-json\/wp\/v2\/media?parent=2723"}],"wp:term":[{"taxonomy":"category","embeddable":true,"href":"https:\/\/www.italiaeconomiaonline.it\/web\/wp-json\/wp\/v2\/categories?post=2723"},{"taxonomy":"post_tag","embeddable":true,"href":"https:\/\/www.italiaeconomiaonline.it\/web\/wp-json\/wp\/v2\/tags?post=2723"}],"curies":[{"name":"wp","href":"https:\/\/api.w.org\/{rel}","templated":true}]}}