{"id":2762,"date":"2020-03-27T12:17:10","date_gmt":"2020-03-27T11:17:10","guid":{"rendered":"http:\/\/www.italiaeconomiaonline.it\/web\/?p=2762"},"modified":"2020-03-27T12:19:24","modified_gmt":"2020-03-27T11:19:24","slug":"martedi-31-bandiere-a-mezzasta-nei-comuni-italiani-alle-12-un-minuto-di-silenzio-per-le-vittime","status":"publish","type":"post","link":"https:\/\/www.italiaeconomiaonline.it\/web\/martedi-31-bandiere-a-mezzasta-nei-comuni-italiani-alle-12-un-minuto-di-silenzio-per-le-vittime\/","title":{"rendered":"Marted\u00ec 31 bandiere a mezz&#8217;asta nei Comuni italiani. Alle 12 un minuto di silenzio per le vittime"},"content":{"rendered":"<p><span class=\"dropcap dropcap3\">B<\/span>andiere a mezz\u2019asta e minuto di silenzio osservato dal sindaco davanti al municipio in tutti i Comuni italiani, marted\u00ec 31 marzo alle 12, in segno di lutto e di solidariet\u00e0. Per ricordare le vittime del coronavirus, per onorare il sacrificio e l\u2019impegno degli operatori sanitari, per abbracciarci idealmente tutti, per essere di sostegno l\u2019uno all\u2019altro, come sappiamo fare noi sindaci\u201d.<\/p>\n<p>Il presidente dell\u2019Anci e sindaco di Bari, Antonio Decaro, rivolge questo invito attraverso una lettera inviata a tutti i sindaci italiani perch\u00e9 si uniscano alla iniziativa lanciata dal presidente della Provincia di Bergamo, Gianfranco Gafforelli.<\/p>\n<p>\u201cCome succede sempre nelle grandi emergenze &#8211; continua Decaro &#8211; noi sindaci, destinatari e custodi delle preoccupazioni dei cittadini e delle loro comprensibili angosce, \u00a0siamo sottoposti alla forte pressione di avere la responsabilit\u00e0 di una comunit\u00e0 intera. Lo sconforto, che pure avvertiamo, non deve prevalere. Reagiamo con forza per trasmettere fiducia e speranza. Osserviamo il minuto di silenzio in segno di lutto per tutte le vittime e in segno di solidariet\u00e0 per le comunit\u00e0 che stanno pagando il prezzo pi\u00f9 alto\u201d.<\/p>\n<p>&nbsp;<\/p>\n","protected":false},"excerpt":{"rendered":"<p>Bandiere a mezz\u2019asta e minuto di silenzio osservato dal sindaco davanti al municipio in tutti i Comuni italiani, marted\u00ec 31 marzo alle 12, in segno di lutto e di solidariet\u00e0. Per ricordare le vittime del coronavirus, per onorare il sacrificio e l\u2019impegno degli operatori sanitari, per abbracciarci idealmente tutti, per essere di sostegno l\u2019uno all\u2019altro, [&hellip;]<\/p>\n","protected":false},"author":1,"featured_media":2763,"comment_status":"closed","ping_status":"open","sticky":false,"template":"","format":"standard","meta":{"footnotes":""},"categories":[56],"tags":[971,877],"yoast_head":"<!-- This site is optimized with the Yoast SEO plugin v22.2 - https:\/\/yoast.com\/wordpress\/plugins\/seo\/ -->\n<title>Marted\u00ec 31 bandiere a mezz&#039;asta nei Comuni italiani. Alle 12 un minuto di silenzio per le vittime -<\/title>\n<meta name=\"robots\" content=\"index, follow, max-snippet:-1, max-image-preview:large, max-video-preview:-1\" \/>\n<link rel=\"canonical\" href=\"https:\/\/www.italiaeconomiaonline.it\/web\/martedi-31-bandiere-a-mezzasta-nei-comuni-italiani-alle-12-un-minuto-di-silenzio-per-le-vittime\/\" \/>\n<meta property=\"og:locale\" content=\"it_IT\" \/>\n<meta property=\"og:type\" content=\"article\" \/>\n<meta property=\"og:title\" content=\"Marted\u00ec 31 bandiere a mezz&#039;asta nei Comuni italiani. Alle 12 un minuto di silenzio per le vittime -\" \/>\n<meta property=\"og:description\" content=\"Bandiere a mezz\u2019asta e minuto di silenzio osservato dal sindaco davanti al municipio in tutti i Comuni italiani, marted\u00ec 31 marzo alle 12, in segno di lutto e di solidariet\u00e0. Per ricordare le vittime del coronavirus, per onorare il sacrificio e l\u2019impegno degli operatori sanitari, per abbracciarci idealmente tutti, per essere di sostegno l\u2019uno all\u2019altro, [&hellip;]\" \/>\n<meta property=\"og:url\" content=\"https:\/\/www.italiaeconomiaonline.it\/web\/martedi-31-bandiere-a-mezzasta-nei-comuni-italiani-alle-12-un-minuto-di-silenzio-per-le-vittime\/\" \/>\n<meta property=\"og:site_name\" content=\"ItaliaEconomiaOnline\" \/>\n<meta property=\"article:published_time\" content=\"2020-03-27T11:17:10+00:00\" \/>\n<meta property=\"article:modified_time\" content=\"2020-03-27T11:19:24+00:00\" \/>\n<meta property=\"og:image\" content=\"https:\/\/www.italiaeconomiaonline.it\/web\/wp-content\/uploads\/2020\/03\/Schermata-2020-03-27-alle-12.15.47.png\" \/>\n\t<meta property=\"og:image:width\" content=\"1698\" \/>\n\t<meta property=\"og:image:height\" content=\"1042\" \/>\n\t<meta property=\"og:image:type\" content=\"image\/png\" \/>\n<meta name=\"author\" content=\"ladyitaliaeconomia\" \/>\n<meta name=\"twitter:card\" content=\"summary_large_image\" \/>\n<meta name=\"twitter:label1\" content=\"Scritto da\" \/>\n\t<meta name=\"twitter:data1\" content=\"ladyitaliaeconomia\" \/>\n\t<meta name=\"twitter:label2\" content=\"Tempo di lettura stimato\" \/>\n\t<meta name=\"twitter:data2\" content=\"1 minuto\" \/>\n<script type=\"application\/ld+json\" class=\"yoast-schema-graph\">{\"@context\":\"https:\/\/schema.org\",\"@graph\":[{\"@type\":\"WebPage\",\"@id\":\"https:\/\/www.italiaeconomiaonline.it\/web\/martedi-31-bandiere-a-mezzasta-nei-comuni-italiani-alle-12-un-minuto-di-silenzio-per-le-vittime\/\",\"url\":\"https:\/\/www.italiaeconomiaonline.it\/web\/martedi-31-bandiere-a-mezzasta-nei-comuni-italiani-alle-12-un-minuto-di-silenzio-per-le-vittime\/\",\"name\":\"Marted\u00ec 31 bandiere a mezz'asta nei Comuni italiani. Alle 12 un minuto di silenzio per le vittime -\",\"isPartOf\":{\"@id\":\"https:\/\/www.italiaeconomiaonline.it\/web\/#website\"},\"primaryImageOfPage\":{\"@id\":\"https:\/\/www.italiaeconomiaonline.it\/web\/martedi-31-bandiere-a-mezzasta-nei-comuni-italiani-alle-12-un-minuto-di-silenzio-per-le-vittime\/#primaryimage\"},\"image\":{\"@id\":\"https:\/\/www.italiaeconomiaonline.it\/web\/martedi-31-bandiere-a-mezzasta-nei-comuni-italiani-alle-12-un-minuto-di-silenzio-per-le-vittime\/#primaryimage\"},\"thumbnailUrl\":\"https:\/\/www.italiaeconomiaonline.it\/web\/wp-content\/uploads\/2020\/03\/Schermata-2020-03-27-alle-12.15.47.png\",\"datePublished\":\"2020-03-27T11:17:10+00:00\",\"dateModified\":\"2020-03-27T11:19:24+00:00\",\"author\":{\"@id\":\"https:\/\/www.italiaeconomiaonline.it\/web\/#\/schema\/person\/909a49cce752523b020fbc37d5ab1c31\"},\"breadcrumb\":{\"@id\":\"https:\/\/www.italiaeconomiaonline.it\/web\/martedi-31-bandiere-a-mezzasta-nei-comuni-italiani-alle-12-un-minuto-di-silenzio-per-le-vittime\/#breadcrumb\"},\"inLanguage\":\"it-IT\",\"potentialAction\":[{\"@type\":\"ReadAction\",\"target\":[\"https:\/\/www.italiaeconomiaonline.it\/web\/martedi-31-bandiere-a-mezzasta-nei-comuni-italiani-alle-12-un-minuto-di-silenzio-per-le-vittime\/\"]}]},{\"@type\":\"ImageObject\",\"inLanguage\":\"it-IT\",\"@id\":\"https:\/\/www.italiaeconomiaonline.it\/web\/martedi-31-bandiere-a-mezzasta-nei-comuni-italiani-alle-12-un-minuto-di-silenzio-per-le-vittime\/#primaryimage\",\"url\":\"https:\/\/www.italiaeconomiaonline.it\/web\/wp-content\/uploads\/2020\/03\/Schermata-2020-03-27-alle-12.15.47.png\",\"contentUrl\":\"https:\/\/www.italiaeconomiaonline.it\/web\/wp-content\/uploads\/2020\/03\/Schermata-2020-03-27-alle-12.15.47.png\",\"width\":1698,\"height\":1042},{\"@type\":\"BreadcrumbList\",\"@id\":\"https:\/\/www.italiaeconomiaonline.it\/web\/martedi-31-bandiere-a-mezzasta-nei-comuni-italiani-alle-12-un-minuto-di-silenzio-per-le-vittime\/#breadcrumb\",\"itemListElement\":[{\"@type\":\"ListItem\",\"position\":1,\"name\":\"Home\",\"item\":\"https:\/\/www.italiaeconomiaonline.it\/web\/\"},{\"@type\":\"ListItem\",\"position\":2,\"name\":\"Marted\u00ec 31 bandiere a mezz&#8217;asta nei Comuni italiani. Alle 12 un minuto di silenzio per le vittime\"}]},{\"@type\":\"WebSite\",\"@id\":\"https:\/\/www.italiaeconomiaonline.it\/web\/#website\",\"url\":\"https:\/\/www.italiaeconomiaonline.it\/web\/\",\"name\":\"ItaliaEconomiaOnline\",\"description\":\"Quotidiano Economico Online\",\"potentialAction\":[{\"@type\":\"SearchAction\",\"target\":{\"@type\":\"EntryPoint\",\"urlTemplate\":\"https:\/\/www.italiaeconomiaonline.it\/web\/?s={search_term_string}\"},\"query-input\":\"required name=search_term_string\"}],\"inLanguage\":\"it-IT\"},{\"@type\":\"Person\",\"@id\":\"https:\/\/www.italiaeconomiaonline.it\/web\/#\/schema\/person\/909a49cce752523b020fbc37d5ab1c31\",\"name\":\"ladyitaliaeconomia\",\"image\":{\"@type\":\"ImageObject\",\"inLanguage\":\"it-IT\",\"@id\":\"https:\/\/www.italiaeconomiaonline.it\/web\/#\/schema\/person\/image\/\",\"url\":\"https:\/\/secure.gravatar.com\/avatar\/cedca10ce7416a579b9fa6bce9c0a8f2?s=96&d=mm&r=g\",\"contentUrl\":\"https:\/\/secure.gravatar.com\/avatar\/cedca10ce7416a579b9fa6bce9c0a8f2?s=96&d=mm&r=g\",\"caption\":\"ladyitaliaeconomia\"},\"url\":\"https:\/\/www.italiaeconomiaonline.it\/web\/author\/ladyitaliaeconomia\/\"}]}<\/script>\n<!-- \/ Yoast SEO plugin. -->","yoast_head_json":{"title":"Marted\u00ec 31 bandiere a mezz'asta nei Comuni italiani. Alle 12 un minuto di silenzio per le vittime -","robots":{"index":"index","follow":"follow","max-snippet":"max-snippet:-1","max-image-preview":"max-image-preview:large","max-video-preview":"max-video-preview:-1"},"canonical":"https:\/\/www.italiaeconomiaonline.it\/web\/martedi-31-bandiere-a-mezzasta-nei-comuni-italiani-alle-12-un-minuto-di-silenzio-per-le-vittime\/","og_locale":"it_IT","og_type":"article","og_title":"Marted\u00ec 31 bandiere a mezz'asta nei Comuni italiani. Alle 12 un minuto di silenzio per le vittime -","og_description":"Bandiere a mezz\u2019asta e minuto di silenzio osservato dal sindaco davanti al municipio in tutti i Comuni italiani, marted\u00ec 31 marzo alle 12, in segno di lutto e di solidariet\u00e0. Per ricordare le vittime del coronavirus, per onorare il sacrificio e l\u2019impegno degli operatori sanitari, per abbracciarci idealmente tutti, per essere di sostegno l\u2019uno all\u2019altro, [&hellip;]","og_url":"https:\/\/www.italiaeconomiaonline.it\/web\/martedi-31-bandiere-a-mezzasta-nei-comuni-italiani-alle-12-un-minuto-di-silenzio-per-le-vittime\/","og_site_name":"ItaliaEconomiaOnline","article_published_time":"2020-03-27T11:17:10+00:00","article_modified_time":"2020-03-27T11:19:24+00:00","og_image":[{"width":1698,"height":1042,"url":"https:\/\/www.italiaeconomiaonline.it\/web\/wp-content\/uploads\/2020\/03\/Schermata-2020-03-27-alle-12.15.47.png","type":"image\/png"}],"author":"ladyitaliaeconomia","twitter_card":"summary_large_image","twitter_misc":{"Scritto da":"ladyitaliaeconomia","Tempo di lettura stimato":"1 minuto"},"schema":{"@context":"https:\/\/schema.org","@graph":[{"@type":"WebPage","@id":"https:\/\/www.italiaeconomiaonline.it\/web\/martedi-31-bandiere-a-mezzasta-nei-comuni-italiani-alle-12-un-minuto-di-silenzio-per-le-vittime\/","url":"https:\/\/www.italiaeconomiaonline.it\/web\/martedi-31-bandiere-a-mezzasta-nei-comuni-italiani-alle-12-un-minuto-di-silenzio-per-le-vittime\/","name":"Marted\u00ec 31 bandiere a mezz'asta nei Comuni italiani. Alle 12 un minuto di silenzio per le vittime -","isPartOf":{"@id":"https:\/\/www.italiaeconomiaonline.it\/web\/#website"},"primaryImageOfPage":{"@id":"https:\/\/www.italiaeconomiaonline.it\/web\/martedi-31-bandiere-a-mezzasta-nei-comuni-italiani-alle-12-un-minuto-di-silenzio-per-le-vittime\/#primaryimage"},"image":{"@id":"https:\/\/www.italiaeconomiaonline.it\/web\/martedi-31-bandiere-a-mezzasta-nei-comuni-italiani-alle-12-un-minuto-di-silenzio-per-le-vittime\/#primaryimage"},"thumbnailUrl":"https:\/\/www.italiaeconomiaonline.it\/web\/wp-content\/uploads\/2020\/03\/Schermata-2020-03-27-alle-12.15.47.png","datePublished":"2020-03-27T11:17:10+00:00","dateModified":"2020-03-27T11:19:24+00:00","author":{"@id":"https:\/\/www.italiaeconomiaonline.it\/web\/#\/schema\/person\/909a49cce752523b020fbc37d5ab1c31"},"breadcrumb":{"@id":"https:\/\/www.italiaeconomiaonline.it\/web\/martedi-31-bandiere-a-mezzasta-nei-comuni-italiani-alle-12-un-minuto-di-silenzio-per-le-vittime\/#breadcrumb"},"inLanguage":"it-IT","potentialAction":[{"@type":"ReadAction","target":["https:\/\/www.italiaeconomiaonline.it\/web\/martedi-31-bandiere-a-mezzasta-nei-comuni-italiani-alle-12-un-minuto-di-silenzio-per-le-vittime\/"]}]},{"@type":"ImageObject","inLanguage":"it-IT","@id":"https:\/\/www.italiaeconomiaonline.it\/web\/martedi-31-bandiere-a-mezzasta-nei-comuni-italiani-alle-12-un-minuto-di-silenzio-per-le-vittime\/#primaryimage","url":"https:\/\/www.italiaeconomiaonline.it\/web\/wp-content\/uploads\/2020\/03\/Schermata-2020-03-27-alle-12.15.47.png","contentUrl":"https:\/\/www.italiaeconomiaonline.it\/web\/wp-content\/uploads\/2020\/03\/Schermata-2020-03-27-alle-12.15.47.png","width":1698,"height":1042},{"@type":"BreadcrumbList","@id":"https:\/\/www.italiaeconomiaonline.it\/web\/martedi-31-bandiere-a-mezzasta-nei-comuni-italiani-alle-12-un-minuto-di-silenzio-per-le-vittime\/#breadcrumb","itemListElement":[{"@type":"ListItem","position":1,"name":"Home","item":"https:\/\/www.italiaeconomiaonline.it\/web\/"},{"@type":"ListItem","position":2,"name":"Marted\u00ec 31 bandiere a mezz&#8217;asta nei Comuni italiani. Alle 12 un minuto di silenzio per le vittime"}]},{"@type":"WebSite","@id":"https:\/\/www.italiaeconomiaonline.it\/web\/#website","url":"https:\/\/www.italiaeconomiaonline.it\/web\/","name":"ItaliaEconomiaOnline","description":"Quotidiano Economico Online","potentialAction":[{"@type":"SearchAction","target":{"@type":"EntryPoint","urlTemplate":"https:\/\/www.italiaeconomiaonline.it\/web\/?s={search_term_string}"},"query-input":"required name=search_term_string"}],"inLanguage":"it-IT"},{"@type":"Person","@id":"https:\/\/www.italiaeconomiaonline.it\/web\/#\/schema\/person\/909a49cce752523b020fbc37d5ab1c31","name":"ladyitaliaeconomia","image":{"@type":"ImageObject","inLanguage":"it-IT","@id":"https:\/\/www.italiaeconomiaonline.it\/web\/#\/schema\/person\/image\/","url":"https:\/\/secure.gravatar.com\/avatar\/cedca10ce7416a579b9fa6bce9c0a8f2?s=96&d=mm&r=g","contentUrl":"https:\/\/secure.gravatar.com\/avatar\/cedca10ce7416a579b9fa6bce9c0a8f2?s=96&d=mm&r=g","caption":"ladyitaliaeconomia"},"url":"https:\/\/www.italiaeconomiaonline.it\/web\/author\/ladyitaliaeconomia\/"}]}},"_links":{"self":[{"href":"https:\/\/www.italiaeconomiaonline.it\/web\/wp-json\/wp\/v2\/posts\/2762"}],"collection":[{"href":"https:\/\/www.italiaeconomiaonline.it\/web\/wp-json\/wp\/v2\/posts"}],"about":[{"href":"https:\/\/www.italiaeconomiaonline.it\/web\/wp-json\/wp\/v2\/types\/post"}],"author":[{"embeddable":true,"href":"https:\/\/www.italiaeconomiaonline.it\/web\/wp-json\/wp\/v2\/users\/1"}],"replies":[{"embeddable":true,"href":"https:\/\/www.italiaeconomiaonline.it\/web\/wp-json\/wp\/v2\/comments?post=2762"}],"version-history":[{"count":2,"href":"https:\/\/www.italiaeconomiaonline.it\/web\/wp-json\/wp\/v2\/posts\/2762\/revisions"}],"predecessor-version":[{"id":2765,"href":"https:\/\/www.italiaeconomiaonline.it\/web\/wp-json\/wp\/v2\/posts\/2762\/revisions\/2765"}],"wp:featuredmedia":[{"embeddable":true,"href":"https:\/\/www.italiaeconomiaonline.it\/web\/wp-json\/wp\/v2\/media\/2763"}],"wp:attachment":[{"href":"https:\/\/www.italiaeconomiaonline.it\/web\/wp-json\/wp\/v2\/media?parent=2762"}],"wp:term":[{"taxonomy":"category","embeddable":true,"href":"https:\/\/www.italiaeconomiaonline.it\/web\/wp-json\/wp\/v2\/categories?post=2762"},{"taxonomy":"post_tag","embeddable":true,"href":"https:\/\/www.italiaeconomiaonline.it\/web\/wp-json\/wp\/v2\/tags?post=2762"}],"curies":[{"name":"wp","href":"https:\/\/api.w.org\/{rel}","templated":true}]}}