{"id":2774,"date":"2020-03-29T15:56:31","date_gmt":"2020-03-29T13:56:31","guid":{"rendered":"http:\/\/www.italiaeconomiaonline.it\/web\/?p=2774"},"modified":"2020-03-29T15:56:31","modified_gmt":"2020-03-29T13:56:31","slug":"moratoria-su-mutui-e-potenziamento-fondo-pmi-al-via-task-force-fra-mef-banca-ditalia-abi-e-mcc","status":"publish","type":"post","link":"https:\/\/www.italiaeconomiaonline.it\/web\/moratoria-su-mutui-e-potenziamento-fondo-pmi-al-via-task-force-fra-mef-banca-ditalia-abi-e-mcc\/","title":{"rendered":"Moratoria su mutui e potenziamento Fondo Pmi, al via task Force fra Mef, Banca d\u2019Italia, Abi e Mcc"},"content":{"rendered":"<div>\n<p><span class=\"dropcap dropcap3\">I<\/span>l Ministero dell\u2019Economia e delle Finanze, la Banca d\u2019Italia, l\u2019Associazione Bancaria Italiana e il Mediocredito Centrale (MCC) hanno costituito una Task Force per assicurare l\u2019efficiente e rapido utilizzo delle misure di supporto alla liquidit\u00e0 adottate dal Governo con il Decreto Legge 18\/2020.<\/p>\n<p>Con tale misura \u00e8 stata adottata una moratoria fino al 30 settembre per i prestiti per le micro imprese, le Pmi, i professionisti e le ditte individuali, mentre l\u2019operativit\u00e0 del Fondo di garanzia per le PMI, gestito da Mcc, \u00e8 stata potenziata e ampliata, aumentandone le risorse e l\u2019ambito di intervento e rendendo pi\u00f9 veloci e semplici le procedure per l\u2019ottenimento della garanzia.<\/p>\n<p>La garanzia del Fondo \u00e8 all\u201980% dell\u2019importo (e al 90% in caso di riassicurazione di confidi) per tutti i prestiti fino a 1,5 milioni, ferma restando la possibilit\u00e0 di coprire all\u201980% anche i prestiti fino a 2,5 milioni quando siano rispettate alcune condizioni, fra cui l\u2019imprenditoria femminile, per i prestiti nel Mezzogiorno e per i finanziamenti per investimenti, nonch\u00e9 per tutti i prestiti fino a 5 milioni che rientrino negli ambiti di attivit\u00e0 coperti anche dalle sezioni speciali del Fondo stesso.<\/p>\n<p>\u00c8 inoltre previsto l\u2019avvio di una linea per la liquidit\u00e0 immediata (fino a 3.000 euro) per gli imprenditori persone fisiche (le cc.dd. partite IVA, anche se non iscritti al registro delle imprese) con accesso senza bisogno di alcuna valutazione da parte del Fondo, che si affianca alle garanzie all\u201980% gi\u00e0 attive sul micro-credito e sui finanziamenti fino a 25.000 euro (cosiddetto importo ridotto).<\/p>\n<p>La Task force operer\u00e0 per mettere le banche e i soggetti interessati a conoscenza delle nuove procedure, e per agevolarne l\u2019utilizzo. Proseguir\u00e0 il lavoro di coordinamento e scambio di informazioni gi\u00e0 positivamente avviato tra le parti in questi giorni, anche al fine di individuare le soluzioni pi\u00f9 appropriate rispetto a eventuali problemi applicativi e facilitarne la divulgazione, contribuendo all\u2019aggiornamento e all\u2019alimentazione della sezione dedicata a \u2018<a title=\"Domande e Risposte\" href=\"http:\/\/www.mef.gov.it\/covid-19\/faq.html\">Domande e Risposte<\/a>\u2019 nel sito del Ministero dell\u2019Economia e delle Finanze.<\/p>\n<p>La Task force, che avvier\u00e0 la propria operativit\u00e0 dall\u2019inizio della prossima settimana, coordiner\u00e0 la raccolta e la diffusione dei dati sugli strumenti previsti dalla normativa.<\/p>\n<\/div>\n<div class=\"d-flex justify-content-start mt-2 data-bot\"><\/div>\n","protected":false},"excerpt":{"rendered":"<p>Il Ministero dell\u2019Economia e delle Finanze, la Banca d\u2019Italia, l\u2019Associazione Bancaria Italiana e il Mediocredito Centrale (MCC) hanno costituito una Task Force per assicurare l\u2019efficiente e rapido utilizzo delle misure di supporto alla liquidit\u00e0 adottate dal Governo con il Decreto Legge 18\/2020. Con tale misura \u00e8 stata adottata una moratoria fino al 30 settembre per [&hellip;]<\/p>\n","protected":false},"author":1,"featured_media":1042,"comment_status":"closed","ping_status":"open","sticky":false,"template":"","format":"standard","meta":{"footnotes":""},"categories":[162],"tags":[181,974,877,975,115,973],"yoast_head":"<!-- This site is optimized with the Yoast SEO plugin v22.2 - https:\/\/yoast.com\/wordpress\/plugins\/seo\/ -->\n<title>Moratoria su mutui e potenziamento Fondo Pmi, al via task Force fra Mef, Banca d\u2019Italia, Abi e Mcc -<\/title>\n<meta name=\"robots\" content=\"index, follow, max-snippet:-1, max-image-preview:large, max-video-preview:-1\" \/>\n<link rel=\"canonical\" href=\"https:\/\/www.italiaeconomiaonline.it\/web\/moratoria-su-mutui-e-potenziamento-fondo-pmi-al-via-task-force-fra-mef-banca-ditalia-abi-e-mcc\/\" \/>\n<meta property=\"og:locale\" content=\"it_IT\" \/>\n<meta property=\"og:type\" content=\"article\" \/>\n<meta property=\"og:title\" content=\"Moratoria su mutui e potenziamento Fondo Pmi, al via task Force fra Mef, Banca d\u2019Italia, Abi e Mcc -\" \/>\n<meta property=\"og:description\" content=\"Il Ministero dell\u2019Economia e delle Finanze, la Banca d\u2019Italia, l\u2019Associazione Bancaria Italiana e il Mediocredito Centrale (MCC) hanno costituito una Task Force per assicurare l\u2019efficiente e rapido utilizzo delle misure di supporto alla liquidit\u00e0 adottate dal Governo con il Decreto Legge 18\/2020. Con tale misura \u00e8 stata adottata una moratoria fino al 30 settembre per [&hellip;]\" \/>\n<meta property=\"og:url\" content=\"https:\/\/www.italiaeconomiaonline.it\/web\/moratoria-su-mutui-e-potenziamento-fondo-pmi-al-via-task-force-fra-mef-banca-ditalia-abi-e-mcc\/\" \/>\n<meta property=\"og:site_name\" content=\"ItaliaEconomiaOnline\" \/>\n<meta property=\"article:published_time\" content=\"2020-03-29T13:56:31+00:00\" \/>\n<meta property=\"og:image\" content=\"https:\/\/www.italiaeconomiaonline.it\/web\/wp-content\/uploads\/2019\/06\/laptop-3196481_960_720.jpg\" \/>\n\t<meta property=\"og:image:width\" content=\"960\" \/>\n\t<meta property=\"og:image:height\" content=\"640\" \/>\n\t<meta property=\"og:image:type\" content=\"image\/jpeg\" \/>\n<meta name=\"author\" content=\"ladyitaliaeconomia\" \/>\n<meta name=\"twitter:card\" content=\"summary_large_image\" \/>\n<meta name=\"twitter:label1\" content=\"Scritto da\" \/>\n\t<meta name=\"twitter:data1\" content=\"ladyitaliaeconomia\" \/>\n\t<meta name=\"twitter:label2\" content=\"Tempo di lettura stimato\" \/>\n\t<meta name=\"twitter:data2\" content=\"2 minuti\" \/>\n<script type=\"application\/ld+json\" class=\"yoast-schema-graph\">{\"@context\":\"https:\/\/schema.org\",\"@graph\":[{\"@type\":\"WebPage\",\"@id\":\"https:\/\/www.italiaeconomiaonline.it\/web\/moratoria-su-mutui-e-potenziamento-fondo-pmi-al-via-task-force-fra-mef-banca-ditalia-abi-e-mcc\/\",\"url\":\"https:\/\/www.italiaeconomiaonline.it\/web\/moratoria-su-mutui-e-potenziamento-fondo-pmi-al-via-task-force-fra-mef-banca-ditalia-abi-e-mcc\/\",\"name\":\"Moratoria su mutui e potenziamento Fondo Pmi, al via task Force fra Mef, Banca d\u2019Italia, Abi e Mcc -\",\"isPartOf\":{\"@id\":\"https:\/\/www.italiaeconomiaonline.it\/web\/#website\"},\"primaryImageOfPage\":{\"@id\":\"https:\/\/www.italiaeconomiaonline.it\/web\/moratoria-su-mutui-e-potenziamento-fondo-pmi-al-via-task-force-fra-mef-banca-ditalia-abi-e-mcc\/#primaryimage\"},\"image\":{\"@id\":\"https:\/\/www.italiaeconomiaonline.it\/web\/moratoria-su-mutui-e-potenziamento-fondo-pmi-al-via-task-force-fra-mef-banca-ditalia-abi-e-mcc\/#primaryimage\"},\"thumbnailUrl\":\"https:\/\/www.italiaeconomiaonline.it\/web\/wp-content\/uploads\/2019\/06\/laptop-3196481_960_720.jpg\",\"datePublished\":\"2020-03-29T13:56:31+00:00\",\"dateModified\":\"2020-03-29T13:56:31+00:00\",\"author\":{\"@id\":\"https:\/\/www.italiaeconomiaonline.it\/web\/#\/schema\/person\/909a49cce752523b020fbc37d5ab1c31\"},\"breadcrumb\":{\"@id\":\"https:\/\/www.italiaeconomiaonline.it\/web\/moratoria-su-mutui-e-potenziamento-fondo-pmi-al-via-task-force-fra-mef-banca-ditalia-abi-e-mcc\/#breadcrumb\"},\"inLanguage\":\"it-IT\",\"potentialAction\":[{\"@type\":\"ReadAction\",\"target\":[\"https:\/\/www.italiaeconomiaonline.it\/web\/moratoria-su-mutui-e-potenziamento-fondo-pmi-al-via-task-force-fra-mef-banca-ditalia-abi-e-mcc\/\"]}]},{\"@type\":\"ImageObject\",\"inLanguage\":\"it-IT\",\"@id\":\"https:\/\/www.italiaeconomiaonline.it\/web\/moratoria-su-mutui-e-potenziamento-fondo-pmi-al-via-task-force-fra-mef-banca-ditalia-abi-e-mcc\/#primaryimage\",\"url\":\"https:\/\/www.italiaeconomiaonline.it\/web\/wp-content\/uploads\/2019\/06\/laptop-3196481_960_720.jpg\",\"contentUrl\":\"https:\/\/www.italiaeconomiaonline.it\/web\/wp-content\/uploads\/2019\/06\/laptop-3196481_960_720.jpg\",\"width\":960,\"height\":640},{\"@type\":\"BreadcrumbList\",\"@id\":\"https:\/\/www.italiaeconomiaonline.it\/web\/moratoria-su-mutui-e-potenziamento-fondo-pmi-al-via-task-force-fra-mef-banca-ditalia-abi-e-mcc\/#breadcrumb\",\"itemListElement\":[{\"@type\":\"ListItem\",\"position\":1,\"name\":\"Home\",\"item\":\"https:\/\/www.italiaeconomiaonline.it\/web\/\"},{\"@type\":\"ListItem\",\"position\":2,\"name\":\"Moratoria su mutui e potenziamento Fondo Pmi, al via task Force fra Mef, Banca d\u2019Italia, Abi e Mcc\"}]},{\"@type\":\"WebSite\",\"@id\":\"https:\/\/www.italiaeconomiaonline.it\/web\/#website\",\"url\":\"https:\/\/www.italiaeconomiaonline.it\/web\/\",\"name\":\"ItaliaEconomiaOnline\",\"description\":\"Quotidiano Economico Online\",\"potentialAction\":[{\"@type\":\"SearchAction\",\"target\":{\"@type\":\"EntryPoint\",\"urlTemplate\":\"https:\/\/www.italiaeconomiaonline.it\/web\/?s={search_term_string}\"},\"query-input\":\"required name=search_term_string\"}],\"inLanguage\":\"it-IT\"},{\"@type\":\"Person\",\"@id\":\"https:\/\/www.italiaeconomiaonline.it\/web\/#\/schema\/person\/909a49cce752523b020fbc37d5ab1c31\",\"name\":\"ladyitaliaeconomia\",\"image\":{\"@type\":\"ImageObject\",\"inLanguage\":\"it-IT\",\"@id\":\"https:\/\/www.italiaeconomiaonline.it\/web\/#\/schema\/person\/image\/\",\"url\":\"https:\/\/secure.gravatar.com\/avatar\/cedca10ce7416a579b9fa6bce9c0a8f2?s=96&d=mm&r=g\",\"contentUrl\":\"https:\/\/secure.gravatar.com\/avatar\/cedca10ce7416a579b9fa6bce9c0a8f2?s=96&d=mm&r=g\",\"caption\":\"ladyitaliaeconomia\"},\"url\":\"https:\/\/www.italiaeconomiaonline.it\/web\/author\/ladyitaliaeconomia\/\"}]}<\/script>\n<!-- \/ Yoast SEO plugin. -->","yoast_head_json":{"title":"Moratoria su mutui e potenziamento Fondo Pmi, al via task Force fra Mef, Banca d\u2019Italia, Abi e Mcc -","robots":{"index":"index","follow":"follow","max-snippet":"max-snippet:-1","max-image-preview":"max-image-preview:large","max-video-preview":"max-video-preview:-1"},"canonical":"https:\/\/www.italiaeconomiaonline.it\/web\/moratoria-su-mutui-e-potenziamento-fondo-pmi-al-via-task-force-fra-mef-banca-ditalia-abi-e-mcc\/","og_locale":"it_IT","og_type":"article","og_title":"Moratoria su mutui e potenziamento Fondo Pmi, al via task Force fra Mef, Banca d\u2019Italia, Abi e Mcc -","og_description":"Il Ministero dell\u2019Economia e delle Finanze, la Banca d\u2019Italia, l\u2019Associazione Bancaria Italiana e il Mediocredito Centrale (MCC) hanno costituito una Task Force per assicurare l\u2019efficiente e rapido utilizzo delle misure di supporto alla liquidit\u00e0 adottate dal Governo con il Decreto Legge 18\/2020. Con tale misura \u00e8 stata adottata una moratoria fino al 30 settembre per [&hellip;]","og_url":"https:\/\/www.italiaeconomiaonline.it\/web\/moratoria-su-mutui-e-potenziamento-fondo-pmi-al-via-task-force-fra-mef-banca-ditalia-abi-e-mcc\/","og_site_name":"ItaliaEconomiaOnline","article_published_time":"2020-03-29T13:56:31+00:00","og_image":[{"width":960,"height":640,"url":"https:\/\/www.italiaeconomiaonline.it\/web\/wp-content\/uploads\/2019\/06\/laptop-3196481_960_720.jpg","type":"image\/jpeg"}],"author":"ladyitaliaeconomia","twitter_card":"summary_large_image","twitter_misc":{"Scritto da":"ladyitaliaeconomia","Tempo di lettura stimato":"2 minuti"},"schema":{"@context":"https:\/\/schema.org","@graph":[{"@type":"WebPage","@id":"https:\/\/www.italiaeconomiaonline.it\/web\/moratoria-su-mutui-e-potenziamento-fondo-pmi-al-via-task-force-fra-mef-banca-ditalia-abi-e-mcc\/","url":"https:\/\/www.italiaeconomiaonline.it\/web\/moratoria-su-mutui-e-potenziamento-fondo-pmi-al-via-task-force-fra-mef-banca-ditalia-abi-e-mcc\/","name":"Moratoria su mutui e potenziamento Fondo Pmi, al via task Force fra Mef, Banca d\u2019Italia, Abi e Mcc -","isPartOf":{"@id":"https:\/\/www.italiaeconomiaonline.it\/web\/#website"},"primaryImageOfPage":{"@id":"https:\/\/www.italiaeconomiaonline.it\/web\/moratoria-su-mutui-e-potenziamento-fondo-pmi-al-via-task-force-fra-mef-banca-ditalia-abi-e-mcc\/#primaryimage"},"image":{"@id":"https:\/\/www.italiaeconomiaonline.it\/web\/moratoria-su-mutui-e-potenziamento-fondo-pmi-al-via-task-force-fra-mef-banca-ditalia-abi-e-mcc\/#primaryimage"},"thumbnailUrl":"https:\/\/www.italiaeconomiaonline.it\/web\/wp-content\/uploads\/2019\/06\/laptop-3196481_960_720.jpg","datePublished":"2020-03-29T13:56:31+00:00","dateModified":"2020-03-29T13:56:31+00:00","author":{"@id":"https:\/\/www.italiaeconomiaonline.it\/web\/#\/schema\/person\/909a49cce752523b020fbc37d5ab1c31"},"breadcrumb":{"@id":"https:\/\/www.italiaeconomiaonline.it\/web\/moratoria-su-mutui-e-potenziamento-fondo-pmi-al-via-task-force-fra-mef-banca-ditalia-abi-e-mcc\/#breadcrumb"},"inLanguage":"it-IT","potentialAction":[{"@type":"ReadAction","target":["https:\/\/www.italiaeconomiaonline.it\/web\/moratoria-su-mutui-e-potenziamento-fondo-pmi-al-via-task-force-fra-mef-banca-ditalia-abi-e-mcc\/"]}]},{"@type":"ImageObject","inLanguage":"it-IT","@id":"https:\/\/www.italiaeconomiaonline.it\/web\/moratoria-su-mutui-e-potenziamento-fondo-pmi-al-via-task-force-fra-mef-banca-ditalia-abi-e-mcc\/#primaryimage","url":"https:\/\/www.italiaeconomiaonline.it\/web\/wp-content\/uploads\/2019\/06\/laptop-3196481_960_720.jpg","contentUrl":"https:\/\/www.italiaeconomiaonline.it\/web\/wp-content\/uploads\/2019\/06\/laptop-3196481_960_720.jpg","width":960,"height":640},{"@type":"BreadcrumbList","@id":"https:\/\/www.italiaeconomiaonline.it\/web\/moratoria-su-mutui-e-potenziamento-fondo-pmi-al-via-task-force-fra-mef-banca-ditalia-abi-e-mcc\/#breadcrumb","itemListElement":[{"@type":"ListItem","position":1,"name":"Home","item":"https:\/\/www.italiaeconomiaonline.it\/web\/"},{"@type":"ListItem","position":2,"name":"Moratoria su mutui e potenziamento Fondo Pmi, al via task Force fra Mef, Banca d\u2019Italia, Abi e Mcc"}]},{"@type":"WebSite","@id":"https:\/\/www.italiaeconomiaonline.it\/web\/#website","url":"https:\/\/www.italiaeconomiaonline.it\/web\/","name":"ItaliaEconomiaOnline","description":"Quotidiano Economico Online","potentialAction":[{"@type":"SearchAction","target":{"@type":"EntryPoint","urlTemplate":"https:\/\/www.italiaeconomiaonline.it\/web\/?s={search_term_string}"},"query-input":"required name=search_term_string"}],"inLanguage":"it-IT"},{"@type":"Person","@id":"https:\/\/www.italiaeconomiaonline.it\/web\/#\/schema\/person\/909a49cce752523b020fbc37d5ab1c31","name":"ladyitaliaeconomia","image":{"@type":"ImageObject","inLanguage":"it-IT","@id":"https:\/\/www.italiaeconomiaonline.it\/web\/#\/schema\/person\/image\/","url":"https:\/\/secure.gravatar.com\/avatar\/cedca10ce7416a579b9fa6bce9c0a8f2?s=96&d=mm&r=g","contentUrl":"https:\/\/secure.gravatar.com\/avatar\/cedca10ce7416a579b9fa6bce9c0a8f2?s=96&d=mm&r=g","caption":"ladyitaliaeconomia"},"url":"https:\/\/www.italiaeconomiaonline.it\/web\/author\/ladyitaliaeconomia\/"}]}},"_links":{"self":[{"href":"https:\/\/www.italiaeconomiaonline.it\/web\/wp-json\/wp\/v2\/posts\/2774"}],"collection":[{"href":"https:\/\/www.italiaeconomiaonline.it\/web\/wp-json\/wp\/v2\/posts"}],"about":[{"href":"https:\/\/www.italiaeconomiaonline.it\/web\/wp-json\/wp\/v2\/types\/post"}],"author":[{"embeddable":true,"href":"https:\/\/www.italiaeconomiaonline.it\/web\/wp-json\/wp\/v2\/users\/1"}],"replies":[{"embeddable":true,"href":"https:\/\/www.italiaeconomiaonline.it\/web\/wp-json\/wp\/v2\/comments?post=2774"}],"version-history":[{"count":1,"href":"https:\/\/www.italiaeconomiaonline.it\/web\/wp-json\/wp\/v2\/posts\/2774\/revisions"}],"predecessor-version":[{"id":2775,"href":"https:\/\/www.italiaeconomiaonline.it\/web\/wp-json\/wp\/v2\/posts\/2774\/revisions\/2775"}],"wp:featuredmedia":[{"embeddable":true,"href":"https:\/\/www.italiaeconomiaonline.it\/web\/wp-json\/wp\/v2\/media\/1042"}],"wp:attachment":[{"href":"https:\/\/www.italiaeconomiaonline.it\/web\/wp-json\/wp\/v2\/media?parent=2774"}],"wp:term":[{"taxonomy":"category","embeddable":true,"href":"https:\/\/www.italiaeconomiaonline.it\/web\/wp-json\/wp\/v2\/categories?post=2774"},{"taxonomy":"post_tag","embeddable":true,"href":"https:\/\/www.italiaeconomiaonline.it\/web\/wp-json\/wp\/v2\/tags?post=2774"}],"curies":[{"name":"wp","href":"https:\/\/api.w.org\/{rel}","templated":true}]}}