{"id":2776,"date":"2020-03-29T15:59:17","date_gmt":"2020-03-29T13:59:17","guid":{"rendered":"http:\/\/www.italiaeconomiaonline.it\/web\/?p=2776"},"modified":"2020-03-29T15:59:17","modified_gmt":"2020-03-29T13:59:17","slug":"il-ministro-gualtieri-ha-firmato-il-decreto-per-estensione-operativita-fondo-solidarieta-per-mutui-prima-casa","status":"publish","type":"post","link":"https:\/\/www.italiaeconomiaonline.it\/web\/il-ministro-gualtieri-ha-firmato-il-decreto-per-estensione-operativita-fondo-solidarieta-per-mutui-prima-casa\/","title":{"rendered":"Il ministro Gualtieri ha firmato il decreto per estensione operativit\u00e0 Fondo Solidariet\u00e0 per mutui prima casa"},"content":{"rendered":"<div>\n<p><span class=\"dropcap dropcap3\">A<\/span> seguito della firma del Ministro dell\u2019Economia e delle Finanze, Roberto Gualtieri, \u00e8 stato pubblicato in Gazzetta Ufficiale il decreto che integra il regolamento del Fondo di Solidariet\u00e0 (il cd fondo Gasparrini) per i mutui per l\u2019acquisto della prima casa.<\/p>\n<p>I titolari di un mutuo contratto per l\u2019acquisto della prima casa che siano nelle situazioni di temporanea difficolt\u00e0 previste dal regolamento possono beneficiare della sospensione del pagamento delle rate fino a 18 mesi.<\/p>\n<p>In seguito all\u2019emergenza Covid, l\u2019operativit\u00e0 del fondo Gasparrini \u00e8 stata estesa: ora vi possono accedere anche i lavoratori dipendenti in cassa integrazione per un periodo di almeno 30 giorni e i lavoratori autonomi che abbiano subito un calo del proprio fatturato superiore al 33% rispetto al fatturato dell\u2019ultimo trimestre 2019.<\/p>\n<p>Inoltre, per tutte le ipotesi di accesso al Fondo non \u00e8 pi\u00f9 richiesta la presentazione dell\u2019indicatore della situazione economica equivalente (ISEE) ed \u00e8 stato previsto che il Fondo sopporti il 50% degli interessi che maturano nel periodo della sospensione.<\/p>\n<p>Per ottenere la sospensione del mutuo, il cittadino in possesso dei requisiti previsti per l\u2019accesso al Fondo deve presentare la domanda alla banca che ha concesso il mutuo e che \u00e8 tenuta a sospenderlo dietro presentazione della documentazione necessaria.<\/p>\n<p>Per quest\u2019ultima occorre fare riferimento alla modulistica che \u00e8 stata aggiornata e semplificata rispetto alla precedente ed \u00e8 disponibile da luned\u00ec 30 marzo sul sito internet del Ministero dell\u2019Economia e delle finanze.<\/p>\n<\/div>\n","protected":false},"excerpt":{"rendered":"<p>A seguito della firma del Ministro dell\u2019Economia e delle Finanze, Roberto Gualtieri, \u00e8 stato pubblicato in Gazzetta Ufficiale il decreto che integra il regolamento del Fondo di Solidariet\u00e0 (il cd fondo Gasparrini) per i mutui per l\u2019acquisto della prima casa. I titolari di un mutuo contratto per l\u2019acquisto della prima casa che siano nelle situazioni [&hellip;]<\/p>\n","protected":false},"author":1,"featured_media":2019,"comment_status":"closed","ping_status":"open","sticky":false,"template":"","format":"standard","meta":{"footnotes":""},"categories":[56],"tags":[],"yoast_head":"<!-- This site is optimized with the Yoast SEO plugin v22.2 - https:\/\/yoast.com\/wordpress\/plugins\/seo\/ -->\n<title>Il ministro Gualtieri ha firmato il decreto per estensione operativit\u00e0 Fondo Solidariet\u00e0 per mutui prima casa -<\/title>\n<meta name=\"robots\" content=\"index, follow, max-snippet:-1, max-image-preview:large, max-video-preview:-1\" \/>\n<link rel=\"canonical\" href=\"https:\/\/www.italiaeconomiaonline.it\/web\/il-ministro-gualtieri-ha-firmato-il-decreto-per-estensione-operativita-fondo-solidarieta-per-mutui-prima-casa\/\" \/>\n<meta property=\"og:locale\" content=\"it_IT\" \/>\n<meta property=\"og:type\" content=\"article\" \/>\n<meta property=\"og:title\" content=\"Il ministro Gualtieri ha firmato il decreto per estensione operativit\u00e0 Fondo Solidariet\u00e0 per mutui prima casa -\" \/>\n<meta property=\"og:description\" content=\"A seguito della firma del Ministro dell\u2019Economia e delle Finanze, Roberto Gualtieri, \u00e8 stato pubblicato in Gazzetta Ufficiale il decreto che integra il regolamento del Fondo di Solidariet\u00e0 (il cd fondo Gasparrini) per i mutui per l\u2019acquisto della prima casa. I titolari di un mutuo contratto per l\u2019acquisto della prima casa che siano nelle situazioni [&hellip;]\" \/>\n<meta property=\"og:url\" content=\"https:\/\/www.italiaeconomiaonline.it\/web\/il-ministro-gualtieri-ha-firmato-il-decreto-per-estensione-operativita-fondo-solidarieta-per-mutui-prima-casa\/\" \/>\n<meta property=\"og:site_name\" content=\"ItaliaEconomiaOnline\" \/>\n<meta property=\"article:published_time\" content=\"2020-03-29T13:59:17+00:00\" \/>\n<meta property=\"og:image\" content=\"https:\/\/www.italiaeconomiaonline.it\/web\/wp-content\/uploads\/2019\/11\/casa-mutui-abitazione.jpg\" \/>\n\t<meta property=\"og:image:width\" content=\"960\" \/>\n\t<meta property=\"og:image:height\" content=\"640\" \/>\n\t<meta property=\"og:image:type\" content=\"image\/jpeg\" \/>\n<meta name=\"author\" content=\"ladyitaliaeconomia\" \/>\n<meta name=\"twitter:card\" content=\"summary_large_image\" \/>\n<meta name=\"twitter:label1\" content=\"Scritto da\" \/>\n\t<meta name=\"twitter:data1\" content=\"ladyitaliaeconomia\" \/>\n\t<meta name=\"twitter:label2\" content=\"Tempo di lettura stimato\" \/>\n\t<meta name=\"twitter:data2\" content=\"1 minuto\" \/>\n<script type=\"application\/ld+json\" class=\"yoast-schema-graph\">{\"@context\":\"https:\/\/schema.org\",\"@graph\":[{\"@type\":\"WebPage\",\"@id\":\"https:\/\/www.italiaeconomiaonline.it\/web\/il-ministro-gualtieri-ha-firmato-il-decreto-per-estensione-operativita-fondo-solidarieta-per-mutui-prima-casa\/\",\"url\":\"https:\/\/www.italiaeconomiaonline.it\/web\/il-ministro-gualtieri-ha-firmato-il-decreto-per-estensione-operativita-fondo-solidarieta-per-mutui-prima-casa\/\",\"name\":\"Il ministro Gualtieri ha firmato il decreto per estensione operativit\u00e0 Fondo Solidariet\u00e0 per mutui prima casa -\",\"isPartOf\":{\"@id\":\"https:\/\/www.italiaeconomiaonline.it\/web\/#website\"},\"primaryImageOfPage\":{\"@id\":\"https:\/\/www.italiaeconomiaonline.it\/web\/il-ministro-gualtieri-ha-firmato-il-decreto-per-estensione-operativita-fondo-solidarieta-per-mutui-prima-casa\/#primaryimage\"},\"image\":{\"@id\":\"https:\/\/www.italiaeconomiaonline.it\/web\/il-ministro-gualtieri-ha-firmato-il-decreto-per-estensione-operativita-fondo-solidarieta-per-mutui-prima-casa\/#primaryimage\"},\"thumbnailUrl\":\"https:\/\/www.italiaeconomiaonline.it\/web\/wp-content\/uploads\/2019\/11\/casa-mutui-abitazione.jpg\",\"datePublished\":\"2020-03-29T13:59:17+00:00\",\"dateModified\":\"2020-03-29T13:59:17+00:00\",\"author\":{\"@id\":\"https:\/\/www.italiaeconomiaonline.it\/web\/#\/schema\/person\/909a49cce752523b020fbc37d5ab1c31\"},\"breadcrumb\":{\"@id\":\"https:\/\/www.italiaeconomiaonline.it\/web\/il-ministro-gualtieri-ha-firmato-il-decreto-per-estensione-operativita-fondo-solidarieta-per-mutui-prima-casa\/#breadcrumb\"},\"inLanguage\":\"it-IT\",\"potentialAction\":[{\"@type\":\"ReadAction\",\"target\":[\"https:\/\/www.italiaeconomiaonline.it\/web\/il-ministro-gualtieri-ha-firmato-il-decreto-per-estensione-operativita-fondo-solidarieta-per-mutui-prima-casa\/\"]}]},{\"@type\":\"ImageObject\",\"inLanguage\":\"it-IT\",\"@id\":\"https:\/\/www.italiaeconomiaonline.it\/web\/il-ministro-gualtieri-ha-firmato-il-decreto-per-estensione-operativita-fondo-solidarieta-per-mutui-prima-casa\/#primaryimage\",\"url\":\"https:\/\/www.italiaeconomiaonline.it\/web\/wp-content\/uploads\/2019\/11\/casa-mutui-abitazione.jpg\",\"contentUrl\":\"https:\/\/www.italiaeconomiaonline.it\/web\/wp-content\/uploads\/2019\/11\/casa-mutui-abitazione.jpg\",\"width\":960,\"height\":640},{\"@type\":\"BreadcrumbList\",\"@id\":\"https:\/\/www.italiaeconomiaonline.it\/web\/il-ministro-gualtieri-ha-firmato-il-decreto-per-estensione-operativita-fondo-solidarieta-per-mutui-prima-casa\/#breadcrumb\",\"itemListElement\":[{\"@type\":\"ListItem\",\"position\":1,\"name\":\"Home\",\"item\":\"https:\/\/www.italiaeconomiaonline.it\/web\/\"},{\"@type\":\"ListItem\",\"position\":2,\"name\":\"Il ministro Gualtieri ha firmato il decreto per estensione operativit\u00e0 Fondo Solidariet\u00e0 per mutui prima casa\"}]},{\"@type\":\"WebSite\",\"@id\":\"https:\/\/www.italiaeconomiaonline.it\/web\/#website\",\"url\":\"https:\/\/www.italiaeconomiaonline.it\/web\/\",\"name\":\"ItaliaEconomiaOnline\",\"description\":\"Quotidiano Economico Online\",\"potentialAction\":[{\"@type\":\"SearchAction\",\"target\":{\"@type\":\"EntryPoint\",\"urlTemplate\":\"https:\/\/www.italiaeconomiaonline.it\/web\/?s={search_term_string}\"},\"query-input\":\"required name=search_term_string\"}],\"inLanguage\":\"it-IT\"},{\"@type\":\"Person\",\"@id\":\"https:\/\/www.italiaeconomiaonline.it\/web\/#\/schema\/person\/909a49cce752523b020fbc37d5ab1c31\",\"name\":\"ladyitaliaeconomia\",\"image\":{\"@type\":\"ImageObject\",\"inLanguage\":\"it-IT\",\"@id\":\"https:\/\/www.italiaeconomiaonline.it\/web\/#\/schema\/person\/image\/\",\"url\":\"https:\/\/secure.gravatar.com\/avatar\/cedca10ce7416a579b9fa6bce9c0a8f2?s=96&d=mm&r=g\",\"contentUrl\":\"https:\/\/secure.gravatar.com\/avatar\/cedca10ce7416a579b9fa6bce9c0a8f2?s=96&d=mm&r=g\",\"caption\":\"ladyitaliaeconomia\"},\"url\":\"https:\/\/www.italiaeconomiaonline.it\/web\/author\/ladyitaliaeconomia\/\"}]}<\/script>\n<!-- \/ Yoast SEO plugin. -->","yoast_head_json":{"title":"Il ministro Gualtieri ha firmato il decreto per estensione operativit\u00e0 Fondo Solidariet\u00e0 per mutui prima casa -","robots":{"index":"index","follow":"follow","max-snippet":"max-snippet:-1","max-image-preview":"max-image-preview:large","max-video-preview":"max-video-preview:-1"},"canonical":"https:\/\/www.italiaeconomiaonline.it\/web\/il-ministro-gualtieri-ha-firmato-il-decreto-per-estensione-operativita-fondo-solidarieta-per-mutui-prima-casa\/","og_locale":"it_IT","og_type":"article","og_title":"Il ministro Gualtieri ha firmato il decreto per estensione operativit\u00e0 Fondo Solidariet\u00e0 per mutui prima casa -","og_description":"A seguito della firma del Ministro dell\u2019Economia e delle Finanze, Roberto Gualtieri, \u00e8 stato pubblicato in Gazzetta Ufficiale il decreto che integra il regolamento del Fondo di Solidariet\u00e0 (il cd fondo Gasparrini) per i mutui per l\u2019acquisto della prima casa. I titolari di un mutuo contratto per l\u2019acquisto della prima casa che siano nelle situazioni [&hellip;]","og_url":"https:\/\/www.italiaeconomiaonline.it\/web\/il-ministro-gualtieri-ha-firmato-il-decreto-per-estensione-operativita-fondo-solidarieta-per-mutui-prima-casa\/","og_site_name":"ItaliaEconomiaOnline","article_published_time":"2020-03-29T13:59:17+00:00","og_image":[{"width":960,"height":640,"url":"https:\/\/www.italiaeconomiaonline.it\/web\/wp-content\/uploads\/2019\/11\/casa-mutui-abitazione.jpg","type":"image\/jpeg"}],"author":"ladyitaliaeconomia","twitter_card":"summary_large_image","twitter_misc":{"Scritto da":"ladyitaliaeconomia","Tempo di lettura stimato":"1 minuto"},"schema":{"@context":"https:\/\/schema.org","@graph":[{"@type":"WebPage","@id":"https:\/\/www.italiaeconomiaonline.it\/web\/il-ministro-gualtieri-ha-firmato-il-decreto-per-estensione-operativita-fondo-solidarieta-per-mutui-prima-casa\/","url":"https:\/\/www.italiaeconomiaonline.it\/web\/il-ministro-gualtieri-ha-firmato-il-decreto-per-estensione-operativita-fondo-solidarieta-per-mutui-prima-casa\/","name":"Il ministro Gualtieri ha firmato il decreto per estensione operativit\u00e0 Fondo Solidariet\u00e0 per mutui prima casa -","isPartOf":{"@id":"https:\/\/www.italiaeconomiaonline.it\/web\/#website"},"primaryImageOfPage":{"@id":"https:\/\/www.italiaeconomiaonline.it\/web\/il-ministro-gualtieri-ha-firmato-il-decreto-per-estensione-operativita-fondo-solidarieta-per-mutui-prima-casa\/#primaryimage"},"image":{"@id":"https:\/\/www.italiaeconomiaonline.it\/web\/il-ministro-gualtieri-ha-firmato-il-decreto-per-estensione-operativita-fondo-solidarieta-per-mutui-prima-casa\/#primaryimage"},"thumbnailUrl":"https:\/\/www.italiaeconomiaonline.it\/web\/wp-content\/uploads\/2019\/11\/casa-mutui-abitazione.jpg","datePublished":"2020-03-29T13:59:17+00:00","dateModified":"2020-03-29T13:59:17+00:00","author":{"@id":"https:\/\/www.italiaeconomiaonline.it\/web\/#\/schema\/person\/909a49cce752523b020fbc37d5ab1c31"},"breadcrumb":{"@id":"https:\/\/www.italiaeconomiaonline.it\/web\/il-ministro-gualtieri-ha-firmato-il-decreto-per-estensione-operativita-fondo-solidarieta-per-mutui-prima-casa\/#breadcrumb"},"inLanguage":"it-IT","potentialAction":[{"@type":"ReadAction","target":["https:\/\/www.italiaeconomiaonline.it\/web\/il-ministro-gualtieri-ha-firmato-il-decreto-per-estensione-operativita-fondo-solidarieta-per-mutui-prima-casa\/"]}]},{"@type":"ImageObject","inLanguage":"it-IT","@id":"https:\/\/www.italiaeconomiaonline.it\/web\/il-ministro-gualtieri-ha-firmato-il-decreto-per-estensione-operativita-fondo-solidarieta-per-mutui-prima-casa\/#primaryimage","url":"https:\/\/www.italiaeconomiaonline.it\/web\/wp-content\/uploads\/2019\/11\/casa-mutui-abitazione.jpg","contentUrl":"https:\/\/www.italiaeconomiaonline.it\/web\/wp-content\/uploads\/2019\/11\/casa-mutui-abitazione.jpg","width":960,"height":640},{"@type":"BreadcrumbList","@id":"https:\/\/www.italiaeconomiaonline.it\/web\/il-ministro-gualtieri-ha-firmato-il-decreto-per-estensione-operativita-fondo-solidarieta-per-mutui-prima-casa\/#breadcrumb","itemListElement":[{"@type":"ListItem","position":1,"name":"Home","item":"https:\/\/www.italiaeconomiaonline.it\/web\/"},{"@type":"ListItem","position":2,"name":"Il ministro Gualtieri ha firmato il decreto per estensione operativit\u00e0 Fondo Solidariet\u00e0 per mutui prima casa"}]},{"@type":"WebSite","@id":"https:\/\/www.italiaeconomiaonline.it\/web\/#website","url":"https:\/\/www.italiaeconomiaonline.it\/web\/","name":"ItaliaEconomiaOnline","description":"Quotidiano Economico Online","potentialAction":[{"@type":"SearchAction","target":{"@type":"EntryPoint","urlTemplate":"https:\/\/www.italiaeconomiaonline.it\/web\/?s={search_term_string}"},"query-input":"required name=search_term_string"}],"inLanguage":"it-IT"},{"@type":"Person","@id":"https:\/\/www.italiaeconomiaonline.it\/web\/#\/schema\/person\/909a49cce752523b020fbc37d5ab1c31","name":"ladyitaliaeconomia","image":{"@type":"ImageObject","inLanguage":"it-IT","@id":"https:\/\/www.italiaeconomiaonline.it\/web\/#\/schema\/person\/image\/","url":"https:\/\/secure.gravatar.com\/avatar\/cedca10ce7416a579b9fa6bce9c0a8f2?s=96&d=mm&r=g","contentUrl":"https:\/\/secure.gravatar.com\/avatar\/cedca10ce7416a579b9fa6bce9c0a8f2?s=96&d=mm&r=g","caption":"ladyitaliaeconomia"},"url":"https:\/\/www.italiaeconomiaonline.it\/web\/author\/ladyitaliaeconomia\/"}]}},"_links":{"self":[{"href":"https:\/\/www.italiaeconomiaonline.it\/web\/wp-json\/wp\/v2\/posts\/2776"}],"collection":[{"href":"https:\/\/www.italiaeconomiaonline.it\/web\/wp-json\/wp\/v2\/posts"}],"about":[{"href":"https:\/\/www.italiaeconomiaonline.it\/web\/wp-json\/wp\/v2\/types\/post"}],"author":[{"embeddable":true,"href":"https:\/\/www.italiaeconomiaonline.it\/web\/wp-json\/wp\/v2\/users\/1"}],"replies":[{"embeddable":true,"href":"https:\/\/www.italiaeconomiaonline.it\/web\/wp-json\/wp\/v2\/comments?post=2776"}],"version-history":[{"count":1,"href":"https:\/\/www.italiaeconomiaonline.it\/web\/wp-json\/wp\/v2\/posts\/2776\/revisions"}],"predecessor-version":[{"id":2777,"href":"https:\/\/www.italiaeconomiaonline.it\/web\/wp-json\/wp\/v2\/posts\/2776\/revisions\/2777"}],"wp:featuredmedia":[{"embeddable":true,"href":"https:\/\/www.italiaeconomiaonline.it\/web\/wp-json\/wp\/v2\/media\/2019"}],"wp:attachment":[{"href":"https:\/\/www.italiaeconomiaonline.it\/web\/wp-json\/wp\/v2\/media?parent=2776"}],"wp:term":[{"taxonomy":"category","embeddable":true,"href":"https:\/\/www.italiaeconomiaonline.it\/web\/wp-json\/wp\/v2\/categories?post=2776"},{"taxonomy":"post_tag","embeddable":true,"href":"https:\/\/www.italiaeconomiaonline.it\/web\/wp-json\/wp\/v2\/tags?post=2776"}],"curies":[{"name":"wp","href":"https:\/\/api.w.org\/{rel}","templated":true}]}}