{"id":2825,"date":"2020-04-05T22:30:05","date_gmt":"2020-04-05T20:30:05","guid":{"rendered":"http:\/\/www.italiaeconomiaonline.it\/web\/?p=2825"},"modified":"2020-04-05T22:31:01","modified_gmt":"2020-04-05T20:31:01","slug":"decreto-cura-italia-le-risposte-dellagenzia-ai-quesiti-di-associazioni-professionisti-e-contribuenti","status":"publish","type":"post","link":"https:\/\/www.italiaeconomiaonline.it\/web\/decreto-cura-italia-le-risposte-dellagenzia-ai-quesiti-di-associazioni-professionisti-e-contribuenti\/","title":{"rendered":"Decreto Cura Italia. Le risposte dell\u2019Agenzia delle entrate"},"content":{"rendered":"<p><span class=\"dropcap dropcap3\">A<\/span>rrivano le risposte delle Entrate ai quesiti sul Decreto 18 del 17 marzo 2020. Con la circolare 8\/E di oggi, l\u2019Agenzia fornisce chiarimenti ai quesiti degli operatori e della stampa. Tra le tematiche affrontate, le proroghe e le sospensioni dei termini per i versamenti e gli adempimenti, le misure specifiche a sostegno delle imprese e dei lavoratori, la sospensione delle attivit\u00e0 degli enti impositori, nonch\u00e9 quella dei versamenti relativi ai carichi affidati all\u2019agente della riscossione. Sono, inoltre, forniti chiarimenti sulle erogazioni liberali.<\/p>\n<p><b>Premio ai lavoratori dipendenti<\/b> \u2013 Per quanto riguarda la determinazione del limite di 40mila euro di reddito da lavoro dipendente previsto per attribuire il bonus di 100 euro per il mese di marzo, l\u2019Agenzia chiarisce che bisogna considerare esclusivamente il reddito di lavoro dipendente assoggettato a tassazione progressiva Irpef e non anche quello assoggettato a tassazione separata o ad imposta sostitutiva. Inoltre, la circolare spiega che i sostituti d\u2019imposta riconosceranno il premio ai lavoratori dipendenti in via automatica a partire dalla retribuzione corrisposta nel mese di aprile e comunque entro il termine di effettuazione delle operazioni di conguaglio di fine anno.<\/p>\n<p><b>Erogazioni liberali e solidariet\u00e0 alimentare<\/b> \u2013 A proposito della deducibilit\u00e0 delle erogazioni liberali dal reddito d\u2019impresa, le Entrate precisano che la deduzione non \u00e8 parametrata al reddito. Pertanto l\u2019agevolazione spetta anche in presenza di una perdita fiscale realizzata nel periodo d&#8217;imposta in cui \u00e8 stata effettuata l&#8217;erogazione liberale. Un altro chiarimento importante riguarda la solidariet\u00e0 alimentare. Per l\u2019Agenzia, le donazioni effettuate dalle persone fisiche, dagli enti non commerciali e dai soggetti titolari di reddito d\u2019impresa aventi ad oggetto misure di solidariet\u00e0 alimentare nell\u2019ambito dell\u2019emergenza da Covid-19 ed effettuate a favore dello Stato, delle regioni, degli enti locali territoriali, di enti o istituzioni pubbliche, di fondazioni e associazioni legalmente riconosciute senza scopo di lucro, rientrano tra le erogazioni liberali\u00a0 che beneficiano degli incentivi fiscali introdotti con il Dl n. 18\/2020.<\/p>\n<p><b>Sospensioni per aziende, professionisti e Fisco &#8211; <\/b>Tra i diversi temi affrontati, il documento di prassi chiarisce che anche il pagamento della tassa annuale di vidimazione dei libri sociali, in scadenza il 16 marzo, rientra tra i versamenti prorogati al 20 marzo. Se i soggetti interessati hanno il domicilio fiscale, la sede legale o quella operativa negli 11 comuni della Lombardia e del Veneto &#8211; individuati dal Decreto del Ministro dell\u2019economia e delle finanze del 24 febbraio 2020 &#8211; beneficiano di una sospensione pi\u00f9 estesa con scadenza tra il 21 febbraio e il 31 marzo 2020. Inoltre, nel caso di pi\u00f9 attivit\u00e0 esercitate nell\u2019ambito della stessa impresa, per beneficiare della sospensione delle ritenute e dei versamenti prevista dal Dl n. 9\/2020 fino al 30 aprile per i settori maggiormente colpiti dall\u2019emergenza epidemiologica, \u00e8 necessario che le attivit\u00e0 rientranti tra quelle oggetto di sospensione siano svolte in maniera prevalente rispetto alle altre esercitate dalla stessa impresa. Inoltre, possono rientrare nell\u2019agevolazione anche i soggetti che svolgono un\u2019attivit\u00e0 con un codice Ateco diverso da quelli indicati nelle risoluzioni n. 12\/E e 14\/E dell\u2019Agenzia se l\u2019attivit\u00e0 svolta \u00e8 riconducibile sostanzialmente a una delle categorie economiche indicate.<\/p>\n<p><b>Gruppo Iva <\/b>\u2013 La circolare fornisce chiarimenti anche sulla sospensione dei termini dei versamenti Iva in scadenza nel mese di marzo 2020 (prevista dall&#8217;articolo 61, comma 3, del Dl Cura Italia) che si applica anche ai versamenti Iva dovuti dalla societ\u00e0 controllante del Gruppo Iva.<\/p>\n<p><b>Imposta di registro &#8211; <\/b>Il testo della circolare fa presente che, tra gli adempimenti tributari sospesi pu\u00f2 rientrare anche l\u2019assolvimento dell\u2019obbligo di registrazione in termine fisso, previsto dall\u2019articolo 5 del Testo Unico dell\u2019imposta di Registro. Questa sospensione rileva a prescindere dalla circostanza che la registrazione degli atti pubblici, delle scritture private autenticate e di quelle prive dell\u2019autentica avvenga in forma cartacea o secondo modalit\u00e0 telematiche.<\/p>\n<p><b>Tutti i documenti di prassi \u2013 <\/b>Ad oggi, i chiarimenti e le risposte dell\u2019Agenzia sono raccolti nei seguenti documenti di prassi pubblicati e disponibili online sul sito dell\u2019Agenzia delle Entrate, <a href=\"http:\/\/www.agenziaentrate.gov.it\">www.agenziaentrate.gov.it<\/a>:<\/p>\n<ul>\n<li>circolare n. 4\/E del 20 marzo 2020 (chiarimenti e indicazioni operative sulla trattazione delle istanze di interpello nel periodo di sospensione dei termini);<\/li>\n<li>circolare n. 5\/E del 20 marzo 2020 (Primi chiarimenti in merito ai termini per il pagamento degli importi dovuti a seguito di accertamenti esecutivi);<\/li>\n<li>circolare n. 6\/E del 23 marzo 2020 (\u201cSospensione dei termini e accertamento con adesione &#8211; Primi chiarimenti\u201d);<\/li>\n<li>circolare n. 7\/E del 27 marzo 2020 (chiarimenti e indicazioni operative sulla trattazione delle istanze di accordo preventivo per le imprese con attivit\u00e0 internazionale e di determinazione del reddito agevolabile ai fini del c.d. Patent box.\u201d)<\/li>\n<li>risoluzione n. 12\/E del 18 marzo 2020 (\u201cSospensione dei versamenti tributari e contributivi a seguito dell\u2019emergenza epidemiologica da COVID-19 \u2013 primi chiarimenti\u201d);<\/li>\n<li>risoluzione n. 14\/E del 21 marzo 2020 (\u201cSospensione dei versamenti tributari e contributivi a seguito dell\u2019emergenza epidemiologica da COVID-19 \u2013 ulteriori precisazioni\u201d).<\/li>\n<\/ul>\n","protected":false},"excerpt":{"rendered":"<p>Arrivano le risposte delle Entrate ai quesiti sul Decreto 18 del 17 marzo 2020. Con la circolare 8\/E di oggi, l\u2019Agenzia fornisce chiarimenti ai quesiti degli operatori e della stampa. Tra le tematiche affrontate, le proroghe e le sospensioni dei termini per i versamenti e gli adempimenti, le misure specifiche a sostegno delle imprese e [&hellip;]<\/p>\n","protected":false},"author":1,"featured_media":1528,"comment_status":"closed","ping_status":"open","sticky":false,"template":"","format":"standard","meta":{"footnotes":""},"categories":[41],"tags":[393,877,981],"yoast_head":"<!-- This site is optimized with the Yoast SEO plugin v22.2 - https:\/\/yoast.com\/wordpress\/plugins\/seo\/ -->\n<title>Decreto Cura Italia. Le risposte dell\u2019Agenzia delle entrate -<\/title>\n<meta name=\"robots\" content=\"index, follow, max-snippet:-1, max-image-preview:large, max-video-preview:-1\" \/>\n<link rel=\"canonical\" href=\"https:\/\/www.italiaeconomiaonline.it\/web\/decreto-cura-italia-le-risposte-dellagenzia-ai-quesiti-di-associazioni-professionisti-e-contribuenti\/\" \/>\n<meta property=\"og:locale\" content=\"it_IT\" \/>\n<meta property=\"og:type\" content=\"article\" \/>\n<meta property=\"og:title\" content=\"Decreto Cura Italia. Le risposte dell\u2019Agenzia delle entrate -\" \/>\n<meta property=\"og:description\" content=\"Arrivano le risposte delle Entrate ai quesiti sul Decreto 18 del 17 marzo 2020. Con la circolare 8\/E di oggi, l\u2019Agenzia fornisce chiarimenti ai quesiti degli operatori e della stampa. Tra le tematiche affrontate, le proroghe e le sospensioni dei termini per i versamenti e gli adempimenti, le misure specifiche a sostegno delle imprese e [&hellip;]\" \/>\n<meta property=\"og:url\" content=\"https:\/\/www.italiaeconomiaonline.it\/web\/decreto-cura-italia-le-risposte-dellagenzia-ai-quesiti-di-associazioni-professionisti-e-contribuenti\/\" \/>\n<meta property=\"og:site_name\" content=\"ItaliaEconomiaOnline\" \/>\n<meta property=\"article:published_time\" content=\"2020-04-05T20:30:05+00:00\" \/>\n<meta property=\"article:modified_time\" content=\"2020-04-05T20:31:01+00:00\" \/>\n<meta property=\"og:image\" content=\"https:\/\/www.italiaeconomiaonline.it\/web\/wp-content\/uploads\/2019\/08\/fisco-tasse.jpg\" \/>\n\t<meta property=\"og:image:width\" content=\"960\" \/>\n\t<meta property=\"og:image:height\" content=\"678\" \/>\n\t<meta property=\"og:image:type\" content=\"image\/jpeg\" \/>\n<meta name=\"author\" content=\"ladyitaliaeconomia\" \/>\n<meta name=\"twitter:card\" content=\"summary_large_image\" \/>\n<meta name=\"twitter:label1\" content=\"Scritto da\" \/>\n\t<meta name=\"twitter:data1\" content=\"ladyitaliaeconomia\" \/>\n\t<meta name=\"twitter:label2\" content=\"Tempo di lettura stimato\" \/>\n\t<meta name=\"twitter:data2\" content=\"4 minuti\" \/>\n<script type=\"application\/ld+json\" class=\"yoast-schema-graph\">{\"@context\":\"https:\/\/schema.org\",\"@graph\":[{\"@type\":\"WebPage\",\"@id\":\"https:\/\/www.italiaeconomiaonline.it\/web\/decreto-cura-italia-le-risposte-dellagenzia-ai-quesiti-di-associazioni-professionisti-e-contribuenti\/\",\"url\":\"https:\/\/www.italiaeconomiaonline.it\/web\/decreto-cura-italia-le-risposte-dellagenzia-ai-quesiti-di-associazioni-professionisti-e-contribuenti\/\",\"name\":\"Decreto Cura Italia. Le risposte dell\u2019Agenzia delle entrate -\",\"isPartOf\":{\"@id\":\"https:\/\/www.italiaeconomiaonline.it\/web\/#website\"},\"primaryImageOfPage\":{\"@id\":\"https:\/\/www.italiaeconomiaonline.it\/web\/decreto-cura-italia-le-risposte-dellagenzia-ai-quesiti-di-associazioni-professionisti-e-contribuenti\/#primaryimage\"},\"image\":{\"@id\":\"https:\/\/www.italiaeconomiaonline.it\/web\/decreto-cura-italia-le-risposte-dellagenzia-ai-quesiti-di-associazioni-professionisti-e-contribuenti\/#primaryimage\"},\"thumbnailUrl\":\"https:\/\/www.italiaeconomiaonline.it\/web\/wp-content\/uploads\/2019\/08\/fisco-tasse.jpg\",\"datePublished\":\"2020-04-05T20:30:05+00:00\",\"dateModified\":\"2020-04-05T20:31:01+00:00\",\"author\":{\"@id\":\"https:\/\/www.italiaeconomiaonline.it\/web\/#\/schema\/person\/909a49cce752523b020fbc37d5ab1c31\"},\"breadcrumb\":{\"@id\":\"https:\/\/www.italiaeconomiaonline.it\/web\/decreto-cura-italia-le-risposte-dellagenzia-ai-quesiti-di-associazioni-professionisti-e-contribuenti\/#breadcrumb\"},\"inLanguage\":\"it-IT\",\"potentialAction\":[{\"@type\":\"ReadAction\",\"target\":[\"https:\/\/www.italiaeconomiaonline.it\/web\/decreto-cura-italia-le-risposte-dellagenzia-ai-quesiti-di-associazioni-professionisti-e-contribuenti\/\"]}]},{\"@type\":\"ImageObject\",\"inLanguage\":\"it-IT\",\"@id\":\"https:\/\/www.italiaeconomiaonline.it\/web\/decreto-cura-italia-le-risposte-dellagenzia-ai-quesiti-di-associazioni-professionisti-e-contribuenti\/#primaryimage\",\"url\":\"https:\/\/www.italiaeconomiaonline.it\/web\/wp-content\/uploads\/2019\/08\/fisco-tasse.jpg\",\"contentUrl\":\"https:\/\/www.italiaeconomiaonline.it\/web\/wp-content\/uploads\/2019\/08\/fisco-tasse.jpg\",\"width\":960,\"height\":678},{\"@type\":\"BreadcrumbList\",\"@id\":\"https:\/\/www.italiaeconomiaonline.it\/web\/decreto-cura-italia-le-risposte-dellagenzia-ai-quesiti-di-associazioni-professionisti-e-contribuenti\/#breadcrumb\",\"itemListElement\":[{\"@type\":\"ListItem\",\"position\":1,\"name\":\"Home\",\"item\":\"https:\/\/www.italiaeconomiaonline.it\/web\/\"},{\"@type\":\"ListItem\",\"position\":2,\"name\":\"Decreto Cura Italia. Le risposte dell\u2019Agenzia delle entrate\"}]},{\"@type\":\"WebSite\",\"@id\":\"https:\/\/www.italiaeconomiaonline.it\/web\/#website\",\"url\":\"https:\/\/www.italiaeconomiaonline.it\/web\/\",\"name\":\"ItaliaEconomiaOnline\",\"description\":\"Quotidiano Economico Online\",\"potentialAction\":[{\"@type\":\"SearchAction\",\"target\":{\"@type\":\"EntryPoint\",\"urlTemplate\":\"https:\/\/www.italiaeconomiaonline.it\/web\/?s={search_term_string}\"},\"query-input\":\"required name=search_term_string\"}],\"inLanguage\":\"it-IT\"},{\"@type\":\"Person\",\"@id\":\"https:\/\/www.italiaeconomiaonline.it\/web\/#\/schema\/person\/909a49cce752523b020fbc37d5ab1c31\",\"name\":\"ladyitaliaeconomia\",\"image\":{\"@type\":\"ImageObject\",\"inLanguage\":\"it-IT\",\"@id\":\"https:\/\/www.italiaeconomiaonline.it\/web\/#\/schema\/person\/image\/\",\"url\":\"https:\/\/secure.gravatar.com\/avatar\/cedca10ce7416a579b9fa6bce9c0a8f2?s=96&d=mm&r=g\",\"contentUrl\":\"https:\/\/secure.gravatar.com\/avatar\/cedca10ce7416a579b9fa6bce9c0a8f2?s=96&d=mm&r=g\",\"caption\":\"ladyitaliaeconomia\"},\"url\":\"https:\/\/www.italiaeconomiaonline.it\/web\/author\/ladyitaliaeconomia\/\"}]}<\/script>\n<!-- \/ Yoast SEO plugin. -->","yoast_head_json":{"title":"Decreto Cura Italia. Le risposte dell\u2019Agenzia delle entrate -","robots":{"index":"index","follow":"follow","max-snippet":"max-snippet:-1","max-image-preview":"max-image-preview:large","max-video-preview":"max-video-preview:-1"},"canonical":"https:\/\/www.italiaeconomiaonline.it\/web\/decreto-cura-italia-le-risposte-dellagenzia-ai-quesiti-di-associazioni-professionisti-e-contribuenti\/","og_locale":"it_IT","og_type":"article","og_title":"Decreto Cura Italia. Le risposte dell\u2019Agenzia delle entrate -","og_description":"Arrivano le risposte delle Entrate ai quesiti sul Decreto 18 del 17 marzo 2020. Con la circolare 8\/E di oggi, l\u2019Agenzia fornisce chiarimenti ai quesiti degli operatori e della stampa. Tra le tematiche affrontate, le proroghe e le sospensioni dei termini per i versamenti e gli adempimenti, le misure specifiche a sostegno delle imprese e [&hellip;]","og_url":"https:\/\/www.italiaeconomiaonline.it\/web\/decreto-cura-italia-le-risposte-dellagenzia-ai-quesiti-di-associazioni-professionisti-e-contribuenti\/","og_site_name":"ItaliaEconomiaOnline","article_published_time":"2020-04-05T20:30:05+00:00","article_modified_time":"2020-04-05T20:31:01+00:00","og_image":[{"width":960,"height":678,"url":"https:\/\/www.italiaeconomiaonline.it\/web\/wp-content\/uploads\/2019\/08\/fisco-tasse.jpg","type":"image\/jpeg"}],"author":"ladyitaliaeconomia","twitter_card":"summary_large_image","twitter_misc":{"Scritto da":"ladyitaliaeconomia","Tempo di lettura stimato":"4 minuti"},"schema":{"@context":"https:\/\/schema.org","@graph":[{"@type":"WebPage","@id":"https:\/\/www.italiaeconomiaonline.it\/web\/decreto-cura-italia-le-risposte-dellagenzia-ai-quesiti-di-associazioni-professionisti-e-contribuenti\/","url":"https:\/\/www.italiaeconomiaonline.it\/web\/decreto-cura-italia-le-risposte-dellagenzia-ai-quesiti-di-associazioni-professionisti-e-contribuenti\/","name":"Decreto Cura Italia. Le risposte dell\u2019Agenzia delle entrate -","isPartOf":{"@id":"https:\/\/www.italiaeconomiaonline.it\/web\/#website"},"primaryImageOfPage":{"@id":"https:\/\/www.italiaeconomiaonline.it\/web\/decreto-cura-italia-le-risposte-dellagenzia-ai-quesiti-di-associazioni-professionisti-e-contribuenti\/#primaryimage"},"image":{"@id":"https:\/\/www.italiaeconomiaonline.it\/web\/decreto-cura-italia-le-risposte-dellagenzia-ai-quesiti-di-associazioni-professionisti-e-contribuenti\/#primaryimage"},"thumbnailUrl":"https:\/\/www.italiaeconomiaonline.it\/web\/wp-content\/uploads\/2019\/08\/fisco-tasse.jpg","datePublished":"2020-04-05T20:30:05+00:00","dateModified":"2020-04-05T20:31:01+00:00","author":{"@id":"https:\/\/www.italiaeconomiaonline.it\/web\/#\/schema\/person\/909a49cce752523b020fbc37d5ab1c31"},"breadcrumb":{"@id":"https:\/\/www.italiaeconomiaonline.it\/web\/decreto-cura-italia-le-risposte-dellagenzia-ai-quesiti-di-associazioni-professionisti-e-contribuenti\/#breadcrumb"},"inLanguage":"it-IT","potentialAction":[{"@type":"ReadAction","target":["https:\/\/www.italiaeconomiaonline.it\/web\/decreto-cura-italia-le-risposte-dellagenzia-ai-quesiti-di-associazioni-professionisti-e-contribuenti\/"]}]},{"@type":"ImageObject","inLanguage":"it-IT","@id":"https:\/\/www.italiaeconomiaonline.it\/web\/decreto-cura-italia-le-risposte-dellagenzia-ai-quesiti-di-associazioni-professionisti-e-contribuenti\/#primaryimage","url":"https:\/\/www.italiaeconomiaonline.it\/web\/wp-content\/uploads\/2019\/08\/fisco-tasse.jpg","contentUrl":"https:\/\/www.italiaeconomiaonline.it\/web\/wp-content\/uploads\/2019\/08\/fisco-tasse.jpg","width":960,"height":678},{"@type":"BreadcrumbList","@id":"https:\/\/www.italiaeconomiaonline.it\/web\/decreto-cura-italia-le-risposte-dellagenzia-ai-quesiti-di-associazioni-professionisti-e-contribuenti\/#breadcrumb","itemListElement":[{"@type":"ListItem","position":1,"name":"Home","item":"https:\/\/www.italiaeconomiaonline.it\/web\/"},{"@type":"ListItem","position":2,"name":"Decreto Cura Italia. Le risposte dell\u2019Agenzia delle entrate"}]},{"@type":"WebSite","@id":"https:\/\/www.italiaeconomiaonline.it\/web\/#website","url":"https:\/\/www.italiaeconomiaonline.it\/web\/","name":"ItaliaEconomiaOnline","description":"Quotidiano Economico Online","potentialAction":[{"@type":"SearchAction","target":{"@type":"EntryPoint","urlTemplate":"https:\/\/www.italiaeconomiaonline.it\/web\/?s={search_term_string}"},"query-input":"required name=search_term_string"}],"inLanguage":"it-IT"},{"@type":"Person","@id":"https:\/\/www.italiaeconomiaonline.it\/web\/#\/schema\/person\/909a49cce752523b020fbc37d5ab1c31","name":"ladyitaliaeconomia","image":{"@type":"ImageObject","inLanguage":"it-IT","@id":"https:\/\/www.italiaeconomiaonline.it\/web\/#\/schema\/person\/image\/","url":"https:\/\/secure.gravatar.com\/avatar\/cedca10ce7416a579b9fa6bce9c0a8f2?s=96&d=mm&r=g","contentUrl":"https:\/\/secure.gravatar.com\/avatar\/cedca10ce7416a579b9fa6bce9c0a8f2?s=96&d=mm&r=g","caption":"ladyitaliaeconomia"},"url":"https:\/\/www.italiaeconomiaonline.it\/web\/author\/ladyitaliaeconomia\/"}]}},"_links":{"self":[{"href":"https:\/\/www.italiaeconomiaonline.it\/web\/wp-json\/wp\/v2\/posts\/2825"}],"collection":[{"href":"https:\/\/www.italiaeconomiaonline.it\/web\/wp-json\/wp\/v2\/posts"}],"about":[{"href":"https:\/\/www.italiaeconomiaonline.it\/web\/wp-json\/wp\/v2\/types\/post"}],"author":[{"embeddable":true,"href":"https:\/\/www.italiaeconomiaonline.it\/web\/wp-json\/wp\/v2\/users\/1"}],"replies":[{"embeddable":true,"href":"https:\/\/www.italiaeconomiaonline.it\/web\/wp-json\/wp\/v2\/comments?post=2825"}],"version-history":[{"count":2,"href":"https:\/\/www.italiaeconomiaonline.it\/web\/wp-json\/wp\/v2\/posts\/2825\/revisions"}],"predecessor-version":[{"id":2827,"href":"https:\/\/www.italiaeconomiaonline.it\/web\/wp-json\/wp\/v2\/posts\/2825\/revisions\/2827"}],"wp:featuredmedia":[{"embeddable":true,"href":"https:\/\/www.italiaeconomiaonline.it\/web\/wp-json\/wp\/v2\/media\/1528"}],"wp:attachment":[{"href":"https:\/\/www.italiaeconomiaonline.it\/web\/wp-json\/wp\/v2\/media?parent=2825"}],"wp:term":[{"taxonomy":"category","embeddable":true,"href":"https:\/\/www.italiaeconomiaonline.it\/web\/wp-json\/wp\/v2\/categories?post=2825"},{"taxonomy":"post_tag","embeddable":true,"href":"https:\/\/www.italiaeconomiaonline.it\/web\/wp-json\/wp\/v2\/tags?post=2825"}],"curies":[{"name":"wp","href":"https:\/\/api.w.org\/{rel}","templated":true}]}}