{"id":2843,"date":"2020-04-07T09:02:07","date_gmt":"2020-04-07T07:02:07","guid":{"rendered":"http:\/\/www.italiaeconomiaonline.it\/web\/?p=2843"},"modified":"2020-04-07T09:02:07","modified_gmt":"2020-04-07T07:02:07","slug":"al-via-la-call-aperta-alla-partecipazione-dei-comuni-italiani","status":"publish","type":"post","link":"https:\/\/www.italiaeconomiaonline.it\/web\/al-via-la-call-aperta-alla-partecipazione-dei-comuni-italiani\/","title":{"rendered":"Al via la call aperta alla partecipazione dei Comuni italiani"},"content":{"rendered":"<p><span class=\"dropcap dropcap3\">F<\/span>ino al <strong>5 maggio<\/strong> \u00e8 aperta la call per individuare in tutta Europa dodici potenziali Smart Village, comuni che puntano su innovazione e partecipazione locale per realizzare strategie e approcci smart che possono essere di esempio ad altre realt\u00e0 italiane ed europee.<\/p>\n<p>Il progetto \u00e8 finanziato dalla Commissione Europea (DG Agri) e avr\u00e0 la durata complessiva di due anni e mezzo, su coordinamento europeo da parte di E40 Group.<\/p>\n<p>L\u2019obiettivo di Smart Rural \u00e8 quello di sviluppare e mettere in pratica gli approcci e le strategie di smart village in tutta Europa, traendo dall\u2019esperienza concreta delle citt\u00e0 delle indicazioni utili per gli interventi locali della futura Politica Agricola Comune, oltre che approfondire possibili connessioni con altri strumenti europei e nazionali di finanziamento di azioni innovative.<\/p>\n<p>Saranno 17 in totale i comuni selezionati in tutta Europa, che riceveranno nell\u2019ambito del progetto assistenza tecnica nella realizzazione di strategie locali innovative e prenderanno parte ad azioni di scambio con altre realt\u00e0 europee. Cinque villaggi sono gi\u00e0 stati selezionati in Francia, Finlandia, Grecia, Irlanda e Repubblica Ceca mentre fino al 5 maggio sar\u00e0 possibile candidarsi per unirsi al gruppo degli Smart Village che saranno al centro del progetto.<\/p>\n<p>I candidati ideali per entrare a far parte del gruppo di comuni pionieri nella sperimentazione di approcci innovativi sono i centri fortemente motivati ad intraprendere un percorso integrato verso l\u2019applicazione dei principi smart nel proprio contesto locale, dotati possibilmente di una capacit\u00e0 tecnica di base (connessione alla banda larga, buona dotazione di spazi pubblici e centri di comunit\u00e0) che gli consente di poter sviluppare azioni di impatto sulla vita dell\u2019intera comunit\u00e0. La capacit\u00e0 di sviluppare azioni e progetti innovativi pu\u00f2 costituire un elemento importante, come anche la volont\u00e0 di stabilire relazioni e scambi con altre realt\u00e0 europee.<\/p>\n<p>I comuni selezionati riceveranno supporto da parte di esperti nazionali ed europei sullo sviluppo e l\u2019implementazione di strategie locali innovative, visiteranno altre realt\u00e0 europee di simili dimensioni e parteciperanno ad iniziative europee di formazione, come la Smart Village Academy, e ad eventi europei in cui poter promuovere le proprie azioni innovative e confrontarsi con istituzioni europee ed altri network urbani.<\/p>\n","protected":false},"excerpt":{"rendered":"<p>Fino al 5 maggio \u00e8 aperta la call per individuare in tutta Europa dodici potenziali Smart Village, comuni che puntano su innovazione e partecipazione locale per realizzare strategie e approcci smart che possono essere di esempio ad altre realt\u00e0 italiane ed europee. Il progetto \u00e8 finanziato dalla Commissione Europea (DG Agri) e avr\u00e0 la durata [&hellip;]<\/p>\n","protected":false},"author":1,"featured_media":268,"comment_status":"closed","ping_status":"open","sticky":false,"template":"","format":"standard","meta":{"footnotes":""},"categories":[537],"tags":[],"yoast_head":"<!-- This site is optimized with the Yoast SEO plugin v22.2 - https:\/\/yoast.com\/wordpress\/plugins\/seo\/ -->\n<title>Al via la call aperta alla partecipazione dei Comuni italiani -<\/title>\n<meta name=\"robots\" content=\"index, follow, max-snippet:-1, max-image-preview:large, max-video-preview:-1\" \/>\n<link rel=\"canonical\" href=\"https:\/\/www.italiaeconomiaonline.it\/web\/al-via-la-call-aperta-alla-partecipazione-dei-comuni-italiani\/\" \/>\n<meta property=\"og:locale\" content=\"it_IT\" \/>\n<meta property=\"og:type\" content=\"article\" \/>\n<meta property=\"og:title\" content=\"Al via la call aperta alla partecipazione dei Comuni italiani -\" \/>\n<meta property=\"og:description\" content=\"Fino al 5 maggio \u00e8 aperta la call per individuare in tutta Europa dodici potenziali Smart Village, comuni che puntano su innovazione e partecipazione locale per realizzare strategie e approcci smart che possono essere di esempio ad altre realt\u00e0 italiane ed europee. Il progetto \u00e8 finanziato dalla Commissione Europea (DG Agri) e avr\u00e0 la durata [&hellip;]\" \/>\n<meta property=\"og:url\" content=\"https:\/\/www.italiaeconomiaonline.it\/web\/al-via-la-call-aperta-alla-partecipazione-dei-comuni-italiani\/\" \/>\n<meta property=\"og:site_name\" content=\"ItaliaEconomiaOnline\" \/>\n<meta property=\"article:published_time\" content=\"2020-04-07T07:02:07+00:00\" \/>\n<meta property=\"og:image\" content=\"https:\/\/www.italiaeconomiaonline.it\/web\/wp-content\/uploads\/2018\/09\/agricoltura-1.jpg\" \/>\n\t<meta property=\"og:image:width\" content=\"960\" \/>\n\t<meta property=\"og:image:height\" content=\"571\" \/>\n\t<meta property=\"og:image:type\" content=\"image\/jpeg\" \/>\n<meta name=\"author\" content=\"ladyitaliaeconomia\" \/>\n<meta name=\"twitter:card\" content=\"summary_large_image\" \/>\n<meta name=\"twitter:label1\" content=\"Scritto da\" \/>\n\t<meta name=\"twitter:data1\" content=\"ladyitaliaeconomia\" \/>\n\t<meta name=\"twitter:label2\" content=\"Tempo di lettura stimato\" \/>\n\t<meta name=\"twitter:data2\" content=\"2 minuti\" \/>\n<script type=\"application\/ld+json\" class=\"yoast-schema-graph\">{\"@context\":\"https:\/\/schema.org\",\"@graph\":[{\"@type\":\"WebPage\",\"@id\":\"https:\/\/www.italiaeconomiaonline.it\/web\/al-via-la-call-aperta-alla-partecipazione-dei-comuni-italiani\/\",\"url\":\"https:\/\/www.italiaeconomiaonline.it\/web\/al-via-la-call-aperta-alla-partecipazione-dei-comuni-italiani\/\",\"name\":\"Al via la call aperta alla partecipazione dei Comuni italiani -\",\"isPartOf\":{\"@id\":\"https:\/\/www.italiaeconomiaonline.it\/web\/#website\"},\"primaryImageOfPage\":{\"@id\":\"https:\/\/www.italiaeconomiaonline.it\/web\/al-via-la-call-aperta-alla-partecipazione-dei-comuni-italiani\/#primaryimage\"},\"image\":{\"@id\":\"https:\/\/www.italiaeconomiaonline.it\/web\/al-via-la-call-aperta-alla-partecipazione-dei-comuni-italiani\/#primaryimage\"},\"thumbnailUrl\":\"https:\/\/www.italiaeconomiaonline.it\/web\/wp-content\/uploads\/2018\/09\/agricoltura-1.jpg\",\"datePublished\":\"2020-04-07T07:02:07+00:00\",\"dateModified\":\"2020-04-07T07:02:07+00:00\",\"author\":{\"@id\":\"https:\/\/www.italiaeconomiaonline.it\/web\/#\/schema\/person\/909a49cce752523b020fbc37d5ab1c31\"},\"breadcrumb\":{\"@id\":\"https:\/\/www.italiaeconomiaonline.it\/web\/al-via-la-call-aperta-alla-partecipazione-dei-comuni-italiani\/#breadcrumb\"},\"inLanguage\":\"it-IT\",\"potentialAction\":[{\"@type\":\"ReadAction\",\"target\":[\"https:\/\/www.italiaeconomiaonline.it\/web\/al-via-la-call-aperta-alla-partecipazione-dei-comuni-italiani\/\"]}]},{\"@type\":\"ImageObject\",\"inLanguage\":\"it-IT\",\"@id\":\"https:\/\/www.italiaeconomiaonline.it\/web\/al-via-la-call-aperta-alla-partecipazione-dei-comuni-italiani\/#primaryimage\",\"url\":\"https:\/\/www.italiaeconomiaonline.it\/web\/wp-content\/uploads\/2018\/09\/agricoltura-1.jpg\",\"contentUrl\":\"https:\/\/www.italiaeconomiaonline.it\/web\/wp-content\/uploads\/2018\/09\/agricoltura-1.jpg\",\"width\":960,\"height\":571},{\"@type\":\"BreadcrumbList\",\"@id\":\"https:\/\/www.italiaeconomiaonline.it\/web\/al-via-la-call-aperta-alla-partecipazione-dei-comuni-italiani\/#breadcrumb\",\"itemListElement\":[{\"@type\":\"ListItem\",\"position\":1,\"name\":\"Home\",\"item\":\"https:\/\/www.italiaeconomiaonline.it\/web\/\"},{\"@type\":\"ListItem\",\"position\":2,\"name\":\"Al via la call aperta alla partecipazione dei Comuni italiani\"}]},{\"@type\":\"WebSite\",\"@id\":\"https:\/\/www.italiaeconomiaonline.it\/web\/#website\",\"url\":\"https:\/\/www.italiaeconomiaonline.it\/web\/\",\"name\":\"ItaliaEconomiaOnline\",\"description\":\"Quotidiano Economico Online\",\"potentialAction\":[{\"@type\":\"SearchAction\",\"target\":{\"@type\":\"EntryPoint\",\"urlTemplate\":\"https:\/\/www.italiaeconomiaonline.it\/web\/?s={search_term_string}\"},\"query-input\":\"required name=search_term_string\"}],\"inLanguage\":\"it-IT\"},{\"@type\":\"Person\",\"@id\":\"https:\/\/www.italiaeconomiaonline.it\/web\/#\/schema\/person\/909a49cce752523b020fbc37d5ab1c31\",\"name\":\"ladyitaliaeconomia\",\"image\":{\"@type\":\"ImageObject\",\"inLanguage\":\"it-IT\",\"@id\":\"https:\/\/www.italiaeconomiaonline.it\/web\/#\/schema\/person\/image\/\",\"url\":\"https:\/\/secure.gravatar.com\/avatar\/cedca10ce7416a579b9fa6bce9c0a8f2?s=96&d=mm&r=g\",\"contentUrl\":\"https:\/\/secure.gravatar.com\/avatar\/cedca10ce7416a579b9fa6bce9c0a8f2?s=96&d=mm&r=g\",\"caption\":\"ladyitaliaeconomia\"},\"url\":\"https:\/\/www.italiaeconomiaonline.it\/web\/author\/ladyitaliaeconomia\/\"}]}<\/script>\n<!-- \/ Yoast SEO plugin. -->","yoast_head_json":{"title":"Al via la call aperta alla partecipazione dei Comuni italiani -","robots":{"index":"index","follow":"follow","max-snippet":"max-snippet:-1","max-image-preview":"max-image-preview:large","max-video-preview":"max-video-preview:-1"},"canonical":"https:\/\/www.italiaeconomiaonline.it\/web\/al-via-la-call-aperta-alla-partecipazione-dei-comuni-italiani\/","og_locale":"it_IT","og_type":"article","og_title":"Al via la call aperta alla partecipazione dei Comuni italiani -","og_description":"Fino al 5 maggio \u00e8 aperta la call per individuare in tutta Europa dodici potenziali Smart Village, comuni che puntano su innovazione e partecipazione locale per realizzare strategie e approcci smart che possono essere di esempio ad altre realt\u00e0 italiane ed europee. Il progetto \u00e8 finanziato dalla Commissione Europea (DG Agri) e avr\u00e0 la durata [&hellip;]","og_url":"https:\/\/www.italiaeconomiaonline.it\/web\/al-via-la-call-aperta-alla-partecipazione-dei-comuni-italiani\/","og_site_name":"ItaliaEconomiaOnline","article_published_time":"2020-04-07T07:02:07+00:00","og_image":[{"width":960,"height":571,"url":"https:\/\/www.italiaeconomiaonline.it\/web\/wp-content\/uploads\/2018\/09\/agricoltura-1.jpg","type":"image\/jpeg"}],"author":"ladyitaliaeconomia","twitter_card":"summary_large_image","twitter_misc":{"Scritto da":"ladyitaliaeconomia","Tempo di lettura stimato":"2 minuti"},"schema":{"@context":"https:\/\/schema.org","@graph":[{"@type":"WebPage","@id":"https:\/\/www.italiaeconomiaonline.it\/web\/al-via-la-call-aperta-alla-partecipazione-dei-comuni-italiani\/","url":"https:\/\/www.italiaeconomiaonline.it\/web\/al-via-la-call-aperta-alla-partecipazione-dei-comuni-italiani\/","name":"Al via la call aperta alla partecipazione dei Comuni italiani -","isPartOf":{"@id":"https:\/\/www.italiaeconomiaonline.it\/web\/#website"},"primaryImageOfPage":{"@id":"https:\/\/www.italiaeconomiaonline.it\/web\/al-via-la-call-aperta-alla-partecipazione-dei-comuni-italiani\/#primaryimage"},"image":{"@id":"https:\/\/www.italiaeconomiaonline.it\/web\/al-via-la-call-aperta-alla-partecipazione-dei-comuni-italiani\/#primaryimage"},"thumbnailUrl":"https:\/\/www.italiaeconomiaonline.it\/web\/wp-content\/uploads\/2018\/09\/agricoltura-1.jpg","datePublished":"2020-04-07T07:02:07+00:00","dateModified":"2020-04-07T07:02:07+00:00","author":{"@id":"https:\/\/www.italiaeconomiaonline.it\/web\/#\/schema\/person\/909a49cce752523b020fbc37d5ab1c31"},"breadcrumb":{"@id":"https:\/\/www.italiaeconomiaonline.it\/web\/al-via-la-call-aperta-alla-partecipazione-dei-comuni-italiani\/#breadcrumb"},"inLanguage":"it-IT","potentialAction":[{"@type":"ReadAction","target":["https:\/\/www.italiaeconomiaonline.it\/web\/al-via-la-call-aperta-alla-partecipazione-dei-comuni-italiani\/"]}]},{"@type":"ImageObject","inLanguage":"it-IT","@id":"https:\/\/www.italiaeconomiaonline.it\/web\/al-via-la-call-aperta-alla-partecipazione-dei-comuni-italiani\/#primaryimage","url":"https:\/\/www.italiaeconomiaonline.it\/web\/wp-content\/uploads\/2018\/09\/agricoltura-1.jpg","contentUrl":"https:\/\/www.italiaeconomiaonline.it\/web\/wp-content\/uploads\/2018\/09\/agricoltura-1.jpg","width":960,"height":571},{"@type":"BreadcrumbList","@id":"https:\/\/www.italiaeconomiaonline.it\/web\/al-via-la-call-aperta-alla-partecipazione-dei-comuni-italiani\/#breadcrumb","itemListElement":[{"@type":"ListItem","position":1,"name":"Home","item":"https:\/\/www.italiaeconomiaonline.it\/web\/"},{"@type":"ListItem","position":2,"name":"Al via la call aperta alla partecipazione dei Comuni italiani"}]},{"@type":"WebSite","@id":"https:\/\/www.italiaeconomiaonline.it\/web\/#website","url":"https:\/\/www.italiaeconomiaonline.it\/web\/","name":"ItaliaEconomiaOnline","description":"Quotidiano Economico Online","potentialAction":[{"@type":"SearchAction","target":{"@type":"EntryPoint","urlTemplate":"https:\/\/www.italiaeconomiaonline.it\/web\/?s={search_term_string}"},"query-input":"required name=search_term_string"}],"inLanguage":"it-IT"},{"@type":"Person","@id":"https:\/\/www.italiaeconomiaonline.it\/web\/#\/schema\/person\/909a49cce752523b020fbc37d5ab1c31","name":"ladyitaliaeconomia","image":{"@type":"ImageObject","inLanguage":"it-IT","@id":"https:\/\/www.italiaeconomiaonline.it\/web\/#\/schema\/person\/image\/","url":"https:\/\/secure.gravatar.com\/avatar\/cedca10ce7416a579b9fa6bce9c0a8f2?s=96&d=mm&r=g","contentUrl":"https:\/\/secure.gravatar.com\/avatar\/cedca10ce7416a579b9fa6bce9c0a8f2?s=96&d=mm&r=g","caption":"ladyitaliaeconomia"},"url":"https:\/\/www.italiaeconomiaonline.it\/web\/author\/ladyitaliaeconomia\/"}]}},"_links":{"self":[{"href":"https:\/\/www.italiaeconomiaonline.it\/web\/wp-json\/wp\/v2\/posts\/2843"}],"collection":[{"href":"https:\/\/www.italiaeconomiaonline.it\/web\/wp-json\/wp\/v2\/posts"}],"about":[{"href":"https:\/\/www.italiaeconomiaonline.it\/web\/wp-json\/wp\/v2\/types\/post"}],"author":[{"embeddable":true,"href":"https:\/\/www.italiaeconomiaonline.it\/web\/wp-json\/wp\/v2\/users\/1"}],"replies":[{"embeddable":true,"href":"https:\/\/www.italiaeconomiaonline.it\/web\/wp-json\/wp\/v2\/comments?post=2843"}],"version-history":[{"count":1,"href":"https:\/\/www.italiaeconomiaonline.it\/web\/wp-json\/wp\/v2\/posts\/2843\/revisions"}],"predecessor-version":[{"id":2844,"href":"https:\/\/www.italiaeconomiaonline.it\/web\/wp-json\/wp\/v2\/posts\/2843\/revisions\/2844"}],"wp:featuredmedia":[{"embeddable":true,"href":"https:\/\/www.italiaeconomiaonline.it\/web\/wp-json\/wp\/v2\/media\/268"}],"wp:attachment":[{"href":"https:\/\/www.italiaeconomiaonline.it\/web\/wp-json\/wp\/v2\/media?parent=2843"}],"wp:term":[{"taxonomy":"category","embeddable":true,"href":"https:\/\/www.italiaeconomiaonline.it\/web\/wp-json\/wp\/v2\/categories?post=2843"},{"taxonomy":"post_tag","embeddable":true,"href":"https:\/\/www.italiaeconomiaonline.it\/web\/wp-json\/wp\/v2\/tags?post=2843"}],"curies":[{"name":"wp","href":"https:\/\/api.w.org\/{rel}","templated":true}]}}