{"id":2850,"date":"2020-04-08T15:53:12","date_gmt":"2020-04-08T13:53:12","guid":{"rendered":"http:\/\/www.italiaeconomiaonline.it\/web\/?p=2850"},"modified":"2020-04-08T15:54:03","modified_gmt":"2020-04-08T13:54:03","slug":"focus-coronavirus-verso-la-fase-2-rischioso-allentare-misure-prima-di-fine-maggio","status":"publish","type":"post","link":"https:\/\/www.italiaeconomiaonline.it\/web\/focus-coronavirus-verso-la-fase-2-rischioso-allentare-misure-prima-di-fine-maggio\/","title":{"rendered":"Focus Coronavirus, verso la fase 2. Rischioso allentare misure prima di fine maggio"},"content":{"rendered":"<p><span class=\"dropcap dropcap3\">I<\/span>l quadro progressivamente meno funesto offerto dal bollettino giornaliero della Protezione Civile e l\u2019imminente scadenza del decreto \u201cChiudi Italia\u201d fissata per il 13 aprile hanno acceso il dibattito sull\u2019avvio dell\u2019agognata \u201cFase 2\u201d, ovvero tempi e modi per allentare il lockdown.<\/p>\n<p>Dal vertice di ieri tra il Governo e il Comitato Tecnico Scientifico \u00e8 emersa una linea di \u201cgradualit\u00e0 e prudenza\u201d, con l\u2019ipotesi di una \u201cFase 2\u201d in due step: il primo riguarderebbe piccole aperture per le attivit\u00e0 produttive, il secondo la rimodulazione delle misure per spostamenti e uscite.<\/p>\n<p>Ma cosa dicono oggi i dati? L\u2019andamento dell\u2019epidemia in Italia permette di programmare un allentamento delle misure? Con quali rischi?<\/p>\n<p>\u00abLa Fondazione GIMBE \u2013 afferma il Presidente Nino Cartabellotta \u2013 ha deciso di rendere pubblici i risultati delle proprie analisi indipendenti per offrire alcune risposte, utili ad informare le decisioni politiche ed aumentare la consapevolezza della popolazione in un momento estremamente delicato della gestione dell\u2019epidemia nel nostro Paese\u00bb.<\/p>\n<p><strong>\u00c8 POSSIBILE PREVEDERE IL GIORNO DEL \u201cCONTAGIO ZERO\u201d?<\/strong> Nell\u2019impossibilit\u00e0 di prevedere il giorno in cui non ci sar\u00e0 alcun nuovo caso, la Fondazione GIMBE pubblica il proprio modello predittivo che ha ormai raggiunto un\u2019adeguata stabilit\u00e0 (figura 1). Il modello \u00e8 stato elaborato con l\u2019analisi della regressione utilizzando 2 variabili: l\u2019incremento percentuale dei nuovi casi e il tempo espresso in giorni.<\/p>\n<p>Il modello prevede che il 16 aprile l\u2019aumento dei casi scender\u00e0 al 2%, il 27 aprile all\u20191%, il 7 maggio allo 0,5% e il 2 giugno allo 0,1%, soglia utilizzata ad Hubei per allentare le misure. \u00abIl modello \u2013 spiega Cartabellotta \u2013 viene aggiornato quotidianamente e deve sempre essere maneggiato con cautela perch\u00e9 l\u2019andamento dei contagi potrebbe essere influenzato da variabili non considerate, spesso differenti nelle varie Regioni: insorgenza di nuovi focolai, numero di tamponi effettuati, aderenza alle misure di distanziamento sociale, sovraccarico degli ospedali\u00bb.<\/p>\n<p><a href=\"http:\/\/www.italiaeconomiaonline.it\/web\/wp-content\/uploads\/2020\/04\/Schermata-2020-04-08-alle-15.46.35.png\"><img decoding=\"async\" loading=\"lazy\" class=\"alignnone size-full wp-image-2851\" src=\"http:\/\/www.italiaeconomiaonline.it\/web\/wp-content\/uploads\/2020\/04\/Schermata-2020-04-08-alle-15.46.35.png\" alt=\"\" width=\"904\" height=\"801\" srcset=\"https:\/\/www.italiaeconomiaonline.it\/web\/wp-content\/uploads\/2020\/04\/Schermata-2020-04-08-alle-15.46.35.png 904w, https:\/\/www.italiaeconomiaonline.it\/web\/wp-content\/uploads\/2020\/04\/Schermata-2020-04-08-alle-15.46.35-300x266.png 300w, https:\/\/www.italiaeconomiaonline.it\/web\/wp-content\/uploads\/2020\/04\/Schermata-2020-04-08-alle-15.46.35-768x680.png 768w, https:\/\/www.italiaeconomiaonline.it\/web\/wp-content\/uploads\/2020\/04\/Schermata-2020-04-08-alle-15.46.35-696x617.png 696w, https:\/\/www.italiaeconomiaonline.it\/web\/wp-content\/uploads\/2020\/04\/Schermata-2020-04-08-alle-15.46.35-474x420.png 474w\" sizes=\"(max-width: 904px) 100vw, 904px\" \/><\/a><br \/>\n<strong>QUALI RISULTATI HANNO OTTENUTO LE MISURE DI DISTANZIAMENTO SOCIALE?<\/strong><br \/>\nNuovi casi: nell\u2019ultima settimana l\u2019incremento medio giornaliero \u00e8 stato del 3,9%, con trend in progressiva riduzione dal 4,5% al 2,3% (figura 2).<br \/>\nRispetto alle categorie di casi riportati dalla Protezione Civile (figura 3):<br \/>\nPazienti ricoverati con sintomi e in terapia intensiva: il crescente decongestionamento degli ospedali \u00e8 il dato che infonde maggiore ottimismo (figura 4).<br \/>\nIsolamento domiciliare: il numero \u00e8 in continuo aumento grazie ad una pi\u00f9 efficace identificazione dei contatti e di casi sempre meno gravi.<br \/>\nGuariti: il numero aumenta, ma risulta sovrastimato perch\u00e9 vengono conteggiati in questa categoria i casi della Regione Lombardia dimessi dall\u2019ospedale, senza informazioni sul loro status di guarigione clinica o virologica (ieri 59,4% dei \u201cguariti\u201d).<br \/>\nDeceduti: la curva continua a salire con una minima flessione negli ultimi 2-3 giorni.<\/p>\n<p><strong>I RISULTATI ITALIANI SONO IN LINEA CON QUELLI DELLA CINA?<\/strong> Il confronto \u00e8 stato effettuato con la provincia di Hubei che conta 58,5 milioni di abitanti ed ha avuto una modalit\u00e0 di espansione iniziale dell\u2019epidemia simile a quella italiana. Le curve di crescita dei contagi (figura 5) dimostrano che i risultati delle misure attuate in Italia sono ben lontani da quelli ottenuti in Cina. \u00abQuesta differenza \u2013 spiega Cartabellotta \u2013 \u00e8 dovuta almeno a tre motivazioni: da noi misure non tempestive, meno rigorose e pi\u00f9 frammentate e minore aderenza della popolazione\u00bb.<\/p>\n<p>\u00abIl ruolo dei dati nelle decisioni politiche \u2013 continua Cartabellotta \u2013 dipender\u00e0 da quali indicatori sceglier\u00e0 il Governo per stabilire criteri, tempi e modalit\u00e0 per l\u2019avvio graduale della \u201cFase 2\u201d, nella consapevolezza che, a differenza della Cina, non siamo in condizioni di applicare una sistematica tracciatura dei contatti tramite tecnologie avanzate e che i test sierologici non permettono ancora di fornire alcun \u201cpatentino di immunit\u00e0\u201d\u00bb.<\/p>\n<p>In sintesi, le analisi indipendenti della Fondazione GIMBE suggeriscono che:<br \/>\nLa curva del contagio \u00e8 rallentata, ma l\u2019aumento dei nuovi casi \u00e8 ancora rilevante.<br \/>\nLe misure di distanziamento sociale hanno alleggerito il carico sugli ospedali, ma il loro effetto sul numero totale dei casi \u00e8 ancora modesto<br \/>\nL\u2019allentamento delle misure dovr\u00e0 essere graduale e differenziato per tipologia di intervento e, ove possibile, \u201cpersonalizzato\u201d nelle varie Regioni monitorando strettamente l\u2019insorgenza di nuovi focolai.<\/p>\n<p>Se nelle prossime settimane sar\u00e0 confermato il rallentamento dei nuovi casi, con una certa dose di spavalderia la \u201cFase 2\u201d potrebbe essere avviata tra fine aprile e inizio maggio, accettando il rischio di una nuova impennata dei contagi.<\/p>\n<p>Se al contrario la linea vuole essere quella della gradualit\u00e0 e della prudenza, qualsiasi riapertura prima di fine maggio non si basa sulle dinamiche del contagio in Italia.<br \/>\n\u00abIl Governo \u2013 conclude Cartabellotta \u2013 \u00e8 chiamato a prendere una delle decisioni pi\u00f9 difficili della storia della Repubblica, con effetti determinanti sulla nostra salute, sulle nostre libert\u00e0 individuali e sull\u2019economia del Paese.<\/p>\n<p>Guardando ai numeri \u00e8 fondamentale conoscere quale indicatore guider\u00e0 la politica per l\u2019attuazione della \u201cFase 2\u201d: sar\u00e0, auspicabilmente, la riduzione dei contagi al di sotto di una soglia pi\u00f9 bassa possibile? Oppure, ci si limiter\u00e0 a contenere il verosimile aumento dei ricoveri e dei decessi, per il timore che la popolazione e l\u2019economia non sono in grado di reggere un rigoroso prolungamento del lockdown?\u00bb<\/p>\n<p><a href=\"http:\/\/www.italiaeconomiaonline.it\/web\/wp-content\/uploads\/2020\/04\/Schermata-2020-04-08-alle-15.46.46.png\"><img decoding=\"async\" loading=\"lazy\" class=\"alignnone size-full wp-image-2852\" src=\"http:\/\/www.italiaeconomiaonline.it\/web\/wp-content\/uploads\/2020\/04\/Schermata-2020-04-08-alle-15.46.46.png\" alt=\"\" width=\"1266\" height=\"750\" srcset=\"https:\/\/www.italiaeconomiaonline.it\/web\/wp-content\/uploads\/2020\/04\/Schermata-2020-04-08-alle-15.46.46.png 1266w, https:\/\/www.italiaeconomiaonline.it\/web\/wp-content\/uploads\/2020\/04\/Schermata-2020-04-08-alle-15.46.46-300x178.png 300w, https:\/\/www.italiaeconomiaonline.it\/web\/wp-content\/uploads\/2020\/04\/Schermata-2020-04-08-alle-15.46.46-1024x607.png 1024w, https:\/\/www.italiaeconomiaonline.it\/web\/wp-content\/uploads\/2020\/04\/Schermata-2020-04-08-alle-15.46.46-768x455.png 768w, https:\/\/www.italiaeconomiaonline.it\/web\/wp-content\/uploads\/2020\/04\/Schermata-2020-04-08-alle-15.46.46-696x412.png 696w, https:\/\/www.italiaeconomiaonline.it\/web\/wp-content\/uploads\/2020\/04\/Schermata-2020-04-08-alle-15.46.46-1068x633.png 1068w, https:\/\/www.italiaeconomiaonline.it\/web\/wp-content\/uploads\/2020\/04\/Schermata-2020-04-08-alle-15.46.46-709x420.png 709w\" sizes=\"(max-width: 1266px) 100vw, 1266px\" \/><\/a><\/p>\n","protected":false},"excerpt":{"rendered":"<p>Il quadro progressivamente meno funesto offerto dal bollettino giornaliero della Protezione Civile e l\u2019imminente scadenza del decreto \u201cChiudi Italia\u201d fissata per il 13 aprile hanno acceso il dibattito sull\u2019avvio dell\u2019agognata \u201cFase 2\u201d, ovvero tempi e modi per allentare il lockdown. Dal vertice di ieri tra il Governo e il Comitato Tecnico Scientifico \u00e8 emersa una [&hellip;]<\/p>\n","protected":false},"author":1,"featured_media":2855,"comment_status":"closed","ping_status":"open","sticky":false,"template":"","format":"standard","meta":{"footnotes":""},"categories":[128],"tags":[877,880],"yoast_head":"<!-- This site is optimized with the Yoast SEO plugin v22.2 - https:\/\/yoast.com\/wordpress\/plugins\/seo\/ -->\n<title>Focus Coronavirus, verso la fase 2. Rischioso allentare misure prima di fine maggio -<\/title>\n<meta name=\"robots\" content=\"index, follow, max-snippet:-1, max-image-preview:large, max-video-preview:-1\" \/>\n<link rel=\"canonical\" href=\"https:\/\/www.italiaeconomiaonline.it\/web\/focus-coronavirus-verso-la-fase-2-rischioso-allentare-misure-prima-di-fine-maggio\/\" \/>\n<meta property=\"og:locale\" content=\"it_IT\" \/>\n<meta property=\"og:type\" content=\"article\" \/>\n<meta property=\"og:title\" content=\"Focus Coronavirus, verso la fase 2. Rischioso allentare misure prima di fine maggio -\" \/>\n<meta property=\"og:description\" content=\"Il quadro progressivamente meno funesto offerto dal bollettino giornaliero della Protezione Civile e l\u2019imminente scadenza del decreto \u201cChiudi Italia\u201d fissata per il 13 aprile hanno acceso il dibattito sull\u2019avvio dell\u2019agognata \u201cFase 2\u201d, ovvero tempi e modi per allentare il lockdown. Dal vertice di ieri tra il Governo e il Comitato Tecnico Scientifico \u00e8 emersa una [&hellip;]\" \/>\n<meta property=\"og:url\" content=\"https:\/\/www.italiaeconomiaonline.it\/web\/focus-coronavirus-verso-la-fase-2-rischioso-allentare-misure-prima-di-fine-maggio\/\" \/>\n<meta property=\"og:site_name\" content=\"ItaliaEconomiaOnline\" \/>\n<meta property=\"article:published_time\" content=\"2020-04-08T13:53:12+00:00\" \/>\n<meta property=\"article:modified_time\" content=\"2020-04-08T13:54:03+00:00\" \/>\n<meta property=\"og:image\" content=\"https:\/\/www.italiaeconomiaonline.it\/web\/wp-content\/uploads\/2020\/04\/coronavirus-1.jpg\" \/>\n\t<meta property=\"og:image:width\" content=\"960\" \/>\n\t<meta property=\"og:image:height\" content=\"640\" \/>\n\t<meta property=\"og:image:type\" content=\"image\/jpeg\" \/>\n<meta name=\"author\" content=\"ladyitaliaeconomia\" \/>\n<meta name=\"twitter:card\" content=\"summary_large_image\" \/>\n<meta name=\"twitter:label1\" content=\"Scritto da\" \/>\n\t<meta name=\"twitter:data1\" content=\"ladyitaliaeconomia\" \/>\n\t<meta name=\"twitter:label2\" content=\"Tempo di lettura stimato\" \/>\n\t<meta name=\"twitter:data2\" content=\"4 minuti\" \/>\n<script type=\"application\/ld+json\" class=\"yoast-schema-graph\">{\"@context\":\"https:\/\/schema.org\",\"@graph\":[{\"@type\":\"WebPage\",\"@id\":\"https:\/\/www.italiaeconomiaonline.it\/web\/focus-coronavirus-verso-la-fase-2-rischioso-allentare-misure-prima-di-fine-maggio\/\",\"url\":\"https:\/\/www.italiaeconomiaonline.it\/web\/focus-coronavirus-verso-la-fase-2-rischioso-allentare-misure-prima-di-fine-maggio\/\",\"name\":\"Focus Coronavirus, verso la fase 2. Rischioso allentare misure prima di fine maggio -\",\"isPartOf\":{\"@id\":\"https:\/\/www.italiaeconomiaonline.it\/web\/#website\"},\"primaryImageOfPage\":{\"@id\":\"https:\/\/www.italiaeconomiaonline.it\/web\/focus-coronavirus-verso-la-fase-2-rischioso-allentare-misure-prima-di-fine-maggio\/#primaryimage\"},\"image\":{\"@id\":\"https:\/\/www.italiaeconomiaonline.it\/web\/focus-coronavirus-verso-la-fase-2-rischioso-allentare-misure-prima-di-fine-maggio\/#primaryimage\"},\"thumbnailUrl\":\"https:\/\/www.italiaeconomiaonline.it\/web\/wp-content\/uploads\/2020\/04\/coronavirus-1.jpg\",\"datePublished\":\"2020-04-08T13:53:12+00:00\",\"dateModified\":\"2020-04-08T13:54:03+00:00\",\"author\":{\"@id\":\"https:\/\/www.italiaeconomiaonline.it\/web\/#\/schema\/person\/909a49cce752523b020fbc37d5ab1c31\"},\"breadcrumb\":{\"@id\":\"https:\/\/www.italiaeconomiaonline.it\/web\/focus-coronavirus-verso-la-fase-2-rischioso-allentare-misure-prima-di-fine-maggio\/#breadcrumb\"},\"inLanguage\":\"it-IT\",\"potentialAction\":[{\"@type\":\"ReadAction\",\"target\":[\"https:\/\/www.italiaeconomiaonline.it\/web\/focus-coronavirus-verso-la-fase-2-rischioso-allentare-misure-prima-di-fine-maggio\/\"]}]},{\"@type\":\"ImageObject\",\"inLanguage\":\"it-IT\",\"@id\":\"https:\/\/www.italiaeconomiaonline.it\/web\/focus-coronavirus-verso-la-fase-2-rischioso-allentare-misure-prima-di-fine-maggio\/#primaryimage\",\"url\":\"https:\/\/www.italiaeconomiaonline.it\/web\/wp-content\/uploads\/2020\/04\/coronavirus-1.jpg\",\"contentUrl\":\"https:\/\/www.italiaeconomiaonline.it\/web\/wp-content\/uploads\/2020\/04\/coronavirus-1.jpg\",\"width\":960,\"height\":640},{\"@type\":\"BreadcrumbList\",\"@id\":\"https:\/\/www.italiaeconomiaonline.it\/web\/focus-coronavirus-verso-la-fase-2-rischioso-allentare-misure-prima-di-fine-maggio\/#breadcrumb\",\"itemListElement\":[{\"@type\":\"ListItem\",\"position\":1,\"name\":\"Home\",\"item\":\"https:\/\/www.italiaeconomiaonline.it\/web\/\"},{\"@type\":\"ListItem\",\"position\":2,\"name\":\"Focus Coronavirus, verso la fase 2. Rischioso allentare misure prima di fine maggio\"}]},{\"@type\":\"WebSite\",\"@id\":\"https:\/\/www.italiaeconomiaonline.it\/web\/#website\",\"url\":\"https:\/\/www.italiaeconomiaonline.it\/web\/\",\"name\":\"ItaliaEconomiaOnline\",\"description\":\"Quotidiano Economico Online\",\"potentialAction\":[{\"@type\":\"SearchAction\",\"target\":{\"@type\":\"EntryPoint\",\"urlTemplate\":\"https:\/\/www.italiaeconomiaonline.it\/web\/?s={search_term_string}\"},\"query-input\":\"required name=search_term_string\"}],\"inLanguage\":\"it-IT\"},{\"@type\":\"Person\",\"@id\":\"https:\/\/www.italiaeconomiaonline.it\/web\/#\/schema\/person\/909a49cce752523b020fbc37d5ab1c31\",\"name\":\"ladyitaliaeconomia\",\"image\":{\"@type\":\"ImageObject\",\"inLanguage\":\"it-IT\",\"@id\":\"https:\/\/www.italiaeconomiaonline.it\/web\/#\/schema\/person\/image\/\",\"url\":\"https:\/\/secure.gravatar.com\/avatar\/cedca10ce7416a579b9fa6bce9c0a8f2?s=96&d=mm&r=g\",\"contentUrl\":\"https:\/\/secure.gravatar.com\/avatar\/cedca10ce7416a579b9fa6bce9c0a8f2?s=96&d=mm&r=g\",\"caption\":\"ladyitaliaeconomia\"},\"url\":\"https:\/\/www.italiaeconomiaonline.it\/web\/author\/ladyitaliaeconomia\/\"}]}<\/script>\n<!-- \/ Yoast SEO plugin. -->","yoast_head_json":{"title":"Focus Coronavirus, verso la fase 2. Rischioso allentare misure prima di fine maggio -","robots":{"index":"index","follow":"follow","max-snippet":"max-snippet:-1","max-image-preview":"max-image-preview:large","max-video-preview":"max-video-preview:-1"},"canonical":"https:\/\/www.italiaeconomiaonline.it\/web\/focus-coronavirus-verso-la-fase-2-rischioso-allentare-misure-prima-di-fine-maggio\/","og_locale":"it_IT","og_type":"article","og_title":"Focus Coronavirus, verso la fase 2. Rischioso allentare misure prima di fine maggio -","og_description":"Il quadro progressivamente meno funesto offerto dal bollettino giornaliero della Protezione Civile e l\u2019imminente scadenza del decreto \u201cChiudi Italia\u201d fissata per il 13 aprile hanno acceso il dibattito sull\u2019avvio dell\u2019agognata \u201cFase 2\u201d, ovvero tempi e modi per allentare il lockdown. Dal vertice di ieri tra il Governo e il Comitato Tecnico Scientifico \u00e8 emersa una [&hellip;]","og_url":"https:\/\/www.italiaeconomiaonline.it\/web\/focus-coronavirus-verso-la-fase-2-rischioso-allentare-misure-prima-di-fine-maggio\/","og_site_name":"ItaliaEconomiaOnline","article_published_time":"2020-04-08T13:53:12+00:00","article_modified_time":"2020-04-08T13:54:03+00:00","og_image":[{"width":960,"height":640,"url":"https:\/\/www.italiaeconomiaonline.it\/web\/wp-content\/uploads\/2020\/04\/coronavirus-1.jpg","type":"image\/jpeg"}],"author":"ladyitaliaeconomia","twitter_card":"summary_large_image","twitter_misc":{"Scritto da":"ladyitaliaeconomia","Tempo di lettura stimato":"4 minuti"},"schema":{"@context":"https:\/\/schema.org","@graph":[{"@type":"WebPage","@id":"https:\/\/www.italiaeconomiaonline.it\/web\/focus-coronavirus-verso-la-fase-2-rischioso-allentare-misure-prima-di-fine-maggio\/","url":"https:\/\/www.italiaeconomiaonline.it\/web\/focus-coronavirus-verso-la-fase-2-rischioso-allentare-misure-prima-di-fine-maggio\/","name":"Focus Coronavirus, verso la fase 2. Rischioso allentare misure prima di fine maggio -","isPartOf":{"@id":"https:\/\/www.italiaeconomiaonline.it\/web\/#website"},"primaryImageOfPage":{"@id":"https:\/\/www.italiaeconomiaonline.it\/web\/focus-coronavirus-verso-la-fase-2-rischioso-allentare-misure-prima-di-fine-maggio\/#primaryimage"},"image":{"@id":"https:\/\/www.italiaeconomiaonline.it\/web\/focus-coronavirus-verso-la-fase-2-rischioso-allentare-misure-prima-di-fine-maggio\/#primaryimage"},"thumbnailUrl":"https:\/\/www.italiaeconomiaonline.it\/web\/wp-content\/uploads\/2020\/04\/coronavirus-1.jpg","datePublished":"2020-04-08T13:53:12+00:00","dateModified":"2020-04-08T13:54:03+00:00","author":{"@id":"https:\/\/www.italiaeconomiaonline.it\/web\/#\/schema\/person\/909a49cce752523b020fbc37d5ab1c31"},"breadcrumb":{"@id":"https:\/\/www.italiaeconomiaonline.it\/web\/focus-coronavirus-verso-la-fase-2-rischioso-allentare-misure-prima-di-fine-maggio\/#breadcrumb"},"inLanguage":"it-IT","potentialAction":[{"@type":"ReadAction","target":["https:\/\/www.italiaeconomiaonline.it\/web\/focus-coronavirus-verso-la-fase-2-rischioso-allentare-misure-prima-di-fine-maggio\/"]}]},{"@type":"ImageObject","inLanguage":"it-IT","@id":"https:\/\/www.italiaeconomiaonline.it\/web\/focus-coronavirus-verso-la-fase-2-rischioso-allentare-misure-prima-di-fine-maggio\/#primaryimage","url":"https:\/\/www.italiaeconomiaonline.it\/web\/wp-content\/uploads\/2020\/04\/coronavirus-1.jpg","contentUrl":"https:\/\/www.italiaeconomiaonline.it\/web\/wp-content\/uploads\/2020\/04\/coronavirus-1.jpg","width":960,"height":640},{"@type":"BreadcrumbList","@id":"https:\/\/www.italiaeconomiaonline.it\/web\/focus-coronavirus-verso-la-fase-2-rischioso-allentare-misure-prima-di-fine-maggio\/#breadcrumb","itemListElement":[{"@type":"ListItem","position":1,"name":"Home","item":"https:\/\/www.italiaeconomiaonline.it\/web\/"},{"@type":"ListItem","position":2,"name":"Focus Coronavirus, verso la fase 2. Rischioso allentare misure prima di fine maggio"}]},{"@type":"WebSite","@id":"https:\/\/www.italiaeconomiaonline.it\/web\/#website","url":"https:\/\/www.italiaeconomiaonline.it\/web\/","name":"ItaliaEconomiaOnline","description":"Quotidiano Economico Online","potentialAction":[{"@type":"SearchAction","target":{"@type":"EntryPoint","urlTemplate":"https:\/\/www.italiaeconomiaonline.it\/web\/?s={search_term_string}"},"query-input":"required name=search_term_string"}],"inLanguage":"it-IT"},{"@type":"Person","@id":"https:\/\/www.italiaeconomiaonline.it\/web\/#\/schema\/person\/909a49cce752523b020fbc37d5ab1c31","name":"ladyitaliaeconomia","image":{"@type":"ImageObject","inLanguage":"it-IT","@id":"https:\/\/www.italiaeconomiaonline.it\/web\/#\/schema\/person\/image\/","url":"https:\/\/secure.gravatar.com\/avatar\/cedca10ce7416a579b9fa6bce9c0a8f2?s=96&d=mm&r=g","contentUrl":"https:\/\/secure.gravatar.com\/avatar\/cedca10ce7416a579b9fa6bce9c0a8f2?s=96&d=mm&r=g","caption":"ladyitaliaeconomia"},"url":"https:\/\/www.italiaeconomiaonline.it\/web\/author\/ladyitaliaeconomia\/"}]}},"_links":{"self":[{"href":"https:\/\/www.italiaeconomiaonline.it\/web\/wp-json\/wp\/v2\/posts\/2850"}],"collection":[{"href":"https:\/\/www.italiaeconomiaonline.it\/web\/wp-json\/wp\/v2\/posts"}],"about":[{"href":"https:\/\/www.italiaeconomiaonline.it\/web\/wp-json\/wp\/v2\/types\/post"}],"author":[{"embeddable":true,"href":"https:\/\/www.italiaeconomiaonline.it\/web\/wp-json\/wp\/v2\/users\/1"}],"replies":[{"embeddable":true,"href":"https:\/\/www.italiaeconomiaonline.it\/web\/wp-json\/wp\/v2\/comments?post=2850"}],"version-history":[{"count":1,"href":"https:\/\/www.italiaeconomiaonline.it\/web\/wp-json\/wp\/v2\/posts\/2850\/revisions"}],"predecessor-version":[{"id":2854,"href":"https:\/\/www.italiaeconomiaonline.it\/web\/wp-json\/wp\/v2\/posts\/2850\/revisions\/2854"}],"wp:featuredmedia":[{"embeddable":true,"href":"https:\/\/www.italiaeconomiaonline.it\/web\/wp-json\/wp\/v2\/media\/2855"}],"wp:attachment":[{"href":"https:\/\/www.italiaeconomiaonline.it\/web\/wp-json\/wp\/v2\/media?parent=2850"}],"wp:term":[{"taxonomy":"category","embeddable":true,"href":"https:\/\/www.italiaeconomiaonline.it\/web\/wp-json\/wp\/v2\/categories?post=2850"},{"taxonomy":"post_tag","embeddable":true,"href":"https:\/\/www.italiaeconomiaonline.it\/web\/wp-json\/wp\/v2\/tags?post=2850"}],"curies":[{"name":"wp","href":"https:\/\/api.w.org\/{rel}","templated":true}]}}