{"id":2908,"date":"2020-04-16T11:54:38","date_gmt":"2020-04-16T09:54:38","guid":{"rendered":"http:\/\/www.italiaeconomiaonline.it\/web\/?p=2908"},"modified":"2020-04-16T11:54:38","modified_gmt":"2020-04-16T09:54:38","slug":"cnr-i-risultati-dellosservatorio-sui-mutamenti-sociali-in-atto-covid19","status":"publish","type":"post","link":"https:\/\/www.italiaeconomiaonline.it\/web\/cnr-i-risultati-dellosservatorio-sui-mutamenti-sociali-in-atto-covid19\/","title":{"rendered":"Cnr: i risultati dell\u2019Osservatorio sui Mutamenti Sociali in Atto-COVID19"},"content":{"rendered":"<p><span class=\"dropcap dropcap3\">L<\/span>\u2019osservatorio \u201cMutamenti Sociali in Atto-COVID19\u201d (MSA-COVID19) \u00e8 un progetto dell\u2019Istituto di ricerche sulla popolazione e le politiche sociali del Consiglio nazionale delle ricerche (Cnr-Irpps) realizzato in collaborazione con l\u2019Istituto Nazionale di Geofisica e Vulcanologia (INGV) e la Fondazione Movimento Bambino ONLUS.<\/p>\n<p>Mediante un sondaggio diffuso su scala nazionale, esplora e analizza gli effetti psico-sociali della contrazione dell\u2019interazione, della prolungata convivenza e del distanziamento sociale dovuti all\u2019emergenza COVID-19. I<\/p>\n<p>primi risultati dello studio forniscono informazioni circa la condizione abitativa, relazionale e lavorativa, analizzando nello specifico le attivit\u00e0 quotidiane, l\u2019uso di internet e l\u2019iperconnessione, la violenza domestica, la fiducia sistemica e gli stati psicologici.<br \/>\nIl 73,1% dei rispondenti ha in questo momento un partner, con cui convive per il 56,7%, a fronte del 13% di persone che abitano sole.<\/p>\n<p>Circa la met\u00e0 degli intervistati vive con almeno 2 o 3 persone. Il 49,3% \u00e8 impiegato a tempo pieno e per il 24,9% dei soggetti l\u2019attivit\u00e0 lavorativa \u00e8 sospesa. Tra i rimanenti lavoratori, il 23,4% opera in smart working e il 10,8% si reca sul posto di lavoro.<\/p>\n<p>Circa 4 persone su 10 prevedono di andare incontro a gravi perdite economiche, pi\u00f9 di una su 10 di perdere il lavoro o la propria attivit\u00e0, e due su 10 di andare in cassa integrazione. Il titolo di studio risulta un importante salvagente della tenuta lavorativa. Il rischio di non riuscire a far fronte anche alle esigenze alimentari nei prossimi giorni \u00e8 concreto per circa 3 persone su 10, soprattutto nel centro e sud Italia.<\/p>\n<p>Si evidenzia un\u2019elevata quota di incertezza per il futuro, che riguarda in particolare le donne (il 44,9% contro il 31,1% degli uomini) e chi possiede un titolo di studio medio-basso. Si evidenziano condizioni di disagio connesse all\u2019assenza dell\u2019interazione sociale, l\u2019aumento di stati depressivi, disturbi di tipo alimentare e legati all\u2019abuso del digitale e dell\u2019alcool. Sui minori di 12 anni, il distanziamento sta producendo un disagio dovuto al distacco da amici e nonni (rispettivamente 64,5% e 47,5%) e un rilevante abuso di internet a scopo di gioco e comunicazione (rispettivamente 33,5% e 19,2%).<\/p>\n<p><strong>La nuova routine. Cultura e attivit\u00e0 stereotipate per genere<\/strong><br \/>\nIl distanziamento sociale sta producendo una parziale rimodulazione dell\u2019uso del tempo libero. Tra le principali attivit\u00e0 svolte in questi giorni spicca la lettura di libri. Le scelte appaiono per\u00f2 spesso prodotte dai condizionamenti sociali e da una visione stereotipata dei ruoli. Queste persone ritengono che in questo periodo sia giusto offrire agli uomini maggiori valvole di sfogo, ad esempio permettendo loro di uscire per la spesa o altre esigenze, ma soprattutto che questo momento offra alla donna la possibilit\u00e0 di \u201criacquistare il suo ruolo naturale di madre e moglie\u201d (sono d\u2019accordo il 27% delle donne e il 37% degli uomini). La presenza di stereotipi, che coinvolge il 16,1% degli intervistati, \u00e8 maggiore tra gli uomini (circa il 20% vs il 10% delle donne), i non laureati, i credenti, nel Mezzogiorno, tra chi ha un orientamento politico di centro-destra e cresce con l\u2019et\u00e0.<\/p>\n<p><strong>Il web. Virtuosi e complottisti<\/strong><br \/>\nGli atteggiamenti e i comportamenti sul web possono definirsi virtuosi. Moltissimi prestano attenzione a ci\u00f2 che leggono (80%), alle conseguenze di ci\u00f2 che scrivono (94%) e controllano immagini e testi prima di condividerli (88%). Pochissimi si dichiarano favorevoli ad azioni di odio sul web (3%), ma per il 30% \u00e8 pi\u00f9 facile esprimere sincerit\u00e0 in rete che dal vivo. La \u201cteoria del complotto\u201d fa per\u00f2 da contraltare. Circa 4 soggetti su 10 ritengono che il web offra ci\u00f2 che i notiziari nascondono deliberatamente, lo pensano prevalentemente i maschi (45% contro il 37% delle donne) e le persone con titolo di studio medio-basso (42% contro 32%).<\/p>\n<p><strong>Iperconnessione: dal reale nel virtuale<\/strong><br \/>\nRispetto all\u2019uso dei social media si assistendo per almeno 4 soggetti su 10 a un raddoppio del tempo di utilizzo (fino a 60 minuti, 21,5%; da 1 a 3 ore, 42,1%; oltre 3 ore, 33,7%). Tutti, indipendentemente dall\u2019et\u00e0, trascorrono in questo momento pi\u00f9 tempo sui social: leggermente di pi\u00f9 le donne, chi vive nel Mezzogiorno e chi non ha figli.<\/p>\n<p>A tale aumento di tempo si evidenzia un incremento di emozioni e stati negativi quali rabbia, disgusto, paura, ansia e tristezza. Parallelamente, si evidenzia una diminuzione di felicit\u00e0 e rilassamento. L\u2019immersione di massa nel digitale, l\u2019implicita legittimazione della trasposizione del reale sul virtuale, soprattutto in ambito didattico e ludico per i pi\u00f9 giovani, sta generando un\u2019iperconnessione che potr\u00e0 divenire un fattore patologico (\u00e8 stato rilevato tra i minori di 12 anni un abuso di internet per gioco e comunicazione, pari al 33,5% e al 19,2%). Circa la met\u00e0 delle persone, il 44,5%, ritiene che la comunicazione virtuale (social, chat ecc.) possa sostituire quella personale (faccia a faccia).<\/p>\n<p><strong>Violenza domestica e assistita<\/strong><br \/>\nIl 57% dei soggetti convive in questo periodo con un partner o ex partner: il 15% dichiara che \u00e8 possibile che si verifichi un atto di violenza psicologica commessa dagli uomini sulle donne e il 9% delle donne sugli uomini. Il rischio di violenza fisica degli uomini sulle donne \u00e8 percepito dal 13% e quella delle donne sugli uomini dal 3%. Il 5% di chi vive in coppia dichiara che il clima \u00e8 poco collaborativo, pacifico e affettuoso, un dato in linea con le tendenze rilevate dall\u2019ISTAT. I genitori dichiarano inoltre che i ragazzi assistono alle loro liti nel 5% circa dei casi. Infine, il 6% di chi vive con un partner dichiara una seria preoccupazione per la stabilit\u00e0 di coppia a causa della convivenza forzata.<\/p>\n<p><strong>Fiducia sistemica<\/strong><br \/>\nLa fiducia espressa verso sue componenti sociali, istituzionali e collettive indica che raccolgono il pi\u00f9 elevato consenso gli scienziati, la protezione civile, le forze dell\u2019ordine e la sanit\u00e0. I pi\u00f9 bassi livelli vengono invece attribuiti a politici, banche, informazioni diffuse sui social e Unione Europea (l\u2019unica ad aver registrato un calo). Discorso a parte per le singole figure istituzionali: il presidente della Repubblica, del Consiglio e il Papa, godono di un\u2019elevata quota di fiducia.<\/p>\n<p><strong>La resilienza<\/strong><br \/>\nRispetto alla resilienza, la capacit\u00e0 di fronteggiare, resistere e reagire positivamente a un evento stressante o traumatico (misurata su due indicatori: \u201corientato al problema\u201d e \u201cfocalizzato su emozioni positive\u201d) i dati evidenziano una capacit\u00e0 maggiormente focalizzata sulle emozioni positive (pi\u00f9 gli uomini) e un po\u2019 meno orientata al compito (pi\u00f9 le donne). La resilienza cresce con il livello di istruzione e l\u2019et\u00e0, la fascia 50-69enne \u00e8 la pi\u00f9 orientata al problema. Rispetto all\u2019indicatore emozioni positive, il Nord ottiene il punteggio pi\u00f9 alto e il Mezzogiorno il pi\u00f9 basso.<\/p>\n<p><strong>Le emozioni primarie<\/strong><br \/>\nTra le emozioni primarie, le maggiormente percepite in conseguenza del distanziamento sociale sono tristezza, paura, ansia e rabbia. La felicit\u00e0 ottiene il punteggio pi\u00f9 basso. Le donne provano le stesse emozioni degli uomini, ma con maggiore intensit\u00e0. Le emozioni mostrano un andamento inversamente proporzionale all\u2019et\u00e0: gli over 70 hanno un\u2019intensit\u00e0 emotiva pi\u00f9 bassa rispetto ai giovani fino a 29 anni. La fascia 30-49 anni prova paura con maggiore intensit\u00e0. Emozioni pi\u00f9 accentuate risultano nel Mezzogiorno, dato apparentemente in contrasto con la minore diffusione del contagio, e potrebbe avere origine nei tratti culturali dell\u2019interazione sociale che a sud si esprime di pi\u00f9 nel senso della comunit\u00e0 e nelle reti di vicinato interrotte dal distanziamento sociale. In merito a tristezza, paura e rabbia, i valori maggiori si riscontrano in Calabria, Basilicata, Campania, Molise, Puglia e Sicilia.<\/p>\n","protected":false},"excerpt":{"rendered":"<p>L\u2019osservatorio \u201cMutamenti Sociali in Atto-COVID19\u201d (MSA-COVID19) \u00e8 un progetto dell\u2019Istituto di ricerche sulla popolazione e le politiche sociali del Consiglio nazionale delle ricerche (Cnr-Irpps) realizzato in collaborazione con l\u2019Istituto Nazionale di Geofisica e Vulcanologia (INGV) e la Fondazione Movimento Bambino ONLUS. Mediante un sondaggio diffuso su scala nazionale, esplora e analizza gli effetti psico-sociali della [&hellip;]<\/p>\n","protected":false},"author":1,"featured_media":952,"comment_status":"closed","ping_status":"open","sticky":false,"template":"","format":"standard","meta":{"footnotes":""},"categories":[56],"tags":[786,877,993,679],"yoast_head":"<!-- This site is optimized with the Yoast SEO plugin v22.2 - https:\/\/yoast.com\/wordpress\/plugins\/seo\/ -->\n<title>Cnr: i risultati dell\u2019Osservatorio sui Mutamenti Sociali in Atto-COVID19 -<\/title>\n<meta name=\"robots\" content=\"index, follow, max-snippet:-1, max-image-preview:large, max-video-preview:-1\" \/>\n<link rel=\"canonical\" href=\"https:\/\/www.italiaeconomiaonline.it\/web\/cnr-i-risultati-dellosservatorio-sui-mutamenti-sociali-in-atto-covid19\/\" \/>\n<meta property=\"og:locale\" content=\"it_IT\" \/>\n<meta property=\"og:type\" content=\"article\" \/>\n<meta property=\"og:title\" content=\"Cnr: i risultati dell\u2019Osservatorio sui Mutamenti Sociali in Atto-COVID19 -\" \/>\n<meta property=\"og:description\" content=\"L\u2019osservatorio \u201cMutamenti Sociali in Atto-COVID19\u201d (MSA-COVID19) \u00e8 un progetto dell\u2019Istituto di ricerche sulla popolazione e le politiche sociali del Consiglio nazionale delle ricerche (Cnr-Irpps) realizzato in collaborazione con l\u2019Istituto Nazionale di Geofisica e Vulcanologia (INGV) e la Fondazione Movimento Bambino ONLUS. Mediante un sondaggio diffuso su scala nazionale, esplora e analizza gli effetti psico-sociali della [&hellip;]\" \/>\n<meta property=\"og:url\" content=\"https:\/\/www.italiaeconomiaonline.it\/web\/cnr-i-risultati-dellosservatorio-sui-mutamenti-sociali-in-atto-covid19\/\" \/>\n<meta property=\"og:site_name\" content=\"ItaliaEconomiaOnline\" \/>\n<meta property=\"article:published_time\" content=\"2020-04-16T09:54:38+00:00\" \/>\n<meta property=\"og:image\" content=\"https:\/\/www.italiaeconomiaonline.it\/web\/wp-content\/uploads\/2019\/06\/lavoro-1.jpg\" \/>\n\t<meta property=\"og:image:width\" content=\"960\" \/>\n\t<meta property=\"og:image:height\" content=\"640\" \/>\n\t<meta property=\"og:image:type\" content=\"image\/jpeg\" \/>\n<meta name=\"author\" content=\"ladyitaliaeconomia\" \/>\n<meta name=\"twitter:card\" content=\"summary_large_image\" \/>\n<meta name=\"twitter:label1\" content=\"Scritto da\" \/>\n\t<meta name=\"twitter:data1\" content=\"ladyitaliaeconomia\" \/>\n\t<meta name=\"twitter:label2\" content=\"Tempo di lettura stimato\" \/>\n\t<meta name=\"twitter:data2\" content=\"6 minuti\" \/>\n<script type=\"application\/ld+json\" class=\"yoast-schema-graph\">{\"@context\":\"https:\/\/schema.org\",\"@graph\":[{\"@type\":\"WebPage\",\"@id\":\"https:\/\/www.italiaeconomiaonline.it\/web\/cnr-i-risultati-dellosservatorio-sui-mutamenti-sociali-in-atto-covid19\/\",\"url\":\"https:\/\/www.italiaeconomiaonline.it\/web\/cnr-i-risultati-dellosservatorio-sui-mutamenti-sociali-in-atto-covid19\/\",\"name\":\"Cnr: i risultati dell\u2019Osservatorio sui Mutamenti Sociali in Atto-COVID19 -\",\"isPartOf\":{\"@id\":\"https:\/\/www.italiaeconomiaonline.it\/web\/#website\"},\"primaryImageOfPage\":{\"@id\":\"https:\/\/www.italiaeconomiaonline.it\/web\/cnr-i-risultati-dellosservatorio-sui-mutamenti-sociali-in-atto-covid19\/#primaryimage\"},\"image\":{\"@id\":\"https:\/\/www.italiaeconomiaonline.it\/web\/cnr-i-risultati-dellosservatorio-sui-mutamenti-sociali-in-atto-covid19\/#primaryimage\"},\"thumbnailUrl\":\"https:\/\/www.italiaeconomiaonline.it\/web\/wp-content\/uploads\/2019\/06\/lavoro-1.jpg\",\"datePublished\":\"2020-04-16T09:54:38+00:00\",\"dateModified\":\"2020-04-16T09:54:38+00:00\",\"author\":{\"@id\":\"https:\/\/www.italiaeconomiaonline.it\/web\/#\/schema\/person\/909a49cce752523b020fbc37d5ab1c31\"},\"breadcrumb\":{\"@id\":\"https:\/\/www.italiaeconomiaonline.it\/web\/cnr-i-risultati-dellosservatorio-sui-mutamenti-sociali-in-atto-covid19\/#breadcrumb\"},\"inLanguage\":\"it-IT\",\"potentialAction\":[{\"@type\":\"ReadAction\",\"target\":[\"https:\/\/www.italiaeconomiaonline.it\/web\/cnr-i-risultati-dellosservatorio-sui-mutamenti-sociali-in-atto-covid19\/\"]}]},{\"@type\":\"ImageObject\",\"inLanguage\":\"it-IT\",\"@id\":\"https:\/\/www.italiaeconomiaonline.it\/web\/cnr-i-risultati-dellosservatorio-sui-mutamenti-sociali-in-atto-covid19\/#primaryimage\",\"url\":\"https:\/\/www.italiaeconomiaonline.it\/web\/wp-content\/uploads\/2019\/06\/lavoro-1.jpg\",\"contentUrl\":\"https:\/\/www.italiaeconomiaonline.it\/web\/wp-content\/uploads\/2019\/06\/lavoro-1.jpg\",\"width\":960,\"height\":640},{\"@type\":\"BreadcrumbList\",\"@id\":\"https:\/\/www.italiaeconomiaonline.it\/web\/cnr-i-risultati-dellosservatorio-sui-mutamenti-sociali-in-atto-covid19\/#breadcrumb\",\"itemListElement\":[{\"@type\":\"ListItem\",\"position\":1,\"name\":\"Home\",\"item\":\"https:\/\/www.italiaeconomiaonline.it\/web\/\"},{\"@type\":\"ListItem\",\"position\":2,\"name\":\"Cnr: i risultati dell\u2019Osservatorio sui Mutamenti Sociali in Atto-COVID19\"}]},{\"@type\":\"WebSite\",\"@id\":\"https:\/\/www.italiaeconomiaonline.it\/web\/#website\",\"url\":\"https:\/\/www.italiaeconomiaonline.it\/web\/\",\"name\":\"ItaliaEconomiaOnline\",\"description\":\"Quotidiano Economico Online\",\"potentialAction\":[{\"@type\":\"SearchAction\",\"target\":{\"@type\":\"EntryPoint\",\"urlTemplate\":\"https:\/\/www.italiaeconomiaonline.it\/web\/?s={search_term_string}\"},\"query-input\":\"required name=search_term_string\"}],\"inLanguage\":\"it-IT\"},{\"@type\":\"Person\",\"@id\":\"https:\/\/www.italiaeconomiaonline.it\/web\/#\/schema\/person\/909a49cce752523b020fbc37d5ab1c31\",\"name\":\"ladyitaliaeconomia\",\"image\":{\"@type\":\"ImageObject\",\"inLanguage\":\"it-IT\",\"@id\":\"https:\/\/www.italiaeconomiaonline.it\/web\/#\/schema\/person\/image\/\",\"url\":\"https:\/\/secure.gravatar.com\/avatar\/cedca10ce7416a579b9fa6bce9c0a8f2?s=96&d=mm&r=g\",\"contentUrl\":\"https:\/\/secure.gravatar.com\/avatar\/cedca10ce7416a579b9fa6bce9c0a8f2?s=96&d=mm&r=g\",\"caption\":\"ladyitaliaeconomia\"},\"url\":\"https:\/\/www.italiaeconomiaonline.it\/web\/author\/ladyitaliaeconomia\/\"}]}<\/script>\n<!-- \/ Yoast SEO plugin. -->","yoast_head_json":{"title":"Cnr: i risultati dell\u2019Osservatorio sui Mutamenti Sociali in Atto-COVID19 -","robots":{"index":"index","follow":"follow","max-snippet":"max-snippet:-1","max-image-preview":"max-image-preview:large","max-video-preview":"max-video-preview:-1"},"canonical":"https:\/\/www.italiaeconomiaonline.it\/web\/cnr-i-risultati-dellosservatorio-sui-mutamenti-sociali-in-atto-covid19\/","og_locale":"it_IT","og_type":"article","og_title":"Cnr: i risultati dell\u2019Osservatorio sui Mutamenti Sociali in Atto-COVID19 -","og_description":"L\u2019osservatorio \u201cMutamenti Sociali in Atto-COVID19\u201d (MSA-COVID19) \u00e8 un progetto dell\u2019Istituto di ricerche sulla popolazione e le politiche sociali del Consiglio nazionale delle ricerche (Cnr-Irpps) realizzato in collaborazione con l\u2019Istituto Nazionale di Geofisica e Vulcanologia (INGV) e la Fondazione Movimento Bambino ONLUS. Mediante un sondaggio diffuso su scala nazionale, esplora e analizza gli effetti psico-sociali della [&hellip;]","og_url":"https:\/\/www.italiaeconomiaonline.it\/web\/cnr-i-risultati-dellosservatorio-sui-mutamenti-sociali-in-atto-covid19\/","og_site_name":"ItaliaEconomiaOnline","article_published_time":"2020-04-16T09:54:38+00:00","og_image":[{"width":960,"height":640,"url":"https:\/\/www.italiaeconomiaonline.it\/web\/wp-content\/uploads\/2019\/06\/lavoro-1.jpg","type":"image\/jpeg"}],"author":"ladyitaliaeconomia","twitter_card":"summary_large_image","twitter_misc":{"Scritto da":"ladyitaliaeconomia","Tempo di lettura stimato":"6 minuti"},"schema":{"@context":"https:\/\/schema.org","@graph":[{"@type":"WebPage","@id":"https:\/\/www.italiaeconomiaonline.it\/web\/cnr-i-risultati-dellosservatorio-sui-mutamenti-sociali-in-atto-covid19\/","url":"https:\/\/www.italiaeconomiaonline.it\/web\/cnr-i-risultati-dellosservatorio-sui-mutamenti-sociali-in-atto-covid19\/","name":"Cnr: i risultati dell\u2019Osservatorio sui Mutamenti Sociali in Atto-COVID19 -","isPartOf":{"@id":"https:\/\/www.italiaeconomiaonline.it\/web\/#website"},"primaryImageOfPage":{"@id":"https:\/\/www.italiaeconomiaonline.it\/web\/cnr-i-risultati-dellosservatorio-sui-mutamenti-sociali-in-atto-covid19\/#primaryimage"},"image":{"@id":"https:\/\/www.italiaeconomiaonline.it\/web\/cnr-i-risultati-dellosservatorio-sui-mutamenti-sociali-in-atto-covid19\/#primaryimage"},"thumbnailUrl":"https:\/\/www.italiaeconomiaonline.it\/web\/wp-content\/uploads\/2019\/06\/lavoro-1.jpg","datePublished":"2020-04-16T09:54:38+00:00","dateModified":"2020-04-16T09:54:38+00:00","author":{"@id":"https:\/\/www.italiaeconomiaonline.it\/web\/#\/schema\/person\/909a49cce752523b020fbc37d5ab1c31"},"breadcrumb":{"@id":"https:\/\/www.italiaeconomiaonline.it\/web\/cnr-i-risultati-dellosservatorio-sui-mutamenti-sociali-in-atto-covid19\/#breadcrumb"},"inLanguage":"it-IT","potentialAction":[{"@type":"ReadAction","target":["https:\/\/www.italiaeconomiaonline.it\/web\/cnr-i-risultati-dellosservatorio-sui-mutamenti-sociali-in-atto-covid19\/"]}]},{"@type":"ImageObject","inLanguage":"it-IT","@id":"https:\/\/www.italiaeconomiaonline.it\/web\/cnr-i-risultati-dellosservatorio-sui-mutamenti-sociali-in-atto-covid19\/#primaryimage","url":"https:\/\/www.italiaeconomiaonline.it\/web\/wp-content\/uploads\/2019\/06\/lavoro-1.jpg","contentUrl":"https:\/\/www.italiaeconomiaonline.it\/web\/wp-content\/uploads\/2019\/06\/lavoro-1.jpg","width":960,"height":640},{"@type":"BreadcrumbList","@id":"https:\/\/www.italiaeconomiaonline.it\/web\/cnr-i-risultati-dellosservatorio-sui-mutamenti-sociali-in-atto-covid19\/#breadcrumb","itemListElement":[{"@type":"ListItem","position":1,"name":"Home","item":"https:\/\/www.italiaeconomiaonline.it\/web\/"},{"@type":"ListItem","position":2,"name":"Cnr: i risultati dell\u2019Osservatorio sui Mutamenti Sociali in Atto-COVID19"}]},{"@type":"WebSite","@id":"https:\/\/www.italiaeconomiaonline.it\/web\/#website","url":"https:\/\/www.italiaeconomiaonline.it\/web\/","name":"ItaliaEconomiaOnline","description":"Quotidiano Economico Online","potentialAction":[{"@type":"SearchAction","target":{"@type":"EntryPoint","urlTemplate":"https:\/\/www.italiaeconomiaonline.it\/web\/?s={search_term_string}"},"query-input":"required name=search_term_string"}],"inLanguage":"it-IT"},{"@type":"Person","@id":"https:\/\/www.italiaeconomiaonline.it\/web\/#\/schema\/person\/909a49cce752523b020fbc37d5ab1c31","name":"ladyitaliaeconomia","image":{"@type":"ImageObject","inLanguage":"it-IT","@id":"https:\/\/www.italiaeconomiaonline.it\/web\/#\/schema\/person\/image\/","url":"https:\/\/secure.gravatar.com\/avatar\/cedca10ce7416a579b9fa6bce9c0a8f2?s=96&d=mm&r=g","contentUrl":"https:\/\/secure.gravatar.com\/avatar\/cedca10ce7416a579b9fa6bce9c0a8f2?s=96&d=mm&r=g","caption":"ladyitaliaeconomia"},"url":"https:\/\/www.italiaeconomiaonline.it\/web\/author\/ladyitaliaeconomia\/"}]}},"_links":{"self":[{"href":"https:\/\/www.italiaeconomiaonline.it\/web\/wp-json\/wp\/v2\/posts\/2908"}],"collection":[{"href":"https:\/\/www.italiaeconomiaonline.it\/web\/wp-json\/wp\/v2\/posts"}],"about":[{"href":"https:\/\/www.italiaeconomiaonline.it\/web\/wp-json\/wp\/v2\/types\/post"}],"author":[{"embeddable":true,"href":"https:\/\/www.italiaeconomiaonline.it\/web\/wp-json\/wp\/v2\/users\/1"}],"replies":[{"embeddable":true,"href":"https:\/\/www.italiaeconomiaonline.it\/web\/wp-json\/wp\/v2\/comments?post=2908"}],"version-history":[{"count":1,"href":"https:\/\/www.italiaeconomiaonline.it\/web\/wp-json\/wp\/v2\/posts\/2908\/revisions"}],"predecessor-version":[{"id":2909,"href":"https:\/\/www.italiaeconomiaonline.it\/web\/wp-json\/wp\/v2\/posts\/2908\/revisions\/2909"}],"wp:featuredmedia":[{"embeddable":true,"href":"https:\/\/www.italiaeconomiaonline.it\/web\/wp-json\/wp\/v2\/media\/952"}],"wp:attachment":[{"href":"https:\/\/www.italiaeconomiaonline.it\/web\/wp-json\/wp\/v2\/media?parent=2908"}],"wp:term":[{"taxonomy":"category","embeddable":true,"href":"https:\/\/www.italiaeconomiaonline.it\/web\/wp-json\/wp\/v2\/categories?post=2908"},{"taxonomy":"post_tag","embeddable":true,"href":"https:\/\/www.italiaeconomiaonline.it\/web\/wp-json\/wp\/v2\/tags?post=2908"}],"curies":[{"name":"wp","href":"https:\/\/api.w.org\/{rel}","templated":true}]}}