{"id":2978,"date":"2020-04-24T06:00:42","date_gmt":"2020-04-24T04:00:42","guid":{"rendered":"http:\/\/www.italiaeconomiaonline.it\/web\/?p=2978"},"modified":"2020-04-23T21:54:05","modified_gmt":"2020-04-23T19:54:05","slug":"inps-collaborazione-con-la-protezione-civile-per-lemergenza-sanitaria-covid-19","status":"publish","type":"post","link":"https:\/\/www.italiaeconomiaonline.it\/web\/inps-collaborazione-con-la-protezione-civile-per-lemergenza-sanitaria-covid-19\/","title":{"rendered":"Inps: collaborazione con la Protezione Civile per l\u2018emergenza sanitaria COVID 19"},"content":{"rendered":"<p><span class=\"dropcap dropcap3\">S<\/span>tipulata una convenzione tra Inps e Protezione Civile della Provincia Autonoma di Trento per l\u2019uso di una struttura per l\u2019isolamento domiciliare fiduciario<\/p>\n<p>Inps e Protezione civile della\u00a0Provincia Autonoma di Trento hanno\u00a0\u2028stipulato una convenzione per accogliere i pazienti\u00a0paucisintomatici affetti da COVID 19 nella Casa del Maestro di San Cristoforo al Lago, Pergine Valsugana (TN), Viale Europa 11\/13, struttura sociale di propriet\u00e0 dell\u2019Istituto.<\/p>\n<p>L\u2019Inps, sensibile alle esigenze di assistenza ai cittadini pi\u00f9 duramente provati dall\u2019attuale emergenza, ha offerto alla Protezione Civile la struttura per accogliere la popolazione da porre in isolamento domiciliare fiduciario in un luogo diverso dalla propria abitazione a causa dell\u2019emergenza sanitaria.<\/p>\n<p>L\u2019intento dell\u2019Istituto \u00e8 anche di rimodellare con flessibilit\u00e0 e con attenzione alle priorit\u00e0 degli utenti,\u00a0nell\u2019attuale fase emergenziale, il servizio reso agli iscritti alla gestione magistrale ex ENAM, cui la casa \u00e8 ordinariamente destinata quale struttura per vacanze e che godranno di accesso prioritario alla struttura per le eventuali necessit\u00e0 di quarantena valutate dalla protezione civile.\u2028La collaborazione dell\u2019Inps con le Agenzie di protezione civile locali ha gi\u00e0 visto\u00a0 il convenzionamento della struttura sociale di Fiuggi nel Lazio e potr\u00e0 essere estesa anche ad altre realt\u00e0 regionali a supporto della popolazione in difficolt\u00e0.<\/p>\n","protected":false},"excerpt":{"rendered":"<p>Stipulata una convenzione tra Inps e Protezione Civile della Provincia Autonoma di Trento per l\u2019uso di una struttura per l\u2019isolamento domiciliare fiduciario Inps e Protezione civile della\u00a0Provincia Autonoma di Trento hanno\u00a0\u2028stipulato una convenzione per accogliere i pazienti\u00a0paucisintomatici affetti da COVID 19 nella Casa del Maestro di San Cristoforo al Lago, Pergine Valsugana (TN), Viale Europa [&hellip;]<\/p>\n","protected":false},"author":1,"featured_media":2783,"comment_status":"closed","ping_status":"open","sticky":false,"template":"","format":"standard","meta":{"footnotes":""},"categories":[128],"tags":[],"yoast_head":"<!-- This site is optimized with the Yoast SEO plugin v22.2 - https:\/\/yoast.com\/wordpress\/plugins\/seo\/ -->\n<title>Inps: collaborazione con la Protezione Civile per l\u2018emergenza sanitaria COVID 19 -<\/title>\n<meta name=\"robots\" content=\"index, follow, max-snippet:-1, max-image-preview:large, max-video-preview:-1\" \/>\n<link rel=\"canonical\" href=\"https:\/\/www.italiaeconomiaonline.it\/web\/inps-collaborazione-con-la-protezione-civile-per-lemergenza-sanitaria-covid-19\/\" \/>\n<meta property=\"og:locale\" content=\"it_IT\" \/>\n<meta property=\"og:type\" content=\"article\" \/>\n<meta property=\"og:title\" content=\"Inps: collaborazione con la Protezione Civile per l\u2018emergenza sanitaria COVID 19 -\" \/>\n<meta property=\"og:description\" content=\"Stipulata una convenzione tra Inps e Protezione Civile della Provincia Autonoma di Trento per l\u2019uso di una struttura per l\u2019isolamento domiciliare fiduciario Inps e Protezione civile della\u00a0Provincia Autonoma di Trento hanno\u00a0\u2028stipulato una convenzione per accogliere i pazienti\u00a0paucisintomatici affetti da COVID 19 nella Casa del Maestro di San Cristoforo al Lago, Pergine Valsugana (TN), Viale Europa [&hellip;]\" \/>\n<meta property=\"og:url\" content=\"https:\/\/www.italiaeconomiaonline.it\/web\/inps-collaborazione-con-la-protezione-civile-per-lemergenza-sanitaria-covid-19\/\" \/>\n<meta property=\"og:site_name\" content=\"ItaliaEconomiaOnline\" \/>\n<meta property=\"article:published_time\" content=\"2020-04-24T04:00:42+00:00\" \/>\n<meta property=\"article:modified_time\" content=\"2020-04-23T19:54:05+00:00\" \/>\n<meta property=\"og:image\" content=\"https:\/\/www.italiaeconomiaonline.it\/web\/wp-content\/uploads\/2020\/03\/coronavirus.jpg\" \/>\n\t<meta property=\"og:image:width\" content=\"960\" \/>\n\t<meta property=\"og:image:height\" content=\"640\" \/>\n\t<meta property=\"og:image:type\" content=\"image\/jpeg\" \/>\n<meta name=\"author\" content=\"ladyitaliaeconomia\" \/>\n<meta name=\"twitter:card\" content=\"summary_large_image\" \/>\n<meta name=\"twitter:label1\" content=\"Scritto da\" \/>\n\t<meta name=\"twitter:data1\" content=\"ladyitaliaeconomia\" \/>\n\t<meta name=\"twitter:label2\" content=\"Tempo di lettura stimato\" \/>\n\t<meta name=\"twitter:data2\" content=\"1 minuto\" \/>\n<script type=\"application\/ld+json\" class=\"yoast-schema-graph\">{\"@context\":\"https:\/\/schema.org\",\"@graph\":[{\"@type\":\"WebPage\",\"@id\":\"https:\/\/www.italiaeconomiaonline.it\/web\/inps-collaborazione-con-la-protezione-civile-per-lemergenza-sanitaria-covid-19\/\",\"url\":\"https:\/\/www.italiaeconomiaonline.it\/web\/inps-collaborazione-con-la-protezione-civile-per-lemergenza-sanitaria-covid-19\/\",\"name\":\"Inps: collaborazione con la Protezione Civile per l\u2018emergenza sanitaria COVID 19 -\",\"isPartOf\":{\"@id\":\"https:\/\/www.italiaeconomiaonline.it\/web\/#website\"},\"primaryImageOfPage\":{\"@id\":\"https:\/\/www.italiaeconomiaonline.it\/web\/inps-collaborazione-con-la-protezione-civile-per-lemergenza-sanitaria-covid-19\/#primaryimage\"},\"image\":{\"@id\":\"https:\/\/www.italiaeconomiaonline.it\/web\/inps-collaborazione-con-la-protezione-civile-per-lemergenza-sanitaria-covid-19\/#primaryimage\"},\"thumbnailUrl\":\"https:\/\/www.italiaeconomiaonline.it\/web\/wp-content\/uploads\/2020\/03\/coronavirus.jpg\",\"datePublished\":\"2020-04-24T04:00:42+00:00\",\"dateModified\":\"2020-04-23T19:54:05+00:00\",\"author\":{\"@id\":\"https:\/\/www.italiaeconomiaonline.it\/web\/#\/schema\/person\/909a49cce752523b020fbc37d5ab1c31\"},\"breadcrumb\":{\"@id\":\"https:\/\/www.italiaeconomiaonline.it\/web\/inps-collaborazione-con-la-protezione-civile-per-lemergenza-sanitaria-covid-19\/#breadcrumb\"},\"inLanguage\":\"it-IT\",\"potentialAction\":[{\"@type\":\"ReadAction\",\"target\":[\"https:\/\/www.italiaeconomiaonline.it\/web\/inps-collaborazione-con-la-protezione-civile-per-lemergenza-sanitaria-covid-19\/\"]}]},{\"@type\":\"ImageObject\",\"inLanguage\":\"it-IT\",\"@id\":\"https:\/\/www.italiaeconomiaonline.it\/web\/inps-collaborazione-con-la-protezione-civile-per-lemergenza-sanitaria-covid-19\/#primaryimage\",\"url\":\"https:\/\/www.italiaeconomiaonline.it\/web\/wp-content\/uploads\/2020\/03\/coronavirus.jpg\",\"contentUrl\":\"https:\/\/www.italiaeconomiaonline.it\/web\/wp-content\/uploads\/2020\/03\/coronavirus.jpg\",\"width\":960,\"height\":640},{\"@type\":\"BreadcrumbList\",\"@id\":\"https:\/\/www.italiaeconomiaonline.it\/web\/inps-collaborazione-con-la-protezione-civile-per-lemergenza-sanitaria-covid-19\/#breadcrumb\",\"itemListElement\":[{\"@type\":\"ListItem\",\"position\":1,\"name\":\"Home\",\"item\":\"https:\/\/www.italiaeconomiaonline.it\/web\/\"},{\"@type\":\"ListItem\",\"position\":2,\"name\":\"Inps: collaborazione con la Protezione Civile per l\u2018emergenza sanitaria COVID 19\"}]},{\"@type\":\"WebSite\",\"@id\":\"https:\/\/www.italiaeconomiaonline.it\/web\/#website\",\"url\":\"https:\/\/www.italiaeconomiaonline.it\/web\/\",\"name\":\"ItaliaEconomiaOnline\",\"description\":\"Quotidiano Economico Online\",\"potentialAction\":[{\"@type\":\"SearchAction\",\"target\":{\"@type\":\"EntryPoint\",\"urlTemplate\":\"https:\/\/www.italiaeconomiaonline.it\/web\/?s={search_term_string}\"},\"query-input\":\"required name=search_term_string\"}],\"inLanguage\":\"it-IT\"},{\"@type\":\"Person\",\"@id\":\"https:\/\/www.italiaeconomiaonline.it\/web\/#\/schema\/person\/909a49cce752523b020fbc37d5ab1c31\",\"name\":\"ladyitaliaeconomia\",\"image\":{\"@type\":\"ImageObject\",\"inLanguage\":\"it-IT\",\"@id\":\"https:\/\/www.italiaeconomiaonline.it\/web\/#\/schema\/person\/image\/\",\"url\":\"https:\/\/secure.gravatar.com\/avatar\/cedca10ce7416a579b9fa6bce9c0a8f2?s=96&d=mm&r=g\",\"contentUrl\":\"https:\/\/secure.gravatar.com\/avatar\/cedca10ce7416a579b9fa6bce9c0a8f2?s=96&d=mm&r=g\",\"caption\":\"ladyitaliaeconomia\"},\"url\":\"https:\/\/www.italiaeconomiaonline.it\/web\/author\/ladyitaliaeconomia\/\"}]}<\/script>\n<!-- \/ Yoast SEO plugin. -->","yoast_head_json":{"title":"Inps: collaborazione con la Protezione Civile per l\u2018emergenza sanitaria COVID 19 -","robots":{"index":"index","follow":"follow","max-snippet":"max-snippet:-1","max-image-preview":"max-image-preview:large","max-video-preview":"max-video-preview:-1"},"canonical":"https:\/\/www.italiaeconomiaonline.it\/web\/inps-collaborazione-con-la-protezione-civile-per-lemergenza-sanitaria-covid-19\/","og_locale":"it_IT","og_type":"article","og_title":"Inps: collaborazione con la Protezione Civile per l\u2018emergenza sanitaria COVID 19 -","og_description":"Stipulata una convenzione tra Inps e Protezione Civile della Provincia Autonoma di Trento per l\u2019uso di una struttura per l\u2019isolamento domiciliare fiduciario Inps e Protezione civile della\u00a0Provincia Autonoma di Trento hanno\u00a0\u2028stipulato una convenzione per accogliere i pazienti\u00a0paucisintomatici affetti da COVID 19 nella Casa del Maestro di San Cristoforo al Lago, Pergine Valsugana (TN), Viale Europa [&hellip;]","og_url":"https:\/\/www.italiaeconomiaonline.it\/web\/inps-collaborazione-con-la-protezione-civile-per-lemergenza-sanitaria-covid-19\/","og_site_name":"ItaliaEconomiaOnline","article_published_time":"2020-04-24T04:00:42+00:00","article_modified_time":"2020-04-23T19:54:05+00:00","og_image":[{"width":960,"height":640,"url":"https:\/\/www.italiaeconomiaonline.it\/web\/wp-content\/uploads\/2020\/03\/coronavirus.jpg","type":"image\/jpeg"}],"author":"ladyitaliaeconomia","twitter_card":"summary_large_image","twitter_misc":{"Scritto da":"ladyitaliaeconomia","Tempo di lettura stimato":"1 minuto"},"schema":{"@context":"https:\/\/schema.org","@graph":[{"@type":"WebPage","@id":"https:\/\/www.italiaeconomiaonline.it\/web\/inps-collaborazione-con-la-protezione-civile-per-lemergenza-sanitaria-covid-19\/","url":"https:\/\/www.italiaeconomiaonline.it\/web\/inps-collaborazione-con-la-protezione-civile-per-lemergenza-sanitaria-covid-19\/","name":"Inps: collaborazione con la Protezione Civile per l\u2018emergenza sanitaria COVID 19 -","isPartOf":{"@id":"https:\/\/www.italiaeconomiaonline.it\/web\/#website"},"primaryImageOfPage":{"@id":"https:\/\/www.italiaeconomiaonline.it\/web\/inps-collaborazione-con-la-protezione-civile-per-lemergenza-sanitaria-covid-19\/#primaryimage"},"image":{"@id":"https:\/\/www.italiaeconomiaonline.it\/web\/inps-collaborazione-con-la-protezione-civile-per-lemergenza-sanitaria-covid-19\/#primaryimage"},"thumbnailUrl":"https:\/\/www.italiaeconomiaonline.it\/web\/wp-content\/uploads\/2020\/03\/coronavirus.jpg","datePublished":"2020-04-24T04:00:42+00:00","dateModified":"2020-04-23T19:54:05+00:00","author":{"@id":"https:\/\/www.italiaeconomiaonline.it\/web\/#\/schema\/person\/909a49cce752523b020fbc37d5ab1c31"},"breadcrumb":{"@id":"https:\/\/www.italiaeconomiaonline.it\/web\/inps-collaborazione-con-la-protezione-civile-per-lemergenza-sanitaria-covid-19\/#breadcrumb"},"inLanguage":"it-IT","potentialAction":[{"@type":"ReadAction","target":["https:\/\/www.italiaeconomiaonline.it\/web\/inps-collaborazione-con-la-protezione-civile-per-lemergenza-sanitaria-covid-19\/"]}]},{"@type":"ImageObject","inLanguage":"it-IT","@id":"https:\/\/www.italiaeconomiaonline.it\/web\/inps-collaborazione-con-la-protezione-civile-per-lemergenza-sanitaria-covid-19\/#primaryimage","url":"https:\/\/www.italiaeconomiaonline.it\/web\/wp-content\/uploads\/2020\/03\/coronavirus.jpg","contentUrl":"https:\/\/www.italiaeconomiaonline.it\/web\/wp-content\/uploads\/2020\/03\/coronavirus.jpg","width":960,"height":640},{"@type":"BreadcrumbList","@id":"https:\/\/www.italiaeconomiaonline.it\/web\/inps-collaborazione-con-la-protezione-civile-per-lemergenza-sanitaria-covid-19\/#breadcrumb","itemListElement":[{"@type":"ListItem","position":1,"name":"Home","item":"https:\/\/www.italiaeconomiaonline.it\/web\/"},{"@type":"ListItem","position":2,"name":"Inps: collaborazione con la Protezione Civile per l\u2018emergenza sanitaria COVID 19"}]},{"@type":"WebSite","@id":"https:\/\/www.italiaeconomiaonline.it\/web\/#website","url":"https:\/\/www.italiaeconomiaonline.it\/web\/","name":"ItaliaEconomiaOnline","description":"Quotidiano Economico Online","potentialAction":[{"@type":"SearchAction","target":{"@type":"EntryPoint","urlTemplate":"https:\/\/www.italiaeconomiaonline.it\/web\/?s={search_term_string}"},"query-input":"required name=search_term_string"}],"inLanguage":"it-IT"},{"@type":"Person","@id":"https:\/\/www.italiaeconomiaonline.it\/web\/#\/schema\/person\/909a49cce752523b020fbc37d5ab1c31","name":"ladyitaliaeconomia","image":{"@type":"ImageObject","inLanguage":"it-IT","@id":"https:\/\/www.italiaeconomiaonline.it\/web\/#\/schema\/person\/image\/","url":"https:\/\/secure.gravatar.com\/avatar\/cedca10ce7416a579b9fa6bce9c0a8f2?s=96&d=mm&r=g","contentUrl":"https:\/\/secure.gravatar.com\/avatar\/cedca10ce7416a579b9fa6bce9c0a8f2?s=96&d=mm&r=g","caption":"ladyitaliaeconomia"},"url":"https:\/\/www.italiaeconomiaonline.it\/web\/author\/ladyitaliaeconomia\/"}]}},"_links":{"self":[{"href":"https:\/\/www.italiaeconomiaonline.it\/web\/wp-json\/wp\/v2\/posts\/2978"}],"collection":[{"href":"https:\/\/www.italiaeconomiaonline.it\/web\/wp-json\/wp\/v2\/posts"}],"about":[{"href":"https:\/\/www.italiaeconomiaonline.it\/web\/wp-json\/wp\/v2\/types\/post"}],"author":[{"embeddable":true,"href":"https:\/\/www.italiaeconomiaonline.it\/web\/wp-json\/wp\/v2\/users\/1"}],"replies":[{"embeddable":true,"href":"https:\/\/www.italiaeconomiaonline.it\/web\/wp-json\/wp\/v2\/comments?post=2978"}],"version-history":[{"count":1,"href":"https:\/\/www.italiaeconomiaonline.it\/web\/wp-json\/wp\/v2\/posts\/2978\/revisions"}],"predecessor-version":[{"id":2979,"href":"https:\/\/www.italiaeconomiaonline.it\/web\/wp-json\/wp\/v2\/posts\/2978\/revisions\/2979"}],"wp:featuredmedia":[{"embeddable":true,"href":"https:\/\/www.italiaeconomiaonline.it\/web\/wp-json\/wp\/v2\/media\/2783"}],"wp:attachment":[{"href":"https:\/\/www.italiaeconomiaonline.it\/web\/wp-json\/wp\/v2\/media?parent=2978"}],"wp:term":[{"taxonomy":"category","embeddable":true,"href":"https:\/\/www.italiaeconomiaonline.it\/web\/wp-json\/wp\/v2\/categories?post=2978"},{"taxonomy":"post_tag","embeddable":true,"href":"https:\/\/www.italiaeconomiaonline.it\/web\/wp-json\/wp\/v2\/tags?post=2978"}],"curies":[{"name":"wp","href":"https:\/\/api.w.org\/{rel}","templated":true}]}}