{"id":2987,"date":"2020-04-24T17:01:50","date_gmt":"2020-04-24T15:01:50","guid":{"rendered":"http:\/\/www.italiaeconomiaonline.it\/web\/?p=2987"},"modified":"2020-04-24T17:01:50","modified_gmt":"2020-04-24T15:01:50","slug":"inps-piu-contagiati-covid-19-nelle-province-con-piu-occupati-nei-settori-essenziali","status":"publish","type":"post","link":"https:\/\/www.italiaeconomiaonline.it\/web\/inps-piu-contagiati-covid-19-nelle-province-con-piu-occupati-nei-settori-essenziali\/","title":{"rendered":"Inps: pi\u00f9 contagiati COVID 19 nelle province con pi\u00f9 occupati nei settori essenziali"},"content":{"rendered":"<p><span class=\"dropcap dropcap3\">U<\/span>no studio delle Direzione Centrale Studi e Ricerche dimostra come i contagiati da COVID-19 siano aumentati in misura maggiore, dopo le misure di lockdown decise dal governo, nelle province con pi\u00f9 rapporti di lavoro nei settori essenziali<\/p>\n<p>\u00c8 cresciuto pi\u00f9 velocemente il numero dei contagiati da virus COVID-19 nelle province in cui \u00e8 pi\u00f9 elevato il numero di rapporti di lavoro nelle attivit\u00e0 essenziali, cio\u00e8 quelle attivit\u00e0 che non sono state bloccate e hanno continuato a essere svolte anche dopo le misure di lockdown introdotte dal governo. Tale evidenza suggerisce inoltre, in modo indiretto, che le misure di lockdown hanno limitato la diffusione del contagio, e questo effetto di contenimento \u00e8 minore nelle province dove le limitazioni erano meno stringenti a causa della maggiore quota di rapporti di lavoro essenziali.<\/p>\n<p>\u00c8 quanto emerge da uno studio effettuato dalla Direzione Centrale Studi e Ricerche dell\u2019Inps, pubblicato nella sezione del sito Inps \u201cStudi e Analisi\u201d.<\/p>\n<p>Lo studio analizza i dati provinciali della protezione civile sulla dinamica dei contagiati COVID-19 dal 24 febbraio al 21 aprile, e i dati amministrativi di fonte Inps relativi alla quota dei rapporti di lavoro nei settori considerati essenziali dai due provvedimenti restrittivi del marzo 2020 emessi dal governo Italiano.<\/p>\n<p>Dall\u2019analisi emerge che, se nel primo periodo la curva del contagio cresce nello stesso modo fra le province, dal 22 marzo, quando \u00e8 stato emanato il provvedimento pi\u00f9 restrittivo di lockdown, il contagio cresce di pi\u00f9 nelle province con pi\u00f9 rapporti di lavoro nei settori essenziali rispetto a quelle dove tali settori sono meno rappresentati, per poi decrescere pi\u00f9 lentamente dall\u2019inizio aprile, quando il numero generale dei contagiati ha iniziato a diminuire.<\/p>\n<p>Negli ultimi giorni considerati lo studio mostra come nei settori che si collocano sopra la fascia mediana dei settori essenziali, in cui cio\u00e8 \u00e8 maggiore il numero dei lavori appartenenti ai settori essenziali, vi sono in media 10 contagiati in pi\u00f9 al giorno, un numero non trascurabile dato che la media provinciale giornaliera dei contagiati dopo il 22 marzo \u00e8 di 37 (l\u2019impatto \u00e8 circa il 25% della media).<\/p>\n<p>La differenza risulta ancora pi\u00f9 marcata se si considera anche la densit\u00e0 di occupazione a livello provinciale. Infatti, aggiungendo tale elemento all\u2019analisi emerge che l\u2019impatto dell\u2019esposizione a settori essenziali risulta essere leggermente pi\u00f9 elevato rispetto al caso di considerare solo i settori essenziali (13 contagiati in pi\u00f9 al giorno contro 10).<\/p>\n","protected":false},"excerpt":{"rendered":"<p>Uno studio delle Direzione Centrale Studi e Ricerche dimostra come i contagiati da COVID-19 siano aumentati in misura maggiore, dopo le misure di lockdown decise dal governo, nelle province con pi\u00f9 rapporti di lavoro nei settori essenziali \u00c8 cresciuto pi\u00f9 velocemente il numero dei contagiati da virus COVID-19 nelle province in cui \u00e8 pi\u00f9 elevato [&hellip;]<\/p>\n","protected":false},"author":1,"featured_media":2760,"comment_status":"closed","ping_status":"open","sticky":false,"template":"","format":"standard","meta":{"footnotes":""},"categories":[128],"tags":[],"yoast_head":"<!-- This site is optimized with the Yoast SEO plugin v22.2 - https:\/\/yoast.com\/wordpress\/plugins\/seo\/ -->\n<title>Inps: pi\u00f9 contagiati COVID 19 nelle province con pi\u00f9 occupati nei settori essenziali -<\/title>\n<meta name=\"robots\" content=\"index, follow, max-snippet:-1, max-image-preview:large, max-video-preview:-1\" \/>\n<link rel=\"canonical\" href=\"https:\/\/www.italiaeconomiaonline.it\/web\/inps-piu-contagiati-covid-19-nelle-province-con-piu-occupati-nei-settori-essenziali\/\" \/>\n<meta property=\"og:locale\" content=\"it_IT\" \/>\n<meta property=\"og:type\" content=\"article\" \/>\n<meta property=\"og:title\" content=\"Inps: pi\u00f9 contagiati COVID 19 nelle province con pi\u00f9 occupati nei settori essenziali -\" \/>\n<meta property=\"og:description\" content=\"Uno studio delle Direzione Centrale Studi e Ricerche dimostra come i contagiati da COVID-19 siano aumentati in misura maggiore, dopo le misure di lockdown decise dal governo, nelle province con pi\u00f9 rapporti di lavoro nei settori essenziali \u00c8 cresciuto pi\u00f9 velocemente il numero dei contagiati da virus COVID-19 nelle province in cui \u00e8 pi\u00f9 elevato [&hellip;]\" \/>\n<meta property=\"og:url\" content=\"https:\/\/www.italiaeconomiaonline.it\/web\/inps-piu-contagiati-covid-19-nelle-province-con-piu-occupati-nei-settori-essenziali\/\" \/>\n<meta property=\"og:site_name\" content=\"ItaliaEconomiaOnline\" \/>\n<meta property=\"article:published_time\" content=\"2020-04-24T15:01:50+00:00\" \/>\n<meta property=\"og:image\" content=\"https:\/\/www.italiaeconomiaonline.it\/web\/wp-content\/uploads\/2020\/03\/Schermata-2020-03-27-alle-12.11.17-1024x622.png\" \/>\n\t<meta property=\"og:image:width\" content=\"1024\" \/>\n\t<meta property=\"og:image:height\" content=\"622\" \/>\n\t<meta property=\"og:image:type\" content=\"image\/png\" \/>\n<meta name=\"author\" content=\"ladyitaliaeconomia\" \/>\n<meta name=\"twitter:card\" content=\"summary_large_image\" \/>\n<meta name=\"twitter:label1\" content=\"Scritto da\" \/>\n\t<meta name=\"twitter:data1\" content=\"ladyitaliaeconomia\" \/>\n\t<meta name=\"twitter:label2\" content=\"Tempo di lettura stimato\" \/>\n\t<meta name=\"twitter:data2\" content=\"2 minuti\" \/>\n<script type=\"application\/ld+json\" class=\"yoast-schema-graph\">{\"@context\":\"https:\/\/schema.org\",\"@graph\":[{\"@type\":\"WebPage\",\"@id\":\"https:\/\/www.italiaeconomiaonline.it\/web\/inps-piu-contagiati-covid-19-nelle-province-con-piu-occupati-nei-settori-essenziali\/\",\"url\":\"https:\/\/www.italiaeconomiaonline.it\/web\/inps-piu-contagiati-covid-19-nelle-province-con-piu-occupati-nei-settori-essenziali\/\",\"name\":\"Inps: pi\u00f9 contagiati COVID 19 nelle province con pi\u00f9 occupati nei settori essenziali -\",\"isPartOf\":{\"@id\":\"https:\/\/www.italiaeconomiaonline.it\/web\/#website\"},\"primaryImageOfPage\":{\"@id\":\"https:\/\/www.italiaeconomiaonline.it\/web\/inps-piu-contagiati-covid-19-nelle-province-con-piu-occupati-nei-settori-essenziali\/#primaryimage\"},\"image\":{\"@id\":\"https:\/\/www.italiaeconomiaonline.it\/web\/inps-piu-contagiati-covid-19-nelle-province-con-piu-occupati-nei-settori-essenziali\/#primaryimage\"},\"thumbnailUrl\":\"https:\/\/www.italiaeconomiaonline.it\/web\/wp-content\/uploads\/2020\/03\/Schermata-2020-03-27-alle-12.11.17.png\",\"datePublished\":\"2020-04-24T15:01:50+00:00\",\"dateModified\":\"2020-04-24T15:01:50+00:00\",\"author\":{\"@id\":\"https:\/\/www.italiaeconomiaonline.it\/web\/#\/schema\/person\/909a49cce752523b020fbc37d5ab1c31\"},\"breadcrumb\":{\"@id\":\"https:\/\/www.italiaeconomiaonline.it\/web\/inps-piu-contagiati-covid-19-nelle-province-con-piu-occupati-nei-settori-essenziali\/#breadcrumb\"},\"inLanguage\":\"it-IT\",\"potentialAction\":[{\"@type\":\"ReadAction\",\"target\":[\"https:\/\/www.italiaeconomiaonline.it\/web\/inps-piu-contagiati-covid-19-nelle-province-con-piu-occupati-nei-settori-essenziali\/\"]}]},{\"@type\":\"ImageObject\",\"inLanguage\":\"it-IT\",\"@id\":\"https:\/\/www.italiaeconomiaonline.it\/web\/inps-piu-contagiati-covid-19-nelle-province-con-piu-occupati-nei-settori-essenziali\/#primaryimage\",\"url\":\"https:\/\/www.italiaeconomiaonline.it\/web\/wp-content\/uploads\/2020\/03\/Schermata-2020-03-27-alle-12.11.17.png\",\"contentUrl\":\"https:\/\/www.italiaeconomiaonline.it\/web\/wp-content\/uploads\/2020\/03\/Schermata-2020-03-27-alle-12.11.17.png\",\"width\":1604,\"height\":974},{\"@type\":\"BreadcrumbList\",\"@id\":\"https:\/\/www.italiaeconomiaonline.it\/web\/inps-piu-contagiati-covid-19-nelle-province-con-piu-occupati-nei-settori-essenziali\/#breadcrumb\",\"itemListElement\":[{\"@type\":\"ListItem\",\"position\":1,\"name\":\"Home\",\"item\":\"https:\/\/www.italiaeconomiaonline.it\/web\/\"},{\"@type\":\"ListItem\",\"position\":2,\"name\":\"Inps: pi\u00f9 contagiati COVID 19 nelle province con pi\u00f9 occupati nei settori essenziali\"}]},{\"@type\":\"WebSite\",\"@id\":\"https:\/\/www.italiaeconomiaonline.it\/web\/#website\",\"url\":\"https:\/\/www.italiaeconomiaonline.it\/web\/\",\"name\":\"ItaliaEconomiaOnline\",\"description\":\"Quotidiano Economico Online\",\"potentialAction\":[{\"@type\":\"SearchAction\",\"target\":{\"@type\":\"EntryPoint\",\"urlTemplate\":\"https:\/\/www.italiaeconomiaonline.it\/web\/?s={search_term_string}\"},\"query-input\":\"required name=search_term_string\"}],\"inLanguage\":\"it-IT\"},{\"@type\":\"Person\",\"@id\":\"https:\/\/www.italiaeconomiaonline.it\/web\/#\/schema\/person\/909a49cce752523b020fbc37d5ab1c31\",\"name\":\"ladyitaliaeconomia\",\"image\":{\"@type\":\"ImageObject\",\"inLanguage\":\"it-IT\",\"@id\":\"https:\/\/www.italiaeconomiaonline.it\/web\/#\/schema\/person\/image\/\",\"url\":\"https:\/\/secure.gravatar.com\/avatar\/cedca10ce7416a579b9fa6bce9c0a8f2?s=96&d=mm&r=g\",\"contentUrl\":\"https:\/\/secure.gravatar.com\/avatar\/cedca10ce7416a579b9fa6bce9c0a8f2?s=96&d=mm&r=g\",\"caption\":\"ladyitaliaeconomia\"},\"url\":\"https:\/\/www.italiaeconomiaonline.it\/web\/author\/ladyitaliaeconomia\/\"}]}<\/script>\n<!-- \/ Yoast SEO plugin. -->","yoast_head_json":{"title":"Inps: pi\u00f9 contagiati COVID 19 nelle province con pi\u00f9 occupati nei settori essenziali -","robots":{"index":"index","follow":"follow","max-snippet":"max-snippet:-1","max-image-preview":"max-image-preview:large","max-video-preview":"max-video-preview:-1"},"canonical":"https:\/\/www.italiaeconomiaonline.it\/web\/inps-piu-contagiati-covid-19-nelle-province-con-piu-occupati-nei-settori-essenziali\/","og_locale":"it_IT","og_type":"article","og_title":"Inps: pi\u00f9 contagiati COVID 19 nelle province con pi\u00f9 occupati nei settori essenziali -","og_description":"Uno studio delle Direzione Centrale Studi e Ricerche dimostra come i contagiati da COVID-19 siano aumentati in misura maggiore, dopo le misure di lockdown decise dal governo, nelle province con pi\u00f9 rapporti di lavoro nei settori essenziali \u00c8 cresciuto pi\u00f9 velocemente il numero dei contagiati da virus COVID-19 nelle province in cui \u00e8 pi\u00f9 elevato [&hellip;]","og_url":"https:\/\/www.italiaeconomiaonline.it\/web\/inps-piu-contagiati-covid-19-nelle-province-con-piu-occupati-nei-settori-essenziali\/","og_site_name":"ItaliaEconomiaOnline","article_published_time":"2020-04-24T15:01:50+00:00","og_image":[{"width":1024,"height":622,"url":"https:\/\/www.italiaeconomiaonline.it\/web\/wp-content\/uploads\/2020\/03\/Schermata-2020-03-27-alle-12.11.17-1024x622.png","type":"image\/png"}],"author":"ladyitaliaeconomia","twitter_card":"summary_large_image","twitter_misc":{"Scritto da":"ladyitaliaeconomia","Tempo di lettura stimato":"2 minuti"},"schema":{"@context":"https:\/\/schema.org","@graph":[{"@type":"WebPage","@id":"https:\/\/www.italiaeconomiaonline.it\/web\/inps-piu-contagiati-covid-19-nelle-province-con-piu-occupati-nei-settori-essenziali\/","url":"https:\/\/www.italiaeconomiaonline.it\/web\/inps-piu-contagiati-covid-19-nelle-province-con-piu-occupati-nei-settori-essenziali\/","name":"Inps: pi\u00f9 contagiati COVID 19 nelle province con pi\u00f9 occupati nei settori essenziali -","isPartOf":{"@id":"https:\/\/www.italiaeconomiaonline.it\/web\/#website"},"primaryImageOfPage":{"@id":"https:\/\/www.italiaeconomiaonline.it\/web\/inps-piu-contagiati-covid-19-nelle-province-con-piu-occupati-nei-settori-essenziali\/#primaryimage"},"image":{"@id":"https:\/\/www.italiaeconomiaonline.it\/web\/inps-piu-contagiati-covid-19-nelle-province-con-piu-occupati-nei-settori-essenziali\/#primaryimage"},"thumbnailUrl":"https:\/\/www.italiaeconomiaonline.it\/web\/wp-content\/uploads\/2020\/03\/Schermata-2020-03-27-alle-12.11.17.png","datePublished":"2020-04-24T15:01:50+00:00","dateModified":"2020-04-24T15:01:50+00:00","author":{"@id":"https:\/\/www.italiaeconomiaonline.it\/web\/#\/schema\/person\/909a49cce752523b020fbc37d5ab1c31"},"breadcrumb":{"@id":"https:\/\/www.italiaeconomiaonline.it\/web\/inps-piu-contagiati-covid-19-nelle-province-con-piu-occupati-nei-settori-essenziali\/#breadcrumb"},"inLanguage":"it-IT","potentialAction":[{"@type":"ReadAction","target":["https:\/\/www.italiaeconomiaonline.it\/web\/inps-piu-contagiati-covid-19-nelle-province-con-piu-occupati-nei-settori-essenziali\/"]}]},{"@type":"ImageObject","inLanguage":"it-IT","@id":"https:\/\/www.italiaeconomiaonline.it\/web\/inps-piu-contagiati-covid-19-nelle-province-con-piu-occupati-nei-settori-essenziali\/#primaryimage","url":"https:\/\/www.italiaeconomiaonline.it\/web\/wp-content\/uploads\/2020\/03\/Schermata-2020-03-27-alle-12.11.17.png","contentUrl":"https:\/\/www.italiaeconomiaonline.it\/web\/wp-content\/uploads\/2020\/03\/Schermata-2020-03-27-alle-12.11.17.png","width":1604,"height":974},{"@type":"BreadcrumbList","@id":"https:\/\/www.italiaeconomiaonline.it\/web\/inps-piu-contagiati-covid-19-nelle-province-con-piu-occupati-nei-settori-essenziali\/#breadcrumb","itemListElement":[{"@type":"ListItem","position":1,"name":"Home","item":"https:\/\/www.italiaeconomiaonline.it\/web\/"},{"@type":"ListItem","position":2,"name":"Inps: pi\u00f9 contagiati COVID 19 nelle province con pi\u00f9 occupati nei settori essenziali"}]},{"@type":"WebSite","@id":"https:\/\/www.italiaeconomiaonline.it\/web\/#website","url":"https:\/\/www.italiaeconomiaonline.it\/web\/","name":"ItaliaEconomiaOnline","description":"Quotidiano Economico Online","potentialAction":[{"@type":"SearchAction","target":{"@type":"EntryPoint","urlTemplate":"https:\/\/www.italiaeconomiaonline.it\/web\/?s={search_term_string}"},"query-input":"required name=search_term_string"}],"inLanguage":"it-IT"},{"@type":"Person","@id":"https:\/\/www.italiaeconomiaonline.it\/web\/#\/schema\/person\/909a49cce752523b020fbc37d5ab1c31","name":"ladyitaliaeconomia","image":{"@type":"ImageObject","inLanguage":"it-IT","@id":"https:\/\/www.italiaeconomiaonline.it\/web\/#\/schema\/person\/image\/","url":"https:\/\/secure.gravatar.com\/avatar\/cedca10ce7416a579b9fa6bce9c0a8f2?s=96&d=mm&r=g","contentUrl":"https:\/\/secure.gravatar.com\/avatar\/cedca10ce7416a579b9fa6bce9c0a8f2?s=96&d=mm&r=g","caption":"ladyitaliaeconomia"},"url":"https:\/\/www.italiaeconomiaonline.it\/web\/author\/ladyitaliaeconomia\/"}]}},"_links":{"self":[{"href":"https:\/\/www.italiaeconomiaonline.it\/web\/wp-json\/wp\/v2\/posts\/2987"}],"collection":[{"href":"https:\/\/www.italiaeconomiaonline.it\/web\/wp-json\/wp\/v2\/posts"}],"about":[{"href":"https:\/\/www.italiaeconomiaonline.it\/web\/wp-json\/wp\/v2\/types\/post"}],"author":[{"embeddable":true,"href":"https:\/\/www.italiaeconomiaonline.it\/web\/wp-json\/wp\/v2\/users\/1"}],"replies":[{"embeddable":true,"href":"https:\/\/www.italiaeconomiaonline.it\/web\/wp-json\/wp\/v2\/comments?post=2987"}],"version-history":[{"count":1,"href":"https:\/\/www.italiaeconomiaonline.it\/web\/wp-json\/wp\/v2\/posts\/2987\/revisions"}],"predecessor-version":[{"id":2988,"href":"https:\/\/www.italiaeconomiaonline.it\/web\/wp-json\/wp\/v2\/posts\/2987\/revisions\/2988"}],"wp:featuredmedia":[{"embeddable":true,"href":"https:\/\/www.italiaeconomiaonline.it\/web\/wp-json\/wp\/v2\/media\/2760"}],"wp:attachment":[{"href":"https:\/\/www.italiaeconomiaonline.it\/web\/wp-json\/wp\/v2\/media?parent=2987"}],"wp:term":[{"taxonomy":"category","embeddable":true,"href":"https:\/\/www.italiaeconomiaonline.it\/web\/wp-json\/wp\/v2\/categories?post=2987"},{"taxonomy":"post_tag","embeddable":true,"href":"https:\/\/www.italiaeconomiaonline.it\/web\/wp-json\/wp\/v2\/tags?post=2987"}],"curies":[{"name":"wp","href":"https:\/\/api.w.org\/{rel}","templated":true}]}}