{"id":3023,"date":"2020-04-29T19:44:09","date_gmt":"2020-04-29T17:44:09","guid":{"rendered":"http:\/\/www.italiaeconomiaonline.it\/web\/?p=3023"},"modified":"2020-04-29T19:44:49","modified_gmt":"2020-04-29T17:44:49","slug":"litalia-crede-nella-formazione-a-distanza-piu-di-46-mila-hanno-frequentato-i-corsi-di-cef","status":"publish","type":"post","link":"https:\/\/www.italiaeconomiaonline.it\/web\/litalia-crede-nella-formazione-a-distanza-piu-di-46-mila-hanno-frequentato-i-corsi-di-cef\/","title":{"rendered":"L&#8217;Italia crede nella Formazione a distanza. Pi\u00f9 di 46 mila hanno frequentato corsi Cef"},"content":{"rendered":"<p><span class=\"dropcap dropcap3\">I<\/span><em>n queste settimane abbiamo avuto tante richieste. Gli italiani sono per natura resilienti e in tanti gi\u00e0 pensano al dopo Coronavirus. Segnale di come ci sia un&#8217;Italia fatta di persone che si rimboccano le maniche e che puntano sul lavoro e sulla formazione.<\/em><\/p>\n<p>Lo ha dichiarato\u00a0 il presidente del Gruppo Ebano e presidente della Piccola Industria di Confindustria Carlo Robiglio nel presentare i numeri di Cef Publishing, societ\u00e0 del Gruppo Ebano leader di mercato in Italia nella progettazione, realizzazione ed erogazione di corsi professionali attraverso modalit\u00e0 Fad (Formazione a distanza) ed e-learning.<\/p>\n<p>Il Gruppo Ebano, con 9 societ\u00e0 controllate, 15 partnership produttive, pi\u00f9 di 250 dipendenti e collaboratori, ha visto lievitare in sei anni i ricavi complessivi dell\u2019800% e a maggio del 2019 ha ricevuto a Milano, nella sede di Borsa Italiana, il Premio \u201cDeloitte Best Managed Companies\u201d (BMC), \u00a0il riconoscimento rivolto alle aziende che si sono distinte per strategia, competenze, impegno verso le persone e performance.<\/p>\n<p>Il Gruppo Ebano, tramite Cef Publishing, \u00e8 anche certificata dal programma Elite di Borsa Italiana per i requisiti di affidabilit\u00e0 e trasparenza richiesti dai principali investitori istituzionali.<\/p>\n<p>\u201cL\u2019emergenza Coronavirus- ha dichiarato Robiglio- che sta colpendo l\u2019Italia, imporr\u00e0 ampie riflessioni che impatteranno sulle future scelte del Paese; riflessioni che sempre pi\u00f9 ci porteranno nella direzione di creare una societ\u00e0 sostenibile ed inclusiva, che possa permettere a chiunque di crescere in competenze e cultura, anche rimanendo nella propria abitazione e gestendo il proprio tempo secondo personali aspettative e necessit\u00e0 di vita.<\/p>\n<p>Per questi motivi la formazione a distanza, con le importanti innovazioni tecnologiche apportare alle piattaforme e-learning negli ultimi anni, potr\u00e0 rappresentare un\u2019opportunit\u00e0 di crescita per ampi strati della nostra societ\u00e0 che, per i pi\u00f9 diversi motivi, <a class=\"matchTooltip\">oggi<\/a> ne sono esclusi. Occorrer\u00e0 altres\u00ec che il governo sappia cogliere subito questa occasione e la faccia propria, creando precondizioni e percorsi virtuosi per promuovere e sviluppare la formazione a distanza in senso ampio e trasversale a vantaggio di tutta la societ\u00e0 italiana\u201d.<\/p>\n<p>Sono i numeri a raccontare come gli italiani puntino sulla formazione a distanza.<br \/>\nPi\u00f9 di quarantasei mila corsisti in undici anni, la maggioranza degli iscritti sono donne per il corsi in Estetica e benessere (97%), Sanit\u00e0 (97%), Sociale (90%), Animal care (77%) mentre solo per quello per \u201cCuoco professionista chefuoriclasse\u201d attraggono in pari misura uomini e donne. Non solo. La ristorazione \u00e8 anche una delle due aree, insieme ad Estetica e benessere, in cui i corsi di Cef Publishing\/Gruppo Ebano registrano una frequenza pari al 25% anche nelle regioni meridionali.<\/p>\n<p>Tra i docenti dei corsi \u00a0lo Chef stellato Antonino Cannavacciuolo per il corso \u201cCuoco professionista CHEFuoriclasse\u201d e il truccatore e imprenditore nel mondo della cosmetica Diego Dalla Palma per il corso &#8220;Professionista della Bellezza e del Benessere. Percorso Immagine&#8221;.<\/p>\n<p>In generale, il tasso di maggior frequenza si rileva nel Nord Ovest (Piemonte, Valle d\u2019Aosta, Liguria e Lombardia), con oscillazioni che, a seconda delle tematiche, vanno dal 36 al 39% degli iscritti complessivi.<\/p>\n<p>La formazione a distanza, insomma, \u00e8 una realt\u00e0. \u201cPotr\u00e0 diventarlo ancora di pi\u00f9 se si porr\u00e0 fine ad un\u2019anomalia: in tanti paesi i corsi erogati completamente in Fad hanno il riconoscimento pubblico e in Italia non ancora&#8221; spiega Carlo Robiglio.<\/p>\n<p>&#8220;Un anacronismo- continua Robiglio- da superare nell\u2019interesse della collettivit\u00e0, pi\u00f9 che per chi opera nel settore. Per questo siamo orgogliosi che i nostri corsi rappresentino un&#8217;occasione per cambiare lavoro, rimettersi in gioco professionalmente per cos\u00ec tante persone&#8221;.<\/p>\n<p>I numeri degli iscritti ai corsi di Cef Publishing\/Gruppo Ebano dicono che la Fad \u00e8 utilizzata soprattutto da soggetti con un titolo di studio medio: diploma professionale o maturit\u00e0. A seconda della tipologia di corsi, l\u2019incidenza sul totale passa da un minimo del 26% a un massimo del 37% per la maturit\u00e0 e da un minimo del 29% a un massimo del 37% per il diploma professionale.<\/p>\n<p>Non manca una fascia cospicua di corsisti in possesso di licenza media, cos\u00ec come, sul fronte opposto, una quota di laureati, con incidenza che sfiora il 10%.<br \/>\nQuanto all\u2019et\u00e0 dei corsisti, per almeno il 70-80% si tratta di soggetti dai 17 ai 45 anni. Con partecipazione complessivamente pi\u00f9 folta per la fascia 26-35, mentre tra i pi\u00f9 giovani (17-25) sono particolarmente seguiti (41%) i corsi dell\u2019area Animal care.<\/p>\n<p>La formazione a distanza, tra gli altri meriti, ha quello di ridurre tempi, costi e inquinamento ambientale, in una logica di sviluppo sostenibile.<\/p>\n<p>Non a caso, dall\u2019aprile 2018, Cef Publishing\/Gruppo Ebano \u00e8 certificata B-Corp, la comunit\u00e0 delle aziende che utilizzano \u201cil business come forza per il bene\u201d e a novembre \u00e8 stata trasformata anche giuridicamente in Societ\u00e0 Benefit.<\/p>\n","protected":false},"excerpt":{"rendered":"<p>In queste settimane abbiamo avuto tante richieste. Gli italiani sono per natura resilienti e in tanti gi\u00e0 pensano al dopo Coronavirus. Segnale di come ci sia un&#8217;Italia fatta di persone che si rimboccano le maniche e che puntano sul lavoro e sulla formazione. Lo ha dichiarato\u00a0 il presidente del Gruppo Ebano e presidente della Piccola [&hellip;]<\/p>\n","protected":false},"author":1,"featured_media":3024,"comment_status":"closed","ping_status":"open","sticky":false,"template":"","format":"standard","meta":{"footnotes":""},"categories":[133],"tags":[1011,251,308],"yoast_head":"<!-- This site is optimized with the Yoast SEO plugin v22.2 - https:\/\/yoast.com\/wordpress\/plugins\/seo\/ -->\n<title>L&#039;Italia crede nella Formazione a distanza. Pi\u00f9 di 46 mila hanno frequentato corsi Cef -<\/title>\n<meta name=\"robots\" content=\"index, follow, max-snippet:-1, max-image-preview:large, max-video-preview:-1\" \/>\n<link rel=\"canonical\" href=\"https:\/\/www.italiaeconomiaonline.it\/web\/litalia-crede-nella-formazione-a-distanza-piu-di-46-mila-hanno-frequentato-i-corsi-di-cef\/\" \/>\n<meta property=\"og:locale\" content=\"it_IT\" \/>\n<meta property=\"og:type\" content=\"article\" \/>\n<meta property=\"og:title\" content=\"L&#039;Italia crede nella Formazione a distanza. Pi\u00f9 di 46 mila hanno frequentato corsi Cef -\" \/>\n<meta property=\"og:description\" content=\"In queste settimane abbiamo avuto tante richieste. Gli italiani sono per natura resilienti e in tanti gi\u00e0 pensano al dopo Coronavirus. Segnale di come ci sia un&#8217;Italia fatta di persone che si rimboccano le maniche e che puntano sul lavoro e sulla formazione. Lo ha dichiarato\u00a0 il presidente del Gruppo Ebano e presidente della Piccola [&hellip;]\" \/>\n<meta property=\"og:url\" content=\"https:\/\/www.italiaeconomiaonline.it\/web\/litalia-crede-nella-formazione-a-distanza-piu-di-46-mila-hanno-frequentato-i-corsi-di-cef\/\" \/>\n<meta property=\"og:site_name\" content=\"ItaliaEconomiaOnline\" \/>\n<meta property=\"article:published_time\" content=\"2020-04-29T17:44:09+00:00\" \/>\n<meta property=\"article:modified_time\" content=\"2020-04-29T17:44:49+00:00\" \/>\n<meta property=\"og:image\" content=\"https:\/\/www.italiaeconomiaonline.it\/web\/wp-content\/uploads\/2020\/04\/Schermata-2020-04-29-alle-19.43.03.png\" \/>\n\t<meta property=\"og:image:width\" content=\"481\" \/>\n\t<meta property=\"og:image:height\" content=\"299\" \/>\n\t<meta property=\"og:image:type\" content=\"image\/png\" \/>\n<meta name=\"author\" content=\"ladyitaliaeconomia\" \/>\n<meta name=\"twitter:card\" content=\"summary_large_image\" \/>\n<meta name=\"twitter:label1\" content=\"Scritto da\" \/>\n\t<meta name=\"twitter:data1\" content=\"ladyitaliaeconomia\" \/>\n\t<meta name=\"twitter:label2\" content=\"Tempo di lettura stimato\" \/>\n\t<meta name=\"twitter:data2\" content=\"4 minuti\" \/>\n<script type=\"application\/ld+json\" class=\"yoast-schema-graph\">{\"@context\":\"https:\/\/schema.org\",\"@graph\":[{\"@type\":\"WebPage\",\"@id\":\"https:\/\/www.italiaeconomiaonline.it\/web\/litalia-crede-nella-formazione-a-distanza-piu-di-46-mila-hanno-frequentato-i-corsi-di-cef\/\",\"url\":\"https:\/\/www.italiaeconomiaonline.it\/web\/litalia-crede-nella-formazione-a-distanza-piu-di-46-mila-hanno-frequentato-i-corsi-di-cef\/\",\"name\":\"L'Italia crede nella Formazione a distanza. Pi\u00f9 di 46 mila hanno frequentato corsi Cef -\",\"isPartOf\":{\"@id\":\"https:\/\/www.italiaeconomiaonline.it\/web\/#website\"},\"primaryImageOfPage\":{\"@id\":\"https:\/\/www.italiaeconomiaonline.it\/web\/litalia-crede-nella-formazione-a-distanza-piu-di-46-mila-hanno-frequentato-i-corsi-di-cef\/#primaryimage\"},\"image\":{\"@id\":\"https:\/\/www.italiaeconomiaonline.it\/web\/litalia-crede-nella-formazione-a-distanza-piu-di-46-mila-hanno-frequentato-i-corsi-di-cef\/#primaryimage\"},\"thumbnailUrl\":\"https:\/\/www.italiaeconomiaonline.it\/web\/wp-content\/uploads\/2020\/04\/Schermata-2020-04-29-alle-19.43.03.png\",\"datePublished\":\"2020-04-29T17:44:09+00:00\",\"dateModified\":\"2020-04-29T17:44:49+00:00\",\"author\":{\"@id\":\"https:\/\/www.italiaeconomiaonline.it\/web\/#\/schema\/person\/909a49cce752523b020fbc37d5ab1c31\"},\"breadcrumb\":{\"@id\":\"https:\/\/www.italiaeconomiaonline.it\/web\/litalia-crede-nella-formazione-a-distanza-piu-di-46-mila-hanno-frequentato-i-corsi-di-cef\/#breadcrumb\"},\"inLanguage\":\"it-IT\",\"potentialAction\":[{\"@type\":\"ReadAction\",\"target\":[\"https:\/\/www.italiaeconomiaonline.it\/web\/litalia-crede-nella-formazione-a-distanza-piu-di-46-mila-hanno-frequentato-i-corsi-di-cef\/\"]}]},{\"@type\":\"ImageObject\",\"inLanguage\":\"it-IT\",\"@id\":\"https:\/\/www.italiaeconomiaonline.it\/web\/litalia-crede-nella-formazione-a-distanza-piu-di-46-mila-hanno-frequentato-i-corsi-di-cef\/#primaryimage\",\"url\":\"https:\/\/www.italiaeconomiaonline.it\/web\/wp-content\/uploads\/2020\/04\/Schermata-2020-04-29-alle-19.43.03.png\",\"contentUrl\":\"https:\/\/www.italiaeconomiaonline.it\/web\/wp-content\/uploads\/2020\/04\/Schermata-2020-04-29-alle-19.43.03.png\",\"width\":481,\"height\":299},{\"@type\":\"BreadcrumbList\",\"@id\":\"https:\/\/www.italiaeconomiaonline.it\/web\/litalia-crede-nella-formazione-a-distanza-piu-di-46-mila-hanno-frequentato-i-corsi-di-cef\/#breadcrumb\",\"itemListElement\":[{\"@type\":\"ListItem\",\"position\":1,\"name\":\"Home\",\"item\":\"https:\/\/www.italiaeconomiaonline.it\/web\/\"},{\"@type\":\"ListItem\",\"position\":2,\"name\":\"L&#8217;Italia crede nella Formazione a distanza. Pi\u00f9 di 46 mila hanno frequentato corsi Cef\"}]},{\"@type\":\"WebSite\",\"@id\":\"https:\/\/www.italiaeconomiaonline.it\/web\/#website\",\"url\":\"https:\/\/www.italiaeconomiaonline.it\/web\/\",\"name\":\"ItaliaEconomiaOnline\",\"description\":\"Quotidiano Economico Online\",\"potentialAction\":[{\"@type\":\"SearchAction\",\"target\":{\"@type\":\"EntryPoint\",\"urlTemplate\":\"https:\/\/www.italiaeconomiaonline.it\/web\/?s={search_term_string}\"},\"query-input\":\"required name=search_term_string\"}],\"inLanguage\":\"it-IT\"},{\"@type\":\"Person\",\"@id\":\"https:\/\/www.italiaeconomiaonline.it\/web\/#\/schema\/person\/909a49cce752523b020fbc37d5ab1c31\",\"name\":\"ladyitaliaeconomia\",\"image\":{\"@type\":\"ImageObject\",\"inLanguage\":\"it-IT\",\"@id\":\"https:\/\/www.italiaeconomiaonline.it\/web\/#\/schema\/person\/image\/\",\"url\":\"https:\/\/secure.gravatar.com\/avatar\/cedca10ce7416a579b9fa6bce9c0a8f2?s=96&d=mm&r=g\",\"contentUrl\":\"https:\/\/secure.gravatar.com\/avatar\/cedca10ce7416a579b9fa6bce9c0a8f2?s=96&d=mm&r=g\",\"caption\":\"ladyitaliaeconomia\"},\"url\":\"https:\/\/www.italiaeconomiaonline.it\/web\/author\/ladyitaliaeconomia\/\"}]}<\/script>\n<!-- \/ Yoast SEO plugin. -->","yoast_head_json":{"title":"L'Italia crede nella Formazione a distanza. Pi\u00f9 di 46 mila hanno frequentato corsi Cef -","robots":{"index":"index","follow":"follow","max-snippet":"max-snippet:-1","max-image-preview":"max-image-preview:large","max-video-preview":"max-video-preview:-1"},"canonical":"https:\/\/www.italiaeconomiaonline.it\/web\/litalia-crede-nella-formazione-a-distanza-piu-di-46-mila-hanno-frequentato-i-corsi-di-cef\/","og_locale":"it_IT","og_type":"article","og_title":"L'Italia crede nella Formazione a distanza. Pi\u00f9 di 46 mila hanno frequentato corsi Cef -","og_description":"In queste settimane abbiamo avuto tante richieste. Gli italiani sono per natura resilienti e in tanti gi\u00e0 pensano al dopo Coronavirus. Segnale di come ci sia un&#8217;Italia fatta di persone che si rimboccano le maniche e che puntano sul lavoro e sulla formazione. Lo ha dichiarato\u00a0 il presidente del Gruppo Ebano e presidente della Piccola [&hellip;]","og_url":"https:\/\/www.italiaeconomiaonline.it\/web\/litalia-crede-nella-formazione-a-distanza-piu-di-46-mila-hanno-frequentato-i-corsi-di-cef\/","og_site_name":"ItaliaEconomiaOnline","article_published_time":"2020-04-29T17:44:09+00:00","article_modified_time":"2020-04-29T17:44:49+00:00","og_image":[{"width":481,"height":299,"url":"https:\/\/www.italiaeconomiaonline.it\/web\/wp-content\/uploads\/2020\/04\/Schermata-2020-04-29-alle-19.43.03.png","type":"image\/png"}],"author":"ladyitaliaeconomia","twitter_card":"summary_large_image","twitter_misc":{"Scritto da":"ladyitaliaeconomia","Tempo di lettura stimato":"4 minuti"},"schema":{"@context":"https:\/\/schema.org","@graph":[{"@type":"WebPage","@id":"https:\/\/www.italiaeconomiaonline.it\/web\/litalia-crede-nella-formazione-a-distanza-piu-di-46-mila-hanno-frequentato-i-corsi-di-cef\/","url":"https:\/\/www.italiaeconomiaonline.it\/web\/litalia-crede-nella-formazione-a-distanza-piu-di-46-mila-hanno-frequentato-i-corsi-di-cef\/","name":"L'Italia crede nella Formazione a distanza. Pi\u00f9 di 46 mila hanno frequentato corsi Cef -","isPartOf":{"@id":"https:\/\/www.italiaeconomiaonline.it\/web\/#website"},"primaryImageOfPage":{"@id":"https:\/\/www.italiaeconomiaonline.it\/web\/litalia-crede-nella-formazione-a-distanza-piu-di-46-mila-hanno-frequentato-i-corsi-di-cef\/#primaryimage"},"image":{"@id":"https:\/\/www.italiaeconomiaonline.it\/web\/litalia-crede-nella-formazione-a-distanza-piu-di-46-mila-hanno-frequentato-i-corsi-di-cef\/#primaryimage"},"thumbnailUrl":"https:\/\/www.italiaeconomiaonline.it\/web\/wp-content\/uploads\/2020\/04\/Schermata-2020-04-29-alle-19.43.03.png","datePublished":"2020-04-29T17:44:09+00:00","dateModified":"2020-04-29T17:44:49+00:00","author":{"@id":"https:\/\/www.italiaeconomiaonline.it\/web\/#\/schema\/person\/909a49cce752523b020fbc37d5ab1c31"},"breadcrumb":{"@id":"https:\/\/www.italiaeconomiaonline.it\/web\/litalia-crede-nella-formazione-a-distanza-piu-di-46-mila-hanno-frequentato-i-corsi-di-cef\/#breadcrumb"},"inLanguage":"it-IT","potentialAction":[{"@type":"ReadAction","target":["https:\/\/www.italiaeconomiaonline.it\/web\/litalia-crede-nella-formazione-a-distanza-piu-di-46-mila-hanno-frequentato-i-corsi-di-cef\/"]}]},{"@type":"ImageObject","inLanguage":"it-IT","@id":"https:\/\/www.italiaeconomiaonline.it\/web\/litalia-crede-nella-formazione-a-distanza-piu-di-46-mila-hanno-frequentato-i-corsi-di-cef\/#primaryimage","url":"https:\/\/www.italiaeconomiaonline.it\/web\/wp-content\/uploads\/2020\/04\/Schermata-2020-04-29-alle-19.43.03.png","contentUrl":"https:\/\/www.italiaeconomiaonline.it\/web\/wp-content\/uploads\/2020\/04\/Schermata-2020-04-29-alle-19.43.03.png","width":481,"height":299},{"@type":"BreadcrumbList","@id":"https:\/\/www.italiaeconomiaonline.it\/web\/litalia-crede-nella-formazione-a-distanza-piu-di-46-mila-hanno-frequentato-i-corsi-di-cef\/#breadcrumb","itemListElement":[{"@type":"ListItem","position":1,"name":"Home","item":"https:\/\/www.italiaeconomiaonline.it\/web\/"},{"@type":"ListItem","position":2,"name":"L&#8217;Italia crede nella Formazione a distanza. Pi\u00f9 di 46 mila hanno frequentato corsi Cef"}]},{"@type":"WebSite","@id":"https:\/\/www.italiaeconomiaonline.it\/web\/#website","url":"https:\/\/www.italiaeconomiaonline.it\/web\/","name":"ItaliaEconomiaOnline","description":"Quotidiano Economico Online","potentialAction":[{"@type":"SearchAction","target":{"@type":"EntryPoint","urlTemplate":"https:\/\/www.italiaeconomiaonline.it\/web\/?s={search_term_string}"},"query-input":"required name=search_term_string"}],"inLanguage":"it-IT"},{"@type":"Person","@id":"https:\/\/www.italiaeconomiaonline.it\/web\/#\/schema\/person\/909a49cce752523b020fbc37d5ab1c31","name":"ladyitaliaeconomia","image":{"@type":"ImageObject","inLanguage":"it-IT","@id":"https:\/\/www.italiaeconomiaonline.it\/web\/#\/schema\/person\/image\/","url":"https:\/\/secure.gravatar.com\/avatar\/cedca10ce7416a579b9fa6bce9c0a8f2?s=96&d=mm&r=g","contentUrl":"https:\/\/secure.gravatar.com\/avatar\/cedca10ce7416a579b9fa6bce9c0a8f2?s=96&d=mm&r=g","caption":"ladyitaliaeconomia"},"url":"https:\/\/www.italiaeconomiaonline.it\/web\/author\/ladyitaliaeconomia\/"}]}},"_links":{"self":[{"href":"https:\/\/www.italiaeconomiaonline.it\/web\/wp-json\/wp\/v2\/posts\/3023"}],"collection":[{"href":"https:\/\/www.italiaeconomiaonline.it\/web\/wp-json\/wp\/v2\/posts"}],"about":[{"href":"https:\/\/www.italiaeconomiaonline.it\/web\/wp-json\/wp\/v2\/types\/post"}],"author":[{"embeddable":true,"href":"https:\/\/www.italiaeconomiaonline.it\/web\/wp-json\/wp\/v2\/users\/1"}],"replies":[{"embeddable":true,"href":"https:\/\/www.italiaeconomiaonline.it\/web\/wp-json\/wp\/v2\/comments?post=3023"}],"version-history":[{"count":2,"href":"https:\/\/www.italiaeconomiaonline.it\/web\/wp-json\/wp\/v2\/posts\/3023\/revisions"}],"predecessor-version":[{"id":3026,"href":"https:\/\/www.italiaeconomiaonline.it\/web\/wp-json\/wp\/v2\/posts\/3023\/revisions\/3026"}],"wp:featuredmedia":[{"embeddable":true,"href":"https:\/\/www.italiaeconomiaonline.it\/web\/wp-json\/wp\/v2\/media\/3024"}],"wp:attachment":[{"href":"https:\/\/www.italiaeconomiaonline.it\/web\/wp-json\/wp\/v2\/media?parent=3023"}],"wp:term":[{"taxonomy":"category","embeddable":true,"href":"https:\/\/www.italiaeconomiaonline.it\/web\/wp-json\/wp\/v2\/categories?post=3023"},{"taxonomy":"post_tag","embeddable":true,"href":"https:\/\/www.italiaeconomiaonline.it\/web\/wp-json\/wp\/v2\/tags?post=3023"}],"curies":[{"name":"wp","href":"https:\/\/api.w.org\/{rel}","templated":true}]}}