{"id":3079,"date":"2020-05-07T21:48:13","date_gmt":"2020-05-07T19:48:13","guid":{"rendered":"http:\/\/www.italiaeconomiaonline.it\/web\/?p=3079"},"modified":"2020-05-07T21:48:13","modified_gmt":"2020-05-07T19:48:13","slug":"cna-escludere-la-responsabilita-degli-imprenditori-nel-caso-un-dipendente-contragga-il-coronavirus","status":"publish","type":"post","link":"https:\/\/www.italiaeconomiaonline.it\/web\/cna-escludere-la-responsabilita-degli-imprenditori-nel-caso-un-dipendente-contragga-il-coronavirus\/","title":{"rendered":"CNA: \u201cEscludere la responsabilit\u00e0 degli imprenditori  nel caso un dipendente contragga il Coronavirus\u201d"},"content":{"rendered":"<p><span class=\"dropcap dropcap3\">\u00c8<\/span> indispensabile introdurre una misura legislativa che escluda la responsabilit\u00e0 degli imprenditori nel caso un dipendente contragga il Coronavirus. Lo prevede la direttiva europea datata 12 giugno 1989 che consente agli Stati di escludere la responsabilit\u00e0 dei datori di lavoro per atti dovuti a circostanze estranee, anormali, imprevedibili, eccezionali, le cui conseguenze non avrebbero potuto essere evitate nonostante tutta la diligenza possibile.\u201d. A chiederlo \u00e8 la CNA.<\/p>\n<p>\u201cLe attivit\u00e0 economiche non possono riprendere serenamente \u2013 continua il comunicato della Confederazione nazionale dell\u2019artigianato e della piccola e media impresa \u2013 lasciando artigiani e imprenditori nello stato di incertezza giuridica creato dal riconoscimento del contagio come infortunio sul lavoro anche per ambienti di lavoro non sanitari in base all\u2019articolo 42 del Dl 18\/20 Cura Italia\u201d.<\/p>\n<p>\u201cNessuno, infatti, pu\u00f2 essere chiamato \u2013 sottolinea la nota a rispondere di un rischio generico di salute del quale non pu\u00f2 controllare la fonte. Gli imprenditori gi\u00e0 fanno tutto il possibile per limitare il contagio, ma il quadro giuridico \u00e8 inadatto, purtroppo, alla pandemia. E la nostra organizzazione sta sostenendo gli imprenditori nelle iniziative mirate a garantire la salute, in particolare applicando e rispettando i Protocolli condivisi di regolamentazione delle misure per il contrasto e il contenimento del virus Covid-19. Ma solo un intervento legislativo \u2013 conclude il comunicato della CNA &#8211; potrebbe consentire alle imprese di lavorare nel rispetto delle regole e senza temere un\u2019attribuzione di responsabilit\u00e0 non dovuta.\u201d<\/p>\n<p>&nbsp;<\/p>\n<p><u><\/u><\/p>\n","protected":false},"excerpt":{"rendered":"<p>\u00c8 indispensabile introdurre una misura legislativa che escluda la responsabilit\u00e0 degli imprenditori nel caso un dipendente contragga il Coronavirus. Lo prevede la direttiva europea datata 12 giugno 1989 che consente agli Stati di escludere la responsabilit\u00e0 dei datori di lavoro per atti dovuti a circostanze estranee, anormali, imprevedibili, eccezionali, le cui conseguenze non avrebbero potuto [&hellip;]<\/p>\n","protected":false},"author":1,"featured_media":2731,"comment_status":"closed","ping_status":"open","sticky":false,"template":"","format":"standard","meta":{"footnotes":""},"categories":[311],"tags":[],"yoast_head":"<!-- This site is optimized with the Yoast SEO plugin v22.2 - https:\/\/yoast.com\/wordpress\/plugins\/seo\/ -->\n<title>CNA: \u201cEscludere la responsabilit\u00e0 degli imprenditori nel caso un dipendente contragga il Coronavirus\u201d -<\/title>\n<meta name=\"robots\" content=\"index, follow, max-snippet:-1, max-image-preview:large, max-video-preview:-1\" \/>\n<link rel=\"canonical\" href=\"http:\/\/www.italiaeconomiaonline.it\/web\/cna-escludere-la-responsabilita-degli-imprenditori-nel-caso-un-dipendente-contragga-il-coronavirus\/\" \/>\n<meta property=\"og:locale\" content=\"it_IT\" \/>\n<meta property=\"og:type\" content=\"article\" \/>\n<meta property=\"og:title\" content=\"CNA: \u201cEscludere la responsabilit\u00e0 degli imprenditori nel caso un dipendente contragga il Coronavirus\u201d -\" \/>\n<meta property=\"og:description\" content=\"\u00c8 indispensabile introdurre una misura legislativa che escluda la responsabilit\u00e0 degli imprenditori nel caso un dipendente contragga il Coronavirus. Lo prevede la direttiva europea datata 12 giugno 1989 che consente agli Stati di escludere la responsabilit\u00e0 dei datori di lavoro per atti dovuti a circostanze estranee, anormali, imprevedibili, eccezionali, le cui conseguenze non avrebbero potuto [&hellip;]\" \/>\n<meta property=\"og:url\" content=\"http:\/\/www.italiaeconomiaonline.it\/web\/cna-escludere-la-responsabilita-degli-imprenditori-nel-caso-un-dipendente-contragga-il-coronavirus\/\" \/>\n<meta property=\"og:site_name\" content=\"ItaliaEconomiaOnline\" \/>\n<meta property=\"article:published_time\" content=\"2020-05-07T19:48:13+00:00\" \/>\n<meta property=\"og:image\" content=\"http:\/\/www.italiaeconomiaonline.it\/web\/wp-content\/uploads\/2020\/03\/Schermata-2020-03-23-alle-09.57.14.png\" \/>\n\t<meta property=\"og:image:width\" content=\"1800\" \/>\n\t<meta property=\"og:image:height\" content=\"1040\" \/>\n\t<meta property=\"og:image:type\" content=\"image\/png\" \/>\n<meta name=\"author\" content=\"ladyitaliaeconomia\" \/>\n<meta name=\"twitter:card\" content=\"summary_large_image\" \/>\n<meta name=\"twitter:label1\" content=\"Scritto da\" \/>\n\t<meta name=\"twitter:data1\" content=\"ladyitaliaeconomia\" \/>\n\t<meta name=\"twitter:label2\" content=\"Tempo di lettura stimato\" \/>\n\t<meta name=\"twitter:data2\" content=\"1 minuto\" \/>\n<script type=\"application\/ld+json\" class=\"yoast-schema-graph\">{\"@context\":\"https:\/\/schema.org\",\"@graph\":[{\"@type\":\"WebPage\",\"@id\":\"http:\/\/www.italiaeconomiaonline.it\/web\/cna-escludere-la-responsabilita-degli-imprenditori-nel-caso-un-dipendente-contragga-il-coronavirus\/\",\"url\":\"http:\/\/www.italiaeconomiaonline.it\/web\/cna-escludere-la-responsabilita-degli-imprenditori-nel-caso-un-dipendente-contragga-il-coronavirus\/\",\"name\":\"CNA: \u201cEscludere la responsabilit\u00e0 degli imprenditori nel caso un dipendente contragga il Coronavirus\u201d -\",\"isPartOf\":{\"@id\":\"https:\/\/www.italiaeconomiaonline.it\/web\/#website\"},\"primaryImageOfPage\":{\"@id\":\"http:\/\/www.italiaeconomiaonline.it\/web\/cna-escludere-la-responsabilita-degli-imprenditori-nel-caso-un-dipendente-contragga-il-coronavirus\/#primaryimage\"},\"image\":{\"@id\":\"http:\/\/www.italiaeconomiaonline.it\/web\/cna-escludere-la-responsabilita-degli-imprenditori-nel-caso-un-dipendente-contragga-il-coronavirus\/#primaryimage\"},\"thumbnailUrl\":\"https:\/\/www.italiaeconomiaonline.it\/web\/wp-content\/uploads\/2020\/03\/Schermata-2020-03-23-alle-09.57.14.png\",\"datePublished\":\"2020-05-07T19:48:13+00:00\",\"dateModified\":\"2020-05-07T19:48:13+00:00\",\"author\":{\"@id\":\"https:\/\/www.italiaeconomiaonline.it\/web\/#\/schema\/person\/909a49cce752523b020fbc37d5ab1c31\"},\"breadcrumb\":{\"@id\":\"http:\/\/www.italiaeconomiaonline.it\/web\/cna-escludere-la-responsabilita-degli-imprenditori-nel-caso-un-dipendente-contragga-il-coronavirus\/#breadcrumb\"},\"inLanguage\":\"it-IT\",\"potentialAction\":[{\"@type\":\"ReadAction\",\"target\":[\"http:\/\/www.italiaeconomiaonline.it\/web\/cna-escludere-la-responsabilita-degli-imprenditori-nel-caso-un-dipendente-contragga-il-coronavirus\/\"]}]},{\"@type\":\"ImageObject\",\"inLanguage\":\"it-IT\",\"@id\":\"http:\/\/www.italiaeconomiaonline.it\/web\/cna-escludere-la-responsabilita-degli-imprenditori-nel-caso-un-dipendente-contragga-il-coronavirus\/#primaryimage\",\"url\":\"https:\/\/www.italiaeconomiaonline.it\/web\/wp-content\/uploads\/2020\/03\/Schermata-2020-03-23-alle-09.57.14.png\",\"contentUrl\":\"https:\/\/www.italiaeconomiaonline.it\/web\/wp-content\/uploads\/2020\/03\/Schermata-2020-03-23-alle-09.57.14.png\",\"width\":1800,\"height\":1040},{\"@type\":\"BreadcrumbList\",\"@id\":\"http:\/\/www.italiaeconomiaonline.it\/web\/cna-escludere-la-responsabilita-degli-imprenditori-nel-caso-un-dipendente-contragga-il-coronavirus\/#breadcrumb\",\"itemListElement\":[{\"@type\":\"ListItem\",\"position\":1,\"name\":\"Home\",\"item\":\"https:\/\/www.italiaeconomiaonline.it\/web\/\"},{\"@type\":\"ListItem\",\"position\":2,\"name\":\"CNA: \u201cEscludere la responsabilit\u00e0 degli imprenditori nel caso un dipendente contragga il Coronavirus\u201d\"}]},{\"@type\":\"WebSite\",\"@id\":\"https:\/\/www.italiaeconomiaonline.it\/web\/#website\",\"url\":\"https:\/\/www.italiaeconomiaonline.it\/web\/\",\"name\":\"ItaliaEconomiaOnline\",\"description\":\"Quotidiano Economico Online\",\"potentialAction\":[{\"@type\":\"SearchAction\",\"target\":{\"@type\":\"EntryPoint\",\"urlTemplate\":\"https:\/\/www.italiaeconomiaonline.it\/web\/?s={search_term_string}\"},\"query-input\":\"required name=search_term_string\"}],\"inLanguage\":\"it-IT\"},{\"@type\":\"Person\",\"@id\":\"https:\/\/www.italiaeconomiaonline.it\/web\/#\/schema\/person\/909a49cce752523b020fbc37d5ab1c31\",\"name\":\"ladyitaliaeconomia\",\"image\":{\"@type\":\"ImageObject\",\"inLanguage\":\"it-IT\",\"@id\":\"https:\/\/www.italiaeconomiaonline.it\/web\/#\/schema\/person\/image\/\",\"url\":\"https:\/\/secure.gravatar.com\/avatar\/cedca10ce7416a579b9fa6bce9c0a8f2?s=96&d=mm&r=g\",\"contentUrl\":\"https:\/\/secure.gravatar.com\/avatar\/cedca10ce7416a579b9fa6bce9c0a8f2?s=96&d=mm&r=g\",\"caption\":\"ladyitaliaeconomia\"},\"url\":\"https:\/\/www.italiaeconomiaonline.it\/web\/author\/ladyitaliaeconomia\/\"}]}<\/script>\n<!-- \/ Yoast SEO plugin. -->","yoast_head_json":{"title":"CNA: \u201cEscludere la responsabilit\u00e0 degli imprenditori nel caso un dipendente contragga il Coronavirus\u201d -","robots":{"index":"index","follow":"follow","max-snippet":"max-snippet:-1","max-image-preview":"max-image-preview:large","max-video-preview":"max-video-preview:-1"},"canonical":"http:\/\/www.italiaeconomiaonline.it\/web\/cna-escludere-la-responsabilita-degli-imprenditori-nel-caso-un-dipendente-contragga-il-coronavirus\/","og_locale":"it_IT","og_type":"article","og_title":"CNA: \u201cEscludere la responsabilit\u00e0 degli imprenditori nel caso un dipendente contragga il Coronavirus\u201d -","og_description":"\u00c8 indispensabile introdurre una misura legislativa che escluda la responsabilit\u00e0 degli imprenditori nel caso un dipendente contragga il Coronavirus. Lo prevede la direttiva europea datata 12 giugno 1989 che consente agli Stati di escludere la responsabilit\u00e0 dei datori di lavoro per atti dovuti a circostanze estranee, anormali, imprevedibili, eccezionali, le cui conseguenze non avrebbero potuto [&hellip;]","og_url":"http:\/\/www.italiaeconomiaonline.it\/web\/cna-escludere-la-responsabilita-degli-imprenditori-nel-caso-un-dipendente-contragga-il-coronavirus\/","og_site_name":"ItaliaEconomiaOnline","article_published_time":"2020-05-07T19:48:13+00:00","og_image":[{"width":1800,"height":1040,"url":"http:\/\/www.italiaeconomiaonline.it\/web\/wp-content\/uploads\/2020\/03\/Schermata-2020-03-23-alle-09.57.14.png","type":"image\/png"}],"author":"ladyitaliaeconomia","twitter_card":"summary_large_image","twitter_misc":{"Scritto da":"ladyitaliaeconomia","Tempo di lettura stimato":"1 minuto"},"schema":{"@context":"https:\/\/schema.org","@graph":[{"@type":"WebPage","@id":"http:\/\/www.italiaeconomiaonline.it\/web\/cna-escludere-la-responsabilita-degli-imprenditori-nel-caso-un-dipendente-contragga-il-coronavirus\/","url":"http:\/\/www.italiaeconomiaonline.it\/web\/cna-escludere-la-responsabilita-degli-imprenditori-nel-caso-un-dipendente-contragga-il-coronavirus\/","name":"CNA: \u201cEscludere la responsabilit\u00e0 degli imprenditori nel caso un dipendente contragga il Coronavirus\u201d -","isPartOf":{"@id":"https:\/\/www.italiaeconomiaonline.it\/web\/#website"},"primaryImageOfPage":{"@id":"http:\/\/www.italiaeconomiaonline.it\/web\/cna-escludere-la-responsabilita-degli-imprenditori-nel-caso-un-dipendente-contragga-il-coronavirus\/#primaryimage"},"image":{"@id":"http:\/\/www.italiaeconomiaonline.it\/web\/cna-escludere-la-responsabilita-degli-imprenditori-nel-caso-un-dipendente-contragga-il-coronavirus\/#primaryimage"},"thumbnailUrl":"https:\/\/www.italiaeconomiaonline.it\/web\/wp-content\/uploads\/2020\/03\/Schermata-2020-03-23-alle-09.57.14.png","datePublished":"2020-05-07T19:48:13+00:00","dateModified":"2020-05-07T19:48:13+00:00","author":{"@id":"https:\/\/www.italiaeconomiaonline.it\/web\/#\/schema\/person\/909a49cce752523b020fbc37d5ab1c31"},"breadcrumb":{"@id":"http:\/\/www.italiaeconomiaonline.it\/web\/cna-escludere-la-responsabilita-degli-imprenditori-nel-caso-un-dipendente-contragga-il-coronavirus\/#breadcrumb"},"inLanguage":"it-IT","potentialAction":[{"@type":"ReadAction","target":["http:\/\/www.italiaeconomiaonline.it\/web\/cna-escludere-la-responsabilita-degli-imprenditori-nel-caso-un-dipendente-contragga-il-coronavirus\/"]}]},{"@type":"ImageObject","inLanguage":"it-IT","@id":"http:\/\/www.italiaeconomiaonline.it\/web\/cna-escludere-la-responsabilita-degli-imprenditori-nel-caso-un-dipendente-contragga-il-coronavirus\/#primaryimage","url":"https:\/\/www.italiaeconomiaonline.it\/web\/wp-content\/uploads\/2020\/03\/Schermata-2020-03-23-alle-09.57.14.png","contentUrl":"https:\/\/www.italiaeconomiaonline.it\/web\/wp-content\/uploads\/2020\/03\/Schermata-2020-03-23-alle-09.57.14.png","width":1800,"height":1040},{"@type":"BreadcrumbList","@id":"http:\/\/www.italiaeconomiaonline.it\/web\/cna-escludere-la-responsabilita-degli-imprenditori-nel-caso-un-dipendente-contragga-il-coronavirus\/#breadcrumb","itemListElement":[{"@type":"ListItem","position":1,"name":"Home","item":"https:\/\/www.italiaeconomiaonline.it\/web\/"},{"@type":"ListItem","position":2,"name":"CNA: \u201cEscludere la responsabilit\u00e0 degli imprenditori nel caso un dipendente contragga il Coronavirus\u201d"}]},{"@type":"WebSite","@id":"https:\/\/www.italiaeconomiaonline.it\/web\/#website","url":"https:\/\/www.italiaeconomiaonline.it\/web\/","name":"ItaliaEconomiaOnline","description":"Quotidiano Economico Online","potentialAction":[{"@type":"SearchAction","target":{"@type":"EntryPoint","urlTemplate":"https:\/\/www.italiaeconomiaonline.it\/web\/?s={search_term_string}"},"query-input":"required name=search_term_string"}],"inLanguage":"it-IT"},{"@type":"Person","@id":"https:\/\/www.italiaeconomiaonline.it\/web\/#\/schema\/person\/909a49cce752523b020fbc37d5ab1c31","name":"ladyitaliaeconomia","image":{"@type":"ImageObject","inLanguage":"it-IT","@id":"https:\/\/www.italiaeconomiaonline.it\/web\/#\/schema\/person\/image\/","url":"https:\/\/secure.gravatar.com\/avatar\/cedca10ce7416a579b9fa6bce9c0a8f2?s=96&d=mm&r=g","contentUrl":"https:\/\/secure.gravatar.com\/avatar\/cedca10ce7416a579b9fa6bce9c0a8f2?s=96&d=mm&r=g","caption":"ladyitaliaeconomia"},"url":"https:\/\/www.italiaeconomiaonline.it\/web\/author\/ladyitaliaeconomia\/"}]}},"_links":{"self":[{"href":"https:\/\/www.italiaeconomiaonline.it\/web\/wp-json\/wp\/v2\/posts\/3079"}],"collection":[{"href":"https:\/\/www.italiaeconomiaonline.it\/web\/wp-json\/wp\/v2\/posts"}],"about":[{"href":"https:\/\/www.italiaeconomiaonline.it\/web\/wp-json\/wp\/v2\/types\/post"}],"author":[{"embeddable":true,"href":"https:\/\/www.italiaeconomiaonline.it\/web\/wp-json\/wp\/v2\/users\/1"}],"replies":[{"embeddable":true,"href":"https:\/\/www.italiaeconomiaonline.it\/web\/wp-json\/wp\/v2\/comments?post=3079"}],"version-history":[{"count":1,"href":"https:\/\/www.italiaeconomiaonline.it\/web\/wp-json\/wp\/v2\/posts\/3079\/revisions"}],"predecessor-version":[{"id":3080,"href":"https:\/\/www.italiaeconomiaonline.it\/web\/wp-json\/wp\/v2\/posts\/3079\/revisions\/3080"}],"wp:featuredmedia":[{"embeddable":true,"href":"https:\/\/www.italiaeconomiaonline.it\/web\/wp-json\/wp\/v2\/media\/2731"}],"wp:attachment":[{"href":"https:\/\/www.italiaeconomiaonline.it\/web\/wp-json\/wp\/v2\/media?parent=3079"}],"wp:term":[{"taxonomy":"category","embeddable":true,"href":"https:\/\/www.italiaeconomiaonline.it\/web\/wp-json\/wp\/v2\/categories?post=3079"},{"taxonomy":"post_tag","embeddable":true,"href":"https:\/\/www.italiaeconomiaonline.it\/web\/wp-json\/wp\/v2\/tags?post=3079"}],"curies":[{"name":"wp","href":"https:\/\/api.w.org\/{rel}","templated":true}]}}