{"id":3101,"date":"2020-05-12T12:39:12","date_gmt":"2020-05-12T10:39:12","guid":{"rendered":"http:\/\/www.italiaeconomiaonline.it\/web\/?p=3101"},"modified":"2020-05-12T12:39:12","modified_gmt":"2020-05-12T10:39:12","slug":"il-gruppo-ebano-lancia-la-business-unit-per-la-formazione-a-distanza-delle-aziende","status":"publish","type":"post","link":"https:\/\/www.italiaeconomiaonline.it\/web\/il-gruppo-ebano-lancia-la-business-unit-per-la-formazione-a-distanza-delle-aziende\/","title":{"rendered":"Il Gruppo Ebano lancia la business unit per la formazione a distanza delle aziende"},"content":{"rendered":"<p><span class=\"dropcap dropcap3\">P<\/span>ermettere alle aziende di formare i dipendenti, la rete commerciale e anche i clienti grazie alla Fad (Formazione a Distanza). Questa la mission della nuova business unit BtoB lanciata dal <a href=\"http:\/\/www.gruppoebano.com\">Gruppo Ebano<\/a>, la realt\u00e0 imprenditoriale fondata e guidata dal presidente della Piccola Industria di Confindustria <strong>Carlo Robiglio<\/strong>.<\/p>\n<p>A dirigere la Business Unit sar\u00e0 <strong>Eleonora Fratesi<\/strong>, che entra anche a far parte del Cda di Cef Publishing.<\/p>\n<p>La business unit nasce dall\u2019esperienza maturata dalle societ\u00e0 del Gruppo Ebano, che operano in settori complementari tra loro: dall\u2019editoria al marketing, dall\u2019e-commerce alla formazione a distanza. Ed \u00e8 la formazione a distanza uno dei punti di forza, grazie alla controllata Cef Publishing, leader di mercato nella realizzazione e nell\u2019erogazione di corsi professionali per il mercato consumer, con pi\u00f9 di 46 mila iscritti negli ultimi undici anni.<\/p>\n<p>Il Gruppo Ebano, con 9 societ\u00e0 controllate, 15 partnership produttive, pi\u00f9 di 250 dipendenti e collaboratori, ha visto lievitare in sei anni i ricavi complessivi dell\u2019800% e a maggio del 2019 ha ricevuto a Milano, nella sede di Borsa Italiana, il Premio \u201cDeloitte Best Managed Companies\u201d (BMC), \u00a0il riconoscimento rivolto alle aziende che si sono distinte per strategia, competenze, impegno verso le persone e performance. \u00a0Il Gruppo Ebano, tramite Cef Publishing, \u00e8 anche certificata dal programma Elite di Borsa Italiana per i requisiti di affidabilit\u00e0 e trasparenza richiesti dai principali investitori istituzionali.<\/p>\n<p>\u201cIl Gruppo Ebano -spiega Carlo Robiglio- unisce all\u2019esperienza Fad la gestione di processi complessi, dalla lead generation, pre-Sales, al Crm e all\u2019approccio al cliente. Processi finalizzati alla vendita, all\u2019assistenza, durante tutto l\u2019iter degli studi, alla gestione degli aspetti amministrativi, al recupero crediti e al customer care.<\/p>\n<p>L\u2019iniziativa nasce dalla constatazione e dalla acquisita consapevolezza che la formazione per le aziende non \u00e8 pi\u00f9 un tema inerente solo le risorse umane interne all\u2019impresa, ma un elemento di vantaggio competitivo fortemente collegato anche agli ambiti marketing e commerciali. Ha inoltre ricadute su tutti gli stakeholders dell\u2019azienda, siano essi dipendenti, collaboratori, clienti, fornitori, distributori, dettaglianti, manager, fino all\u2019imprenditore stesso.<\/p>\n<p>Sempre pi\u00f9 importante, rispetto all\u2019elemento formativo tout court, \u00e8 l\u2019elemento marketing: un prodotto, un bene, un servizio si valorizzano descrivendone le caratteristiche al mercato potenziale, o al singolo cliente, nonch\u00e9 spiegandone le modalit\u00e0 di manutenzione e conservazione.<\/p>\n<p>In tal senso, la formazione a distanza per il mercato b2b -continua Carlo Robiglio- diviene anche experience di acquisto\/vendita di un bene e di un servizio (posso infatti prima dell\u2019acquisto conoscerne funzionalit\u00e0, beneficio, utilit\u00e0, scopo, durata etc). L\u2019experience di chi ha gi\u00e0 utilizzato il bene o servizio diventa narrazione, possibilit\u00e0 di raccontare il prodotto attraverso le sue qualit\u00e0, creando un processo emulativo e virale nel mercato e fornendo alla stessa area commerciale elementi narrativi utili per la descrizione e la vendita\u201d.<\/p>\n<p>Il lancio della business unit si inquadra in una tendenza, accelerata dall&#8217;emergenza coronavirus, che vede sempre di pi\u00f9 le aziende investire sulla formazione.<br \/>\n\u201cSiamo passati &#8211; conclude Robiglio &#8211; dalla societ\u00e0 del titolo a quella della competenza. Il titolo di studio era, nella societ\u00e0 ormai al crepuscolo, ed \u00e8 ancor <a class=\"matchTooltip\">oggi<\/a> per certi versi, la fotografia statica di una situazione cristallizzata.<\/p>\n<p>Ma ormai nessuno pu\u00f2 pi\u00f9 prescindere dalla necessit\u00e0 di acquisire e implementare costantemente le competenze, prerequisiti della societ\u00e0 liquida e dinamica nella quale ci troviamo a vivere. La competenza \u00e8 come un film: in continuo sviluppo e divenire. E per implementare costantemente le competenze, presupposto per rimanere nel mondo del lavoro, bisogna sempre pi\u00f9 utilizzare le nuove tecnologie di formazione a distanza, che ci aiutano a formarci in qualunque posto ci troviamo.<\/p>\n<p>Si ottimizzano cos\u00ec le tempistiche e si consente di autoprogrammare il proprio percorso didattico senza togliere spazio ad altre attivit\u00e0. Formarsi a distanza favorisce in tal senso uno sviluppo sostenibile anche sul piano sociale, proprio perch\u00e9 riduce o azzera, secondo le circostanze, i costi umani dell\u2019evoluzione tecnologica. Ma la Fad si declina anche in termini di sostenibilit\u00e0 ambientale, perch\u00e9 permette alle imprese di sviluppare percorsi formativi \u2018non in presenza\u2019, e quindi senza costringere le persone a effettuare spostamenti\u201d.<\/p>\n","protected":false},"excerpt":{"rendered":"<p>Permettere alle aziende di formare i dipendenti, la rete commerciale e anche i clienti grazie alla Fad (Formazione a Distanza). Questa la mission della nuova business unit BtoB lanciata dal Gruppo Ebano, la realt\u00e0 imprenditoriale fondata e guidata dal presidente della Piccola Industria di Confindustria Carlo Robiglio. A dirigere la Business Unit sar\u00e0 Eleonora Fratesi, [&hellip;]<\/p>\n","protected":false},"author":1,"featured_media":3102,"comment_status":"closed","ping_status":"open","sticky":false,"template":"","format":"standard","meta":{"footnotes":""},"categories":[133],"tags":[251,378,250],"yoast_head":"<!-- This site is optimized with the Yoast SEO plugin v22.2 - https:\/\/yoast.com\/wordpress\/plugins\/seo\/ -->\n<title>Il Gruppo Ebano lancia la business unit per la formazione a distanza delle aziende -<\/title>\n<meta name=\"robots\" content=\"index, follow, max-snippet:-1, max-image-preview:large, max-video-preview:-1\" \/>\n<link rel=\"canonical\" href=\"https:\/\/www.italiaeconomiaonline.it\/web\/il-gruppo-ebano-lancia-la-business-unit-per-la-formazione-a-distanza-delle-aziende\/\" \/>\n<meta property=\"og:locale\" content=\"it_IT\" \/>\n<meta property=\"og:type\" content=\"article\" \/>\n<meta property=\"og:title\" content=\"Il Gruppo Ebano lancia la business unit per la formazione a distanza delle aziende -\" \/>\n<meta property=\"og:description\" content=\"Permettere alle aziende di formare i dipendenti, la rete commerciale e anche i clienti grazie alla Fad (Formazione a Distanza). Questa la mission della nuova business unit BtoB lanciata dal Gruppo Ebano, la realt\u00e0 imprenditoriale fondata e guidata dal presidente della Piccola Industria di Confindustria Carlo Robiglio. A dirigere la Business Unit sar\u00e0 Eleonora Fratesi, [&hellip;]\" \/>\n<meta property=\"og:url\" content=\"https:\/\/www.italiaeconomiaonline.it\/web\/il-gruppo-ebano-lancia-la-business-unit-per-la-formazione-a-distanza-delle-aziende\/\" \/>\n<meta property=\"og:site_name\" content=\"ItaliaEconomiaOnline\" \/>\n<meta property=\"article:published_time\" content=\"2020-05-12T10:39:12+00:00\" \/>\n<meta property=\"og:image\" content=\"https:\/\/www.italiaeconomiaonline.it\/web\/wp-content\/uploads\/2020\/05\/Schermata-2020-05-12-alle-12.38.12.png\" \/>\n\t<meta property=\"og:image:width\" content=\"681\" \/>\n\t<meta property=\"og:image:height\" content=\"447\" \/>\n\t<meta property=\"og:image:type\" content=\"image\/png\" \/>\n<meta name=\"author\" content=\"ladyitaliaeconomia\" \/>\n<meta name=\"twitter:card\" content=\"summary_large_image\" \/>\n<meta name=\"twitter:label1\" content=\"Scritto da\" \/>\n\t<meta name=\"twitter:data1\" content=\"ladyitaliaeconomia\" \/>\n\t<meta name=\"twitter:label2\" content=\"Tempo di lettura stimato\" \/>\n\t<meta name=\"twitter:data2\" content=\"3 minuti\" \/>\n<script type=\"application\/ld+json\" class=\"yoast-schema-graph\">{\"@context\":\"https:\/\/schema.org\",\"@graph\":[{\"@type\":\"WebPage\",\"@id\":\"https:\/\/www.italiaeconomiaonline.it\/web\/il-gruppo-ebano-lancia-la-business-unit-per-la-formazione-a-distanza-delle-aziende\/\",\"url\":\"https:\/\/www.italiaeconomiaonline.it\/web\/il-gruppo-ebano-lancia-la-business-unit-per-la-formazione-a-distanza-delle-aziende\/\",\"name\":\"Il Gruppo Ebano lancia la business unit per la formazione a distanza delle aziende -\",\"isPartOf\":{\"@id\":\"https:\/\/www.italiaeconomiaonline.it\/web\/#website\"},\"primaryImageOfPage\":{\"@id\":\"https:\/\/www.italiaeconomiaonline.it\/web\/il-gruppo-ebano-lancia-la-business-unit-per-la-formazione-a-distanza-delle-aziende\/#primaryimage\"},\"image\":{\"@id\":\"https:\/\/www.italiaeconomiaonline.it\/web\/il-gruppo-ebano-lancia-la-business-unit-per-la-formazione-a-distanza-delle-aziende\/#primaryimage\"},\"thumbnailUrl\":\"https:\/\/www.italiaeconomiaonline.it\/web\/wp-content\/uploads\/2020\/05\/Schermata-2020-05-12-alle-12.38.12.png\",\"datePublished\":\"2020-05-12T10:39:12+00:00\",\"dateModified\":\"2020-05-12T10:39:12+00:00\",\"author\":{\"@id\":\"https:\/\/www.italiaeconomiaonline.it\/web\/#\/schema\/person\/909a49cce752523b020fbc37d5ab1c31\"},\"breadcrumb\":{\"@id\":\"https:\/\/www.italiaeconomiaonline.it\/web\/il-gruppo-ebano-lancia-la-business-unit-per-la-formazione-a-distanza-delle-aziende\/#breadcrumb\"},\"inLanguage\":\"it-IT\",\"potentialAction\":[{\"@type\":\"ReadAction\",\"target\":[\"https:\/\/www.italiaeconomiaonline.it\/web\/il-gruppo-ebano-lancia-la-business-unit-per-la-formazione-a-distanza-delle-aziende\/\"]}]},{\"@type\":\"ImageObject\",\"inLanguage\":\"it-IT\",\"@id\":\"https:\/\/www.italiaeconomiaonline.it\/web\/il-gruppo-ebano-lancia-la-business-unit-per-la-formazione-a-distanza-delle-aziende\/#primaryimage\",\"url\":\"https:\/\/www.italiaeconomiaonline.it\/web\/wp-content\/uploads\/2020\/05\/Schermata-2020-05-12-alle-12.38.12.png\",\"contentUrl\":\"https:\/\/www.italiaeconomiaonline.it\/web\/wp-content\/uploads\/2020\/05\/Schermata-2020-05-12-alle-12.38.12.png\",\"width\":681,\"height\":447},{\"@type\":\"BreadcrumbList\",\"@id\":\"https:\/\/www.italiaeconomiaonline.it\/web\/il-gruppo-ebano-lancia-la-business-unit-per-la-formazione-a-distanza-delle-aziende\/#breadcrumb\",\"itemListElement\":[{\"@type\":\"ListItem\",\"position\":1,\"name\":\"Home\",\"item\":\"https:\/\/www.italiaeconomiaonline.it\/web\/\"},{\"@type\":\"ListItem\",\"position\":2,\"name\":\"Il Gruppo Ebano lancia la business unit per la formazione a distanza delle aziende\"}]},{\"@type\":\"WebSite\",\"@id\":\"https:\/\/www.italiaeconomiaonline.it\/web\/#website\",\"url\":\"https:\/\/www.italiaeconomiaonline.it\/web\/\",\"name\":\"ItaliaEconomiaOnline\",\"description\":\"Quotidiano Economico Online\",\"potentialAction\":[{\"@type\":\"SearchAction\",\"target\":{\"@type\":\"EntryPoint\",\"urlTemplate\":\"https:\/\/www.italiaeconomiaonline.it\/web\/?s={search_term_string}\"},\"query-input\":\"required name=search_term_string\"}],\"inLanguage\":\"it-IT\"},{\"@type\":\"Person\",\"@id\":\"https:\/\/www.italiaeconomiaonline.it\/web\/#\/schema\/person\/909a49cce752523b020fbc37d5ab1c31\",\"name\":\"ladyitaliaeconomia\",\"image\":{\"@type\":\"ImageObject\",\"inLanguage\":\"it-IT\",\"@id\":\"https:\/\/www.italiaeconomiaonline.it\/web\/#\/schema\/person\/image\/\",\"url\":\"https:\/\/secure.gravatar.com\/avatar\/cedca10ce7416a579b9fa6bce9c0a8f2?s=96&d=mm&r=g\",\"contentUrl\":\"https:\/\/secure.gravatar.com\/avatar\/cedca10ce7416a579b9fa6bce9c0a8f2?s=96&d=mm&r=g\",\"caption\":\"ladyitaliaeconomia\"},\"url\":\"https:\/\/www.italiaeconomiaonline.it\/web\/author\/ladyitaliaeconomia\/\"}]}<\/script>\n<!-- \/ Yoast SEO plugin. -->","yoast_head_json":{"title":"Il Gruppo Ebano lancia la business unit per la formazione a distanza delle aziende -","robots":{"index":"index","follow":"follow","max-snippet":"max-snippet:-1","max-image-preview":"max-image-preview:large","max-video-preview":"max-video-preview:-1"},"canonical":"https:\/\/www.italiaeconomiaonline.it\/web\/il-gruppo-ebano-lancia-la-business-unit-per-la-formazione-a-distanza-delle-aziende\/","og_locale":"it_IT","og_type":"article","og_title":"Il Gruppo Ebano lancia la business unit per la formazione a distanza delle aziende -","og_description":"Permettere alle aziende di formare i dipendenti, la rete commerciale e anche i clienti grazie alla Fad (Formazione a Distanza). Questa la mission della nuova business unit BtoB lanciata dal Gruppo Ebano, la realt\u00e0 imprenditoriale fondata e guidata dal presidente della Piccola Industria di Confindustria Carlo Robiglio. A dirigere la Business Unit sar\u00e0 Eleonora Fratesi, [&hellip;]","og_url":"https:\/\/www.italiaeconomiaonline.it\/web\/il-gruppo-ebano-lancia-la-business-unit-per-la-formazione-a-distanza-delle-aziende\/","og_site_name":"ItaliaEconomiaOnline","article_published_time":"2020-05-12T10:39:12+00:00","og_image":[{"width":681,"height":447,"url":"https:\/\/www.italiaeconomiaonline.it\/web\/wp-content\/uploads\/2020\/05\/Schermata-2020-05-12-alle-12.38.12.png","type":"image\/png"}],"author":"ladyitaliaeconomia","twitter_card":"summary_large_image","twitter_misc":{"Scritto da":"ladyitaliaeconomia","Tempo di lettura stimato":"3 minuti"},"schema":{"@context":"https:\/\/schema.org","@graph":[{"@type":"WebPage","@id":"https:\/\/www.italiaeconomiaonline.it\/web\/il-gruppo-ebano-lancia-la-business-unit-per-la-formazione-a-distanza-delle-aziende\/","url":"https:\/\/www.italiaeconomiaonline.it\/web\/il-gruppo-ebano-lancia-la-business-unit-per-la-formazione-a-distanza-delle-aziende\/","name":"Il Gruppo Ebano lancia la business unit per la formazione a distanza delle aziende -","isPartOf":{"@id":"https:\/\/www.italiaeconomiaonline.it\/web\/#website"},"primaryImageOfPage":{"@id":"https:\/\/www.italiaeconomiaonline.it\/web\/il-gruppo-ebano-lancia-la-business-unit-per-la-formazione-a-distanza-delle-aziende\/#primaryimage"},"image":{"@id":"https:\/\/www.italiaeconomiaonline.it\/web\/il-gruppo-ebano-lancia-la-business-unit-per-la-formazione-a-distanza-delle-aziende\/#primaryimage"},"thumbnailUrl":"https:\/\/www.italiaeconomiaonline.it\/web\/wp-content\/uploads\/2020\/05\/Schermata-2020-05-12-alle-12.38.12.png","datePublished":"2020-05-12T10:39:12+00:00","dateModified":"2020-05-12T10:39:12+00:00","author":{"@id":"https:\/\/www.italiaeconomiaonline.it\/web\/#\/schema\/person\/909a49cce752523b020fbc37d5ab1c31"},"breadcrumb":{"@id":"https:\/\/www.italiaeconomiaonline.it\/web\/il-gruppo-ebano-lancia-la-business-unit-per-la-formazione-a-distanza-delle-aziende\/#breadcrumb"},"inLanguage":"it-IT","potentialAction":[{"@type":"ReadAction","target":["https:\/\/www.italiaeconomiaonline.it\/web\/il-gruppo-ebano-lancia-la-business-unit-per-la-formazione-a-distanza-delle-aziende\/"]}]},{"@type":"ImageObject","inLanguage":"it-IT","@id":"https:\/\/www.italiaeconomiaonline.it\/web\/il-gruppo-ebano-lancia-la-business-unit-per-la-formazione-a-distanza-delle-aziende\/#primaryimage","url":"https:\/\/www.italiaeconomiaonline.it\/web\/wp-content\/uploads\/2020\/05\/Schermata-2020-05-12-alle-12.38.12.png","contentUrl":"https:\/\/www.italiaeconomiaonline.it\/web\/wp-content\/uploads\/2020\/05\/Schermata-2020-05-12-alle-12.38.12.png","width":681,"height":447},{"@type":"BreadcrumbList","@id":"https:\/\/www.italiaeconomiaonline.it\/web\/il-gruppo-ebano-lancia-la-business-unit-per-la-formazione-a-distanza-delle-aziende\/#breadcrumb","itemListElement":[{"@type":"ListItem","position":1,"name":"Home","item":"https:\/\/www.italiaeconomiaonline.it\/web\/"},{"@type":"ListItem","position":2,"name":"Il Gruppo Ebano lancia la business unit per la formazione a distanza delle aziende"}]},{"@type":"WebSite","@id":"https:\/\/www.italiaeconomiaonline.it\/web\/#website","url":"https:\/\/www.italiaeconomiaonline.it\/web\/","name":"ItaliaEconomiaOnline","description":"Quotidiano Economico Online","potentialAction":[{"@type":"SearchAction","target":{"@type":"EntryPoint","urlTemplate":"https:\/\/www.italiaeconomiaonline.it\/web\/?s={search_term_string}"},"query-input":"required name=search_term_string"}],"inLanguage":"it-IT"},{"@type":"Person","@id":"https:\/\/www.italiaeconomiaonline.it\/web\/#\/schema\/person\/909a49cce752523b020fbc37d5ab1c31","name":"ladyitaliaeconomia","image":{"@type":"ImageObject","inLanguage":"it-IT","@id":"https:\/\/www.italiaeconomiaonline.it\/web\/#\/schema\/person\/image\/","url":"https:\/\/secure.gravatar.com\/avatar\/cedca10ce7416a579b9fa6bce9c0a8f2?s=96&d=mm&r=g","contentUrl":"https:\/\/secure.gravatar.com\/avatar\/cedca10ce7416a579b9fa6bce9c0a8f2?s=96&d=mm&r=g","caption":"ladyitaliaeconomia"},"url":"https:\/\/www.italiaeconomiaonline.it\/web\/author\/ladyitaliaeconomia\/"}]}},"_links":{"self":[{"href":"https:\/\/www.italiaeconomiaonline.it\/web\/wp-json\/wp\/v2\/posts\/3101"}],"collection":[{"href":"https:\/\/www.italiaeconomiaonline.it\/web\/wp-json\/wp\/v2\/posts"}],"about":[{"href":"https:\/\/www.italiaeconomiaonline.it\/web\/wp-json\/wp\/v2\/types\/post"}],"author":[{"embeddable":true,"href":"https:\/\/www.italiaeconomiaonline.it\/web\/wp-json\/wp\/v2\/users\/1"}],"replies":[{"embeddable":true,"href":"https:\/\/www.italiaeconomiaonline.it\/web\/wp-json\/wp\/v2\/comments?post=3101"}],"version-history":[{"count":1,"href":"https:\/\/www.italiaeconomiaonline.it\/web\/wp-json\/wp\/v2\/posts\/3101\/revisions"}],"predecessor-version":[{"id":3103,"href":"https:\/\/www.italiaeconomiaonline.it\/web\/wp-json\/wp\/v2\/posts\/3101\/revisions\/3103"}],"wp:featuredmedia":[{"embeddable":true,"href":"https:\/\/www.italiaeconomiaonline.it\/web\/wp-json\/wp\/v2\/media\/3102"}],"wp:attachment":[{"href":"https:\/\/www.italiaeconomiaonline.it\/web\/wp-json\/wp\/v2\/media?parent=3101"}],"wp:term":[{"taxonomy":"category","embeddable":true,"href":"https:\/\/www.italiaeconomiaonline.it\/web\/wp-json\/wp\/v2\/categories?post=3101"},{"taxonomy":"post_tag","embeddable":true,"href":"https:\/\/www.italiaeconomiaonline.it\/web\/wp-json\/wp\/v2\/tags?post=3101"}],"curies":[{"name":"wp","href":"https:\/\/api.w.org\/{rel}","templated":true}]}}