{"id":3126,"date":"2020-05-15T17:00:09","date_gmt":"2020-05-15T15:00:09","guid":{"rendered":"http:\/\/www.italiaeconomiaonline.it\/web\/?p=3126"},"modified":"2020-05-15T17:03:15","modified_gmt":"2020-05-15T15:03:15","slug":"decreto-rilancio-competere-eu-fondamentali-procedure-e-tecnologie-adeguate-perche-le-misure-non-restino-sulla-carta","status":"publish","type":"post","link":"https:\/\/www.italiaeconomiaonline.it\/web\/decreto-rilancio-competere-eu-fondamentali-procedure-e-tecnologie-adeguate-perche-le-misure-non-restino-sulla-carta\/","title":{"rendered":"Decreto Rilancio. Competere.EU: fondamentali procedure e tecnologie adeguate perch\u00e8 le misure non restino sulla carta"},"content":{"rendered":"<p><span class=\"dropcap dropcap3\">A<\/span>vremmo preferito un decreto di urgenza prima di Pasqua di poche pagine chiare e non soggette a interpretazioni di sorta, con tre macro interventi, per i cittadini e le famiglie (assistenza), per le imprese (tasse), e per la sanit\u00e0 (potenziamento e investimenti).<\/p>\n<p>Pur comprendendo la complessit\u00e0 della situazione che il Governo sta affrontando il Decreto Rilancio, cos\u00ec come annunciato non \u00e8 altro che un&#8217;integrazione del Cura Italia e non ha i numeri e la visione per poter ambire a rilanciare l&#8217;economia del Paese. \u00a0E&#8217; uno spezzatino tra urgenze dovute alla pandemia e generale rilancio economico di un paese i cui mali sono molto profondi e non vengono affrontati da troppo tempo.&#8221;<\/p>\n<p>Il Presidente di Competere.EU <strong>Pietro Paganin<\/strong>i e il Segretario Generale <strong>Roberto Race<\/strong> commentano cos\u00ec il Decreto Rilancio nel presentare le attivit\u00e0 che il think tank metter\u00e0 in campo per monitorare l&#8217;attuazione del decreto con l&#8217;Osservatorio sulla Ricostruzione economica Post Covid19 \u00a0curato dal fellow del pensatoio Giuseppe Arleo.<br \/>\n&#8220;Cinquecento pagine possono salvare un paese cos\u00ec come affossarlo. Tanto che gi\u00e0 si paventa un DDL semplificazione per affrontare il vero problema irrisolto: la burocrazia. Tutto quello che le cinquecento pagine di buono e meno buono propongono pu\u00f2 avere speranza solo se si eliminano i freni dell\u2019organizzazione burocratica.&#8221;<\/p>\n<p>Ed in quest&#8217;ottica Competere lavorer\u00e0 con l&#8217;Osservatorio sulla Ricostruzione economica Post Covid19.<\/p>\n<p>&#8220;Bisogna guadagnare in speditezza- spiega Arleo analizzando il decreto- abbattendo drasticamente i tempi delle procedure che soffocavano gi\u00e0 il mondo delle imprese prima e che ora sono intollerabili. Occorre procedere in maniera decisa e radicale verso quella semplificazione di normative e regolamenti sempre annunciata, e poi nei fatti rinviata sine die dai vari esecutivi che si sono successi alla guida del Paese.<\/p>\n<p>Accanto alle procedure, bisogna porre mano alla tecnologia perch\u00e8 le misure non restino sulla carta. Sia nella fase istruttoria che in quella dell\u2019erogazione degli incentivi. Le nuove procedure non possono che viaggiare di pari passo con un profondo aggiornamento tecnologico. Che se ne abbia una assoluta necessit\u00e0, \u00e8 comprovato anche dalle ultime vicende, con erogazioni di sostegni economici rese pi\u00f9 difficoltose e travagliate dall\u2019inadeguatezza delle piattaforme digitali utilizzate.<\/p>\n<p>Era prevedibile che delle strumentazioni non in grado di garantire prestazioni efficaci anche nella normale amministrazione, finissero per andare in tilt, o risultare pateticamente deficitarie, in un periodo di emergenza come l\u2019attuale, che determina carichi di lavoro davvero immani.<\/p>\n<p>Se vogliamo ripartire con buone possibilit\u00e0 di recuperare il terreno perduto in questi mesi, \u00e8 fondamentale la scelta \u00a0che gli \u00a0incentivi a fondo perduto arrivino subito alle imprese. Questo tipo di agevolazione, in una fase di drammatica crisi di liquidit\u00e0 del sistema, costituisce un sostegno fondamentale per le imprese, ben pi\u00f9 efficace delle operazioni di debito previste dal decreto liquidit\u00e0, che, al contrario, rischiano di appesantire ancora di pi\u00f9 bilancio aziendali gi\u00e0 provati in epoca pre covid.<\/p>\n<p>Ma non \u00e8 sufficiente, purtroppo, neppure la reintroduzione su vasta scala del contributo a fondo perduto senza l&#8217;aver cambiato e sburocratizzato le procedure.&#8221;<\/p>\n<p>&#8220;Per tutte queste ragioni- conclude Arleo- sarebbero \u00a0auspicabili misure come:<\/p>\n<ul>\n<li>L\u2019utilizzo di un sistema di autocertificazioni sostitutive di atto notorio prevedendo sanzioni tali da scoraggiare illeciti. Si andrebbe cos\u00ec a velocizzare i due momenti di maggiore criticit\u00e0 dell\u2019iter procedurale, quelli che attualmente prolungano in misura inaccettabile i tempi effettivi del finanziamento agevolato, in special modo per la verifica dei dati Durc, attestanti la regolarit\u00e0 contributiva, e di quelli inerenti la certificazione antimafia. Autocertificazione significa semplificazione. I margini di rischio sono estremamente limitati, purch\u00e9 si dia impulso in tempi strettissimi a un importante lavoro di coordinamento di dati gi\u00e0 in possesso della Pubblica Amministrazione. E\u2019 questo il primo passo concreto da fare per rendere il sistema degli incentivi funzionale alla causa di una ripresa accelerata.<\/li>\n<li>Utilizzare il Registro Nazionale Aiuti (Rna), per snellire ulteriormente alcune fasi del controllo, evitando alle imprese di produrre inutilmente nuove autocertificazioni.<\/li>\n<li>In sede di rendicontazione, l\u2019utilizzo diffuso di convenzioni con soggetti istruttori esterni pu\u00f2 abbattere la tempistica di verifiche e valutazioni.<\/li>\n<li>Al fine di calibrare meglio gli incentivi rispetto alle specifiche esigenze indotte dall\u2019emergenza pandemia, possono tornare utili anche un approfondimento analitico e un restyling degli incentivi gi\u00e0 in essere, con una opportuna una rivisitazione di alcuni capitolati di spesa finora non finanziati in modo da ampliare la provvista di incentivi. Sarebbe poi importante ridurre sensibilmente, almeno per il periodo emergenziale, i limiti minimi degli investimenti da realizzare per poter ottenere il contributo.&#8221;<\/li>\n<\/ul>\n<p>&nbsp;<\/p>\n","protected":false},"excerpt":{"rendered":"<p>Avremmo preferito un decreto di urgenza prima di Pasqua di poche pagine chiare e non soggette a interpretazioni di sorta, con tre macro interventi, per i cittadini e le famiglie (assistenza), per le imprese (tasse), e per la sanit\u00e0 (potenziamento e investimenti). Pur comprendendo la complessit\u00e0 della situazione che il Governo sta affrontando il Decreto [&hellip;]<\/p>\n","protected":false},"author":1,"featured_media":1905,"comment_status":"closed","ping_status":"open","sticky":false,"template":"","format":"standard","meta":{"footnotes":""},"categories":[309],"tags":[],"yoast_head":"<!-- This site is optimized with the Yoast SEO plugin v22.2 - https:\/\/yoast.com\/wordpress\/plugins\/seo\/ -->\n<title>Decreto Rilancio. Competere.EU: fondamentali procedure e tecnologie adeguate perch\u00e8 le misure non restino sulla carta -<\/title>\n<meta name=\"robots\" content=\"index, follow, max-snippet:-1, max-image-preview:large, max-video-preview:-1\" \/>\n<link rel=\"canonical\" href=\"https:\/\/www.italiaeconomiaonline.it\/web\/decreto-rilancio-competere-eu-fondamentali-procedure-e-tecnologie-adeguate-perche-le-misure-non-restino-sulla-carta\/\" \/>\n<meta property=\"og:locale\" content=\"it_IT\" \/>\n<meta property=\"og:type\" content=\"article\" \/>\n<meta property=\"og:title\" content=\"Decreto Rilancio. Competere.EU: fondamentali procedure e tecnologie adeguate perch\u00e8 le misure non restino sulla carta -\" \/>\n<meta property=\"og:description\" content=\"Avremmo preferito un decreto di urgenza prima di Pasqua di poche pagine chiare e non soggette a interpretazioni di sorta, con tre macro interventi, per i cittadini e le famiglie (assistenza), per le imprese (tasse), e per la sanit\u00e0 (potenziamento e investimenti). Pur comprendendo la complessit\u00e0 della situazione che il Governo sta affrontando il Decreto [&hellip;]\" \/>\n<meta property=\"og:url\" content=\"https:\/\/www.italiaeconomiaonline.it\/web\/decreto-rilancio-competere-eu-fondamentali-procedure-e-tecnologie-adeguate-perche-le-misure-non-restino-sulla-carta\/\" \/>\n<meta property=\"og:site_name\" content=\"ItaliaEconomiaOnline\" \/>\n<meta property=\"article:published_time\" content=\"2020-05-15T15:00:09+00:00\" \/>\n<meta property=\"article:modified_time\" content=\"2020-05-15T15:03:15+00:00\" \/>\n<meta property=\"og:image\" content=\"https:\/\/www.italiaeconomiaonline.it\/web\/wp-content\/uploads\/2019\/10\/Schermata-2019-10-16-alle-12.48.42.png\" \/>\n\t<meta property=\"og:image:width\" content=\"455\" \/>\n\t<meta property=\"og:image:height\" content=\"319\" \/>\n\t<meta property=\"og:image:type\" content=\"image\/png\" \/>\n<meta name=\"author\" content=\"ladyitaliaeconomia\" \/>\n<meta name=\"twitter:card\" content=\"summary_large_image\" \/>\n<meta name=\"twitter:label1\" content=\"Scritto da\" \/>\n\t<meta name=\"twitter:data1\" content=\"ladyitaliaeconomia\" \/>\n\t<meta name=\"twitter:label2\" content=\"Tempo di lettura stimato\" \/>\n\t<meta name=\"twitter:data2\" content=\"4 minuti\" \/>\n<script type=\"application\/ld+json\" class=\"yoast-schema-graph\">{\"@context\":\"https:\/\/schema.org\",\"@graph\":[{\"@type\":\"WebPage\",\"@id\":\"https:\/\/www.italiaeconomiaonline.it\/web\/decreto-rilancio-competere-eu-fondamentali-procedure-e-tecnologie-adeguate-perche-le-misure-non-restino-sulla-carta\/\",\"url\":\"https:\/\/www.italiaeconomiaonline.it\/web\/decreto-rilancio-competere-eu-fondamentali-procedure-e-tecnologie-adeguate-perche-le-misure-non-restino-sulla-carta\/\",\"name\":\"Decreto Rilancio. Competere.EU: fondamentali procedure e tecnologie adeguate perch\u00e8 le misure non restino sulla carta -\",\"isPartOf\":{\"@id\":\"https:\/\/www.italiaeconomiaonline.it\/web\/#website\"},\"primaryImageOfPage\":{\"@id\":\"https:\/\/www.italiaeconomiaonline.it\/web\/decreto-rilancio-competere-eu-fondamentali-procedure-e-tecnologie-adeguate-perche-le-misure-non-restino-sulla-carta\/#primaryimage\"},\"image\":{\"@id\":\"https:\/\/www.italiaeconomiaonline.it\/web\/decreto-rilancio-competere-eu-fondamentali-procedure-e-tecnologie-adeguate-perche-le-misure-non-restino-sulla-carta\/#primaryimage\"},\"thumbnailUrl\":\"https:\/\/www.italiaeconomiaonline.it\/web\/wp-content\/uploads\/2019\/10\/Schermata-2019-10-16-alle-12.48.42.png\",\"datePublished\":\"2020-05-15T15:00:09+00:00\",\"dateModified\":\"2020-05-15T15:03:15+00:00\",\"author\":{\"@id\":\"https:\/\/www.italiaeconomiaonline.it\/web\/#\/schema\/person\/909a49cce752523b020fbc37d5ab1c31\"},\"breadcrumb\":{\"@id\":\"https:\/\/www.italiaeconomiaonline.it\/web\/decreto-rilancio-competere-eu-fondamentali-procedure-e-tecnologie-adeguate-perche-le-misure-non-restino-sulla-carta\/#breadcrumb\"},\"inLanguage\":\"it-IT\",\"potentialAction\":[{\"@type\":\"ReadAction\",\"target\":[\"https:\/\/www.italiaeconomiaonline.it\/web\/decreto-rilancio-competere-eu-fondamentali-procedure-e-tecnologie-adeguate-perche-le-misure-non-restino-sulla-carta\/\"]}]},{\"@type\":\"ImageObject\",\"inLanguage\":\"it-IT\",\"@id\":\"https:\/\/www.italiaeconomiaonline.it\/web\/decreto-rilancio-competere-eu-fondamentali-procedure-e-tecnologie-adeguate-perche-le-misure-non-restino-sulla-carta\/#primaryimage\",\"url\":\"https:\/\/www.italiaeconomiaonline.it\/web\/wp-content\/uploads\/2019\/10\/Schermata-2019-10-16-alle-12.48.42.png\",\"contentUrl\":\"https:\/\/www.italiaeconomiaonline.it\/web\/wp-content\/uploads\/2019\/10\/Schermata-2019-10-16-alle-12.48.42.png\",\"width\":455,\"height\":319,\"caption\":\"Pietro Paganini\"},{\"@type\":\"BreadcrumbList\",\"@id\":\"https:\/\/www.italiaeconomiaonline.it\/web\/decreto-rilancio-competere-eu-fondamentali-procedure-e-tecnologie-adeguate-perche-le-misure-non-restino-sulla-carta\/#breadcrumb\",\"itemListElement\":[{\"@type\":\"ListItem\",\"position\":1,\"name\":\"Home\",\"item\":\"https:\/\/www.italiaeconomiaonline.it\/web\/\"},{\"@type\":\"ListItem\",\"position\":2,\"name\":\"Decreto Rilancio. Competere.EU: fondamentali procedure e tecnologie adeguate perch\u00e8 le misure non restino sulla carta\"}]},{\"@type\":\"WebSite\",\"@id\":\"https:\/\/www.italiaeconomiaonline.it\/web\/#website\",\"url\":\"https:\/\/www.italiaeconomiaonline.it\/web\/\",\"name\":\"ItaliaEconomiaOnline\",\"description\":\"Quotidiano Economico Online\",\"potentialAction\":[{\"@type\":\"SearchAction\",\"target\":{\"@type\":\"EntryPoint\",\"urlTemplate\":\"https:\/\/www.italiaeconomiaonline.it\/web\/?s={search_term_string}\"},\"query-input\":\"required name=search_term_string\"}],\"inLanguage\":\"it-IT\"},{\"@type\":\"Person\",\"@id\":\"https:\/\/www.italiaeconomiaonline.it\/web\/#\/schema\/person\/909a49cce752523b020fbc37d5ab1c31\",\"name\":\"ladyitaliaeconomia\",\"image\":{\"@type\":\"ImageObject\",\"inLanguage\":\"it-IT\",\"@id\":\"https:\/\/www.italiaeconomiaonline.it\/web\/#\/schema\/person\/image\/\",\"url\":\"https:\/\/secure.gravatar.com\/avatar\/cedca10ce7416a579b9fa6bce9c0a8f2?s=96&d=mm&r=g\",\"contentUrl\":\"https:\/\/secure.gravatar.com\/avatar\/cedca10ce7416a579b9fa6bce9c0a8f2?s=96&d=mm&r=g\",\"caption\":\"ladyitaliaeconomia\"},\"url\":\"https:\/\/www.italiaeconomiaonline.it\/web\/author\/ladyitaliaeconomia\/\"}]}<\/script>\n<!-- \/ Yoast SEO plugin. -->","yoast_head_json":{"title":"Decreto Rilancio. Competere.EU: fondamentali procedure e tecnologie adeguate perch\u00e8 le misure non restino sulla carta -","robots":{"index":"index","follow":"follow","max-snippet":"max-snippet:-1","max-image-preview":"max-image-preview:large","max-video-preview":"max-video-preview:-1"},"canonical":"https:\/\/www.italiaeconomiaonline.it\/web\/decreto-rilancio-competere-eu-fondamentali-procedure-e-tecnologie-adeguate-perche-le-misure-non-restino-sulla-carta\/","og_locale":"it_IT","og_type":"article","og_title":"Decreto Rilancio. Competere.EU: fondamentali procedure e tecnologie adeguate perch\u00e8 le misure non restino sulla carta -","og_description":"Avremmo preferito un decreto di urgenza prima di Pasqua di poche pagine chiare e non soggette a interpretazioni di sorta, con tre macro interventi, per i cittadini e le famiglie (assistenza), per le imprese (tasse), e per la sanit\u00e0 (potenziamento e investimenti). Pur comprendendo la complessit\u00e0 della situazione che il Governo sta affrontando il Decreto [&hellip;]","og_url":"https:\/\/www.italiaeconomiaonline.it\/web\/decreto-rilancio-competere-eu-fondamentali-procedure-e-tecnologie-adeguate-perche-le-misure-non-restino-sulla-carta\/","og_site_name":"ItaliaEconomiaOnline","article_published_time":"2020-05-15T15:00:09+00:00","article_modified_time":"2020-05-15T15:03:15+00:00","og_image":[{"width":455,"height":319,"url":"https:\/\/www.italiaeconomiaonline.it\/web\/wp-content\/uploads\/2019\/10\/Schermata-2019-10-16-alle-12.48.42.png","type":"image\/png"}],"author":"ladyitaliaeconomia","twitter_card":"summary_large_image","twitter_misc":{"Scritto da":"ladyitaliaeconomia","Tempo di lettura stimato":"4 minuti"},"schema":{"@context":"https:\/\/schema.org","@graph":[{"@type":"WebPage","@id":"https:\/\/www.italiaeconomiaonline.it\/web\/decreto-rilancio-competere-eu-fondamentali-procedure-e-tecnologie-adeguate-perche-le-misure-non-restino-sulla-carta\/","url":"https:\/\/www.italiaeconomiaonline.it\/web\/decreto-rilancio-competere-eu-fondamentali-procedure-e-tecnologie-adeguate-perche-le-misure-non-restino-sulla-carta\/","name":"Decreto Rilancio. Competere.EU: fondamentali procedure e tecnologie adeguate perch\u00e8 le misure non restino sulla carta -","isPartOf":{"@id":"https:\/\/www.italiaeconomiaonline.it\/web\/#website"},"primaryImageOfPage":{"@id":"https:\/\/www.italiaeconomiaonline.it\/web\/decreto-rilancio-competere-eu-fondamentali-procedure-e-tecnologie-adeguate-perche-le-misure-non-restino-sulla-carta\/#primaryimage"},"image":{"@id":"https:\/\/www.italiaeconomiaonline.it\/web\/decreto-rilancio-competere-eu-fondamentali-procedure-e-tecnologie-adeguate-perche-le-misure-non-restino-sulla-carta\/#primaryimage"},"thumbnailUrl":"https:\/\/www.italiaeconomiaonline.it\/web\/wp-content\/uploads\/2019\/10\/Schermata-2019-10-16-alle-12.48.42.png","datePublished":"2020-05-15T15:00:09+00:00","dateModified":"2020-05-15T15:03:15+00:00","author":{"@id":"https:\/\/www.italiaeconomiaonline.it\/web\/#\/schema\/person\/909a49cce752523b020fbc37d5ab1c31"},"breadcrumb":{"@id":"https:\/\/www.italiaeconomiaonline.it\/web\/decreto-rilancio-competere-eu-fondamentali-procedure-e-tecnologie-adeguate-perche-le-misure-non-restino-sulla-carta\/#breadcrumb"},"inLanguage":"it-IT","potentialAction":[{"@type":"ReadAction","target":["https:\/\/www.italiaeconomiaonline.it\/web\/decreto-rilancio-competere-eu-fondamentali-procedure-e-tecnologie-adeguate-perche-le-misure-non-restino-sulla-carta\/"]}]},{"@type":"ImageObject","inLanguage":"it-IT","@id":"https:\/\/www.italiaeconomiaonline.it\/web\/decreto-rilancio-competere-eu-fondamentali-procedure-e-tecnologie-adeguate-perche-le-misure-non-restino-sulla-carta\/#primaryimage","url":"https:\/\/www.italiaeconomiaonline.it\/web\/wp-content\/uploads\/2019\/10\/Schermata-2019-10-16-alle-12.48.42.png","contentUrl":"https:\/\/www.italiaeconomiaonline.it\/web\/wp-content\/uploads\/2019\/10\/Schermata-2019-10-16-alle-12.48.42.png","width":455,"height":319,"caption":"Pietro Paganini"},{"@type":"BreadcrumbList","@id":"https:\/\/www.italiaeconomiaonline.it\/web\/decreto-rilancio-competere-eu-fondamentali-procedure-e-tecnologie-adeguate-perche-le-misure-non-restino-sulla-carta\/#breadcrumb","itemListElement":[{"@type":"ListItem","position":1,"name":"Home","item":"https:\/\/www.italiaeconomiaonline.it\/web\/"},{"@type":"ListItem","position":2,"name":"Decreto Rilancio. Competere.EU: fondamentali procedure e tecnologie adeguate perch\u00e8 le misure non restino sulla carta"}]},{"@type":"WebSite","@id":"https:\/\/www.italiaeconomiaonline.it\/web\/#website","url":"https:\/\/www.italiaeconomiaonline.it\/web\/","name":"ItaliaEconomiaOnline","description":"Quotidiano Economico Online","potentialAction":[{"@type":"SearchAction","target":{"@type":"EntryPoint","urlTemplate":"https:\/\/www.italiaeconomiaonline.it\/web\/?s={search_term_string}"},"query-input":"required name=search_term_string"}],"inLanguage":"it-IT"},{"@type":"Person","@id":"https:\/\/www.italiaeconomiaonline.it\/web\/#\/schema\/person\/909a49cce752523b020fbc37d5ab1c31","name":"ladyitaliaeconomia","image":{"@type":"ImageObject","inLanguage":"it-IT","@id":"https:\/\/www.italiaeconomiaonline.it\/web\/#\/schema\/person\/image\/","url":"https:\/\/secure.gravatar.com\/avatar\/cedca10ce7416a579b9fa6bce9c0a8f2?s=96&d=mm&r=g","contentUrl":"https:\/\/secure.gravatar.com\/avatar\/cedca10ce7416a579b9fa6bce9c0a8f2?s=96&d=mm&r=g","caption":"ladyitaliaeconomia"},"url":"https:\/\/www.italiaeconomiaonline.it\/web\/author\/ladyitaliaeconomia\/"}]}},"_links":{"self":[{"href":"https:\/\/www.italiaeconomiaonline.it\/web\/wp-json\/wp\/v2\/posts\/3126"}],"collection":[{"href":"https:\/\/www.italiaeconomiaonline.it\/web\/wp-json\/wp\/v2\/posts"}],"about":[{"href":"https:\/\/www.italiaeconomiaonline.it\/web\/wp-json\/wp\/v2\/types\/post"}],"author":[{"embeddable":true,"href":"https:\/\/www.italiaeconomiaonline.it\/web\/wp-json\/wp\/v2\/users\/1"}],"replies":[{"embeddable":true,"href":"https:\/\/www.italiaeconomiaonline.it\/web\/wp-json\/wp\/v2\/comments?post=3126"}],"version-history":[{"count":2,"href":"https:\/\/www.italiaeconomiaonline.it\/web\/wp-json\/wp\/v2\/posts\/3126\/revisions"}],"predecessor-version":[{"id":3129,"href":"https:\/\/www.italiaeconomiaonline.it\/web\/wp-json\/wp\/v2\/posts\/3126\/revisions\/3129"}],"wp:featuredmedia":[{"embeddable":true,"href":"https:\/\/www.italiaeconomiaonline.it\/web\/wp-json\/wp\/v2\/media\/1905"}],"wp:attachment":[{"href":"https:\/\/www.italiaeconomiaonline.it\/web\/wp-json\/wp\/v2\/media?parent=3126"}],"wp:term":[{"taxonomy":"category","embeddable":true,"href":"https:\/\/www.italiaeconomiaonline.it\/web\/wp-json\/wp\/v2\/categories?post=3126"},{"taxonomy":"post_tag","embeddable":true,"href":"https:\/\/www.italiaeconomiaonline.it\/web\/wp-json\/wp\/v2\/tags?post=3126"}],"curies":[{"name":"wp","href":"https:\/\/api.w.org\/{rel}","templated":true}]}}