{"id":3244,"date":"2020-05-30T09:43:09","date_gmt":"2020-05-30T07:43:09","guid":{"rendered":"http:\/\/www.italiaeconomiaonline.it\/web\/?p=3244"},"modified":"2020-05-30T09:43:09","modified_gmt":"2020-05-30T07:43:09","slug":"ganga-cisl-da-visco-la-conferma-che-questo-e-il-momento-di-intervenire","status":"publish","type":"post","link":"https:\/\/www.italiaeconomiaonline.it\/web\/ganga-cisl-da-visco-la-conferma-che-questo-e-il-momento-di-intervenire\/","title":{"rendered":"Ganga (Cisl) : Da Visco la conferma che questo \u00e8 il momento di intervenire"},"content":{"rendered":"<div id=\"xandmail_widget_layout_ContentPane_8\" class=\"view_msgBody dijitContentPane dijitSplitContainer-child dijitSplitContainer-dijitContentPane dijitSplitPane\" dir=\"ltr\" title=\"\" role=\"group\">\n<div id=\"msgText_preview3262\" dir=\"ltr\">\n<div class=\"xam_msg_class\">\n<div align=\"left\"><span style=\"color: #000000; font-family: Arial;\"><span class=\"dropcap dropcap3\">I<\/span>l Governatore della Banca d\u2019Italia <a class=\"matchTooltip\">oggi<\/a> ha riproposto la necessit\u00e0 di un profondo ripensamento della struttura di tassazione, tema particolarmente caro alla Cisl e riproposto da tempo nei confronti istituzionali, non ultimo quello relativo al decreto rilancio\u201d. Lo sottolinea il Segretario confederale della Cisl, Ignazio Ganga. <\/span><\/div>\n<div align=\"left\"><\/div>\n<div align=\"left\"><span style=\"color: #000000; font-family: Arial;\">\u201cLa Cisl \u00e8 convinta che sia questo il momento per intervenire sul nostro sistema fiscale andando ad incidere su quei fattori che generano distorsioni ed una pressione fiscale insostenibile per tutti coloro che rispettano le regole, lavoratori, pensionati in testa. Avremo bisogno di pi\u00f9 progressivit\u00e0 e sar\u00e0 indispensabile ridisegnare complessivamente la nostra architettura fiscale in modo che sia un fattore di innovazione ed equit\u00e0 riuscendo ad accompagnare senza fratture il processo di cambiamento in atto della nostra economia. <\/span><\/div>\n<div align=\"left\"><\/div>\n<div align=\"left\"><span style=\"color: #000000; font-family: Arial;\">Non sar\u00e0 un percorso agile perch\u00e9 al di l\u00e0 di dove inserire aliquote e scaglioni dovremo avere la capacit\u00e0 di tratteggiare un fisco nuovo per un mondo diverso. Non potremo affrontare sfide nuove, infatti, con strumenti obsoleti che ci consegnano <a class=\"matchTooltip\">oggi<\/a> ingiustizie ed iniquit\u00e0 ad iniziare dal grave fardello dell\u2019evasione fiscale\u201d.<\/span><\/div>\n<\/div>\n<\/div>\n<\/div>\n<div id=\"mailPreview\" class=\"dijitContentPane dijitSplitContainer-child dijitSplitContainer-dijitContentPane dijitSplitPane\" dir=\"ltr\" title=\"\" role=\"group\">\n<div id=\"preview3262\">\n<div id=\"preview3262_pane\" class=\"fullSize dijitContainer dijitLayoutContainer\" dir=\"ltr\"><\/div>\n<\/div>\n<\/div>\n<div id=\"mainContainer\" class=\"dijitTabContainer dijitContainer dijitTabContainerTop dijitLayoutContainer tabStrip-disabled dijitSplitContainer-child dijitSplitContainer-dijitTabContainerTop dijitSplitPane\" dir=\"ltr\">\n<div class=\"dijitTabPaneWrapper dijitTabContainerTop-container dijitAlignClient\" role=\"tabpanel\" aria-labelledby=\"mainContainer_tablist_mainContent\">\n<div id=\"mainContent\" class=\"dijitContentPane dijitTabPane dijitTabContainerTop-child dijitTabContainerTop-dijitContentPane dijitVisible\" dir=\"ltr\" title=\"Desktop\" role=\"group\">\n<div id=\"xandmail_widget_layout_LayoutContainer_0\" class=\"fullSize dijitContainer dijitLayoutContainer\" dir=\"ltr\">\n<div id=\"xandmail_widget_layout_ContentPane_1\" class=\"inbox_page dijitContentPane dijitAlignClient\" dir=\"ltr\" title=\"\" role=\"group\">\n<div id=\"mailSplitCnt\" class=\"dijitContainer dijitSplitContainer\" dir=\"ltr\">\n<div><\/div>\n<\/div>\n<\/div>\n<\/div>\n<\/div>\n<\/div>\n<\/div>\n<div id=\"dijit_layout_ContentPane_2\" class=\"bottomPane dijitContentPane dijitAlignBottom\" dir=\"ltr\" title=\"\" role=\"group\">\n<div class=\"copyright\">\n<div class=\"copyright-links\"><\/div>\n<\/div>\n<\/div>\n","protected":false},"excerpt":{"rendered":"<p>Il Governatore della Banca d\u2019Italia oggi ha riproposto la necessit\u00e0 di un profondo ripensamento della struttura di tassazione, tema particolarmente caro alla Cisl e riproposto da tempo nei confronti istituzionali, non ultimo quello relativo al decreto rilancio\u201d. Lo sottolinea il Segretario confederale della Cisl, Ignazio Ganga. \u201cLa Cisl \u00e8 convinta che sia questo il momento [&hellip;]<\/p>\n","protected":false},"author":1,"featured_media":1923,"comment_status":"closed","ping_status":"open","sticky":false,"template":"","format":"standard","meta":{"footnotes":""},"categories":[41],"tags":[],"yoast_head":"<!-- This site is optimized with the Yoast SEO plugin v22.2 - https:\/\/yoast.com\/wordpress\/plugins\/seo\/ -->\n<title>Ganga (Cisl) : Da Visco la conferma che questo \u00e8 il momento di intervenire -<\/title>\n<meta name=\"robots\" content=\"index, follow, max-snippet:-1, max-image-preview:large, max-video-preview:-1\" \/>\n<link rel=\"canonical\" href=\"http:\/\/www.italiaeconomiaonline.it\/web\/ganga-cisl-da-visco-la-conferma-che-questo-e-il-momento-di-intervenire\/\" \/>\n<meta property=\"og:locale\" content=\"it_IT\" \/>\n<meta property=\"og:type\" content=\"article\" \/>\n<meta property=\"og:title\" content=\"Ganga (Cisl) : Da Visco la conferma che questo \u00e8 il momento di intervenire -\" \/>\n<meta property=\"og:description\" content=\"Il Governatore della Banca d\u2019Italia oggi ha riproposto la necessit\u00e0 di un profondo ripensamento della struttura di tassazione, tema particolarmente caro alla Cisl e riproposto da tempo nei confronti istituzionali, non ultimo quello relativo al decreto rilancio\u201d. Lo sottolinea il Segretario confederale della Cisl, Ignazio Ganga. \u201cLa Cisl \u00e8 convinta che sia questo il momento [&hellip;]\" \/>\n<meta property=\"og:url\" content=\"http:\/\/www.italiaeconomiaonline.it\/web\/ganga-cisl-da-visco-la-conferma-che-questo-e-il-momento-di-intervenire\/\" \/>\n<meta property=\"og:site_name\" content=\"ItaliaEconomiaOnline\" \/>\n<meta property=\"article:published_time\" content=\"2020-05-30T07:43:09+00:00\" \/>\n<meta property=\"og:image\" content=\"http:\/\/www.italiaeconomiaonline.it\/web\/wp-content\/uploads\/2019\/10\/tasse-fisco-finanza-imposte.jpg\" \/>\n\t<meta property=\"og:image:width\" content=\"960\" \/>\n\t<meta property=\"og:image:height\" content=\"640\" \/>\n\t<meta property=\"og:image:type\" content=\"image\/jpeg\" \/>\n<meta name=\"author\" content=\"ladyitaliaeconomia\" \/>\n<meta name=\"twitter:card\" content=\"summary_large_image\" \/>\n<meta name=\"twitter:label1\" content=\"Scritto da\" \/>\n\t<meta name=\"twitter:data1\" content=\"ladyitaliaeconomia\" \/>\n\t<meta name=\"twitter:label2\" content=\"Tempo di lettura stimato\" \/>\n\t<meta name=\"twitter:data2\" content=\"1 minuto\" \/>\n<script type=\"application\/ld+json\" class=\"yoast-schema-graph\">{\"@context\":\"https:\/\/schema.org\",\"@graph\":[{\"@type\":\"WebPage\",\"@id\":\"http:\/\/www.italiaeconomiaonline.it\/web\/ganga-cisl-da-visco-la-conferma-che-questo-e-il-momento-di-intervenire\/\",\"url\":\"http:\/\/www.italiaeconomiaonline.it\/web\/ganga-cisl-da-visco-la-conferma-che-questo-e-il-momento-di-intervenire\/\",\"name\":\"Ganga (Cisl) : Da Visco la conferma che questo \u00e8 il momento di intervenire -\",\"isPartOf\":{\"@id\":\"https:\/\/www.italiaeconomiaonline.it\/web\/#website\"},\"primaryImageOfPage\":{\"@id\":\"http:\/\/www.italiaeconomiaonline.it\/web\/ganga-cisl-da-visco-la-conferma-che-questo-e-il-momento-di-intervenire\/#primaryimage\"},\"image\":{\"@id\":\"http:\/\/www.italiaeconomiaonline.it\/web\/ganga-cisl-da-visco-la-conferma-che-questo-e-il-momento-di-intervenire\/#primaryimage\"},\"thumbnailUrl\":\"https:\/\/www.italiaeconomiaonline.it\/web\/wp-content\/uploads\/2019\/10\/tasse-fisco-finanza-imposte.jpg\",\"datePublished\":\"2020-05-30T07:43:09+00:00\",\"dateModified\":\"2020-05-30T07:43:09+00:00\",\"author\":{\"@id\":\"https:\/\/www.italiaeconomiaonline.it\/web\/#\/schema\/person\/909a49cce752523b020fbc37d5ab1c31\"},\"breadcrumb\":{\"@id\":\"http:\/\/www.italiaeconomiaonline.it\/web\/ganga-cisl-da-visco-la-conferma-che-questo-e-il-momento-di-intervenire\/#breadcrumb\"},\"inLanguage\":\"it-IT\",\"potentialAction\":[{\"@type\":\"ReadAction\",\"target\":[\"http:\/\/www.italiaeconomiaonline.it\/web\/ganga-cisl-da-visco-la-conferma-che-questo-e-il-momento-di-intervenire\/\"]}]},{\"@type\":\"ImageObject\",\"inLanguage\":\"it-IT\",\"@id\":\"http:\/\/www.italiaeconomiaonline.it\/web\/ganga-cisl-da-visco-la-conferma-che-questo-e-il-momento-di-intervenire\/#primaryimage\",\"url\":\"https:\/\/www.italiaeconomiaonline.it\/web\/wp-content\/uploads\/2019\/10\/tasse-fisco-finanza-imposte.jpg\",\"contentUrl\":\"https:\/\/www.italiaeconomiaonline.it\/web\/wp-content\/uploads\/2019\/10\/tasse-fisco-finanza-imposte.jpg\",\"width\":960,\"height\":640},{\"@type\":\"BreadcrumbList\",\"@id\":\"http:\/\/www.italiaeconomiaonline.it\/web\/ganga-cisl-da-visco-la-conferma-che-questo-e-il-momento-di-intervenire\/#breadcrumb\",\"itemListElement\":[{\"@type\":\"ListItem\",\"position\":1,\"name\":\"Home\",\"item\":\"https:\/\/www.italiaeconomiaonline.it\/web\/\"},{\"@type\":\"ListItem\",\"position\":2,\"name\":\"Ganga (Cisl) : Da Visco la conferma che questo \u00e8 il momento di intervenire\"}]},{\"@type\":\"WebSite\",\"@id\":\"https:\/\/www.italiaeconomiaonline.it\/web\/#website\",\"url\":\"https:\/\/www.italiaeconomiaonline.it\/web\/\",\"name\":\"ItaliaEconomiaOnline\",\"description\":\"Quotidiano Economico Online\",\"potentialAction\":[{\"@type\":\"SearchAction\",\"target\":{\"@type\":\"EntryPoint\",\"urlTemplate\":\"https:\/\/www.italiaeconomiaonline.it\/web\/?s={search_term_string}\"},\"query-input\":\"required name=search_term_string\"}],\"inLanguage\":\"it-IT\"},{\"@type\":\"Person\",\"@id\":\"https:\/\/www.italiaeconomiaonline.it\/web\/#\/schema\/person\/909a49cce752523b020fbc37d5ab1c31\",\"name\":\"ladyitaliaeconomia\",\"image\":{\"@type\":\"ImageObject\",\"inLanguage\":\"it-IT\",\"@id\":\"https:\/\/www.italiaeconomiaonline.it\/web\/#\/schema\/person\/image\/\",\"url\":\"https:\/\/secure.gravatar.com\/avatar\/cedca10ce7416a579b9fa6bce9c0a8f2?s=96&d=mm&r=g\",\"contentUrl\":\"https:\/\/secure.gravatar.com\/avatar\/cedca10ce7416a579b9fa6bce9c0a8f2?s=96&d=mm&r=g\",\"caption\":\"ladyitaliaeconomia\"},\"url\":\"https:\/\/www.italiaeconomiaonline.it\/web\/author\/ladyitaliaeconomia\/\"}]}<\/script>\n<!-- \/ Yoast SEO plugin. -->","yoast_head_json":{"title":"Ganga (Cisl) : Da Visco la conferma che questo \u00e8 il momento di intervenire -","robots":{"index":"index","follow":"follow","max-snippet":"max-snippet:-1","max-image-preview":"max-image-preview:large","max-video-preview":"max-video-preview:-1"},"canonical":"http:\/\/www.italiaeconomiaonline.it\/web\/ganga-cisl-da-visco-la-conferma-che-questo-e-il-momento-di-intervenire\/","og_locale":"it_IT","og_type":"article","og_title":"Ganga (Cisl) : Da Visco la conferma che questo \u00e8 il momento di intervenire -","og_description":"Il Governatore della Banca d\u2019Italia oggi ha riproposto la necessit\u00e0 di un profondo ripensamento della struttura di tassazione, tema particolarmente caro alla Cisl e riproposto da tempo nei confronti istituzionali, non ultimo quello relativo al decreto rilancio\u201d. Lo sottolinea il Segretario confederale della Cisl, Ignazio Ganga. \u201cLa Cisl \u00e8 convinta che sia questo il momento [&hellip;]","og_url":"http:\/\/www.italiaeconomiaonline.it\/web\/ganga-cisl-da-visco-la-conferma-che-questo-e-il-momento-di-intervenire\/","og_site_name":"ItaliaEconomiaOnline","article_published_time":"2020-05-30T07:43:09+00:00","og_image":[{"width":960,"height":640,"url":"http:\/\/www.italiaeconomiaonline.it\/web\/wp-content\/uploads\/2019\/10\/tasse-fisco-finanza-imposte.jpg","type":"image\/jpeg"}],"author":"ladyitaliaeconomia","twitter_card":"summary_large_image","twitter_misc":{"Scritto da":"ladyitaliaeconomia","Tempo di lettura stimato":"1 minuto"},"schema":{"@context":"https:\/\/schema.org","@graph":[{"@type":"WebPage","@id":"http:\/\/www.italiaeconomiaonline.it\/web\/ganga-cisl-da-visco-la-conferma-che-questo-e-il-momento-di-intervenire\/","url":"http:\/\/www.italiaeconomiaonline.it\/web\/ganga-cisl-da-visco-la-conferma-che-questo-e-il-momento-di-intervenire\/","name":"Ganga (Cisl) : Da Visco la conferma che questo \u00e8 il momento di intervenire -","isPartOf":{"@id":"https:\/\/www.italiaeconomiaonline.it\/web\/#website"},"primaryImageOfPage":{"@id":"http:\/\/www.italiaeconomiaonline.it\/web\/ganga-cisl-da-visco-la-conferma-che-questo-e-il-momento-di-intervenire\/#primaryimage"},"image":{"@id":"http:\/\/www.italiaeconomiaonline.it\/web\/ganga-cisl-da-visco-la-conferma-che-questo-e-il-momento-di-intervenire\/#primaryimage"},"thumbnailUrl":"https:\/\/www.italiaeconomiaonline.it\/web\/wp-content\/uploads\/2019\/10\/tasse-fisco-finanza-imposte.jpg","datePublished":"2020-05-30T07:43:09+00:00","dateModified":"2020-05-30T07:43:09+00:00","author":{"@id":"https:\/\/www.italiaeconomiaonline.it\/web\/#\/schema\/person\/909a49cce752523b020fbc37d5ab1c31"},"breadcrumb":{"@id":"http:\/\/www.italiaeconomiaonline.it\/web\/ganga-cisl-da-visco-la-conferma-che-questo-e-il-momento-di-intervenire\/#breadcrumb"},"inLanguage":"it-IT","potentialAction":[{"@type":"ReadAction","target":["http:\/\/www.italiaeconomiaonline.it\/web\/ganga-cisl-da-visco-la-conferma-che-questo-e-il-momento-di-intervenire\/"]}]},{"@type":"ImageObject","inLanguage":"it-IT","@id":"http:\/\/www.italiaeconomiaonline.it\/web\/ganga-cisl-da-visco-la-conferma-che-questo-e-il-momento-di-intervenire\/#primaryimage","url":"https:\/\/www.italiaeconomiaonline.it\/web\/wp-content\/uploads\/2019\/10\/tasse-fisco-finanza-imposte.jpg","contentUrl":"https:\/\/www.italiaeconomiaonline.it\/web\/wp-content\/uploads\/2019\/10\/tasse-fisco-finanza-imposte.jpg","width":960,"height":640},{"@type":"BreadcrumbList","@id":"http:\/\/www.italiaeconomiaonline.it\/web\/ganga-cisl-da-visco-la-conferma-che-questo-e-il-momento-di-intervenire\/#breadcrumb","itemListElement":[{"@type":"ListItem","position":1,"name":"Home","item":"https:\/\/www.italiaeconomiaonline.it\/web\/"},{"@type":"ListItem","position":2,"name":"Ganga (Cisl) : Da Visco la conferma che questo \u00e8 il momento di intervenire"}]},{"@type":"WebSite","@id":"https:\/\/www.italiaeconomiaonline.it\/web\/#website","url":"https:\/\/www.italiaeconomiaonline.it\/web\/","name":"ItaliaEconomiaOnline","description":"Quotidiano Economico Online","potentialAction":[{"@type":"SearchAction","target":{"@type":"EntryPoint","urlTemplate":"https:\/\/www.italiaeconomiaonline.it\/web\/?s={search_term_string}"},"query-input":"required name=search_term_string"}],"inLanguage":"it-IT"},{"@type":"Person","@id":"https:\/\/www.italiaeconomiaonline.it\/web\/#\/schema\/person\/909a49cce752523b020fbc37d5ab1c31","name":"ladyitaliaeconomia","image":{"@type":"ImageObject","inLanguage":"it-IT","@id":"https:\/\/www.italiaeconomiaonline.it\/web\/#\/schema\/person\/image\/","url":"https:\/\/secure.gravatar.com\/avatar\/cedca10ce7416a579b9fa6bce9c0a8f2?s=96&d=mm&r=g","contentUrl":"https:\/\/secure.gravatar.com\/avatar\/cedca10ce7416a579b9fa6bce9c0a8f2?s=96&d=mm&r=g","caption":"ladyitaliaeconomia"},"url":"https:\/\/www.italiaeconomiaonline.it\/web\/author\/ladyitaliaeconomia\/"}]}},"_links":{"self":[{"href":"https:\/\/www.italiaeconomiaonline.it\/web\/wp-json\/wp\/v2\/posts\/3244"}],"collection":[{"href":"https:\/\/www.italiaeconomiaonline.it\/web\/wp-json\/wp\/v2\/posts"}],"about":[{"href":"https:\/\/www.italiaeconomiaonline.it\/web\/wp-json\/wp\/v2\/types\/post"}],"author":[{"embeddable":true,"href":"https:\/\/www.italiaeconomiaonline.it\/web\/wp-json\/wp\/v2\/users\/1"}],"replies":[{"embeddable":true,"href":"https:\/\/www.italiaeconomiaonline.it\/web\/wp-json\/wp\/v2\/comments?post=3244"}],"version-history":[{"count":1,"href":"https:\/\/www.italiaeconomiaonline.it\/web\/wp-json\/wp\/v2\/posts\/3244\/revisions"}],"predecessor-version":[{"id":3245,"href":"https:\/\/www.italiaeconomiaonline.it\/web\/wp-json\/wp\/v2\/posts\/3244\/revisions\/3245"}],"wp:featuredmedia":[{"embeddable":true,"href":"https:\/\/www.italiaeconomiaonline.it\/web\/wp-json\/wp\/v2\/media\/1923"}],"wp:attachment":[{"href":"https:\/\/www.italiaeconomiaonline.it\/web\/wp-json\/wp\/v2\/media?parent=3244"}],"wp:term":[{"taxonomy":"category","embeddable":true,"href":"https:\/\/www.italiaeconomiaonline.it\/web\/wp-json\/wp\/v2\/categories?post=3244"},{"taxonomy":"post_tag","embeddable":true,"href":"https:\/\/www.italiaeconomiaonline.it\/web\/wp-json\/wp\/v2\/tags?post=3244"}],"curies":[{"name":"wp","href":"https:\/\/api.w.org\/{rel}","templated":true}]}}