{"id":3253,"date":"2020-06-02T14:39:19","date_gmt":"2020-06-02T12:39:19","guid":{"rendered":"http:\/\/www.italiaeconomiaonline.it\/web\/?p=3253"},"modified":"2020-06-02T14:39:19","modified_gmt":"2020-06-02T12:39:19","slug":"2-giugno-messaggio-del-presidente-mattarella-alle-forze-armate","status":"publish","type":"post","link":"https:\/\/www.italiaeconomiaonline.it\/web\/2-giugno-messaggio-del-presidente-mattarella-alle-forze-armate\/","title":{"rendered":"2 giugno: messaggio del Presidente Mattarella alle Forze Armate"},"content":{"rendered":"<div class=\"row\">\n<div class=\"col-xs-12 titolo\"><\/div>\n<\/div>\n<div class=\"row\">\n<div class=\"col-md-8\">\n<div id=\"content\" class=\"row\">\n<div class=\"testo col-sm-12\">\n<div class=\"redazione\">\n<p dir=\"LTR\" align=\"JUSTIFY\"><span class=\"dropcap dropcap3\">I<\/span>l Presidente della <span lang=\"IT\">Repubblica, Sergio Mattarella, ha inviato al Capo di Stato Maggiore della Difesa, Generale Enzo Vecciarelli, il seguente messaggio:<\/span><\/p>\n<p dir=\"LTR\" align=\"JUSTIFY\">\u00abSettantaquattro anni or sono il popolo italiano scelse la Repubblica.<\/p>\n<p dir=\"LTR\" align=\"JUSTIFY\">Non tutti i cittadini poterono partecipare al referendum: dai militari ancora in attesa di essere rimpatriati da campi di prigionia, agli abitanti di province non ancora restituite alla sovranit\u00e0 italiana, il nostro Paese pag\u00f2 anche in questo il prezzo di una guerra divenuta sempre pi\u00f9 aspra e che cont\u00f2 un numero mai registrato prima di vittime civili.<\/p>\n<p dir=\"LTR\" align=\"JUSTIFY\">La ricorrenza di quest\u2019anno vede l\u2019Italia, insieme alla Comunit\u00e0 Internazionale, impegnata a contrastare una crisi sanitaria, sociale ed economica senza precedenti.<\/p>\n<p dir=\"LTR\" align=\"JUSTIFY\">Le Forze Armate, con il loro contributo, si sono dimostrate ancora una volta una risorsa di alta professionalit\u00e0, dotata di spirito di sacrificio ed efficienza su cui la Repubblica sa di poter contare. I militari offrono quotidianamente testimonianza di generosit\u00e0 e abnegazione attraverso uno sforzo encomiabile nelle corsie degli ospedali, sulle strade e nel territorio per la sicurezza, in cielo e in mare per il trasporto logistico &#8211; sanitario.<\/p>\n<p dir=\"LTR\" align=\"JUSTIFY\">Le precauzioni e le restrizioni, necessarie per fronteggiare la difficile congiuntura sanitaria, non consentono di svolgere n\u00e9 la tradizionale sfilata a Roma n\u00e9 le manifestazioni locali, nelle quali \u00e8 essenziale il contributo delle Forze Armate.<\/p>\n<p dir=\"LTR\" align=\"JUSTIFY\">I valori di rispetto dei diritti, solidariet\u00e0, umanit\u00e0, che animano costantemente il vostro operato, in Italia e nei teatri di crisi, al servizio della pace, della democrazia e della sicurezza, trovano fondamento nella Costituzione e incontrano la riconoscenza dei nostri concittadini.<\/p>\n<p dir=\"LTR\" align=\"JUSTIFY\">Nel celebrare l\u2019anniversario di fondazione della Repubblica rivolgo un deferente pensiero a quanti hanno sacrificato la propria vita in Italia e all\u2019estero, in pace e in guerra.<\/p>\n<p dir=\"LTR\" align=\"JUSTIFY\">I Labari decorati e i Medaglieri sono un patrimonio morale che vi contraddistingue e che la Repubblica onora.<\/p>\n<p dir=\"LTR\" align=\"JUSTIFY\">Ai militari di ogni ordine e grado giungano, nel giorno della Festa di tutti gli Italiani, i pi\u00f9 fervidi auguri e sentimenti di gratitudine e l\u2019apprezzamento per l\u2019insostituibile apporto offerto al bene comune nostro e della intera Comunit\u00e0 Internazionale.<\/p>\n<p dir=\"LTR\" align=\"JUSTIFY\">Viva le Forze Armate, viva l\u2019Italia\u00bb.<\/p>\n<\/div>\n<\/div>\n<\/div>\n<\/div>\n<\/div>\n","protected":false},"excerpt":{"rendered":"<p>Il Presidente della Repubblica, Sergio Mattarella, ha inviato al Capo di Stato Maggiore della Difesa, Generale Enzo Vecciarelli, il seguente messaggio: \u00abSettantaquattro anni or sono il popolo italiano scelse la Repubblica. Non tutti i cittadini poterono partecipare al referendum: dai militari ancora in attesa di essere rimpatriati da campi di prigionia, agli abitanti di province [&hellip;]<\/p>\n","protected":false},"author":1,"featured_media":2763,"comment_status":"closed","ping_status":"open","sticky":false,"template":"","format":"standard","meta":{"footnotes":""},"categories":[56],"tags":[],"yoast_head":"<!-- This site is optimized with the Yoast SEO plugin v22.2 - https:\/\/yoast.com\/wordpress\/plugins\/seo\/ -->\n<title>2 giugno: messaggio del Presidente Mattarella alle Forze Armate -<\/title>\n<meta name=\"robots\" content=\"index, follow, max-snippet:-1, max-image-preview:large, max-video-preview:-1\" \/>\n<link rel=\"canonical\" href=\"https:\/\/www.italiaeconomiaonline.it\/web\/2-giugno-messaggio-del-presidente-mattarella-alle-forze-armate\/\" \/>\n<meta property=\"og:locale\" content=\"it_IT\" \/>\n<meta property=\"og:type\" content=\"article\" \/>\n<meta property=\"og:title\" content=\"2 giugno: messaggio del Presidente Mattarella alle Forze Armate -\" \/>\n<meta property=\"og:description\" content=\"Il Presidente della Repubblica, Sergio Mattarella, ha inviato al Capo di Stato Maggiore della Difesa, Generale Enzo Vecciarelli, il seguente messaggio: \u00abSettantaquattro anni or sono il popolo italiano scelse la Repubblica. Non tutti i cittadini poterono partecipare al referendum: dai militari ancora in attesa di essere rimpatriati da campi di prigionia, agli abitanti di province [&hellip;]\" \/>\n<meta property=\"og:url\" content=\"https:\/\/www.italiaeconomiaonline.it\/web\/2-giugno-messaggio-del-presidente-mattarella-alle-forze-armate\/\" \/>\n<meta property=\"og:site_name\" content=\"ItaliaEconomiaOnline\" \/>\n<meta property=\"article:published_time\" content=\"2020-06-02T12:39:19+00:00\" \/>\n<meta property=\"og:image\" content=\"https:\/\/www.italiaeconomiaonline.it\/web\/wp-content\/uploads\/2020\/03\/Schermata-2020-03-27-alle-12.15.47.png\" \/>\n\t<meta property=\"og:image:width\" content=\"1698\" \/>\n\t<meta property=\"og:image:height\" content=\"1042\" \/>\n\t<meta property=\"og:image:type\" content=\"image\/png\" \/>\n<meta name=\"author\" content=\"ladyitaliaeconomia\" \/>\n<meta name=\"twitter:card\" content=\"summary_large_image\" \/>\n<meta name=\"twitter:label1\" content=\"Scritto da\" \/>\n\t<meta name=\"twitter:data1\" content=\"ladyitaliaeconomia\" \/>\n\t<meta name=\"twitter:label2\" content=\"Tempo di lettura stimato\" \/>\n\t<meta name=\"twitter:data2\" content=\"2 minuti\" \/>\n<script type=\"application\/ld+json\" class=\"yoast-schema-graph\">{\"@context\":\"https:\/\/schema.org\",\"@graph\":[{\"@type\":\"WebPage\",\"@id\":\"https:\/\/www.italiaeconomiaonline.it\/web\/2-giugno-messaggio-del-presidente-mattarella-alle-forze-armate\/\",\"url\":\"https:\/\/www.italiaeconomiaonline.it\/web\/2-giugno-messaggio-del-presidente-mattarella-alle-forze-armate\/\",\"name\":\"2 giugno: messaggio del Presidente Mattarella alle Forze Armate -\",\"isPartOf\":{\"@id\":\"https:\/\/www.italiaeconomiaonline.it\/web\/#website\"},\"primaryImageOfPage\":{\"@id\":\"https:\/\/www.italiaeconomiaonline.it\/web\/2-giugno-messaggio-del-presidente-mattarella-alle-forze-armate\/#primaryimage\"},\"image\":{\"@id\":\"https:\/\/www.italiaeconomiaonline.it\/web\/2-giugno-messaggio-del-presidente-mattarella-alle-forze-armate\/#primaryimage\"},\"thumbnailUrl\":\"https:\/\/www.italiaeconomiaonline.it\/web\/wp-content\/uploads\/2020\/03\/Schermata-2020-03-27-alle-12.15.47.png\",\"datePublished\":\"2020-06-02T12:39:19+00:00\",\"dateModified\":\"2020-06-02T12:39:19+00:00\",\"author\":{\"@id\":\"https:\/\/www.italiaeconomiaonline.it\/web\/#\/schema\/person\/909a49cce752523b020fbc37d5ab1c31\"},\"breadcrumb\":{\"@id\":\"https:\/\/www.italiaeconomiaonline.it\/web\/2-giugno-messaggio-del-presidente-mattarella-alle-forze-armate\/#breadcrumb\"},\"inLanguage\":\"it-IT\",\"potentialAction\":[{\"@type\":\"ReadAction\",\"target\":[\"https:\/\/www.italiaeconomiaonline.it\/web\/2-giugno-messaggio-del-presidente-mattarella-alle-forze-armate\/\"]}]},{\"@type\":\"ImageObject\",\"inLanguage\":\"it-IT\",\"@id\":\"https:\/\/www.italiaeconomiaonline.it\/web\/2-giugno-messaggio-del-presidente-mattarella-alle-forze-armate\/#primaryimage\",\"url\":\"https:\/\/www.italiaeconomiaonline.it\/web\/wp-content\/uploads\/2020\/03\/Schermata-2020-03-27-alle-12.15.47.png\",\"contentUrl\":\"https:\/\/www.italiaeconomiaonline.it\/web\/wp-content\/uploads\/2020\/03\/Schermata-2020-03-27-alle-12.15.47.png\",\"width\":1698,\"height\":1042},{\"@type\":\"BreadcrumbList\",\"@id\":\"https:\/\/www.italiaeconomiaonline.it\/web\/2-giugno-messaggio-del-presidente-mattarella-alle-forze-armate\/#breadcrumb\",\"itemListElement\":[{\"@type\":\"ListItem\",\"position\":1,\"name\":\"Home\",\"item\":\"https:\/\/www.italiaeconomiaonline.it\/web\/\"},{\"@type\":\"ListItem\",\"position\":2,\"name\":\"2 giugno: messaggio del Presidente Mattarella alle Forze Armate\"}]},{\"@type\":\"WebSite\",\"@id\":\"https:\/\/www.italiaeconomiaonline.it\/web\/#website\",\"url\":\"https:\/\/www.italiaeconomiaonline.it\/web\/\",\"name\":\"ItaliaEconomiaOnline\",\"description\":\"Quotidiano Economico Online\",\"potentialAction\":[{\"@type\":\"SearchAction\",\"target\":{\"@type\":\"EntryPoint\",\"urlTemplate\":\"https:\/\/www.italiaeconomiaonline.it\/web\/?s={search_term_string}\"},\"query-input\":\"required name=search_term_string\"}],\"inLanguage\":\"it-IT\"},{\"@type\":\"Person\",\"@id\":\"https:\/\/www.italiaeconomiaonline.it\/web\/#\/schema\/person\/909a49cce752523b020fbc37d5ab1c31\",\"name\":\"ladyitaliaeconomia\",\"image\":{\"@type\":\"ImageObject\",\"inLanguage\":\"it-IT\",\"@id\":\"https:\/\/www.italiaeconomiaonline.it\/web\/#\/schema\/person\/image\/\",\"url\":\"https:\/\/secure.gravatar.com\/avatar\/cedca10ce7416a579b9fa6bce9c0a8f2?s=96&d=mm&r=g\",\"contentUrl\":\"https:\/\/secure.gravatar.com\/avatar\/cedca10ce7416a579b9fa6bce9c0a8f2?s=96&d=mm&r=g\",\"caption\":\"ladyitaliaeconomia\"},\"url\":\"https:\/\/www.italiaeconomiaonline.it\/web\/author\/ladyitaliaeconomia\/\"}]}<\/script>\n<!-- \/ Yoast SEO plugin. -->","yoast_head_json":{"title":"2 giugno: messaggio del Presidente Mattarella alle Forze Armate -","robots":{"index":"index","follow":"follow","max-snippet":"max-snippet:-1","max-image-preview":"max-image-preview:large","max-video-preview":"max-video-preview:-1"},"canonical":"https:\/\/www.italiaeconomiaonline.it\/web\/2-giugno-messaggio-del-presidente-mattarella-alle-forze-armate\/","og_locale":"it_IT","og_type":"article","og_title":"2 giugno: messaggio del Presidente Mattarella alle Forze Armate -","og_description":"Il Presidente della Repubblica, Sergio Mattarella, ha inviato al Capo di Stato Maggiore della Difesa, Generale Enzo Vecciarelli, il seguente messaggio: \u00abSettantaquattro anni or sono il popolo italiano scelse la Repubblica. Non tutti i cittadini poterono partecipare al referendum: dai militari ancora in attesa di essere rimpatriati da campi di prigionia, agli abitanti di province [&hellip;]","og_url":"https:\/\/www.italiaeconomiaonline.it\/web\/2-giugno-messaggio-del-presidente-mattarella-alle-forze-armate\/","og_site_name":"ItaliaEconomiaOnline","article_published_time":"2020-06-02T12:39:19+00:00","og_image":[{"width":1698,"height":1042,"url":"https:\/\/www.italiaeconomiaonline.it\/web\/wp-content\/uploads\/2020\/03\/Schermata-2020-03-27-alle-12.15.47.png","type":"image\/png"}],"author":"ladyitaliaeconomia","twitter_card":"summary_large_image","twitter_misc":{"Scritto da":"ladyitaliaeconomia","Tempo di lettura stimato":"2 minuti"},"schema":{"@context":"https:\/\/schema.org","@graph":[{"@type":"WebPage","@id":"https:\/\/www.italiaeconomiaonline.it\/web\/2-giugno-messaggio-del-presidente-mattarella-alle-forze-armate\/","url":"https:\/\/www.italiaeconomiaonline.it\/web\/2-giugno-messaggio-del-presidente-mattarella-alle-forze-armate\/","name":"2 giugno: messaggio del Presidente Mattarella alle Forze Armate -","isPartOf":{"@id":"https:\/\/www.italiaeconomiaonline.it\/web\/#website"},"primaryImageOfPage":{"@id":"https:\/\/www.italiaeconomiaonline.it\/web\/2-giugno-messaggio-del-presidente-mattarella-alle-forze-armate\/#primaryimage"},"image":{"@id":"https:\/\/www.italiaeconomiaonline.it\/web\/2-giugno-messaggio-del-presidente-mattarella-alle-forze-armate\/#primaryimage"},"thumbnailUrl":"https:\/\/www.italiaeconomiaonline.it\/web\/wp-content\/uploads\/2020\/03\/Schermata-2020-03-27-alle-12.15.47.png","datePublished":"2020-06-02T12:39:19+00:00","dateModified":"2020-06-02T12:39:19+00:00","author":{"@id":"https:\/\/www.italiaeconomiaonline.it\/web\/#\/schema\/person\/909a49cce752523b020fbc37d5ab1c31"},"breadcrumb":{"@id":"https:\/\/www.italiaeconomiaonline.it\/web\/2-giugno-messaggio-del-presidente-mattarella-alle-forze-armate\/#breadcrumb"},"inLanguage":"it-IT","potentialAction":[{"@type":"ReadAction","target":["https:\/\/www.italiaeconomiaonline.it\/web\/2-giugno-messaggio-del-presidente-mattarella-alle-forze-armate\/"]}]},{"@type":"ImageObject","inLanguage":"it-IT","@id":"https:\/\/www.italiaeconomiaonline.it\/web\/2-giugno-messaggio-del-presidente-mattarella-alle-forze-armate\/#primaryimage","url":"https:\/\/www.italiaeconomiaonline.it\/web\/wp-content\/uploads\/2020\/03\/Schermata-2020-03-27-alle-12.15.47.png","contentUrl":"https:\/\/www.italiaeconomiaonline.it\/web\/wp-content\/uploads\/2020\/03\/Schermata-2020-03-27-alle-12.15.47.png","width":1698,"height":1042},{"@type":"BreadcrumbList","@id":"https:\/\/www.italiaeconomiaonline.it\/web\/2-giugno-messaggio-del-presidente-mattarella-alle-forze-armate\/#breadcrumb","itemListElement":[{"@type":"ListItem","position":1,"name":"Home","item":"https:\/\/www.italiaeconomiaonline.it\/web\/"},{"@type":"ListItem","position":2,"name":"2 giugno: messaggio del Presidente Mattarella alle Forze Armate"}]},{"@type":"WebSite","@id":"https:\/\/www.italiaeconomiaonline.it\/web\/#website","url":"https:\/\/www.italiaeconomiaonline.it\/web\/","name":"ItaliaEconomiaOnline","description":"Quotidiano Economico Online","potentialAction":[{"@type":"SearchAction","target":{"@type":"EntryPoint","urlTemplate":"https:\/\/www.italiaeconomiaonline.it\/web\/?s={search_term_string}"},"query-input":"required name=search_term_string"}],"inLanguage":"it-IT"},{"@type":"Person","@id":"https:\/\/www.italiaeconomiaonline.it\/web\/#\/schema\/person\/909a49cce752523b020fbc37d5ab1c31","name":"ladyitaliaeconomia","image":{"@type":"ImageObject","inLanguage":"it-IT","@id":"https:\/\/www.italiaeconomiaonline.it\/web\/#\/schema\/person\/image\/","url":"https:\/\/secure.gravatar.com\/avatar\/cedca10ce7416a579b9fa6bce9c0a8f2?s=96&d=mm&r=g","contentUrl":"https:\/\/secure.gravatar.com\/avatar\/cedca10ce7416a579b9fa6bce9c0a8f2?s=96&d=mm&r=g","caption":"ladyitaliaeconomia"},"url":"https:\/\/www.italiaeconomiaonline.it\/web\/author\/ladyitaliaeconomia\/"}]}},"_links":{"self":[{"href":"https:\/\/www.italiaeconomiaonline.it\/web\/wp-json\/wp\/v2\/posts\/3253"}],"collection":[{"href":"https:\/\/www.italiaeconomiaonline.it\/web\/wp-json\/wp\/v2\/posts"}],"about":[{"href":"https:\/\/www.italiaeconomiaonline.it\/web\/wp-json\/wp\/v2\/types\/post"}],"author":[{"embeddable":true,"href":"https:\/\/www.italiaeconomiaonline.it\/web\/wp-json\/wp\/v2\/users\/1"}],"replies":[{"embeddable":true,"href":"https:\/\/www.italiaeconomiaonline.it\/web\/wp-json\/wp\/v2\/comments?post=3253"}],"version-history":[{"count":1,"href":"https:\/\/www.italiaeconomiaonline.it\/web\/wp-json\/wp\/v2\/posts\/3253\/revisions"}],"predecessor-version":[{"id":3254,"href":"https:\/\/www.italiaeconomiaonline.it\/web\/wp-json\/wp\/v2\/posts\/3253\/revisions\/3254"}],"wp:featuredmedia":[{"embeddable":true,"href":"https:\/\/www.italiaeconomiaonline.it\/web\/wp-json\/wp\/v2\/media\/2763"}],"wp:attachment":[{"href":"https:\/\/www.italiaeconomiaonline.it\/web\/wp-json\/wp\/v2\/media?parent=3253"}],"wp:term":[{"taxonomy":"category","embeddable":true,"href":"https:\/\/www.italiaeconomiaonline.it\/web\/wp-json\/wp\/v2\/categories?post=3253"},{"taxonomy":"post_tag","embeddable":true,"href":"https:\/\/www.italiaeconomiaonline.it\/web\/wp-json\/wp\/v2\/tags?post=3253"}],"curies":[{"name":"wp","href":"https:\/\/api.w.org\/{rel}","templated":true}]}}