{"id":3255,"date":"2020-06-02T14:44:21","date_gmt":"2020-06-02T12:44:21","guid":{"rendered":"http:\/\/www.italiaeconomiaonline.it\/web\/?p=3255"},"modified":"2020-06-02T14:44:21","modified_gmt":"2020-06-02T12:44:21","slug":"repubblica-furlan-cisl-mattarella-ha-ragione-abbiamo-bisogno-di-grande-unita","status":"publish","type":"post","link":"https:\/\/www.italiaeconomiaonline.it\/web\/repubblica-furlan-cisl-mattarella-ha-ragione-abbiamo-bisogno-di-grande-unita\/","title":{"rendered":"Repubblica, Furlan (Cisl):  Mattarella ha ragione: abbiamo bisogno di grande unit\u00e0"},"content":{"rendered":"<div align=\"left\"><span style=\"color: #000000; font-family: Geneva;\"><span class=\"dropcap dropcap3\">H<\/span>a ragione il nostro Presidente della Repubblica, Sergio Mattarella: questo \u00e8 il momento di una forte unit\u00e0 tra tutte le istituzioni, i partiti, le forze sociali per affrontare insieme la piu grave crisi economica e sociale che l\u2019Italia ha avuto dal dopoguerra. <\/span><\/div>\n<div align=\"left\"><\/div>\n<div align=\"left\"><span style=\"color: #000000; font-family: Geneva;\">Dividersi o andare in ordine sparso sarebbe un errore storico ed un danno per il Paese\u201d. Lo sottolinea la Segretaria Generale della Cisl, Annamaria Furlan, su Facebook. \u201cDobbiamo far tesoro dell\u2019appello del Presidente Sergio Mattarella che ancora una volta con grande lucidit\u00e0 e saggezza ci ha indicato il percorso da seguire. <\/span><\/div>\n<div align=\"left\"><\/div>\n<div align=\"left\"><span style=\"color: #000000; font-family: Geneva;\">Dobbiamo ripartire con grande unit\u00e0. dai grandi valori fondativi della nostra Repubblica: la solidariet\u00e0, la centralit\u00e0 del lavoro e della persona, la coesione e l\u2019equit\u00e0 sociale, ma soprattutto il senso di responsabilit\u00e0 e del dovere, come quello dimostrato da migliaia di lavoratrici e lavoratori in questi mesi terribili per il Paese. Non dobbiamo disperdere i sacrifici enormi che hanno fatto tante italiane e tante italiani in queste settimane. <\/span><\/div>\n<div align=\"left\"><\/div>\n<div align=\"left\"><span style=\"color: #000000; font-family: Geneva;\">Abbiamo bisogno di un grande \u201cpatto\u201d tra Governo e parti sociali, sostenuto da tutte le istituzioni e forze politiche del paese, per guardare al futuro con speranza ed ottimismo, per ricostruire con la massima partecipazione e condivisione di obiettivi la nostra economia ed il nostro sistema produttivo, ridurre le enormi diseguaglianze sociali, offrire una prospettiva di lavoro stabile e di qualit\u00e0 ai nostri giovani\u201d.<\/span><\/div>\n","protected":false},"excerpt":{"rendered":"<p>Ha ragione il nostro Presidente della Repubblica, Sergio Mattarella: questo \u00e8 il momento di una forte unit\u00e0 tra tutte le istituzioni, i partiti, le forze sociali per affrontare insieme la piu grave crisi economica e sociale che l\u2019Italia ha avuto dal dopoguerra. Dividersi o andare in ordine sparso sarebbe un errore storico ed un danno [&hellip;]<\/p>\n","protected":false},"author":1,"featured_media":1417,"comment_status":"closed","ping_status":"open","sticky":false,"template":"","format":"standard","meta":{"footnotes":""},"categories":[363],"tags":[],"yoast_head":"<!-- This site is optimized with the Yoast SEO plugin v22.2 - https:\/\/yoast.com\/wordpress\/plugins\/seo\/ -->\n<title>Repubblica, Furlan (Cisl): Mattarella ha ragione: abbiamo bisogno di grande unit\u00e0 -<\/title>\n<meta name=\"robots\" content=\"index, follow, max-snippet:-1, max-image-preview:large, max-video-preview:-1\" \/>\n<link rel=\"canonical\" href=\"https:\/\/www.italiaeconomiaonline.it\/web\/repubblica-furlan-cisl-mattarella-ha-ragione-abbiamo-bisogno-di-grande-unita\/\" \/>\n<meta property=\"og:locale\" content=\"it_IT\" \/>\n<meta property=\"og:type\" content=\"article\" \/>\n<meta property=\"og:title\" content=\"Repubblica, Furlan (Cisl): Mattarella ha ragione: abbiamo bisogno di grande unit\u00e0 -\" \/>\n<meta property=\"og:description\" content=\"Ha ragione il nostro Presidente della Repubblica, Sergio Mattarella: questo \u00e8 il momento di una forte unit\u00e0 tra tutte le istituzioni, i partiti, le forze sociali per affrontare insieme la piu grave crisi economica e sociale che l\u2019Italia ha avuto dal dopoguerra. Dividersi o andare in ordine sparso sarebbe un errore storico ed un danno [&hellip;]\" \/>\n<meta property=\"og:url\" content=\"https:\/\/www.italiaeconomiaonline.it\/web\/repubblica-furlan-cisl-mattarella-ha-ragione-abbiamo-bisogno-di-grande-unita\/\" \/>\n<meta property=\"og:site_name\" content=\"ItaliaEconomiaOnline\" \/>\n<meta property=\"article:published_time\" content=\"2020-06-02T12:44:21+00:00\" \/>\n<meta property=\"og:image\" content=\"https:\/\/www.italiaeconomiaonline.it\/web\/wp-content\/uploads\/2019\/07\/Schermata-2019-07-27-alle-12.31.34.png\" \/>\n\t<meta property=\"og:image:width\" content=\"511\" \/>\n\t<meta property=\"og:image:height\" content=\"407\" \/>\n\t<meta property=\"og:image:type\" content=\"image\/png\" \/>\n<meta name=\"author\" content=\"ladyitaliaeconomia\" \/>\n<meta name=\"twitter:card\" content=\"summary_large_image\" \/>\n<meta name=\"twitter:label1\" content=\"Scritto da\" \/>\n\t<meta name=\"twitter:data1\" content=\"ladyitaliaeconomia\" \/>\n\t<meta name=\"twitter:label2\" content=\"Tempo di lettura stimato\" \/>\n\t<meta name=\"twitter:data2\" content=\"1 minuto\" \/>\n<script type=\"application\/ld+json\" class=\"yoast-schema-graph\">{\"@context\":\"https:\/\/schema.org\",\"@graph\":[{\"@type\":\"WebPage\",\"@id\":\"https:\/\/www.italiaeconomiaonline.it\/web\/repubblica-furlan-cisl-mattarella-ha-ragione-abbiamo-bisogno-di-grande-unita\/\",\"url\":\"https:\/\/www.italiaeconomiaonline.it\/web\/repubblica-furlan-cisl-mattarella-ha-ragione-abbiamo-bisogno-di-grande-unita\/\",\"name\":\"Repubblica, Furlan (Cisl): Mattarella ha ragione: abbiamo bisogno di grande unit\u00e0 -\",\"isPartOf\":{\"@id\":\"https:\/\/www.italiaeconomiaonline.it\/web\/#website\"},\"primaryImageOfPage\":{\"@id\":\"https:\/\/www.italiaeconomiaonline.it\/web\/repubblica-furlan-cisl-mattarella-ha-ragione-abbiamo-bisogno-di-grande-unita\/#primaryimage\"},\"image\":{\"@id\":\"https:\/\/www.italiaeconomiaonline.it\/web\/repubblica-furlan-cisl-mattarella-ha-ragione-abbiamo-bisogno-di-grande-unita\/#primaryimage\"},\"thumbnailUrl\":\"https:\/\/www.italiaeconomiaonline.it\/web\/wp-content\/uploads\/2019\/07\/Schermata-2019-07-27-alle-12.31.34.png\",\"datePublished\":\"2020-06-02T12:44:21+00:00\",\"dateModified\":\"2020-06-02T12:44:21+00:00\",\"author\":{\"@id\":\"https:\/\/www.italiaeconomiaonline.it\/web\/#\/schema\/person\/909a49cce752523b020fbc37d5ab1c31\"},\"breadcrumb\":{\"@id\":\"https:\/\/www.italiaeconomiaonline.it\/web\/repubblica-furlan-cisl-mattarella-ha-ragione-abbiamo-bisogno-di-grande-unita\/#breadcrumb\"},\"inLanguage\":\"it-IT\",\"potentialAction\":[{\"@type\":\"ReadAction\",\"target\":[\"https:\/\/www.italiaeconomiaonline.it\/web\/repubblica-furlan-cisl-mattarella-ha-ragione-abbiamo-bisogno-di-grande-unita\/\"]}]},{\"@type\":\"ImageObject\",\"inLanguage\":\"it-IT\",\"@id\":\"https:\/\/www.italiaeconomiaonline.it\/web\/repubblica-furlan-cisl-mattarella-ha-ragione-abbiamo-bisogno-di-grande-unita\/#primaryimage\",\"url\":\"https:\/\/www.italiaeconomiaonline.it\/web\/wp-content\/uploads\/2019\/07\/Schermata-2019-07-27-alle-12.31.34.png\",\"contentUrl\":\"https:\/\/www.italiaeconomiaonline.it\/web\/wp-content\/uploads\/2019\/07\/Schermata-2019-07-27-alle-12.31.34.png\",\"width\":511,\"height\":407,\"caption\":\"Annamaria Furlan\"},{\"@type\":\"BreadcrumbList\",\"@id\":\"https:\/\/www.italiaeconomiaonline.it\/web\/repubblica-furlan-cisl-mattarella-ha-ragione-abbiamo-bisogno-di-grande-unita\/#breadcrumb\",\"itemListElement\":[{\"@type\":\"ListItem\",\"position\":1,\"name\":\"Home\",\"item\":\"https:\/\/www.italiaeconomiaonline.it\/web\/\"},{\"@type\":\"ListItem\",\"position\":2,\"name\":\"Repubblica, Furlan (Cisl): Mattarella ha ragione: abbiamo bisogno di grande unit\u00e0\"}]},{\"@type\":\"WebSite\",\"@id\":\"https:\/\/www.italiaeconomiaonline.it\/web\/#website\",\"url\":\"https:\/\/www.italiaeconomiaonline.it\/web\/\",\"name\":\"ItaliaEconomiaOnline\",\"description\":\"Quotidiano Economico Online\",\"potentialAction\":[{\"@type\":\"SearchAction\",\"target\":{\"@type\":\"EntryPoint\",\"urlTemplate\":\"https:\/\/www.italiaeconomiaonline.it\/web\/?s={search_term_string}\"},\"query-input\":\"required name=search_term_string\"}],\"inLanguage\":\"it-IT\"},{\"@type\":\"Person\",\"@id\":\"https:\/\/www.italiaeconomiaonline.it\/web\/#\/schema\/person\/909a49cce752523b020fbc37d5ab1c31\",\"name\":\"ladyitaliaeconomia\",\"image\":{\"@type\":\"ImageObject\",\"inLanguage\":\"it-IT\",\"@id\":\"https:\/\/www.italiaeconomiaonline.it\/web\/#\/schema\/person\/image\/\",\"url\":\"https:\/\/secure.gravatar.com\/avatar\/cedca10ce7416a579b9fa6bce9c0a8f2?s=96&d=mm&r=g\",\"contentUrl\":\"https:\/\/secure.gravatar.com\/avatar\/cedca10ce7416a579b9fa6bce9c0a8f2?s=96&d=mm&r=g\",\"caption\":\"ladyitaliaeconomia\"},\"url\":\"https:\/\/www.italiaeconomiaonline.it\/web\/author\/ladyitaliaeconomia\/\"}]}<\/script>\n<!-- \/ Yoast SEO plugin. -->","yoast_head_json":{"title":"Repubblica, Furlan (Cisl): Mattarella ha ragione: abbiamo bisogno di grande unit\u00e0 -","robots":{"index":"index","follow":"follow","max-snippet":"max-snippet:-1","max-image-preview":"max-image-preview:large","max-video-preview":"max-video-preview:-1"},"canonical":"https:\/\/www.italiaeconomiaonline.it\/web\/repubblica-furlan-cisl-mattarella-ha-ragione-abbiamo-bisogno-di-grande-unita\/","og_locale":"it_IT","og_type":"article","og_title":"Repubblica, Furlan (Cisl): Mattarella ha ragione: abbiamo bisogno di grande unit\u00e0 -","og_description":"Ha ragione il nostro Presidente della Repubblica, Sergio Mattarella: questo \u00e8 il momento di una forte unit\u00e0 tra tutte le istituzioni, i partiti, le forze sociali per affrontare insieme la piu grave crisi economica e sociale che l\u2019Italia ha avuto dal dopoguerra. Dividersi o andare in ordine sparso sarebbe un errore storico ed un danno [&hellip;]","og_url":"https:\/\/www.italiaeconomiaonline.it\/web\/repubblica-furlan-cisl-mattarella-ha-ragione-abbiamo-bisogno-di-grande-unita\/","og_site_name":"ItaliaEconomiaOnline","article_published_time":"2020-06-02T12:44:21+00:00","og_image":[{"width":511,"height":407,"url":"https:\/\/www.italiaeconomiaonline.it\/web\/wp-content\/uploads\/2019\/07\/Schermata-2019-07-27-alle-12.31.34.png","type":"image\/png"}],"author":"ladyitaliaeconomia","twitter_card":"summary_large_image","twitter_misc":{"Scritto da":"ladyitaliaeconomia","Tempo di lettura stimato":"1 minuto"},"schema":{"@context":"https:\/\/schema.org","@graph":[{"@type":"WebPage","@id":"https:\/\/www.italiaeconomiaonline.it\/web\/repubblica-furlan-cisl-mattarella-ha-ragione-abbiamo-bisogno-di-grande-unita\/","url":"https:\/\/www.italiaeconomiaonline.it\/web\/repubblica-furlan-cisl-mattarella-ha-ragione-abbiamo-bisogno-di-grande-unita\/","name":"Repubblica, Furlan (Cisl): Mattarella ha ragione: abbiamo bisogno di grande unit\u00e0 -","isPartOf":{"@id":"https:\/\/www.italiaeconomiaonline.it\/web\/#website"},"primaryImageOfPage":{"@id":"https:\/\/www.italiaeconomiaonline.it\/web\/repubblica-furlan-cisl-mattarella-ha-ragione-abbiamo-bisogno-di-grande-unita\/#primaryimage"},"image":{"@id":"https:\/\/www.italiaeconomiaonline.it\/web\/repubblica-furlan-cisl-mattarella-ha-ragione-abbiamo-bisogno-di-grande-unita\/#primaryimage"},"thumbnailUrl":"https:\/\/www.italiaeconomiaonline.it\/web\/wp-content\/uploads\/2019\/07\/Schermata-2019-07-27-alle-12.31.34.png","datePublished":"2020-06-02T12:44:21+00:00","dateModified":"2020-06-02T12:44:21+00:00","author":{"@id":"https:\/\/www.italiaeconomiaonline.it\/web\/#\/schema\/person\/909a49cce752523b020fbc37d5ab1c31"},"breadcrumb":{"@id":"https:\/\/www.italiaeconomiaonline.it\/web\/repubblica-furlan-cisl-mattarella-ha-ragione-abbiamo-bisogno-di-grande-unita\/#breadcrumb"},"inLanguage":"it-IT","potentialAction":[{"@type":"ReadAction","target":["https:\/\/www.italiaeconomiaonline.it\/web\/repubblica-furlan-cisl-mattarella-ha-ragione-abbiamo-bisogno-di-grande-unita\/"]}]},{"@type":"ImageObject","inLanguage":"it-IT","@id":"https:\/\/www.italiaeconomiaonline.it\/web\/repubblica-furlan-cisl-mattarella-ha-ragione-abbiamo-bisogno-di-grande-unita\/#primaryimage","url":"https:\/\/www.italiaeconomiaonline.it\/web\/wp-content\/uploads\/2019\/07\/Schermata-2019-07-27-alle-12.31.34.png","contentUrl":"https:\/\/www.italiaeconomiaonline.it\/web\/wp-content\/uploads\/2019\/07\/Schermata-2019-07-27-alle-12.31.34.png","width":511,"height":407,"caption":"Annamaria Furlan"},{"@type":"BreadcrumbList","@id":"https:\/\/www.italiaeconomiaonline.it\/web\/repubblica-furlan-cisl-mattarella-ha-ragione-abbiamo-bisogno-di-grande-unita\/#breadcrumb","itemListElement":[{"@type":"ListItem","position":1,"name":"Home","item":"https:\/\/www.italiaeconomiaonline.it\/web\/"},{"@type":"ListItem","position":2,"name":"Repubblica, Furlan (Cisl): Mattarella ha ragione: abbiamo bisogno di grande unit\u00e0"}]},{"@type":"WebSite","@id":"https:\/\/www.italiaeconomiaonline.it\/web\/#website","url":"https:\/\/www.italiaeconomiaonline.it\/web\/","name":"ItaliaEconomiaOnline","description":"Quotidiano Economico Online","potentialAction":[{"@type":"SearchAction","target":{"@type":"EntryPoint","urlTemplate":"https:\/\/www.italiaeconomiaonline.it\/web\/?s={search_term_string}"},"query-input":"required name=search_term_string"}],"inLanguage":"it-IT"},{"@type":"Person","@id":"https:\/\/www.italiaeconomiaonline.it\/web\/#\/schema\/person\/909a49cce752523b020fbc37d5ab1c31","name":"ladyitaliaeconomia","image":{"@type":"ImageObject","inLanguage":"it-IT","@id":"https:\/\/www.italiaeconomiaonline.it\/web\/#\/schema\/person\/image\/","url":"https:\/\/secure.gravatar.com\/avatar\/cedca10ce7416a579b9fa6bce9c0a8f2?s=96&d=mm&r=g","contentUrl":"https:\/\/secure.gravatar.com\/avatar\/cedca10ce7416a579b9fa6bce9c0a8f2?s=96&d=mm&r=g","caption":"ladyitaliaeconomia"},"url":"https:\/\/www.italiaeconomiaonline.it\/web\/author\/ladyitaliaeconomia\/"}]}},"_links":{"self":[{"href":"https:\/\/www.italiaeconomiaonline.it\/web\/wp-json\/wp\/v2\/posts\/3255"}],"collection":[{"href":"https:\/\/www.italiaeconomiaonline.it\/web\/wp-json\/wp\/v2\/posts"}],"about":[{"href":"https:\/\/www.italiaeconomiaonline.it\/web\/wp-json\/wp\/v2\/types\/post"}],"author":[{"embeddable":true,"href":"https:\/\/www.italiaeconomiaonline.it\/web\/wp-json\/wp\/v2\/users\/1"}],"replies":[{"embeddable":true,"href":"https:\/\/www.italiaeconomiaonline.it\/web\/wp-json\/wp\/v2\/comments?post=3255"}],"version-history":[{"count":1,"href":"https:\/\/www.italiaeconomiaonline.it\/web\/wp-json\/wp\/v2\/posts\/3255\/revisions"}],"predecessor-version":[{"id":3256,"href":"https:\/\/www.italiaeconomiaonline.it\/web\/wp-json\/wp\/v2\/posts\/3255\/revisions\/3256"}],"wp:featuredmedia":[{"embeddable":true,"href":"https:\/\/www.italiaeconomiaonline.it\/web\/wp-json\/wp\/v2\/media\/1417"}],"wp:attachment":[{"href":"https:\/\/www.italiaeconomiaonline.it\/web\/wp-json\/wp\/v2\/media?parent=3255"}],"wp:term":[{"taxonomy":"category","embeddable":true,"href":"https:\/\/www.italiaeconomiaonline.it\/web\/wp-json\/wp\/v2\/categories?post=3255"},{"taxonomy":"post_tag","embeddable":true,"href":"https:\/\/www.italiaeconomiaonline.it\/web\/wp-json\/wp\/v2\/tags?post=3255"}],"curies":[{"name":"wp","href":"https:\/\/api.w.org\/{rel}","templated":true}]}}