{"id":3270,"date":"2020-06-04T23:34:10","date_gmt":"2020-06-04T21:34:10","guid":{"rendered":"http:\/\/www.italiaeconomiaonline.it\/web\/?p=3270"},"modified":"2020-06-04T23:34:10","modified_gmt":"2020-06-04T21:34:10","slug":"rifiuti-contaminanti-parte-la-campagna-di-sensibilizzazione","status":"publish","type":"post","link":"https:\/\/www.italiaeconomiaonline.it\/web\/rifiuti-contaminanti-parte-la-campagna-di-sensibilizzazione\/","title":{"rendered":"Rifiuti contaminanti, parte la campagna di sensibilizzazione"},"content":{"rendered":"<p><span class=\"dropcap dropcap3\">N<\/span>on appena si sono allentate le morse del lockdown \u00e8 ripresa non solo la vita civile ma, purtroppo, anche quella <strong>incivile<\/strong>, con il grave <strong>diffondersi nell\u2019ambiente di guanti e mascherine<\/strong>, non solo nocivi e indegradabili ma potenzialmente pericolosi a causa dell\u2019elevato potere di contagio che possono contenere e diffondere.<\/p>\n<p>Ma questa \u00e8 solamente la quota immediatamente visibile di un ampio spettro di rifiuti ad <strong>elevato potere contaminante<\/strong>, ancora pi\u00f9 diffusi da sempre e che oggi acquistano un triste primato nel panorama di rischio per la diffusione del Coronavirus.<\/p>\n<p>Per questo <a href=\"https:\/\/www.comunicatistampa.net\/mailster\/226103\/fdfd6069116a50dea9d7e4af519eafce\/aHR0cDovL3Bhb2xvZ29nbGlvLmNvbS8\">Paolo Goglio<\/a>, presidente dell\u2019Associazione Amore con il Mondo ODV, scrittore e conferenziere, lancia in questi giorni una <strong>campagna di sensibilizzazione a livello nazionale<\/strong>.<\/p>\n<p>\u201cSiamo talmente abituati a vivere in un contesto di ambiente degradato dalla sporcizia e dai rifiuti abbandonati ovunque, che la nostra attenzione cade solamente sulle tristi novit\u00e0, quali la massiccia diffusione di guanti e mascherine lasciati un p\u00f2 ovunque e trasportati dal vento. Ma ci sono rifiuti potenzialmente molto pi\u00f9 pericolosi proprio perch\u00e8 sono stati in contatto diretto con la saliva e non \u00e8 difficile identificarli.<\/p>\n<p>In prima posizione abbiamo i <strong>mozziconi di sigaretta<\/strong>, abbandonati ovunque e da chiunque, qui il margine di rischio \u00e8 veramente elevato perch\u00e8 li troviamo capillarmente sparsi in ambiente urbano e metropolitano cos\u00ec come nei parchi, sotto le panchine, persino in mezzo all\u2019erba dove giocano i bambini. Non \u00e8 solamente <strong>una forma di incivilt\u00e0 talmente diffusa<\/strong> che quasi non ci si presta attenzione: ora sono dei micidiali vettori di contaminazione e<strong> li troviamo dappertutto, proprio come un virus!<\/strong><\/p>\n<p>Al secondo posto troviamo le <strong>gomme da masticare<\/strong> che ormai fanno parte dell\u2019arredo urbano, i marciapiedi ne sono letteralmente tappezzati ed \u00e8 sufficiente calpestare uno di questi rifiuti per veicolare il potenziale contagio ovunque.<br \/>\nAl terzo posto i <strong>bastoncini e i cucchiaini del gelato<\/strong>, anch\u2019essi irresponsabilmente gettati un p\u00f2 ovunque con le conseguenze del caso, cos\u00ec come quelli dei lecca-lecca.<\/p>\n<p>Via via purtroppo ci sono numerosi altri possibili agenti di contaminazione: le <strong>lattine<\/strong> <strong>delle bibite<\/strong>, le<strong> bottiglie di birra<\/strong> ma tutto quello che \u00e8 passato dalla nostra bocca oggi dovrebbe essere visto con una attenzione diversa perch\u00e9 siamo chiamati ad un senso di responsabilit\u00e0 e di attenzione maggiore. <strong>Piatti, bicchieri e posate di plastica<\/strong>, cannucce, fazzoletti di carta, gli avanzi del fast-food, i bicchierini di caff\u00e8 dei distributori automatici con le relative palettine, gli stuzzicadenti, i contenitori delle pizze da asporto che spesso contengono anche avanzi di cibo.<\/p>\n<p>Invito a diffondere questo comunicato cos\u00ec come invito i <strong>Ministri<\/strong>, i <strong>Sindaci<\/strong> e le <strong>autorit\u00e0<\/strong> preposte a divulgare una consapevolezza aggiuntiva che possa rivelarsi preziosa in termini di responsabilizzazione.<\/p>\n<p>Il virus ha contagiato l\u2019uomo esattamente come <strong>l\u2019uomo ha contagiato l\u2019ambiente<\/strong>, c\u2019\u00e8 una precisa correlazione tra le parti ed \u00e8 importante capire che non si tratta di prendere solamente delle contromisure provvisorie per superare l\u2019emergenza ma bisogna spezzare questa catena, interrompere il circuito e questo pu\u00f2 avvenire solamente con un cambio di consapevolezza a vari livelli. Non ci sono anelli piccoli e anelli grandi, <strong>siamo parte di un sistema di vita che si regola attraverso delicati equilibri<\/strong>, l\u2019inquinamento e la distruzione dell\u2019ambiente degradano la qualit\u00e0 della vita stessa, ma ora siamo chiamati ad un salto generazionale, ad una chiamata che potrebbe divenire epocale nel panorama storico dell\u2019umanit\u00e0.<\/p>\n<p>E non c\u2019\u00e8 nessuna possibilit\u00e0 che tutto ritorni ad essere come prima proprio perch\u00e9, a duro prezzo, oggi sappiamo con certezza che<strong> il nostro rapporto con l\u2019ambiente deve cambiare<\/strong>\u201d.<\/p>\n<p>L\u2019invito \u00e8 quindi rivolto a tutti per iniziare a definire un mondo migliore, dove persino lo spazio pu\u00f2 aumentare perch\u00e8 diminuiscono le necessit\u00e0, i viaggi incontrollati, lo shopping compulsivo e il consumismo esasperato. Iniziamo dalle piccole cose per creare qualcosa di molto grande.<\/p>\n<p>Le associazioni, i circoli o gli attivisti che desiderano <strong>partecipare alla campagna di sensibilizzazione<\/strong> sui rifiuti contaminanti possono diffondere liberamente questo comunicato o contattare il presidente della Associazione Amore con il Mondo ODV.<\/p>\n<p>&nbsp;<\/p>\n<p>&nbsp;<\/p>\n<p>&nbsp;<\/p>\n","protected":false},"excerpt":{"rendered":"<p>Non appena si sono allentate le morse del lockdown \u00e8 ripresa non solo la vita civile ma, purtroppo, anche quella incivile, con il grave diffondersi nell\u2019ambiente di guanti e mascherine, non solo nocivi e indegradabili ma potenzialmente pericolosi a causa dell\u2019elevato potere di contagio che possono contenere e diffondere. Ma questa \u00e8 solamente la quota [&hellip;]<\/p>\n","protected":false},"author":1,"featured_media":3271,"comment_status":"closed","ping_status":"open","sticky":false,"template":"","format":"standard","meta":{"footnotes":""},"categories":[127],"tags":[],"yoast_head":"<!-- This site is optimized with the Yoast SEO plugin v22.2 - https:\/\/yoast.com\/wordpress\/plugins\/seo\/ -->\n<title>Rifiuti contaminanti, parte la campagna di sensibilizzazione -<\/title>\n<meta name=\"robots\" content=\"index, follow, max-snippet:-1, max-image-preview:large, max-video-preview:-1\" \/>\n<link rel=\"canonical\" href=\"https:\/\/www.italiaeconomiaonline.it\/web\/rifiuti-contaminanti-parte-la-campagna-di-sensibilizzazione\/\" \/>\n<meta property=\"og:locale\" content=\"it_IT\" \/>\n<meta property=\"og:type\" content=\"article\" \/>\n<meta property=\"og:title\" content=\"Rifiuti contaminanti, parte la campagna di sensibilizzazione -\" \/>\n<meta property=\"og:description\" content=\"Non appena si sono allentate le morse del lockdown \u00e8 ripresa non solo la vita civile ma, purtroppo, anche quella incivile, con il grave diffondersi nell\u2019ambiente di guanti e mascherine, non solo nocivi e indegradabili ma potenzialmente pericolosi a causa dell\u2019elevato potere di contagio che possono contenere e diffondere. Ma questa \u00e8 solamente la quota [&hellip;]\" \/>\n<meta property=\"og:url\" content=\"https:\/\/www.italiaeconomiaonline.it\/web\/rifiuti-contaminanti-parte-la-campagna-di-sensibilizzazione\/\" \/>\n<meta property=\"og:site_name\" content=\"ItaliaEconomiaOnline\" \/>\n<meta property=\"article:published_time\" content=\"2020-06-04T21:34:10+00:00\" \/>\n<meta property=\"og:image\" content=\"https:\/\/www.italiaeconomiaonline.it\/web\/wp-content\/uploads\/2020\/06\/mozziconi.jpg\" \/>\n\t<meta property=\"og:image:width\" content=\"1280\" \/>\n\t<meta property=\"og:image:height\" content=\"853\" \/>\n\t<meta property=\"og:image:type\" content=\"image\/jpeg\" \/>\n<meta name=\"author\" content=\"ladyitaliaeconomia\" \/>\n<meta name=\"twitter:card\" content=\"summary_large_image\" \/>\n<meta name=\"twitter:label1\" content=\"Scritto da\" \/>\n\t<meta name=\"twitter:data1\" content=\"ladyitaliaeconomia\" \/>\n\t<meta name=\"twitter:label2\" content=\"Tempo di lettura stimato\" \/>\n\t<meta name=\"twitter:data2\" content=\"3 minuti\" \/>\n<script type=\"application\/ld+json\" class=\"yoast-schema-graph\">{\"@context\":\"https:\/\/schema.org\",\"@graph\":[{\"@type\":\"WebPage\",\"@id\":\"https:\/\/www.italiaeconomiaonline.it\/web\/rifiuti-contaminanti-parte-la-campagna-di-sensibilizzazione\/\",\"url\":\"https:\/\/www.italiaeconomiaonline.it\/web\/rifiuti-contaminanti-parte-la-campagna-di-sensibilizzazione\/\",\"name\":\"Rifiuti contaminanti, parte la campagna di sensibilizzazione -\",\"isPartOf\":{\"@id\":\"https:\/\/www.italiaeconomiaonline.it\/web\/#website\"},\"primaryImageOfPage\":{\"@id\":\"https:\/\/www.italiaeconomiaonline.it\/web\/rifiuti-contaminanti-parte-la-campagna-di-sensibilizzazione\/#primaryimage\"},\"image\":{\"@id\":\"https:\/\/www.italiaeconomiaonline.it\/web\/rifiuti-contaminanti-parte-la-campagna-di-sensibilizzazione\/#primaryimage\"},\"thumbnailUrl\":\"https:\/\/www.italiaeconomiaonline.it\/web\/wp-content\/uploads\/2020\/06\/mozziconi.jpg\",\"datePublished\":\"2020-06-04T21:34:10+00:00\",\"dateModified\":\"2020-06-04T21:34:10+00:00\",\"author\":{\"@id\":\"https:\/\/www.italiaeconomiaonline.it\/web\/#\/schema\/person\/909a49cce752523b020fbc37d5ab1c31\"},\"breadcrumb\":{\"@id\":\"https:\/\/www.italiaeconomiaonline.it\/web\/rifiuti-contaminanti-parte-la-campagna-di-sensibilizzazione\/#breadcrumb\"},\"inLanguage\":\"it-IT\",\"potentialAction\":[{\"@type\":\"ReadAction\",\"target\":[\"https:\/\/www.italiaeconomiaonline.it\/web\/rifiuti-contaminanti-parte-la-campagna-di-sensibilizzazione\/\"]}]},{\"@type\":\"ImageObject\",\"inLanguage\":\"it-IT\",\"@id\":\"https:\/\/www.italiaeconomiaonline.it\/web\/rifiuti-contaminanti-parte-la-campagna-di-sensibilizzazione\/#primaryimage\",\"url\":\"https:\/\/www.italiaeconomiaonline.it\/web\/wp-content\/uploads\/2020\/06\/mozziconi.jpg\",\"contentUrl\":\"https:\/\/www.italiaeconomiaonline.it\/web\/wp-content\/uploads\/2020\/06\/mozziconi.jpg\",\"width\":1280,\"height\":853},{\"@type\":\"BreadcrumbList\",\"@id\":\"https:\/\/www.italiaeconomiaonline.it\/web\/rifiuti-contaminanti-parte-la-campagna-di-sensibilizzazione\/#breadcrumb\",\"itemListElement\":[{\"@type\":\"ListItem\",\"position\":1,\"name\":\"Home\",\"item\":\"https:\/\/www.italiaeconomiaonline.it\/web\/\"},{\"@type\":\"ListItem\",\"position\":2,\"name\":\"Rifiuti contaminanti, parte la campagna di sensibilizzazione\"}]},{\"@type\":\"WebSite\",\"@id\":\"https:\/\/www.italiaeconomiaonline.it\/web\/#website\",\"url\":\"https:\/\/www.italiaeconomiaonline.it\/web\/\",\"name\":\"ItaliaEconomiaOnline\",\"description\":\"Quotidiano Economico Online\",\"potentialAction\":[{\"@type\":\"SearchAction\",\"target\":{\"@type\":\"EntryPoint\",\"urlTemplate\":\"https:\/\/www.italiaeconomiaonline.it\/web\/?s={search_term_string}\"},\"query-input\":\"required name=search_term_string\"}],\"inLanguage\":\"it-IT\"},{\"@type\":\"Person\",\"@id\":\"https:\/\/www.italiaeconomiaonline.it\/web\/#\/schema\/person\/909a49cce752523b020fbc37d5ab1c31\",\"name\":\"ladyitaliaeconomia\",\"image\":{\"@type\":\"ImageObject\",\"inLanguage\":\"it-IT\",\"@id\":\"https:\/\/www.italiaeconomiaonline.it\/web\/#\/schema\/person\/image\/\",\"url\":\"https:\/\/secure.gravatar.com\/avatar\/cedca10ce7416a579b9fa6bce9c0a8f2?s=96&d=mm&r=g\",\"contentUrl\":\"https:\/\/secure.gravatar.com\/avatar\/cedca10ce7416a579b9fa6bce9c0a8f2?s=96&d=mm&r=g\",\"caption\":\"ladyitaliaeconomia\"},\"url\":\"https:\/\/www.italiaeconomiaonline.it\/web\/author\/ladyitaliaeconomia\/\"}]}<\/script>\n<!-- \/ Yoast SEO plugin. -->","yoast_head_json":{"title":"Rifiuti contaminanti, parte la campagna di sensibilizzazione -","robots":{"index":"index","follow":"follow","max-snippet":"max-snippet:-1","max-image-preview":"max-image-preview:large","max-video-preview":"max-video-preview:-1"},"canonical":"https:\/\/www.italiaeconomiaonline.it\/web\/rifiuti-contaminanti-parte-la-campagna-di-sensibilizzazione\/","og_locale":"it_IT","og_type":"article","og_title":"Rifiuti contaminanti, parte la campagna di sensibilizzazione -","og_description":"Non appena si sono allentate le morse del lockdown \u00e8 ripresa non solo la vita civile ma, purtroppo, anche quella incivile, con il grave diffondersi nell\u2019ambiente di guanti e mascherine, non solo nocivi e indegradabili ma potenzialmente pericolosi a causa dell\u2019elevato potere di contagio che possono contenere e diffondere. Ma questa \u00e8 solamente la quota [&hellip;]","og_url":"https:\/\/www.italiaeconomiaonline.it\/web\/rifiuti-contaminanti-parte-la-campagna-di-sensibilizzazione\/","og_site_name":"ItaliaEconomiaOnline","article_published_time":"2020-06-04T21:34:10+00:00","og_image":[{"width":1280,"height":853,"url":"https:\/\/www.italiaeconomiaonline.it\/web\/wp-content\/uploads\/2020\/06\/mozziconi.jpg","type":"image\/jpeg"}],"author":"ladyitaliaeconomia","twitter_card":"summary_large_image","twitter_misc":{"Scritto da":"ladyitaliaeconomia","Tempo di lettura stimato":"3 minuti"},"schema":{"@context":"https:\/\/schema.org","@graph":[{"@type":"WebPage","@id":"https:\/\/www.italiaeconomiaonline.it\/web\/rifiuti-contaminanti-parte-la-campagna-di-sensibilizzazione\/","url":"https:\/\/www.italiaeconomiaonline.it\/web\/rifiuti-contaminanti-parte-la-campagna-di-sensibilizzazione\/","name":"Rifiuti contaminanti, parte la campagna di sensibilizzazione -","isPartOf":{"@id":"https:\/\/www.italiaeconomiaonline.it\/web\/#website"},"primaryImageOfPage":{"@id":"https:\/\/www.italiaeconomiaonline.it\/web\/rifiuti-contaminanti-parte-la-campagna-di-sensibilizzazione\/#primaryimage"},"image":{"@id":"https:\/\/www.italiaeconomiaonline.it\/web\/rifiuti-contaminanti-parte-la-campagna-di-sensibilizzazione\/#primaryimage"},"thumbnailUrl":"https:\/\/www.italiaeconomiaonline.it\/web\/wp-content\/uploads\/2020\/06\/mozziconi.jpg","datePublished":"2020-06-04T21:34:10+00:00","dateModified":"2020-06-04T21:34:10+00:00","author":{"@id":"https:\/\/www.italiaeconomiaonline.it\/web\/#\/schema\/person\/909a49cce752523b020fbc37d5ab1c31"},"breadcrumb":{"@id":"https:\/\/www.italiaeconomiaonline.it\/web\/rifiuti-contaminanti-parte-la-campagna-di-sensibilizzazione\/#breadcrumb"},"inLanguage":"it-IT","potentialAction":[{"@type":"ReadAction","target":["https:\/\/www.italiaeconomiaonline.it\/web\/rifiuti-contaminanti-parte-la-campagna-di-sensibilizzazione\/"]}]},{"@type":"ImageObject","inLanguage":"it-IT","@id":"https:\/\/www.italiaeconomiaonline.it\/web\/rifiuti-contaminanti-parte-la-campagna-di-sensibilizzazione\/#primaryimage","url":"https:\/\/www.italiaeconomiaonline.it\/web\/wp-content\/uploads\/2020\/06\/mozziconi.jpg","contentUrl":"https:\/\/www.italiaeconomiaonline.it\/web\/wp-content\/uploads\/2020\/06\/mozziconi.jpg","width":1280,"height":853},{"@type":"BreadcrumbList","@id":"https:\/\/www.italiaeconomiaonline.it\/web\/rifiuti-contaminanti-parte-la-campagna-di-sensibilizzazione\/#breadcrumb","itemListElement":[{"@type":"ListItem","position":1,"name":"Home","item":"https:\/\/www.italiaeconomiaonline.it\/web\/"},{"@type":"ListItem","position":2,"name":"Rifiuti contaminanti, parte la campagna di sensibilizzazione"}]},{"@type":"WebSite","@id":"https:\/\/www.italiaeconomiaonline.it\/web\/#website","url":"https:\/\/www.italiaeconomiaonline.it\/web\/","name":"ItaliaEconomiaOnline","description":"Quotidiano Economico Online","potentialAction":[{"@type":"SearchAction","target":{"@type":"EntryPoint","urlTemplate":"https:\/\/www.italiaeconomiaonline.it\/web\/?s={search_term_string}"},"query-input":"required name=search_term_string"}],"inLanguage":"it-IT"},{"@type":"Person","@id":"https:\/\/www.italiaeconomiaonline.it\/web\/#\/schema\/person\/909a49cce752523b020fbc37d5ab1c31","name":"ladyitaliaeconomia","image":{"@type":"ImageObject","inLanguage":"it-IT","@id":"https:\/\/www.italiaeconomiaonline.it\/web\/#\/schema\/person\/image\/","url":"https:\/\/secure.gravatar.com\/avatar\/cedca10ce7416a579b9fa6bce9c0a8f2?s=96&d=mm&r=g","contentUrl":"https:\/\/secure.gravatar.com\/avatar\/cedca10ce7416a579b9fa6bce9c0a8f2?s=96&d=mm&r=g","caption":"ladyitaliaeconomia"},"url":"https:\/\/www.italiaeconomiaonline.it\/web\/author\/ladyitaliaeconomia\/"}]}},"_links":{"self":[{"href":"https:\/\/www.italiaeconomiaonline.it\/web\/wp-json\/wp\/v2\/posts\/3270"}],"collection":[{"href":"https:\/\/www.italiaeconomiaonline.it\/web\/wp-json\/wp\/v2\/posts"}],"about":[{"href":"https:\/\/www.italiaeconomiaonline.it\/web\/wp-json\/wp\/v2\/types\/post"}],"author":[{"embeddable":true,"href":"https:\/\/www.italiaeconomiaonline.it\/web\/wp-json\/wp\/v2\/users\/1"}],"replies":[{"embeddable":true,"href":"https:\/\/www.italiaeconomiaonline.it\/web\/wp-json\/wp\/v2\/comments?post=3270"}],"version-history":[{"count":1,"href":"https:\/\/www.italiaeconomiaonline.it\/web\/wp-json\/wp\/v2\/posts\/3270\/revisions"}],"predecessor-version":[{"id":3272,"href":"https:\/\/www.italiaeconomiaonline.it\/web\/wp-json\/wp\/v2\/posts\/3270\/revisions\/3272"}],"wp:featuredmedia":[{"embeddable":true,"href":"https:\/\/www.italiaeconomiaonline.it\/web\/wp-json\/wp\/v2\/media\/3271"}],"wp:attachment":[{"href":"https:\/\/www.italiaeconomiaonline.it\/web\/wp-json\/wp\/v2\/media?parent=3270"}],"wp:term":[{"taxonomy":"category","embeddable":true,"href":"https:\/\/www.italiaeconomiaonline.it\/web\/wp-json\/wp\/v2\/categories?post=3270"},{"taxonomy":"post_tag","embeddable":true,"href":"https:\/\/www.italiaeconomiaonline.it\/web\/wp-json\/wp\/v2\/tags?post=3270"}],"curies":[{"name":"wp","href":"https:\/\/api.w.org\/{rel}","templated":true}]}}