{"id":3284,"date":"2020-06-08T09:57:45","date_gmt":"2020-06-08T07:57:45","guid":{"rendered":"http:\/\/www.italiaeconomiaonline.it\/web\/?p=3284"},"modified":"2020-06-08T09:57:45","modified_gmt":"2020-06-08T07:57:45","slug":"coldiretti-mln-di-danni-nei-campi-per-giugno-pazzo","status":"publish","type":"post","link":"https:\/\/www.italiaeconomiaonline.it\/web\/coldiretti-mln-di-danni-nei-campi-per-giugno-pazzo\/","title":{"rendered":"Coldiretti: mln di danni nei campi per giugno pazzo"},"content":{"rendered":"<p><span class=\"dropcap dropcap3\">S<\/span>algono a milioni di euro i danni nelle campagne a causa del maltempo che hanno distrutto raccolti, sventrato serre, sradicato alberi, allagato campi i e provocando frane e smottamenti in un giugno pazzo segnato fino ad ora lungo tutta la Penisola da 48 eventi estremi tra violenti temporali, grandine e bufere di vento, quattro volte superiori allo stesso periodo dello scorso anno (+336%).<\/p>\n<p>E\u2019 quanto emerge dal monitoraggio della Coldiretti in riferimento all\u2019ultima allerta meteo della protezione civile in mezza Italia, secondo elaborazioni su dati dell\u2019European Severe Weather Database (ESWD). Si tratta dell\u2019ultima spallata del clima impazzito in una maledetta primavera che &#8211; secondo la Coldiretti \u2013 \u00e8 iniziata con il gelo che ha compromesso le fioriture ed \u00e8 proseguita con il caldo torrido e la siccit\u00e0 per andare a concludersi con le tempeste da nord al sud del Paese.<\/p>\n<p>Il risultato \u2013 precisa la Coldiretti &#8211; sono pesanti danni alle coltivazioni con la perdita di un intero anno di lavoro, dal mais alla frutta con il crollo dei raccolti nazionali, dalle pesche alle nettarine (-28%) fino alle albicocche (-58%), fino alle ciliegie. Le precipitazioni sempre pi\u00f9 intense e frequenti con vere e proprie bombe d\u2019acqua si abbattono \u2013 sottolinea la Coldiretti \u2013 su un territorio reso fragile dal dissesto idrogeologico con 7275 i comuni italiani complessivamente a rischio per frane o alluvioni (il 91,3% del totale).<\/p>\n<p>Siamo di fronte alle evidenti conseguenze dei cambiamenti climatici anche in Italia dove l\u2019eccezionalit\u00e0 degli eventi atmosferici \u00e8 ormai la norma, con una tendenza alla tropicalizzazione che \u2013 conclude la Coldiretti \u2013 si manifesta con una pi\u00f9 elevata frequenza di manifestazioni violente, sfasamenti stagionali, precipitazioni brevi ed intense ed il rapido passaggio dal sole al maltempo, con sbalzi termici significativi che compromettono le coltivazioni nei campi con costi per oltre 14 miliardi di euro in un decennio, tra perdite della produzione agricola nazionale e danni alle strutture e alle infrastrutture nelle campagne.<\/p>\n<p>&nbsp;<\/p>\n","protected":false},"excerpt":{"rendered":"<p>Salgono a milioni di euro i danni nelle campagne a causa del maltempo che hanno distrutto raccolti, sventrato serre, sradicato alberi, allagato campi i e provocando frane e smottamenti in un giugno pazzo segnato fino ad ora lungo tutta la Penisola da 48 eventi estremi tra violenti temporali, grandine e bufere di vento, quattro volte [&hellip;]<\/p>\n","protected":false},"author":1,"featured_media":1988,"comment_status":"closed","ping_status":"open","sticky":false,"template":"","format":"standard","meta":{"footnotes":""},"categories":[795],"tags":[],"yoast_head":"<!-- This site is optimized with the Yoast SEO plugin v22.2 - https:\/\/yoast.com\/wordpress\/plugins\/seo\/ -->\n<title>Coldiretti: mln di danni nei campi per giugno pazzo -<\/title>\n<meta name=\"robots\" content=\"index, follow, max-snippet:-1, max-image-preview:large, max-video-preview:-1\" \/>\n<link rel=\"canonical\" href=\"https:\/\/www.italiaeconomiaonline.it\/web\/coldiretti-mln-di-danni-nei-campi-per-giugno-pazzo\/\" \/>\n<meta property=\"og:locale\" content=\"it_IT\" \/>\n<meta property=\"og:type\" content=\"article\" \/>\n<meta property=\"og:title\" content=\"Coldiretti: mln di danni nei campi per giugno pazzo -\" \/>\n<meta property=\"og:description\" content=\"Salgono a milioni di euro i danni nelle campagne a causa del maltempo che hanno distrutto raccolti, sventrato serre, sradicato alberi, allagato campi i e provocando frane e smottamenti in un giugno pazzo segnato fino ad ora lungo tutta la Penisola da 48 eventi estremi tra violenti temporali, grandine e bufere di vento, quattro volte [&hellip;]\" \/>\n<meta property=\"og:url\" content=\"https:\/\/www.italiaeconomiaonline.it\/web\/coldiretti-mln-di-danni-nei-campi-per-giugno-pazzo\/\" \/>\n<meta property=\"og:site_name\" content=\"ItaliaEconomiaOnline\" \/>\n<meta property=\"article:published_time\" content=\"2020-06-08T07:57:45+00:00\" \/>\n<meta property=\"og:image\" content=\"https:\/\/www.italiaeconomiaonline.it\/web\/wp-content\/uploads\/2019\/11\/temporale-maltempo-pioggia.jpg\" \/>\n\t<meta property=\"og:image:width\" content=\"960\" \/>\n\t<meta property=\"og:image:height\" content=\"540\" \/>\n\t<meta property=\"og:image:type\" content=\"image\/jpeg\" \/>\n<meta name=\"author\" content=\"ladyitaliaeconomia\" \/>\n<meta name=\"twitter:card\" content=\"summary_large_image\" \/>\n<meta name=\"twitter:label1\" content=\"Scritto da\" \/>\n\t<meta name=\"twitter:data1\" content=\"ladyitaliaeconomia\" \/>\n\t<meta name=\"twitter:label2\" content=\"Tempo di lettura stimato\" \/>\n\t<meta name=\"twitter:data2\" content=\"2 minuti\" \/>\n<script type=\"application\/ld+json\" class=\"yoast-schema-graph\">{\"@context\":\"https:\/\/schema.org\",\"@graph\":[{\"@type\":\"WebPage\",\"@id\":\"https:\/\/www.italiaeconomiaonline.it\/web\/coldiretti-mln-di-danni-nei-campi-per-giugno-pazzo\/\",\"url\":\"https:\/\/www.italiaeconomiaonline.it\/web\/coldiretti-mln-di-danni-nei-campi-per-giugno-pazzo\/\",\"name\":\"Coldiretti: mln di danni nei campi per giugno pazzo -\",\"isPartOf\":{\"@id\":\"https:\/\/www.italiaeconomiaonline.it\/web\/#website\"},\"primaryImageOfPage\":{\"@id\":\"https:\/\/www.italiaeconomiaonline.it\/web\/coldiretti-mln-di-danni-nei-campi-per-giugno-pazzo\/#primaryimage\"},\"image\":{\"@id\":\"https:\/\/www.italiaeconomiaonline.it\/web\/coldiretti-mln-di-danni-nei-campi-per-giugno-pazzo\/#primaryimage\"},\"thumbnailUrl\":\"https:\/\/www.italiaeconomiaonline.it\/web\/wp-content\/uploads\/2019\/11\/temporale-maltempo-pioggia.jpg\",\"datePublished\":\"2020-06-08T07:57:45+00:00\",\"dateModified\":\"2020-06-08T07:57:45+00:00\",\"author\":{\"@id\":\"https:\/\/www.italiaeconomiaonline.it\/web\/#\/schema\/person\/909a49cce752523b020fbc37d5ab1c31\"},\"breadcrumb\":{\"@id\":\"https:\/\/www.italiaeconomiaonline.it\/web\/coldiretti-mln-di-danni-nei-campi-per-giugno-pazzo\/#breadcrumb\"},\"inLanguage\":\"it-IT\",\"potentialAction\":[{\"@type\":\"ReadAction\",\"target\":[\"https:\/\/www.italiaeconomiaonline.it\/web\/coldiretti-mln-di-danni-nei-campi-per-giugno-pazzo\/\"]}]},{\"@type\":\"ImageObject\",\"inLanguage\":\"it-IT\",\"@id\":\"https:\/\/www.italiaeconomiaonline.it\/web\/coldiretti-mln-di-danni-nei-campi-per-giugno-pazzo\/#primaryimage\",\"url\":\"https:\/\/www.italiaeconomiaonline.it\/web\/wp-content\/uploads\/2019\/11\/temporale-maltempo-pioggia.jpg\",\"contentUrl\":\"https:\/\/www.italiaeconomiaonline.it\/web\/wp-content\/uploads\/2019\/11\/temporale-maltempo-pioggia.jpg\",\"width\":960,\"height\":540},{\"@type\":\"BreadcrumbList\",\"@id\":\"https:\/\/www.italiaeconomiaonline.it\/web\/coldiretti-mln-di-danni-nei-campi-per-giugno-pazzo\/#breadcrumb\",\"itemListElement\":[{\"@type\":\"ListItem\",\"position\":1,\"name\":\"Home\",\"item\":\"https:\/\/www.italiaeconomiaonline.it\/web\/\"},{\"@type\":\"ListItem\",\"position\":2,\"name\":\"Coldiretti: mln di danni nei campi per giugno pazzo\"}]},{\"@type\":\"WebSite\",\"@id\":\"https:\/\/www.italiaeconomiaonline.it\/web\/#website\",\"url\":\"https:\/\/www.italiaeconomiaonline.it\/web\/\",\"name\":\"ItaliaEconomiaOnline\",\"description\":\"Quotidiano Economico Online\",\"potentialAction\":[{\"@type\":\"SearchAction\",\"target\":{\"@type\":\"EntryPoint\",\"urlTemplate\":\"https:\/\/www.italiaeconomiaonline.it\/web\/?s={search_term_string}\"},\"query-input\":\"required name=search_term_string\"}],\"inLanguage\":\"it-IT\"},{\"@type\":\"Person\",\"@id\":\"https:\/\/www.italiaeconomiaonline.it\/web\/#\/schema\/person\/909a49cce752523b020fbc37d5ab1c31\",\"name\":\"ladyitaliaeconomia\",\"image\":{\"@type\":\"ImageObject\",\"inLanguage\":\"it-IT\",\"@id\":\"https:\/\/www.italiaeconomiaonline.it\/web\/#\/schema\/person\/image\/\",\"url\":\"https:\/\/secure.gravatar.com\/avatar\/cedca10ce7416a579b9fa6bce9c0a8f2?s=96&d=mm&r=g\",\"contentUrl\":\"https:\/\/secure.gravatar.com\/avatar\/cedca10ce7416a579b9fa6bce9c0a8f2?s=96&d=mm&r=g\",\"caption\":\"ladyitaliaeconomia\"},\"url\":\"https:\/\/www.italiaeconomiaonline.it\/web\/author\/ladyitaliaeconomia\/\"}]}<\/script>\n<!-- \/ Yoast SEO plugin. -->","yoast_head_json":{"title":"Coldiretti: mln di danni nei campi per giugno pazzo -","robots":{"index":"index","follow":"follow","max-snippet":"max-snippet:-1","max-image-preview":"max-image-preview:large","max-video-preview":"max-video-preview:-1"},"canonical":"https:\/\/www.italiaeconomiaonline.it\/web\/coldiretti-mln-di-danni-nei-campi-per-giugno-pazzo\/","og_locale":"it_IT","og_type":"article","og_title":"Coldiretti: mln di danni nei campi per giugno pazzo -","og_description":"Salgono a milioni di euro i danni nelle campagne a causa del maltempo che hanno distrutto raccolti, sventrato serre, sradicato alberi, allagato campi i e provocando frane e smottamenti in un giugno pazzo segnato fino ad ora lungo tutta la Penisola da 48 eventi estremi tra violenti temporali, grandine e bufere di vento, quattro volte [&hellip;]","og_url":"https:\/\/www.italiaeconomiaonline.it\/web\/coldiretti-mln-di-danni-nei-campi-per-giugno-pazzo\/","og_site_name":"ItaliaEconomiaOnline","article_published_time":"2020-06-08T07:57:45+00:00","og_image":[{"width":960,"height":540,"url":"https:\/\/www.italiaeconomiaonline.it\/web\/wp-content\/uploads\/2019\/11\/temporale-maltempo-pioggia.jpg","type":"image\/jpeg"}],"author":"ladyitaliaeconomia","twitter_card":"summary_large_image","twitter_misc":{"Scritto da":"ladyitaliaeconomia","Tempo di lettura stimato":"2 minuti"},"schema":{"@context":"https:\/\/schema.org","@graph":[{"@type":"WebPage","@id":"https:\/\/www.italiaeconomiaonline.it\/web\/coldiretti-mln-di-danni-nei-campi-per-giugno-pazzo\/","url":"https:\/\/www.italiaeconomiaonline.it\/web\/coldiretti-mln-di-danni-nei-campi-per-giugno-pazzo\/","name":"Coldiretti: mln di danni nei campi per giugno pazzo -","isPartOf":{"@id":"https:\/\/www.italiaeconomiaonline.it\/web\/#website"},"primaryImageOfPage":{"@id":"https:\/\/www.italiaeconomiaonline.it\/web\/coldiretti-mln-di-danni-nei-campi-per-giugno-pazzo\/#primaryimage"},"image":{"@id":"https:\/\/www.italiaeconomiaonline.it\/web\/coldiretti-mln-di-danni-nei-campi-per-giugno-pazzo\/#primaryimage"},"thumbnailUrl":"https:\/\/www.italiaeconomiaonline.it\/web\/wp-content\/uploads\/2019\/11\/temporale-maltempo-pioggia.jpg","datePublished":"2020-06-08T07:57:45+00:00","dateModified":"2020-06-08T07:57:45+00:00","author":{"@id":"https:\/\/www.italiaeconomiaonline.it\/web\/#\/schema\/person\/909a49cce752523b020fbc37d5ab1c31"},"breadcrumb":{"@id":"https:\/\/www.italiaeconomiaonline.it\/web\/coldiretti-mln-di-danni-nei-campi-per-giugno-pazzo\/#breadcrumb"},"inLanguage":"it-IT","potentialAction":[{"@type":"ReadAction","target":["https:\/\/www.italiaeconomiaonline.it\/web\/coldiretti-mln-di-danni-nei-campi-per-giugno-pazzo\/"]}]},{"@type":"ImageObject","inLanguage":"it-IT","@id":"https:\/\/www.italiaeconomiaonline.it\/web\/coldiretti-mln-di-danni-nei-campi-per-giugno-pazzo\/#primaryimage","url":"https:\/\/www.italiaeconomiaonline.it\/web\/wp-content\/uploads\/2019\/11\/temporale-maltempo-pioggia.jpg","contentUrl":"https:\/\/www.italiaeconomiaonline.it\/web\/wp-content\/uploads\/2019\/11\/temporale-maltempo-pioggia.jpg","width":960,"height":540},{"@type":"BreadcrumbList","@id":"https:\/\/www.italiaeconomiaonline.it\/web\/coldiretti-mln-di-danni-nei-campi-per-giugno-pazzo\/#breadcrumb","itemListElement":[{"@type":"ListItem","position":1,"name":"Home","item":"https:\/\/www.italiaeconomiaonline.it\/web\/"},{"@type":"ListItem","position":2,"name":"Coldiretti: mln di danni nei campi per giugno pazzo"}]},{"@type":"WebSite","@id":"https:\/\/www.italiaeconomiaonline.it\/web\/#website","url":"https:\/\/www.italiaeconomiaonline.it\/web\/","name":"ItaliaEconomiaOnline","description":"Quotidiano Economico Online","potentialAction":[{"@type":"SearchAction","target":{"@type":"EntryPoint","urlTemplate":"https:\/\/www.italiaeconomiaonline.it\/web\/?s={search_term_string}"},"query-input":"required name=search_term_string"}],"inLanguage":"it-IT"},{"@type":"Person","@id":"https:\/\/www.italiaeconomiaonline.it\/web\/#\/schema\/person\/909a49cce752523b020fbc37d5ab1c31","name":"ladyitaliaeconomia","image":{"@type":"ImageObject","inLanguage":"it-IT","@id":"https:\/\/www.italiaeconomiaonline.it\/web\/#\/schema\/person\/image\/","url":"https:\/\/secure.gravatar.com\/avatar\/cedca10ce7416a579b9fa6bce9c0a8f2?s=96&d=mm&r=g","contentUrl":"https:\/\/secure.gravatar.com\/avatar\/cedca10ce7416a579b9fa6bce9c0a8f2?s=96&d=mm&r=g","caption":"ladyitaliaeconomia"},"url":"https:\/\/www.italiaeconomiaonline.it\/web\/author\/ladyitaliaeconomia\/"}]}},"_links":{"self":[{"href":"https:\/\/www.italiaeconomiaonline.it\/web\/wp-json\/wp\/v2\/posts\/3284"}],"collection":[{"href":"https:\/\/www.italiaeconomiaonline.it\/web\/wp-json\/wp\/v2\/posts"}],"about":[{"href":"https:\/\/www.italiaeconomiaonline.it\/web\/wp-json\/wp\/v2\/types\/post"}],"author":[{"embeddable":true,"href":"https:\/\/www.italiaeconomiaonline.it\/web\/wp-json\/wp\/v2\/users\/1"}],"replies":[{"embeddable":true,"href":"https:\/\/www.italiaeconomiaonline.it\/web\/wp-json\/wp\/v2\/comments?post=3284"}],"version-history":[{"count":1,"href":"https:\/\/www.italiaeconomiaonline.it\/web\/wp-json\/wp\/v2\/posts\/3284\/revisions"}],"predecessor-version":[{"id":3285,"href":"https:\/\/www.italiaeconomiaonline.it\/web\/wp-json\/wp\/v2\/posts\/3284\/revisions\/3285"}],"wp:featuredmedia":[{"embeddable":true,"href":"https:\/\/www.italiaeconomiaonline.it\/web\/wp-json\/wp\/v2\/media\/1988"}],"wp:attachment":[{"href":"https:\/\/www.italiaeconomiaonline.it\/web\/wp-json\/wp\/v2\/media?parent=3284"}],"wp:term":[{"taxonomy":"category","embeddable":true,"href":"https:\/\/www.italiaeconomiaonline.it\/web\/wp-json\/wp\/v2\/categories?post=3284"},{"taxonomy":"post_tag","embeddable":true,"href":"https:\/\/www.italiaeconomiaonline.it\/web\/wp-json\/wp\/v2\/tags?post=3284"}],"curies":[{"name":"wp","href":"https:\/\/api.w.org\/{rel}","templated":true}]}}