{"id":3324,"date":"2020-06-12T10:39:03","date_gmt":"2020-06-12T08:39:03","guid":{"rendered":"http:\/\/www.italiaeconomiaonline.it\/web\/?p=3324"},"modified":"2020-06-12T10:39:03","modified_gmt":"2020-06-12T08:39:03","slug":"resilienza-digitale-la-commissione-ne-sottolinea-limportanza-in-tempi-di-crisi","status":"publish","type":"post","link":"https:\/\/www.italiaeconomiaonline.it\/web\/resilienza-digitale-la-commissione-ne-sottolinea-limportanza-in-tempi-di-crisi\/","title":{"rendered":"Resilienza digitale: la Commissione ne sottolinea l&#8217;importanza in tempi di crisi"},"content":{"rendered":"<p><span class=\"dropcap dropcap3\">L<\/span>a Commissione ha pubblicato i risultati per il <a href=\"https:\/\/ec.europa.eu\/digital-single-market\/en\/desi\">2020 dell&#8217;indice di digitalizzazione dell&#8217;economia e della societ\u00e0<\/a> (<em>Digital Economy and Society Index<\/em> &#8211; DESI), che monitora le prestazioni digitali globali dell&#8217;Europa e misura i progressi compiuti dai paesi dell&#8217;UE in termini di competitivit\u00e0 digitale. Il DESI di quest&#8217;anno evidenzia progressi in tutti gli Stati membri e in tutti i principali settori misurati nell&#8217;indice.<\/p>\n<p>Ci\u00f2 assume un&#8217;importanza ancora maggiore nel contesto della pandemia di Covid-19, che ha dimostrato quanto le tecnologie digitali siano diventate essenziali, rendendo possibile la prosecuzione del lavoro, monitorando la diffusione del virus o accelerando la ricerca di cure e vaccini.<\/p>\n<p>Gli indicatori DESI pertinenti per la ripresa dimostrano inoltre che gli Stati membri dell&#8217;UE dovrebbero intensificare gli sforzi volti a migliorare la copertura delle reti ad altissima capacit\u00e0, assegnare lo spettro 5G per consentire il lancio commerciale dei servizi 5G, migliorare le competenze digitali dei cittadini e digitalizzare ulteriormente le imprese e il settore pubblico.<\/p>\n<p>La Vicepresidente esecutiva Margrethe <strong>Vestager<\/strong> ha dichiarato: &#8220;<em>La crisi Covid-19 ha dimostrato quanto sia fondamentale che i cittadini e le imprese siano collegati e in grado di interagire tra loro online. Continueremo a collaborare con gli Stati membri per individuare gli ambiti che necessitano di maggiori investimenti affinch\u00e9 tutti gli europei possano beneficiare dei servizi e delle innovazioni digitali.<\/em>&#8221;<\/p>\n<p>Thierry <strong>Breton<\/strong>, Commissario per il Mercato interno, ha aggiunto: &#8220;<em>I dati che pubblichiamo oggi dimostrano che, ora pi\u00f9 che mai, l&#8217;industria si avvale di soluzioni digitali. Dobbiamo garantire che lo stesso facciano le piccole e medie imprese e che le tecnologie digitali pi\u00f9 avanzate si diffondano in tutta l&#8217;economia.<\/em>&#8221;<\/p>\n<p>Nell&#8217;ambito del <a href=\"https:\/\/ec.europa.eu\/info\/live-work-travel-eu\/health\/coronavirus-response\/recovery-plan-europe_it\"> piano per la ripresa dell&#8217;Europa<\/a>, adottato il 27 maggio 2020, il DESI guider\u00e0 l&#8217;analisi specifica per paese a sostegno delle raccomandazioni sul digitale formulate nel contesto del semestre europeo. Ci\u00f2 aiuter\u00e0 gli Stati membri ad orientare le rispettive esigenze in termini di riforme e investimenti e a definirne le priorit\u00e0, facilitando in tal modo l&#8217;accesso al dispositivo per la ripresa e la resilienza, la cui dotazione \u00e8 di 560 miliardi di \u20ac. Il dispositivo fornir\u00e0 agli Stati membri i fondi necessari a rendere le loro economie pi\u00f9 resilienti e a garantire che gli investimenti e le riforme sostengano le transizioni verde e digitale.<\/p>\n<p><strong>Principali risultati del DESI 2020<\/strong><\/p>\n<p>La Finlandia, la Svezia, la Danimarca e i Paesi Bassi si collocano in cima alla classifica per quanto riguarda le prestazioni digitali globali all&#8217;interno dell&#8217;UE, seguite a ruota da Malta, Irlanda ed Estonia. Secondo l&#8217;indice internazionale di digitalizzazione dell&#8217;economia e della societ\u00e0 (I-DESI) i paesi dell&#8217;UE che hanno registrato le prestazioni migliori sono anche i leader a livello mondiale.<\/p>\n<p>Il fatto che le pi\u00f9 grandi economie dell&#8217;UE non siano all&#8217;avanguardia nel settore digitale implica che, se l&#8217;UE vuole realizzare con successo la duplice trasformazione digitale e verde, \u00e8 necessario accelerare la trasformazione digitale. Negli ultimi cinque anni i progressi pi\u00f9 significativi sono stati realizzati dall&#8217;Irlanda, seguita da Paesi Bassi, Malta e Spagna. Questi paesi hanno anche conseguito risultati nettamente superiori alla media dell&#8217;UE sulla base del punteggio del DESI.<\/p>\n<p>Poich\u00e9 la pandemia ha avuto un forte impatto su ciascuno dei cinque aspetti esaminati dal DESI, i risultati del 2020 dovrebbero essere letti alla luce delle numerose misure adottate dalla Commissione e dagli Stati membri per gestire la crisi e sostenere la ripresa. Gli Stati membri hanno adottato provvedimenti volti a ridurre al minimo il contagio e a sostenere i sistemi sanitari, ad esempio introducendo applicazioni e piattaforme intese a facilitare la telemedicina e coordinare le risorse sanitarie.<\/p>\n<p>Anche la Commissione \u00e8 intervenuta, adottando ad esempio una <a href=\"https:\/\/eur-lex.europa.eu\/legal-content\/IT\/TXT\/?qid=1587153139410&amp;uri=CELEX%3A32020H0518\"> raccomandazione<\/a> relativa a un pacchetto di strumenti comuni dell&#8217;Unione per l&#8217;uso della tecnologia e dei dati al fine di contrastare la crisi Covid-19 e uscirne, in particolare per quanto riguarda le applicazioni mobili e l&#8217;uso di dati anonimizzati nelle app di tracciamento.<\/p>\n<p>Su richiesta della Commissione, l&#8217;<a href=\"https:\/\/berec.europa.eu\/\">Organismo dei regolatori europei delle comunicazioni elettroniche<\/a> (BEREC) ha iniziato a monitorare il traffico Internet per evitare una congestione della rete.<\/p>\n<p><strong>Principali risultati nei cinque settori del digitale<\/strong><\/p>\n<p>L&#8217;indice di digitalizzazione dell&#8217;economia e della societ\u00e0 misura i progressi compiuti negli Stati membri in cinque principali settori strategici, ossia la connettivit\u00e0, le competenze digitali, l&#8217;uso di Internet da parte dei singoli, l&#8217;integrazione delle tecnologie digitali da parte delle imprese e i servizi pubblici digitali.<\/p>\n<p>La <strong>connettivit\u00e0<\/strong> \u00e8 migliorata, ma occorre fare di pi\u00f9 per rispondere a esigenze in rapida crescita. Gli Stati membri stanno lavorando al recepimento nel diritto nazionale delle nuove norme dell&#8217;UE adottate nel 2018, al fine di promuovere gli investimenti nelle reti ad altissima capacit\u00e0, sia fisse che mobili.<\/p>\n<p>Nel 2019 il 78\u00a0% delle famiglie aveva un abbonamento per servizi a banda larga fissa, percentuale in aumento rispetto al 70\u00a0% di cinque anni fa, e quasi tutta la popolazione europea \u00e8 servita dalle reti 4G. Solo 17 Stati membri hanno per\u00f2 gi\u00e0 assegnato lo spettro all&#8217;interno delle bande pioniere 5G (cinque in pi\u00f9 rispetto all&#8217;anno scorso).<\/p>\n<p>Finlandia, Germania, Ungheria e Italia sono i paesi pi\u00f9 avanzati in termini di preparazione al 5G. Il 44\u00a0% delle famiglie dell&#8217;UE dispone di reti fisse a banda larga ad altissima capacit\u00e0.<\/p>\n<p>Sono necessari ulteriori progressi nel campo delle <strong>competenze digitali<\/strong>, soprattutto perch\u00e9 la crisi Covid-19 ha dimostrato che, per accedere a informazioni e servizi, \u00e8 fondamentale che i cittadini possiedano competenze digitali adeguate.<\/p>\n<p>Gran parte della popolazione dell&#8217;UE (il 42\u00a0%) non \u00e8 tuttora in possesso di competenze digitali di base. Nel 2018 circa 9,1 milioni di persone nell&#8217;UE lavoravano come specialisti TIC, 1,6 milioni in pi\u00f9 rispetto a quattro anni fa. Il 64\u00a0% delle imprese di grandi dimensioni e il 56\u00a0% delle PMI che hanno assunto specialisti TIC nel 2018 hanno riferito di aver incontrato difficolt\u00e0 nel coprire i posti vacanti per tali professionalit\u00e0.<\/p>\n<p>Sebbene durante la pandemia sia stato registrato un forte aumento dell&#8217;<strong>uso di Internet<\/strong>, si tratta di una tendenza preesistente alla crisi: l&#8217;85\u00a0% delle persone utilizza Internet almeno una volta alla settimana (rispetto al 75\u00a0% del 2014). L&#8217;uso delle videochiamate \u00e8 l&#8217;attivit\u00e0 che ha registrato l&#8217;aumento pi\u00f9 netto, passando dal 49\u00a0% degli utenti di Internet nel 2018 al 60\u00a0% nel 2019. Anche le operazioni bancarie e gli acquisti via Internet sono pi\u00f9 diffusi che in passato e sono utilizzati rispettivamente dal 66\u00a0% e dal 71\u00a0% degli utenti di Internet.<\/p>\n<p>Le <strong>imprese sono sempre pi\u00f9 digitalizzate<\/strong>, soprattutto quelle di grandi dimensioni: il 38,5\u00a0% fa gi\u00e0 affidamento su servizi cloud avanzati e il 32,7\u00a0% ha riferito di utilizzare l&#8217;analisi dei Big Data. Tuttavia la stragrande maggioranza delle PMI ancora non si avvale di tali tecnologie digitali: infatti solo il 17\u00a0% utilizza servizi cloud e solo il 12\u00a0% l&#8217;analisi dei Big Data.<\/p>\n<p>Per quanto riguarda il commercio elettronico, solo il 17,5\u00a0% delle PMI ha venduto prodotti o servizi online nel 2019, con un leggerissimo aumento (di 1,4 punti percentuali) rispetto al 2016. Nel 2019, invece, il 39\u00a0% delle imprese di grandi dimensioni si \u00e8 avvalso delle vendite online.<\/p>\n<p>Per dare un impulso al commercio elettronico l&#8217;UE ha adottato <a href=\"https:\/\/ec.europa.eu\/digital-single-market\/en\/new-eu-rules-e-commerce\">una serie di misure<\/a> che vanno dall&#8217;abolizione degli ostacoli transfrontalieri ingiustificati e dall&#8217;agevolazione delle consegne transfrontaliere di pacchi a costi pi\u00f9 contenuti, alla garanzia della tutela dei diritti dei clienti online e alla promozione dell&#8217;accesso transfrontaliero ai contenuti online. Dal dicembre 2018 i consumatori e le imprese possono usufruire delle <a href=\"https:\/\/ec.europa.eu\/commission\/presscorner\/detail\/it\/STATEMENT_18_6626\"> migliori offerte online<\/a> in tutta l&#8217;UE senza essere discriminati sulla base della loro nazionalit\u00e0 o residenza.<\/p>\n<p>\u00c8 stata infine osservata una crescente tendenza all&#8217;uso dei <strong>servizi pubblici digitali<\/strong> nei settori dell&#8217;amministrazione online e della sanit\u00e0 elettronica, che permette a governi e imprese di aumentare l&#8217;efficienza e i risparmi, oltre a migliorare la trasparenza e rafforzare la partecipazione dei cittadini alla vita politica. Il 67\u00a0% degli utenti di Internet che nel 2019 hanno trasmesso moduli alla pubblica amministrazione utilizza ora i canali online (erano il 57% nel 2014), dimostrando cos\u00ec la comodit\u00e0 del ricorso ai servizi basati sulle TIC rispetto alle procedure cartacee. I paesi che in questo settore hanno fatto registrare le prestazioni migliori sono l&#8217;Estonia, la Spagna, la Danimarca, la Finlandia e la Lettonia.<\/p>\n<p><strong>Contesto<\/strong><\/p>\n<p>L&#8217;indice di digitalizzazione dell&#8217;economia e della societ\u00e0 (DESI) misura, sulla base di dati Eurostat nonch\u00e9 di studi specializzati e metodi di raccolta, i progressi compiuti dagli Stati membri dell&#8217;UE nel loro percorso verso un&#8217;economia e una societ\u00e0 digitali. Le relazioni DESI 2020 si basano sui dati del 2019. Al fine di migliorare la metodologia dell&#8217;indice e tenere conto degli ultimi sviluppi tecnologici, sono state apportate diverse modifiche all&#8217;edizione 2020, che ora prende in esame anche la copertura della rete fissa ad altissima capacit\u00e0 (VHCN).<\/p>\n<p>Il DESI per gli anni passati \u00e8 stato ricalcolato per tutti i paesi in esame, al fine di rispecchiare le modifiche nella scelta degli indicatori e le correzioni apportate ai dati sottostanti. I punteggi e le posizioni in classifica dei paesi possono quindi aver subito cambiamenti rispetto alle edizioni precedenti. Poich\u00e9 i dati si riferiscono al 2019, il Regno Unito \u00e8 incluso nel DESI 2020 e nelle medie calcolate per l&#8217;UE.<\/p>\n<p>&nbsp;<\/p>\n<p>&nbsp;<\/p>\n","protected":false},"excerpt":{"rendered":"<p>La Commissione ha pubblicato i risultati per il 2020 dell&#8217;indice di digitalizzazione dell&#8217;economia e della societ\u00e0 (Digital Economy and Society Index &#8211; DESI), che monitora le prestazioni digitali globali dell&#8217;Europa e misura i progressi compiuti dai paesi dell&#8217;UE in termini di competitivit\u00e0 digitale. Il DESI di quest&#8217;anno evidenzia progressi in tutti gli Stati membri e [&hellip;]<\/p>\n","protected":false},"author":1,"featured_media":786,"comment_status":"closed","ping_status":"open","sticky":false,"template":"","format":"standard","meta":{"footnotes":""},"categories":[309],"tags":[1032,1030,1033,794,210,1031],"yoast_head":"<!-- This site is optimized with the Yoast SEO plugin v22.2 - https:\/\/yoast.com\/wordpress\/plugins\/seo\/ -->\n<title>Resilienza digitale: la Commissione ne sottolinea l&#039;importanza in tempi di crisi -<\/title>\n<meta name=\"robots\" content=\"index, follow, max-snippet:-1, max-image-preview:large, max-video-preview:-1\" \/>\n<link rel=\"canonical\" href=\"https:\/\/www.italiaeconomiaonline.it\/web\/resilienza-digitale-la-commissione-ne-sottolinea-limportanza-in-tempi-di-crisi\/\" \/>\n<meta property=\"og:locale\" content=\"it_IT\" \/>\n<meta property=\"og:type\" content=\"article\" \/>\n<meta property=\"og:title\" content=\"Resilienza digitale: la Commissione ne sottolinea l&#039;importanza in tempi di crisi -\" \/>\n<meta property=\"og:description\" content=\"La Commissione ha pubblicato i risultati per il 2020 dell&#8217;indice di digitalizzazione dell&#8217;economia e della societ\u00e0 (Digital Economy and Society Index &#8211; DESI), che monitora le prestazioni digitali globali dell&#8217;Europa e misura i progressi compiuti dai paesi dell&#8217;UE in termini di competitivit\u00e0 digitale. Il DESI di quest&#8217;anno evidenzia progressi in tutti gli Stati membri e [&hellip;]\" \/>\n<meta property=\"og:url\" content=\"https:\/\/www.italiaeconomiaonline.it\/web\/resilienza-digitale-la-commissione-ne-sottolinea-limportanza-in-tempi-di-crisi\/\" \/>\n<meta property=\"og:site_name\" content=\"ItaliaEconomiaOnline\" \/>\n<meta property=\"article:published_time\" content=\"2020-06-12T08:39:03+00:00\" \/>\n<meta property=\"og:image\" content=\"https:\/\/www.italiaeconomiaonline.it\/web\/wp-content\/uploads\/2019\/05\/digitale.jpg\" \/>\n\t<meta property=\"og:image:width\" content=\"960\" \/>\n\t<meta property=\"og:image:height\" content=\"540\" \/>\n\t<meta property=\"og:image:type\" content=\"image\/jpeg\" \/>\n<meta name=\"author\" content=\"ladyitaliaeconomia\" \/>\n<meta name=\"twitter:card\" content=\"summary_large_image\" \/>\n<meta name=\"twitter:label1\" content=\"Scritto da\" \/>\n\t<meta name=\"twitter:data1\" content=\"ladyitaliaeconomia\" \/>\n\t<meta name=\"twitter:label2\" content=\"Tempo di lettura stimato\" \/>\n\t<meta name=\"twitter:data2\" content=\"7 minuti\" \/>\n<script type=\"application\/ld+json\" class=\"yoast-schema-graph\">{\"@context\":\"https:\/\/schema.org\",\"@graph\":[{\"@type\":\"WebPage\",\"@id\":\"https:\/\/www.italiaeconomiaonline.it\/web\/resilienza-digitale-la-commissione-ne-sottolinea-limportanza-in-tempi-di-crisi\/\",\"url\":\"https:\/\/www.italiaeconomiaonline.it\/web\/resilienza-digitale-la-commissione-ne-sottolinea-limportanza-in-tempi-di-crisi\/\",\"name\":\"Resilienza digitale: la Commissione ne sottolinea l'importanza in tempi di crisi -\",\"isPartOf\":{\"@id\":\"https:\/\/www.italiaeconomiaonline.it\/web\/#website\"},\"primaryImageOfPage\":{\"@id\":\"https:\/\/www.italiaeconomiaonline.it\/web\/resilienza-digitale-la-commissione-ne-sottolinea-limportanza-in-tempi-di-crisi\/#primaryimage\"},\"image\":{\"@id\":\"https:\/\/www.italiaeconomiaonline.it\/web\/resilienza-digitale-la-commissione-ne-sottolinea-limportanza-in-tempi-di-crisi\/#primaryimage\"},\"thumbnailUrl\":\"https:\/\/www.italiaeconomiaonline.it\/web\/wp-content\/uploads\/2019\/05\/digitale.jpg\",\"datePublished\":\"2020-06-12T08:39:03+00:00\",\"dateModified\":\"2020-06-12T08:39:03+00:00\",\"author\":{\"@id\":\"https:\/\/www.italiaeconomiaonline.it\/web\/#\/schema\/person\/909a49cce752523b020fbc37d5ab1c31\"},\"breadcrumb\":{\"@id\":\"https:\/\/www.italiaeconomiaonline.it\/web\/resilienza-digitale-la-commissione-ne-sottolinea-limportanza-in-tempi-di-crisi\/#breadcrumb\"},\"inLanguage\":\"it-IT\",\"potentialAction\":[{\"@type\":\"ReadAction\",\"target\":[\"https:\/\/www.italiaeconomiaonline.it\/web\/resilienza-digitale-la-commissione-ne-sottolinea-limportanza-in-tempi-di-crisi\/\"]}]},{\"@type\":\"ImageObject\",\"inLanguage\":\"it-IT\",\"@id\":\"https:\/\/www.italiaeconomiaonline.it\/web\/resilienza-digitale-la-commissione-ne-sottolinea-limportanza-in-tempi-di-crisi\/#primaryimage\",\"url\":\"https:\/\/www.italiaeconomiaonline.it\/web\/wp-content\/uploads\/2019\/05\/digitale.jpg\",\"contentUrl\":\"https:\/\/www.italiaeconomiaonline.it\/web\/wp-content\/uploads\/2019\/05\/digitale.jpg\",\"width\":960,\"height\":540},{\"@type\":\"BreadcrumbList\",\"@id\":\"https:\/\/www.italiaeconomiaonline.it\/web\/resilienza-digitale-la-commissione-ne-sottolinea-limportanza-in-tempi-di-crisi\/#breadcrumb\",\"itemListElement\":[{\"@type\":\"ListItem\",\"position\":1,\"name\":\"Home\",\"item\":\"https:\/\/www.italiaeconomiaonline.it\/web\/\"},{\"@type\":\"ListItem\",\"position\":2,\"name\":\"Resilienza digitale: la Commissione ne sottolinea l&#8217;importanza in tempi di crisi\"}]},{\"@type\":\"WebSite\",\"@id\":\"https:\/\/www.italiaeconomiaonline.it\/web\/#website\",\"url\":\"https:\/\/www.italiaeconomiaonline.it\/web\/\",\"name\":\"ItaliaEconomiaOnline\",\"description\":\"Quotidiano Economico Online\",\"potentialAction\":[{\"@type\":\"SearchAction\",\"target\":{\"@type\":\"EntryPoint\",\"urlTemplate\":\"https:\/\/www.italiaeconomiaonline.it\/web\/?s={search_term_string}\"},\"query-input\":\"required name=search_term_string\"}],\"inLanguage\":\"it-IT\"},{\"@type\":\"Person\",\"@id\":\"https:\/\/www.italiaeconomiaonline.it\/web\/#\/schema\/person\/909a49cce752523b020fbc37d5ab1c31\",\"name\":\"ladyitaliaeconomia\",\"image\":{\"@type\":\"ImageObject\",\"inLanguage\":\"it-IT\",\"@id\":\"https:\/\/www.italiaeconomiaonline.it\/web\/#\/schema\/person\/image\/\",\"url\":\"https:\/\/secure.gravatar.com\/avatar\/cedca10ce7416a579b9fa6bce9c0a8f2?s=96&d=mm&r=g\",\"contentUrl\":\"https:\/\/secure.gravatar.com\/avatar\/cedca10ce7416a579b9fa6bce9c0a8f2?s=96&d=mm&r=g\",\"caption\":\"ladyitaliaeconomia\"},\"url\":\"https:\/\/www.italiaeconomiaonline.it\/web\/author\/ladyitaliaeconomia\/\"}]}<\/script>\n<!-- \/ Yoast SEO plugin. -->","yoast_head_json":{"title":"Resilienza digitale: la Commissione ne sottolinea l'importanza in tempi di crisi -","robots":{"index":"index","follow":"follow","max-snippet":"max-snippet:-1","max-image-preview":"max-image-preview:large","max-video-preview":"max-video-preview:-1"},"canonical":"https:\/\/www.italiaeconomiaonline.it\/web\/resilienza-digitale-la-commissione-ne-sottolinea-limportanza-in-tempi-di-crisi\/","og_locale":"it_IT","og_type":"article","og_title":"Resilienza digitale: la Commissione ne sottolinea l'importanza in tempi di crisi -","og_description":"La Commissione ha pubblicato i risultati per il 2020 dell&#8217;indice di digitalizzazione dell&#8217;economia e della societ\u00e0 (Digital Economy and Society Index &#8211; DESI), che monitora le prestazioni digitali globali dell&#8217;Europa e misura i progressi compiuti dai paesi dell&#8217;UE in termini di competitivit\u00e0 digitale. Il DESI di quest&#8217;anno evidenzia progressi in tutti gli Stati membri e [&hellip;]","og_url":"https:\/\/www.italiaeconomiaonline.it\/web\/resilienza-digitale-la-commissione-ne-sottolinea-limportanza-in-tempi-di-crisi\/","og_site_name":"ItaliaEconomiaOnline","article_published_time":"2020-06-12T08:39:03+00:00","og_image":[{"width":960,"height":540,"url":"https:\/\/www.italiaeconomiaonline.it\/web\/wp-content\/uploads\/2019\/05\/digitale.jpg","type":"image\/jpeg"}],"author":"ladyitaliaeconomia","twitter_card":"summary_large_image","twitter_misc":{"Scritto da":"ladyitaliaeconomia","Tempo di lettura stimato":"7 minuti"},"schema":{"@context":"https:\/\/schema.org","@graph":[{"@type":"WebPage","@id":"https:\/\/www.italiaeconomiaonline.it\/web\/resilienza-digitale-la-commissione-ne-sottolinea-limportanza-in-tempi-di-crisi\/","url":"https:\/\/www.italiaeconomiaonline.it\/web\/resilienza-digitale-la-commissione-ne-sottolinea-limportanza-in-tempi-di-crisi\/","name":"Resilienza digitale: la Commissione ne sottolinea l'importanza in tempi di crisi -","isPartOf":{"@id":"https:\/\/www.italiaeconomiaonline.it\/web\/#website"},"primaryImageOfPage":{"@id":"https:\/\/www.italiaeconomiaonline.it\/web\/resilienza-digitale-la-commissione-ne-sottolinea-limportanza-in-tempi-di-crisi\/#primaryimage"},"image":{"@id":"https:\/\/www.italiaeconomiaonline.it\/web\/resilienza-digitale-la-commissione-ne-sottolinea-limportanza-in-tempi-di-crisi\/#primaryimage"},"thumbnailUrl":"https:\/\/www.italiaeconomiaonline.it\/web\/wp-content\/uploads\/2019\/05\/digitale.jpg","datePublished":"2020-06-12T08:39:03+00:00","dateModified":"2020-06-12T08:39:03+00:00","author":{"@id":"https:\/\/www.italiaeconomiaonline.it\/web\/#\/schema\/person\/909a49cce752523b020fbc37d5ab1c31"},"breadcrumb":{"@id":"https:\/\/www.italiaeconomiaonline.it\/web\/resilienza-digitale-la-commissione-ne-sottolinea-limportanza-in-tempi-di-crisi\/#breadcrumb"},"inLanguage":"it-IT","potentialAction":[{"@type":"ReadAction","target":["https:\/\/www.italiaeconomiaonline.it\/web\/resilienza-digitale-la-commissione-ne-sottolinea-limportanza-in-tempi-di-crisi\/"]}]},{"@type":"ImageObject","inLanguage":"it-IT","@id":"https:\/\/www.italiaeconomiaonline.it\/web\/resilienza-digitale-la-commissione-ne-sottolinea-limportanza-in-tempi-di-crisi\/#primaryimage","url":"https:\/\/www.italiaeconomiaonline.it\/web\/wp-content\/uploads\/2019\/05\/digitale.jpg","contentUrl":"https:\/\/www.italiaeconomiaonline.it\/web\/wp-content\/uploads\/2019\/05\/digitale.jpg","width":960,"height":540},{"@type":"BreadcrumbList","@id":"https:\/\/www.italiaeconomiaonline.it\/web\/resilienza-digitale-la-commissione-ne-sottolinea-limportanza-in-tempi-di-crisi\/#breadcrumb","itemListElement":[{"@type":"ListItem","position":1,"name":"Home","item":"https:\/\/www.italiaeconomiaonline.it\/web\/"},{"@type":"ListItem","position":2,"name":"Resilienza digitale: la Commissione ne sottolinea l&#8217;importanza in tempi di crisi"}]},{"@type":"WebSite","@id":"https:\/\/www.italiaeconomiaonline.it\/web\/#website","url":"https:\/\/www.italiaeconomiaonline.it\/web\/","name":"ItaliaEconomiaOnline","description":"Quotidiano Economico Online","potentialAction":[{"@type":"SearchAction","target":{"@type":"EntryPoint","urlTemplate":"https:\/\/www.italiaeconomiaonline.it\/web\/?s={search_term_string}"},"query-input":"required name=search_term_string"}],"inLanguage":"it-IT"},{"@type":"Person","@id":"https:\/\/www.italiaeconomiaonline.it\/web\/#\/schema\/person\/909a49cce752523b020fbc37d5ab1c31","name":"ladyitaliaeconomia","image":{"@type":"ImageObject","inLanguage":"it-IT","@id":"https:\/\/www.italiaeconomiaonline.it\/web\/#\/schema\/person\/image\/","url":"https:\/\/secure.gravatar.com\/avatar\/cedca10ce7416a579b9fa6bce9c0a8f2?s=96&d=mm&r=g","contentUrl":"https:\/\/secure.gravatar.com\/avatar\/cedca10ce7416a579b9fa6bce9c0a8f2?s=96&d=mm&r=g","caption":"ladyitaliaeconomia"},"url":"https:\/\/www.italiaeconomiaonline.it\/web\/author\/ladyitaliaeconomia\/"}]}},"_links":{"self":[{"href":"https:\/\/www.italiaeconomiaonline.it\/web\/wp-json\/wp\/v2\/posts\/3324"}],"collection":[{"href":"https:\/\/www.italiaeconomiaonline.it\/web\/wp-json\/wp\/v2\/posts"}],"about":[{"href":"https:\/\/www.italiaeconomiaonline.it\/web\/wp-json\/wp\/v2\/types\/post"}],"author":[{"embeddable":true,"href":"https:\/\/www.italiaeconomiaonline.it\/web\/wp-json\/wp\/v2\/users\/1"}],"replies":[{"embeddable":true,"href":"https:\/\/www.italiaeconomiaonline.it\/web\/wp-json\/wp\/v2\/comments?post=3324"}],"version-history":[{"count":1,"href":"https:\/\/www.italiaeconomiaonline.it\/web\/wp-json\/wp\/v2\/posts\/3324\/revisions"}],"predecessor-version":[{"id":3325,"href":"https:\/\/www.italiaeconomiaonline.it\/web\/wp-json\/wp\/v2\/posts\/3324\/revisions\/3325"}],"wp:featuredmedia":[{"embeddable":true,"href":"https:\/\/www.italiaeconomiaonline.it\/web\/wp-json\/wp\/v2\/media\/786"}],"wp:attachment":[{"href":"https:\/\/www.italiaeconomiaonline.it\/web\/wp-json\/wp\/v2\/media?parent=3324"}],"wp:term":[{"taxonomy":"category","embeddable":true,"href":"https:\/\/www.italiaeconomiaonline.it\/web\/wp-json\/wp\/v2\/categories?post=3324"},{"taxonomy":"post_tag","embeddable":true,"href":"https:\/\/www.italiaeconomiaonline.it\/web\/wp-json\/wp\/v2\/tags?post=3324"}],"curies":[{"name":"wp","href":"https:\/\/api.w.org\/{rel}","templated":true}]}}