{"id":3365,"date":"2020-06-16T16:12:26","date_gmt":"2020-06-16T14:12:26","guid":{"rendered":"http:\/\/www.italiaeconomiaonline.it\/web\/?p=3365"},"modified":"2020-06-16T16:12:26","modified_gmt":"2020-06-16T14:12:26","slug":"uil-cambio-al-vertice-alla-guida-pierpaolo-bombardieri","status":"publish","type":"post","link":"https:\/\/www.italiaeconomiaonline.it\/web\/uil-cambio-al-vertice-alla-guida-pierpaolo-bombardieri\/","title":{"rendered":"UIL: cambio al vertice, alla guida Pierpaolo Bombardieri"},"content":{"rendered":"<p><span class=\"dropcap dropcap3\">L<\/span>a Segreteria confederale della Uil ha convocato per la mattinata del 25 giugno l\u2019Esecutivo nazionale: all\u2019ordine del giorno il futuro assetto dei vertici del Sindacato di via Lucullo.<\/p>\n<p>Al termine di un percorso condiviso da tempo, raggiunti gli obiettivi di messa in sicurezza e di crescita dell\u2019Organizzazione, Carmelo Barbagallo comunicher\u00e0 l\u2019intenzione di lasciare la Segreteria generale e proporr\u00e0 alla guida della Uil l\u2019attuale Segretario generale aggiunto, Pierpaolo Bombardieri. A seguire, alle ore 14, si svolger\u00e0 una videoconferenza stampa dei due leader sindacali.<\/p>\n<p>La proposta, discussa dall\u2019Esecutivo, sar\u00e0 poi posta all\u2019attenzione del Consiglio confederale nazionale, gi\u00e0 convocato per il prossimo 4 luglio a Roma, che decider\u00e0 e voter\u00e0 il nuovo Segretario generale della Uil.<\/p>\n<p>Contestualmente e parallelamente, analogo percorso si svolger\u00e0 nella UIL pensionati, al cui vertice, dopo il voto degli organismi deputati, si insedier\u00e0 Carmelo Barbagallo.<\/p>\n","protected":false},"excerpt":{"rendered":"<p>La Segreteria confederale della Uil ha convocato per la mattinata del 25 giugno l\u2019Esecutivo nazionale: all\u2019ordine del giorno il futuro assetto dei vertici del Sindacato di via Lucullo. Al termine di un percorso condiviso da tempo, raggiunti gli obiettivi di messa in sicurezza e di crescita dell\u2019Organizzazione, Carmelo Barbagallo comunicher\u00e0 l\u2019intenzione di lasciare la Segreteria [&hellip;]<\/p>\n","protected":false},"author":1,"featured_media":3366,"comment_status":"closed","ping_status":"open","sticky":false,"template":"","format":"standard","meta":{"footnotes":""},"categories":[1039],"tags":[],"yoast_head":"<!-- This site is optimized with the Yoast SEO plugin v22.2 - https:\/\/yoast.com\/wordpress\/plugins\/seo\/ -->\n<title>UIL: cambio al vertice, alla guida Pierpaolo Bombardieri -<\/title>\n<meta name=\"robots\" content=\"index, follow, max-snippet:-1, max-image-preview:large, max-video-preview:-1\" \/>\n<link rel=\"canonical\" href=\"https:\/\/www.italiaeconomiaonline.it\/web\/uil-cambio-al-vertice-alla-guida-pierpaolo-bombardieri\/\" \/>\n<meta property=\"og:locale\" content=\"it_IT\" \/>\n<meta property=\"og:type\" content=\"article\" \/>\n<meta property=\"og:title\" content=\"UIL: cambio al vertice, alla guida Pierpaolo Bombardieri -\" \/>\n<meta property=\"og:description\" content=\"La Segreteria confederale della Uil ha convocato per la mattinata del 25 giugno l\u2019Esecutivo nazionale: all\u2019ordine del giorno il futuro assetto dei vertici del Sindacato di via Lucullo. Al termine di un percorso condiviso da tempo, raggiunti gli obiettivi di messa in sicurezza e di crescita dell\u2019Organizzazione, Carmelo Barbagallo comunicher\u00e0 l\u2019intenzione di lasciare la Segreteria [&hellip;]\" \/>\n<meta property=\"og:url\" content=\"https:\/\/www.italiaeconomiaonline.it\/web\/uil-cambio-al-vertice-alla-guida-pierpaolo-bombardieri\/\" \/>\n<meta property=\"og:site_name\" content=\"ItaliaEconomiaOnline\" \/>\n<meta property=\"article:published_time\" content=\"2020-06-16T14:12:26+00:00\" \/>\n<meta property=\"og:image\" content=\"https:\/\/www.italiaeconomiaonline.it\/web\/wp-content\/uploads\/2020\/06\/UIL-Barbagallo.Bombardieri.jpg\" \/>\n\t<meta property=\"og:image:width\" content=\"987\" \/>\n\t<meta property=\"og:image:height\" content=\"563\" \/>\n\t<meta property=\"og:image:type\" content=\"image\/jpeg\" \/>\n<meta name=\"author\" content=\"ladyitaliaeconomia\" \/>\n<meta name=\"twitter:card\" content=\"summary_large_image\" \/>\n<meta name=\"twitter:label1\" content=\"Scritto da\" \/>\n\t<meta name=\"twitter:data1\" content=\"ladyitaliaeconomia\" \/>\n\t<meta name=\"twitter:label2\" content=\"Tempo di lettura stimato\" \/>\n\t<meta name=\"twitter:data2\" content=\"1 minuto\" \/>\n<script type=\"application\/ld+json\" class=\"yoast-schema-graph\">{\"@context\":\"https:\/\/schema.org\",\"@graph\":[{\"@type\":\"WebPage\",\"@id\":\"https:\/\/www.italiaeconomiaonline.it\/web\/uil-cambio-al-vertice-alla-guida-pierpaolo-bombardieri\/\",\"url\":\"https:\/\/www.italiaeconomiaonline.it\/web\/uil-cambio-al-vertice-alla-guida-pierpaolo-bombardieri\/\",\"name\":\"UIL: cambio al vertice, alla guida Pierpaolo Bombardieri -\",\"isPartOf\":{\"@id\":\"https:\/\/www.italiaeconomiaonline.it\/web\/#website\"},\"primaryImageOfPage\":{\"@id\":\"https:\/\/www.italiaeconomiaonline.it\/web\/uil-cambio-al-vertice-alla-guida-pierpaolo-bombardieri\/#primaryimage\"},\"image\":{\"@id\":\"https:\/\/www.italiaeconomiaonline.it\/web\/uil-cambio-al-vertice-alla-guida-pierpaolo-bombardieri\/#primaryimage\"},\"thumbnailUrl\":\"https:\/\/www.italiaeconomiaonline.it\/web\/wp-content\/uploads\/2020\/06\/UIL-Barbagallo.Bombardieri.jpg\",\"datePublished\":\"2020-06-16T14:12:26+00:00\",\"dateModified\":\"2020-06-16T14:12:26+00:00\",\"author\":{\"@id\":\"https:\/\/www.italiaeconomiaonline.it\/web\/#\/schema\/person\/909a49cce752523b020fbc37d5ab1c31\"},\"breadcrumb\":{\"@id\":\"https:\/\/www.italiaeconomiaonline.it\/web\/uil-cambio-al-vertice-alla-guida-pierpaolo-bombardieri\/#breadcrumb\"},\"inLanguage\":\"it-IT\",\"potentialAction\":[{\"@type\":\"ReadAction\",\"target\":[\"https:\/\/www.italiaeconomiaonline.it\/web\/uil-cambio-al-vertice-alla-guida-pierpaolo-bombardieri\/\"]}]},{\"@type\":\"ImageObject\",\"inLanguage\":\"it-IT\",\"@id\":\"https:\/\/www.italiaeconomiaonline.it\/web\/uil-cambio-al-vertice-alla-guida-pierpaolo-bombardieri\/#primaryimage\",\"url\":\"https:\/\/www.italiaeconomiaonline.it\/web\/wp-content\/uploads\/2020\/06\/UIL-Barbagallo.Bombardieri.jpg\",\"contentUrl\":\"https:\/\/www.italiaeconomiaonline.it\/web\/wp-content\/uploads\/2020\/06\/UIL-Barbagallo.Bombardieri.jpg\",\"width\":987,\"height\":563},{\"@type\":\"BreadcrumbList\",\"@id\":\"https:\/\/www.italiaeconomiaonline.it\/web\/uil-cambio-al-vertice-alla-guida-pierpaolo-bombardieri\/#breadcrumb\",\"itemListElement\":[{\"@type\":\"ListItem\",\"position\":1,\"name\":\"Home\",\"item\":\"https:\/\/www.italiaeconomiaonline.it\/web\/\"},{\"@type\":\"ListItem\",\"position\":2,\"name\":\"UIL: cambio al vertice, alla guida Pierpaolo Bombardieri\"}]},{\"@type\":\"WebSite\",\"@id\":\"https:\/\/www.italiaeconomiaonline.it\/web\/#website\",\"url\":\"https:\/\/www.italiaeconomiaonline.it\/web\/\",\"name\":\"ItaliaEconomiaOnline\",\"description\":\"Quotidiano Economico Online\",\"potentialAction\":[{\"@type\":\"SearchAction\",\"target\":{\"@type\":\"EntryPoint\",\"urlTemplate\":\"https:\/\/www.italiaeconomiaonline.it\/web\/?s={search_term_string}\"},\"query-input\":\"required name=search_term_string\"}],\"inLanguage\":\"it-IT\"},{\"@type\":\"Person\",\"@id\":\"https:\/\/www.italiaeconomiaonline.it\/web\/#\/schema\/person\/909a49cce752523b020fbc37d5ab1c31\",\"name\":\"ladyitaliaeconomia\",\"image\":{\"@type\":\"ImageObject\",\"inLanguage\":\"it-IT\",\"@id\":\"https:\/\/www.italiaeconomiaonline.it\/web\/#\/schema\/person\/image\/\",\"url\":\"https:\/\/secure.gravatar.com\/avatar\/cedca10ce7416a579b9fa6bce9c0a8f2?s=96&d=mm&r=g\",\"contentUrl\":\"https:\/\/secure.gravatar.com\/avatar\/cedca10ce7416a579b9fa6bce9c0a8f2?s=96&d=mm&r=g\",\"caption\":\"ladyitaliaeconomia\"},\"url\":\"https:\/\/www.italiaeconomiaonline.it\/web\/author\/ladyitaliaeconomia\/\"}]}<\/script>\n<!-- \/ Yoast SEO plugin. -->","yoast_head_json":{"title":"UIL: cambio al vertice, alla guida Pierpaolo Bombardieri -","robots":{"index":"index","follow":"follow","max-snippet":"max-snippet:-1","max-image-preview":"max-image-preview:large","max-video-preview":"max-video-preview:-1"},"canonical":"https:\/\/www.italiaeconomiaonline.it\/web\/uil-cambio-al-vertice-alla-guida-pierpaolo-bombardieri\/","og_locale":"it_IT","og_type":"article","og_title":"UIL: cambio al vertice, alla guida Pierpaolo Bombardieri -","og_description":"La Segreteria confederale della Uil ha convocato per la mattinata del 25 giugno l\u2019Esecutivo nazionale: all\u2019ordine del giorno il futuro assetto dei vertici del Sindacato di via Lucullo. Al termine di un percorso condiviso da tempo, raggiunti gli obiettivi di messa in sicurezza e di crescita dell\u2019Organizzazione, Carmelo Barbagallo comunicher\u00e0 l\u2019intenzione di lasciare la Segreteria [&hellip;]","og_url":"https:\/\/www.italiaeconomiaonline.it\/web\/uil-cambio-al-vertice-alla-guida-pierpaolo-bombardieri\/","og_site_name":"ItaliaEconomiaOnline","article_published_time":"2020-06-16T14:12:26+00:00","og_image":[{"width":987,"height":563,"url":"https:\/\/www.italiaeconomiaonline.it\/web\/wp-content\/uploads\/2020\/06\/UIL-Barbagallo.Bombardieri.jpg","type":"image\/jpeg"}],"author":"ladyitaliaeconomia","twitter_card":"summary_large_image","twitter_misc":{"Scritto da":"ladyitaliaeconomia","Tempo di lettura stimato":"1 minuto"},"schema":{"@context":"https:\/\/schema.org","@graph":[{"@type":"WebPage","@id":"https:\/\/www.italiaeconomiaonline.it\/web\/uil-cambio-al-vertice-alla-guida-pierpaolo-bombardieri\/","url":"https:\/\/www.italiaeconomiaonline.it\/web\/uil-cambio-al-vertice-alla-guida-pierpaolo-bombardieri\/","name":"UIL: cambio al vertice, alla guida Pierpaolo Bombardieri -","isPartOf":{"@id":"https:\/\/www.italiaeconomiaonline.it\/web\/#website"},"primaryImageOfPage":{"@id":"https:\/\/www.italiaeconomiaonline.it\/web\/uil-cambio-al-vertice-alla-guida-pierpaolo-bombardieri\/#primaryimage"},"image":{"@id":"https:\/\/www.italiaeconomiaonline.it\/web\/uil-cambio-al-vertice-alla-guida-pierpaolo-bombardieri\/#primaryimage"},"thumbnailUrl":"https:\/\/www.italiaeconomiaonline.it\/web\/wp-content\/uploads\/2020\/06\/UIL-Barbagallo.Bombardieri.jpg","datePublished":"2020-06-16T14:12:26+00:00","dateModified":"2020-06-16T14:12:26+00:00","author":{"@id":"https:\/\/www.italiaeconomiaonline.it\/web\/#\/schema\/person\/909a49cce752523b020fbc37d5ab1c31"},"breadcrumb":{"@id":"https:\/\/www.italiaeconomiaonline.it\/web\/uil-cambio-al-vertice-alla-guida-pierpaolo-bombardieri\/#breadcrumb"},"inLanguage":"it-IT","potentialAction":[{"@type":"ReadAction","target":["https:\/\/www.italiaeconomiaonline.it\/web\/uil-cambio-al-vertice-alla-guida-pierpaolo-bombardieri\/"]}]},{"@type":"ImageObject","inLanguage":"it-IT","@id":"https:\/\/www.italiaeconomiaonline.it\/web\/uil-cambio-al-vertice-alla-guida-pierpaolo-bombardieri\/#primaryimage","url":"https:\/\/www.italiaeconomiaonline.it\/web\/wp-content\/uploads\/2020\/06\/UIL-Barbagallo.Bombardieri.jpg","contentUrl":"https:\/\/www.italiaeconomiaonline.it\/web\/wp-content\/uploads\/2020\/06\/UIL-Barbagallo.Bombardieri.jpg","width":987,"height":563},{"@type":"BreadcrumbList","@id":"https:\/\/www.italiaeconomiaonline.it\/web\/uil-cambio-al-vertice-alla-guida-pierpaolo-bombardieri\/#breadcrumb","itemListElement":[{"@type":"ListItem","position":1,"name":"Home","item":"https:\/\/www.italiaeconomiaonline.it\/web\/"},{"@type":"ListItem","position":2,"name":"UIL: cambio al vertice, alla guida Pierpaolo Bombardieri"}]},{"@type":"WebSite","@id":"https:\/\/www.italiaeconomiaonline.it\/web\/#website","url":"https:\/\/www.italiaeconomiaonline.it\/web\/","name":"ItaliaEconomiaOnline","description":"Quotidiano Economico Online","potentialAction":[{"@type":"SearchAction","target":{"@type":"EntryPoint","urlTemplate":"https:\/\/www.italiaeconomiaonline.it\/web\/?s={search_term_string}"},"query-input":"required name=search_term_string"}],"inLanguage":"it-IT"},{"@type":"Person","@id":"https:\/\/www.italiaeconomiaonline.it\/web\/#\/schema\/person\/909a49cce752523b020fbc37d5ab1c31","name":"ladyitaliaeconomia","image":{"@type":"ImageObject","inLanguage":"it-IT","@id":"https:\/\/www.italiaeconomiaonline.it\/web\/#\/schema\/person\/image\/","url":"https:\/\/secure.gravatar.com\/avatar\/cedca10ce7416a579b9fa6bce9c0a8f2?s=96&d=mm&r=g","contentUrl":"https:\/\/secure.gravatar.com\/avatar\/cedca10ce7416a579b9fa6bce9c0a8f2?s=96&d=mm&r=g","caption":"ladyitaliaeconomia"},"url":"https:\/\/www.italiaeconomiaonline.it\/web\/author\/ladyitaliaeconomia\/"}]}},"_links":{"self":[{"href":"https:\/\/www.italiaeconomiaonline.it\/web\/wp-json\/wp\/v2\/posts\/3365"}],"collection":[{"href":"https:\/\/www.italiaeconomiaonline.it\/web\/wp-json\/wp\/v2\/posts"}],"about":[{"href":"https:\/\/www.italiaeconomiaonline.it\/web\/wp-json\/wp\/v2\/types\/post"}],"author":[{"embeddable":true,"href":"https:\/\/www.italiaeconomiaonline.it\/web\/wp-json\/wp\/v2\/users\/1"}],"replies":[{"embeddable":true,"href":"https:\/\/www.italiaeconomiaonline.it\/web\/wp-json\/wp\/v2\/comments?post=3365"}],"version-history":[{"count":1,"href":"https:\/\/www.italiaeconomiaonline.it\/web\/wp-json\/wp\/v2\/posts\/3365\/revisions"}],"predecessor-version":[{"id":3367,"href":"https:\/\/www.italiaeconomiaonline.it\/web\/wp-json\/wp\/v2\/posts\/3365\/revisions\/3367"}],"wp:featuredmedia":[{"embeddable":true,"href":"https:\/\/www.italiaeconomiaonline.it\/web\/wp-json\/wp\/v2\/media\/3366"}],"wp:attachment":[{"href":"https:\/\/www.italiaeconomiaonline.it\/web\/wp-json\/wp\/v2\/media?parent=3365"}],"wp:term":[{"taxonomy":"category","embeddable":true,"href":"https:\/\/www.italiaeconomiaonline.it\/web\/wp-json\/wp\/v2\/categories?post=3365"},{"taxonomy":"post_tag","embeddable":true,"href":"https:\/\/www.italiaeconomiaonline.it\/web\/wp-json\/wp\/v2\/tags?post=3365"}],"curies":[{"name":"wp","href":"https:\/\/api.w.org\/{rel}","templated":true}]}}