{"id":3373,"date":"2020-06-17T08:54:57","date_gmt":"2020-06-17T06:54:57","guid":{"rendered":"http:\/\/www.italiaeconomiaonline.it\/web\/?p=3373"},"modified":"2020-06-17T08:54:57","modified_gmt":"2020-06-17T06:54:57","slug":"agricoltura-sociale-quinta-edizione-del-bando-di-confagricoltura-e-onlus-senior","status":"publish","type":"post","link":"https:\/\/www.italiaeconomiaonline.it\/web\/agricoltura-sociale-quinta-edizione-del-bando-di-confagricoltura-e-onlus-senior\/","title":{"rendered":"Agricoltura sociale, quinta edizione del bando di Confagricoltura e Onlus Senior"},"content":{"rendered":"<p><span class=\"dropcap dropcap3\">A<\/span>l via la quinta edizione del bando nazionale \u201c<strong>Coltiviamo Agricoltura Sociale<\/strong>\u201d, indetto da Confagricoltura con la Onlus Senior &#8211; L\u2019Et\u00e0 della Saggezza, insieme, per il secondo anno consecutivo, a Reale Foundation (la fondazione corporate di Reale Group), in collaborazione con la Rete Fattorie Sociali e l\u2019Universit\u00e0 di Roma Tor Vergata.<\/p>\n<p>Il bando mette in palio <strong>tre premi da 40.000 Euro <\/strong>ciascuno, a copertura totale dei costi, per altrettanti progetti innovativi di Agricoltura Sociale: due premi sono erogati dalla <strong>ONLUS Senior \u2013 L\u2019Et\u00e0 della Saggezza<\/strong> e uno da <strong>Reale Foundation.<\/strong><\/p>\n<p>A testimoniare l\u2019importanza che i proponenti ripongono nella formazione in questo settore, ai tre progetti selezionati sar\u00e0 assegnata una borsa di studio per la frequenza alla 6\u00b0 edizione del Master di Agricoltura Sociale all&#8217;Universit\u00e0 di Roma Tor Vergata. La borsa di studio pu\u00f2 essere utilizzata dal vincitore o da una persona che lui stesso indicher\u00e0 a patto che sia direttamente collegata al progetto o all&#8217;organizzazione vincente.<\/p>\n<p>Nei primi quattro anni il bando ha raccolto centinaia di proposte progettuali, a conferma della crescita del comparto e della capacit\u00e0 di dare risposte concrete a esigenze reali, dialogando attivamente con interlocutori pubblici e privati. I progetti vincitori, seguiti direttamente da Confagricoltura e da Onlus Senior sin dalle prime edizioni, hanno assunto nel tempo contorni di stabilit\u00e0 e continuit\u00e0 operativa, avvalorando gli obiettivi del concorso.<\/p>\n<p>&nbsp;<\/p>\n<p>Al bando possono partecipare <strong>imprenditori agricoli <\/strong>e <strong>cooperative sociali<\/strong> o <strong>associazioni di pi\u00f9 soggetti<\/strong>, a patto che il capofila sia uno delle prime due categorie, con progetti dedicati a minori e giovani in condizione di disagio sociale, anziani, disabili, immigrati che godano dello stato di rifugiato o richiedenti asilo.<\/p>\n<p>Le proposte devono riguardare una o pi\u00f9 delle seguenti aree: l\u2019inserimento socio- lavorativo di persone con disabilit\u00e0 o svantaggiate e di minori in et\u00e0 lavorativa inseriti in progetti di riabilitazione e sostegno sociale; le prestazioni e le attivit\u00e0 sociali di servizio per le comunit\u00e0 locali che utilizzino le risorse dell\u2019agricoltura per sviluppare le capacit\u00e0 delle persone; i servizi a supporto delle terapie mediche, psicologiche riabilitative; l\u2019educazione ambientale e alimentare, la salvaguardia della biodiversit\u00e0, la conoscenza del territorio mediante le fattorie sociali e didattiche.<\/p>\n<p>Un\u2019equilibrata presenza di genere nell\u2019individuazione del target e nella realizzazione delle attivit\u00e0 sar\u00e0 valutata positivamente, cos\u00ec come la collaborazione con i servizi socio-sanitari e con gli enti pubblici competenti per territorio.<\/p>\n<p><strong>La scadenza per la presentazione dei progetti \u00e8 fissata al 15 ottobre 2020.<\/strong><\/p>\n<p>&nbsp;<\/p>\n<p>Sulla <a href=\"http:\/\/www.coltiviamoagricolturasociale.it\">piattaforma<\/a> sar\u00e0 poi possibile conoscere nel dettaglio tutti i progetti partecipanti. Per la selezione dei vincitori sono previste due fasi distinte: una <strong>votazione online<\/strong> e una <strong>valutazione di merito<\/strong>.<\/p>\n<p>&nbsp;<\/p>\n<p>I <strong>30 progetti <\/strong>che avranno ottenuto il maggior numero di preferenze accederanno alla fase di valutazione da parte di una Commissione di Esperti. Il Bando mira a promuovere tutte le idee innovative di Agricoltura Sociale dando spazio alla societ\u00e0 civile coinvolgendola nella votazione. Resta ferma l&#8217;assegnazione di un punteggio aggiuntivo per i tre progetti pi\u00f9 votati che andr\u00e0 a sommarsi alla valutazione di merito espressa dalla Commissione di Esperti.<\/p>\n<p>I vincitori saranno decretati dalla giuria entro la fine di <strong>dicembre 2020<\/strong>. I tre progetti dovranno essere realizzati entro fine ottobre 2021.<\/p>\n<p>&nbsp;<\/p>\n<p>Tutte le informazioni e i dettagli relativi al bando sono disponibili sul<a href=\"http:\/\/www.coltiviamoagricolturasociale.it\"> sito<\/a><\/p>\n<p>Sempre in questo ambito Reale Group e Confagricoltura hanno concretizzato anche un altro progetto, AGRIcoltura100, che vuole promuovere il ruolo dell&#8217;agricoltura nella crescita sostenibile e nel percorso di rilancio del Paese, premiando le imprese che hanno adottato soluzioni o promosso iniziative per migliorare la sostenibilit\u00e0 ambientale, sociale ed economica loro e della comunit\u00e0 in cui operano.<\/p>\n","protected":false},"excerpt":{"rendered":"<p>Al via la quinta edizione del bando nazionale \u201cColtiviamo Agricoltura Sociale\u201d, indetto da Confagricoltura con la Onlus Senior &#8211; L\u2019Et\u00e0 della Saggezza, insieme, per il secondo anno consecutivo, a Reale Foundation (la fondazione corporate di Reale Group), in collaborazione con la Rete Fattorie Sociali e l\u2019Universit\u00e0 di Roma Tor Vergata. Il bando mette in palio [&hellip;]<\/p>\n","protected":false},"author":1,"featured_media":366,"comment_status":"closed","ping_status":"open","sticky":false,"template":"","format":"standard","meta":{"footnotes":""},"categories":[130],"tags":[],"yoast_head":"<!-- This site is optimized with the Yoast SEO plugin v22.2 - https:\/\/yoast.com\/wordpress\/plugins\/seo\/ -->\n<title>Agricoltura sociale, quinta edizione del bando di Confagricoltura e Onlus Senior -<\/title>\n<meta name=\"robots\" content=\"index, follow, max-snippet:-1, max-image-preview:large, max-video-preview:-1\" \/>\n<link rel=\"canonical\" href=\"https:\/\/www.italiaeconomiaonline.it\/web\/agricoltura-sociale-quinta-edizione-del-bando-di-confagricoltura-e-onlus-senior\/\" \/>\n<meta property=\"og:locale\" content=\"it_IT\" \/>\n<meta property=\"og:type\" content=\"article\" \/>\n<meta property=\"og:title\" content=\"Agricoltura sociale, quinta edizione del bando di Confagricoltura e Onlus Senior -\" \/>\n<meta property=\"og:description\" content=\"Al via la quinta edizione del bando nazionale \u201cColtiviamo Agricoltura Sociale\u201d, indetto da Confagricoltura con la Onlus Senior &#8211; L\u2019Et\u00e0 della Saggezza, insieme, per il secondo anno consecutivo, a Reale Foundation (la fondazione corporate di Reale Group), in collaborazione con la Rete Fattorie Sociali e l\u2019Universit\u00e0 di Roma Tor Vergata. Il bando mette in palio [&hellip;]\" \/>\n<meta property=\"og:url\" content=\"https:\/\/www.italiaeconomiaonline.it\/web\/agricoltura-sociale-quinta-edizione-del-bando-di-confagricoltura-e-onlus-senior\/\" \/>\n<meta property=\"og:site_name\" content=\"ItaliaEconomiaOnline\" \/>\n<meta property=\"article:published_time\" content=\"2020-06-17T06:54:57+00:00\" \/>\n<meta property=\"og:image\" content=\"https:\/\/www.italiaeconomiaonline.it\/web\/wp-content\/uploads\/2019\/01\/lavoro.png\" \/>\n\t<meta property=\"og:image:width\" content=\"440\" \/>\n\t<meta property=\"og:image:height\" content=\"293\" \/>\n\t<meta property=\"og:image:type\" content=\"image\/png\" \/>\n<meta name=\"author\" content=\"ladyitaliaeconomia\" \/>\n<meta name=\"twitter:card\" content=\"summary_large_image\" \/>\n<meta name=\"twitter:label1\" content=\"Scritto da\" \/>\n\t<meta name=\"twitter:data1\" content=\"ladyitaliaeconomia\" \/>\n\t<meta name=\"twitter:label2\" content=\"Tempo di lettura stimato\" \/>\n\t<meta name=\"twitter:data2\" content=\"3 minuti\" \/>\n<script type=\"application\/ld+json\" class=\"yoast-schema-graph\">{\"@context\":\"https:\/\/schema.org\",\"@graph\":[{\"@type\":\"WebPage\",\"@id\":\"https:\/\/www.italiaeconomiaonline.it\/web\/agricoltura-sociale-quinta-edizione-del-bando-di-confagricoltura-e-onlus-senior\/\",\"url\":\"https:\/\/www.italiaeconomiaonline.it\/web\/agricoltura-sociale-quinta-edizione-del-bando-di-confagricoltura-e-onlus-senior\/\",\"name\":\"Agricoltura sociale, quinta edizione del bando di Confagricoltura e Onlus Senior -\",\"isPartOf\":{\"@id\":\"https:\/\/www.italiaeconomiaonline.it\/web\/#website\"},\"primaryImageOfPage\":{\"@id\":\"https:\/\/www.italiaeconomiaonline.it\/web\/agricoltura-sociale-quinta-edizione-del-bando-di-confagricoltura-e-onlus-senior\/#primaryimage\"},\"image\":{\"@id\":\"https:\/\/www.italiaeconomiaonline.it\/web\/agricoltura-sociale-quinta-edizione-del-bando-di-confagricoltura-e-onlus-senior\/#primaryimage\"},\"thumbnailUrl\":\"https:\/\/www.italiaeconomiaonline.it\/web\/wp-content\/uploads\/2019\/01\/lavoro.png\",\"datePublished\":\"2020-06-17T06:54:57+00:00\",\"dateModified\":\"2020-06-17T06:54:57+00:00\",\"author\":{\"@id\":\"https:\/\/www.italiaeconomiaonline.it\/web\/#\/schema\/person\/909a49cce752523b020fbc37d5ab1c31\"},\"breadcrumb\":{\"@id\":\"https:\/\/www.italiaeconomiaonline.it\/web\/agricoltura-sociale-quinta-edizione-del-bando-di-confagricoltura-e-onlus-senior\/#breadcrumb\"},\"inLanguage\":\"it-IT\",\"potentialAction\":[{\"@type\":\"ReadAction\",\"target\":[\"https:\/\/www.italiaeconomiaonline.it\/web\/agricoltura-sociale-quinta-edizione-del-bando-di-confagricoltura-e-onlus-senior\/\"]}]},{\"@type\":\"ImageObject\",\"inLanguage\":\"it-IT\",\"@id\":\"https:\/\/www.italiaeconomiaonline.it\/web\/agricoltura-sociale-quinta-edizione-del-bando-di-confagricoltura-e-onlus-senior\/#primaryimage\",\"url\":\"https:\/\/www.italiaeconomiaonline.it\/web\/wp-content\/uploads\/2019\/01\/lavoro.png\",\"contentUrl\":\"https:\/\/www.italiaeconomiaonline.it\/web\/wp-content\/uploads\/2019\/01\/lavoro.png\",\"width\":440,\"height\":293},{\"@type\":\"BreadcrumbList\",\"@id\":\"https:\/\/www.italiaeconomiaonline.it\/web\/agricoltura-sociale-quinta-edizione-del-bando-di-confagricoltura-e-onlus-senior\/#breadcrumb\",\"itemListElement\":[{\"@type\":\"ListItem\",\"position\":1,\"name\":\"Home\",\"item\":\"https:\/\/www.italiaeconomiaonline.it\/web\/\"},{\"@type\":\"ListItem\",\"position\":2,\"name\":\"Agricoltura sociale, quinta edizione del bando di Confagricoltura e Onlus Senior\"}]},{\"@type\":\"WebSite\",\"@id\":\"https:\/\/www.italiaeconomiaonline.it\/web\/#website\",\"url\":\"https:\/\/www.italiaeconomiaonline.it\/web\/\",\"name\":\"ItaliaEconomiaOnline\",\"description\":\"Quotidiano Economico Online\",\"potentialAction\":[{\"@type\":\"SearchAction\",\"target\":{\"@type\":\"EntryPoint\",\"urlTemplate\":\"https:\/\/www.italiaeconomiaonline.it\/web\/?s={search_term_string}\"},\"query-input\":\"required name=search_term_string\"}],\"inLanguage\":\"it-IT\"},{\"@type\":\"Person\",\"@id\":\"https:\/\/www.italiaeconomiaonline.it\/web\/#\/schema\/person\/909a49cce752523b020fbc37d5ab1c31\",\"name\":\"ladyitaliaeconomia\",\"image\":{\"@type\":\"ImageObject\",\"inLanguage\":\"it-IT\",\"@id\":\"https:\/\/www.italiaeconomiaonline.it\/web\/#\/schema\/person\/image\/\",\"url\":\"https:\/\/secure.gravatar.com\/avatar\/cedca10ce7416a579b9fa6bce9c0a8f2?s=96&d=mm&r=g\",\"contentUrl\":\"https:\/\/secure.gravatar.com\/avatar\/cedca10ce7416a579b9fa6bce9c0a8f2?s=96&d=mm&r=g\",\"caption\":\"ladyitaliaeconomia\"},\"url\":\"https:\/\/www.italiaeconomiaonline.it\/web\/author\/ladyitaliaeconomia\/\"}]}<\/script>\n<!-- \/ Yoast SEO plugin. -->","yoast_head_json":{"title":"Agricoltura sociale, quinta edizione del bando di Confagricoltura e Onlus Senior -","robots":{"index":"index","follow":"follow","max-snippet":"max-snippet:-1","max-image-preview":"max-image-preview:large","max-video-preview":"max-video-preview:-1"},"canonical":"https:\/\/www.italiaeconomiaonline.it\/web\/agricoltura-sociale-quinta-edizione-del-bando-di-confagricoltura-e-onlus-senior\/","og_locale":"it_IT","og_type":"article","og_title":"Agricoltura sociale, quinta edizione del bando di Confagricoltura e Onlus Senior -","og_description":"Al via la quinta edizione del bando nazionale \u201cColtiviamo Agricoltura Sociale\u201d, indetto da Confagricoltura con la Onlus Senior &#8211; L\u2019Et\u00e0 della Saggezza, insieme, per il secondo anno consecutivo, a Reale Foundation (la fondazione corporate di Reale Group), in collaborazione con la Rete Fattorie Sociali e l\u2019Universit\u00e0 di Roma Tor Vergata. Il bando mette in palio [&hellip;]","og_url":"https:\/\/www.italiaeconomiaonline.it\/web\/agricoltura-sociale-quinta-edizione-del-bando-di-confagricoltura-e-onlus-senior\/","og_site_name":"ItaliaEconomiaOnline","article_published_time":"2020-06-17T06:54:57+00:00","og_image":[{"width":440,"height":293,"url":"https:\/\/www.italiaeconomiaonline.it\/web\/wp-content\/uploads\/2019\/01\/lavoro.png","type":"image\/png"}],"author":"ladyitaliaeconomia","twitter_card":"summary_large_image","twitter_misc":{"Scritto da":"ladyitaliaeconomia","Tempo di lettura stimato":"3 minuti"},"schema":{"@context":"https:\/\/schema.org","@graph":[{"@type":"WebPage","@id":"https:\/\/www.italiaeconomiaonline.it\/web\/agricoltura-sociale-quinta-edizione-del-bando-di-confagricoltura-e-onlus-senior\/","url":"https:\/\/www.italiaeconomiaonline.it\/web\/agricoltura-sociale-quinta-edizione-del-bando-di-confagricoltura-e-onlus-senior\/","name":"Agricoltura sociale, quinta edizione del bando di Confagricoltura e Onlus Senior -","isPartOf":{"@id":"https:\/\/www.italiaeconomiaonline.it\/web\/#website"},"primaryImageOfPage":{"@id":"https:\/\/www.italiaeconomiaonline.it\/web\/agricoltura-sociale-quinta-edizione-del-bando-di-confagricoltura-e-onlus-senior\/#primaryimage"},"image":{"@id":"https:\/\/www.italiaeconomiaonline.it\/web\/agricoltura-sociale-quinta-edizione-del-bando-di-confagricoltura-e-onlus-senior\/#primaryimage"},"thumbnailUrl":"https:\/\/www.italiaeconomiaonline.it\/web\/wp-content\/uploads\/2019\/01\/lavoro.png","datePublished":"2020-06-17T06:54:57+00:00","dateModified":"2020-06-17T06:54:57+00:00","author":{"@id":"https:\/\/www.italiaeconomiaonline.it\/web\/#\/schema\/person\/909a49cce752523b020fbc37d5ab1c31"},"breadcrumb":{"@id":"https:\/\/www.italiaeconomiaonline.it\/web\/agricoltura-sociale-quinta-edizione-del-bando-di-confagricoltura-e-onlus-senior\/#breadcrumb"},"inLanguage":"it-IT","potentialAction":[{"@type":"ReadAction","target":["https:\/\/www.italiaeconomiaonline.it\/web\/agricoltura-sociale-quinta-edizione-del-bando-di-confagricoltura-e-onlus-senior\/"]}]},{"@type":"ImageObject","inLanguage":"it-IT","@id":"https:\/\/www.italiaeconomiaonline.it\/web\/agricoltura-sociale-quinta-edizione-del-bando-di-confagricoltura-e-onlus-senior\/#primaryimage","url":"https:\/\/www.italiaeconomiaonline.it\/web\/wp-content\/uploads\/2019\/01\/lavoro.png","contentUrl":"https:\/\/www.italiaeconomiaonline.it\/web\/wp-content\/uploads\/2019\/01\/lavoro.png","width":440,"height":293},{"@type":"BreadcrumbList","@id":"https:\/\/www.italiaeconomiaonline.it\/web\/agricoltura-sociale-quinta-edizione-del-bando-di-confagricoltura-e-onlus-senior\/#breadcrumb","itemListElement":[{"@type":"ListItem","position":1,"name":"Home","item":"https:\/\/www.italiaeconomiaonline.it\/web\/"},{"@type":"ListItem","position":2,"name":"Agricoltura sociale, quinta edizione del bando di Confagricoltura e Onlus Senior"}]},{"@type":"WebSite","@id":"https:\/\/www.italiaeconomiaonline.it\/web\/#website","url":"https:\/\/www.italiaeconomiaonline.it\/web\/","name":"ItaliaEconomiaOnline","description":"Quotidiano Economico Online","potentialAction":[{"@type":"SearchAction","target":{"@type":"EntryPoint","urlTemplate":"https:\/\/www.italiaeconomiaonline.it\/web\/?s={search_term_string}"},"query-input":"required name=search_term_string"}],"inLanguage":"it-IT"},{"@type":"Person","@id":"https:\/\/www.italiaeconomiaonline.it\/web\/#\/schema\/person\/909a49cce752523b020fbc37d5ab1c31","name":"ladyitaliaeconomia","image":{"@type":"ImageObject","inLanguage":"it-IT","@id":"https:\/\/www.italiaeconomiaonline.it\/web\/#\/schema\/person\/image\/","url":"https:\/\/secure.gravatar.com\/avatar\/cedca10ce7416a579b9fa6bce9c0a8f2?s=96&d=mm&r=g","contentUrl":"https:\/\/secure.gravatar.com\/avatar\/cedca10ce7416a579b9fa6bce9c0a8f2?s=96&d=mm&r=g","caption":"ladyitaliaeconomia"},"url":"https:\/\/www.italiaeconomiaonline.it\/web\/author\/ladyitaliaeconomia\/"}]}},"_links":{"self":[{"href":"https:\/\/www.italiaeconomiaonline.it\/web\/wp-json\/wp\/v2\/posts\/3373"}],"collection":[{"href":"https:\/\/www.italiaeconomiaonline.it\/web\/wp-json\/wp\/v2\/posts"}],"about":[{"href":"https:\/\/www.italiaeconomiaonline.it\/web\/wp-json\/wp\/v2\/types\/post"}],"author":[{"embeddable":true,"href":"https:\/\/www.italiaeconomiaonline.it\/web\/wp-json\/wp\/v2\/users\/1"}],"replies":[{"embeddable":true,"href":"https:\/\/www.italiaeconomiaonline.it\/web\/wp-json\/wp\/v2\/comments?post=3373"}],"version-history":[{"count":1,"href":"https:\/\/www.italiaeconomiaonline.it\/web\/wp-json\/wp\/v2\/posts\/3373\/revisions"}],"predecessor-version":[{"id":3374,"href":"https:\/\/www.italiaeconomiaonline.it\/web\/wp-json\/wp\/v2\/posts\/3373\/revisions\/3374"}],"wp:featuredmedia":[{"embeddable":true,"href":"https:\/\/www.italiaeconomiaonline.it\/web\/wp-json\/wp\/v2\/media\/366"}],"wp:attachment":[{"href":"https:\/\/www.italiaeconomiaonline.it\/web\/wp-json\/wp\/v2\/media?parent=3373"}],"wp:term":[{"taxonomy":"category","embeddable":true,"href":"https:\/\/www.italiaeconomiaonline.it\/web\/wp-json\/wp\/v2\/categories?post=3373"},{"taxonomy":"post_tag","embeddable":true,"href":"https:\/\/www.italiaeconomiaonline.it\/web\/wp-json\/wp\/v2\/tags?post=3373"}],"curies":[{"name":"wp","href":"https:\/\/api.w.org\/{rel}","templated":true}]}}