{"id":3407,"date":"2020-06-19T00:03:59","date_gmt":"2020-06-18T22:03:59","guid":{"rendered":"http:\/\/www.italiaeconomiaonline.it\/web\/?p=3407"},"modified":"2020-06-19T00:03:59","modified_gmt":"2020-06-18T22:03:59","slug":"5g-per-i-cittadini-e-per-le-imprese-quali-rischi-se-litalia-rimane-indietro-e-non-include-il-territorio","status":"publish","type":"post","link":"https:\/\/www.italiaeconomiaonline.it\/web\/5g-per-i-cittadini-e-per-le-imprese-quali-rischi-se-litalia-rimane-indietro-e-non-include-il-territorio\/","title":{"rendered":"5G per i cittadini e per le imprese.  Quali rischi se l\u2019Italia rimane indietro e non include il territorio?"},"content":{"rendered":"<p><span class=\"dropcap dropcap3\">I<\/span>l 5G sar\u00e0 un acceleratore della crescita e dello sviluppo per i cittadini e per le imprese. Ma quali rischi potrebbe correre l\u2019Italia se rimanesse indietro? Perch\u00e9 \u00e8 importante includere il territorio in questo processo tecnologico?<\/p>\n<p>Se ne discuter\u00e0 <a class=\"matchTooltip\">domani<\/a> venerd\u00ec 19 giugno alle 17 nel Talk organizzato da Competere.Eu, \u00a0che si aprir\u00e0 con l\u2019intervento del segretario Generale di Competere.Eu Roberto Race, e a cui parteciperanno tra gli altri Massimiliano Capitanio, Deputato Lega Salvini Premier (IX Commissione parlamentare trasporti, poste e telecomunicazioni e Segretario della Commissione Vigilanza RAI), Arturo Scotto, Coordinatore nazionale di Articolo 1-Mdp, Marco Silvestroni, Deputato Fratelli d\u2019Italia (IX Commissione parlamentare trasporti, poste e telecomunicazioni) e Michelangelo Suigo, Direttore Relazioni Esterne e Comunicazione Inwit.<\/p>\n<p>Coordiner\u00e0 il dibattito il Direttore Generale di Competere.Eu Giacomo Bandini.<\/p>\n<p>\u201cLe reti a banda larga 5G &#8211; spiegano Race e Bandini &#8211; sono un fattore chiave per lo sviluppo e la competitivit\u00e0 dell\u2019industria italiana (automazione, Industry 4.0, IoT, M2M) e per fornire migliori servizi ai cittadini (smart cities, sanit\u00e0, sicurezza).<\/p>\n<p>Nell\u2019ultimo anno diverse amministrazioni comunali, spinte anche da gruppi di attivisti, hanno ostacolato l\u2019installazione delle reti 5G e i primi progetti pilota. Talvolta anche facendo ricorso alla forza. La campagna contraria a questa tecnologia sta continuando a divampare con il risultato di diffondere fake news e pregiudizi anti-scientifici.<\/p>\n<p>Non ha peraltro giovato l\u2019inserimento nel Piano Colao della formula \u201cEscludere opponibilit\u00e0 locale se protocolli nazionali sono rispettati\u201d. Se \u00e8 vero che il 5G \u00e8 fondamentale ai fini dello sviluppo economico, non \u00e8 pensabile escludere cittadini e amministrazioni locali dal dibattito. \u00c8 infatti necessario coinvolgerli nelle varie fasi di sviluppo e comunicare costantemente ed efficacemente tutti gli aspetti, inclusi quelli relativi ai benefici economici e alla tutela della salute.<\/p>\n<p>Competere.Eu offre una piattaforma in cui \u00e8 possibile discutere di tutti gli aspetti legati al 5G coinvolgendo sia le istituzioni sia le imprese e mantenendo neutralit\u00e0 e indipendenza. Questo ultimo aspetto pu\u00f2 essere di grande giovamento se si vuole raggiungere un pubblico diffidente in partenza.<br \/>\nIl Talk &#8211; concludono Race e Bandini &#8211; \u00e8 solo il primo di un ciclo sul tema della tecnologia e del digitale che si svilupper\u00e0 nei prossimi mesi.<\/p>\n<p>L\u2019obiettivo \u00e8 discutere dell\u2019importanza del 5G e delle sue applicazioni pi\u00f9 utili per i cittadini e il mondo produttivo.<br \/>\nLa domanda che bisogna porsi \u00e8: cosa rischia l&#8217;Italia se resta indietro?&#8221;<\/p>\n<div><\/div>\n","protected":false},"excerpt":{"rendered":"<p>Il 5G sar\u00e0 un acceleratore della crescita e dello sviluppo per i cittadini e per le imprese. Ma quali rischi potrebbe correre l\u2019Italia se rimanesse indietro? Perch\u00e9 \u00e8 importante includere il territorio in questo processo tecnologico? Se ne discuter\u00e0 domani venerd\u00ec 19 giugno alle 17 nel Talk organizzato da Competere.Eu, \u00a0che si aprir\u00e0 con l\u2019intervento [&hellip;]<\/p>\n","protected":false},"author":1,"featured_media":1874,"comment_status":"closed","ping_status":"open","sticky":false,"template":"","format":"standard","meta":{"footnotes":""},"categories":[309],"tags":[],"yoast_head":"<!-- This site is optimized with the Yoast SEO plugin v22.2 - https:\/\/yoast.com\/wordpress\/plugins\/seo\/ -->\n<title>5G per i cittadini e per le imprese. Quali rischi se l\u2019Italia rimane indietro e non include il territorio? -<\/title>\n<meta name=\"robots\" content=\"index, follow, max-snippet:-1, max-image-preview:large, max-video-preview:-1\" \/>\n<link rel=\"canonical\" href=\"https:\/\/www.italiaeconomiaonline.it\/web\/5g-per-i-cittadini-e-per-le-imprese-quali-rischi-se-litalia-rimane-indietro-e-non-include-il-territorio\/\" \/>\n<meta property=\"og:locale\" content=\"it_IT\" \/>\n<meta property=\"og:type\" content=\"article\" \/>\n<meta property=\"og:title\" content=\"5G per i cittadini e per le imprese. Quali rischi se l\u2019Italia rimane indietro e non include il territorio? -\" \/>\n<meta property=\"og:description\" content=\"Il 5G sar\u00e0 un acceleratore della crescita e dello sviluppo per i cittadini e per le imprese. Ma quali rischi potrebbe correre l\u2019Italia se rimanesse indietro? Perch\u00e9 \u00e8 importante includere il territorio in questo processo tecnologico? Se ne discuter\u00e0 domani venerd\u00ec 19 giugno alle 17 nel Talk organizzato da Competere.Eu, \u00a0che si aprir\u00e0 con l\u2019intervento [&hellip;]\" \/>\n<meta property=\"og:url\" content=\"https:\/\/www.italiaeconomiaonline.it\/web\/5g-per-i-cittadini-e-per-le-imprese-quali-rischi-se-litalia-rimane-indietro-e-non-include-il-territorio\/\" \/>\n<meta property=\"og:site_name\" content=\"ItaliaEconomiaOnline\" \/>\n<meta property=\"article:published_time\" content=\"2020-06-18T22:03:59+00:00\" \/>\n<meta property=\"og:image\" content=\"https:\/\/www.italiaeconomiaonline.it\/web\/wp-content\/uploads\/2019\/10\/mondo-rete-condivisione-internet.jpg\" \/>\n\t<meta property=\"og:image:width\" content=\"960\" \/>\n\t<meta property=\"og:image:height\" content=\"678\" \/>\n\t<meta property=\"og:image:type\" content=\"image\/jpeg\" \/>\n<meta name=\"author\" content=\"ladyitaliaeconomia\" \/>\n<meta name=\"twitter:card\" content=\"summary_large_image\" \/>\n<meta name=\"twitter:label1\" content=\"Scritto da\" \/>\n\t<meta name=\"twitter:data1\" content=\"ladyitaliaeconomia\" \/>\n\t<meta name=\"twitter:label2\" content=\"Tempo di lettura stimato\" \/>\n\t<meta name=\"twitter:data2\" content=\"2 minuti\" \/>\n<script type=\"application\/ld+json\" class=\"yoast-schema-graph\">{\"@context\":\"https:\/\/schema.org\",\"@graph\":[{\"@type\":\"WebPage\",\"@id\":\"https:\/\/www.italiaeconomiaonline.it\/web\/5g-per-i-cittadini-e-per-le-imprese-quali-rischi-se-litalia-rimane-indietro-e-non-include-il-territorio\/\",\"url\":\"https:\/\/www.italiaeconomiaonline.it\/web\/5g-per-i-cittadini-e-per-le-imprese-quali-rischi-se-litalia-rimane-indietro-e-non-include-il-territorio\/\",\"name\":\"5G per i cittadini e per le imprese. Quali rischi se l\u2019Italia rimane indietro e non include il territorio? -\",\"isPartOf\":{\"@id\":\"https:\/\/www.italiaeconomiaonline.it\/web\/#website\"},\"primaryImageOfPage\":{\"@id\":\"https:\/\/www.italiaeconomiaonline.it\/web\/5g-per-i-cittadini-e-per-le-imprese-quali-rischi-se-litalia-rimane-indietro-e-non-include-il-territorio\/#primaryimage\"},\"image\":{\"@id\":\"https:\/\/www.italiaeconomiaonline.it\/web\/5g-per-i-cittadini-e-per-le-imprese-quali-rischi-se-litalia-rimane-indietro-e-non-include-il-territorio\/#primaryimage\"},\"thumbnailUrl\":\"https:\/\/www.italiaeconomiaonline.it\/web\/wp-content\/uploads\/2019\/10\/mondo-rete-condivisione-internet.jpg\",\"datePublished\":\"2020-06-18T22:03:59+00:00\",\"dateModified\":\"2020-06-18T22:03:59+00:00\",\"author\":{\"@id\":\"https:\/\/www.italiaeconomiaonline.it\/web\/#\/schema\/person\/909a49cce752523b020fbc37d5ab1c31\"},\"breadcrumb\":{\"@id\":\"https:\/\/www.italiaeconomiaonline.it\/web\/5g-per-i-cittadini-e-per-le-imprese-quali-rischi-se-litalia-rimane-indietro-e-non-include-il-territorio\/#breadcrumb\"},\"inLanguage\":\"it-IT\",\"potentialAction\":[{\"@type\":\"ReadAction\",\"target\":[\"https:\/\/www.italiaeconomiaonline.it\/web\/5g-per-i-cittadini-e-per-le-imprese-quali-rischi-se-litalia-rimane-indietro-e-non-include-il-territorio\/\"]}]},{\"@type\":\"ImageObject\",\"inLanguage\":\"it-IT\",\"@id\":\"https:\/\/www.italiaeconomiaonline.it\/web\/5g-per-i-cittadini-e-per-le-imprese-quali-rischi-se-litalia-rimane-indietro-e-non-include-il-territorio\/#primaryimage\",\"url\":\"https:\/\/www.italiaeconomiaonline.it\/web\/wp-content\/uploads\/2019\/10\/mondo-rete-condivisione-internet.jpg\",\"contentUrl\":\"https:\/\/www.italiaeconomiaonline.it\/web\/wp-content\/uploads\/2019\/10\/mondo-rete-condivisione-internet.jpg\",\"width\":960,\"height\":678},{\"@type\":\"BreadcrumbList\",\"@id\":\"https:\/\/www.italiaeconomiaonline.it\/web\/5g-per-i-cittadini-e-per-le-imprese-quali-rischi-se-litalia-rimane-indietro-e-non-include-il-territorio\/#breadcrumb\",\"itemListElement\":[{\"@type\":\"ListItem\",\"position\":1,\"name\":\"Home\",\"item\":\"https:\/\/www.italiaeconomiaonline.it\/web\/\"},{\"@type\":\"ListItem\",\"position\":2,\"name\":\"5G per i cittadini e per le imprese. Quali rischi se l\u2019Italia rimane indietro e non include il territorio?\"}]},{\"@type\":\"WebSite\",\"@id\":\"https:\/\/www.italiaeconomiaonline.it\/web\/#website\",\"url\":\"https:\/\/www.italiaeconomiaonline.it\/web\/\",\"name\":\"ItaliaEconomiaOnline\",\"description\":\"Quotidiano Economico Online\",\"potentialAction\":[{\"@type\":\"SearchAction\",\"target\":{\"@type\":\"EntryPoint\",\"urlTemplate\":\"https:\/\/www.italiaeconomiaonline.it\/web\/?s={search_term_string}\"},\"query-input\":\"required name=search_term_string\"}],\"inLanguage\":\"it-IT\"},{\"@type\":\"Person\",\"@id\":\"https:\/\/www.italiaeconomiaonline.it\/web\/#\/schema\/person\/909a49cce752523b020fbc37d5ab1c31\",\"name\":\"ladyitaliaeconomia\",\"image\":{\"@type\":\"ImageObject\",\"inLanguage\":\"it-IT\",\"@id\":\"https:\/\/www.italiaeconomiaonline.it\/web\/#\/schema\/person\/image\/\",\"url\":\"https:\/\/secure.gravatar.com\/avatar\/cedca10ce7416a579b9fa6bce9c0a8f2?s=96&d=mm&r=g\",\"contentUrl\":\"https:\/\/secure.gravatar.com\/avatar\/cedca10ce7416a579b9fa6bce9c0a8f2?s=96&d=mm&r=g\",\"caption\":\"ladyitaliaeconomia\"},\"url\":\"https:\/\/www.italiaeconomiaonline.it\/web\/author\/ladyitaliaeconomia\/\"}]}<\/script>\n<!-- \/ Yoast SEO plugin. -->","yoast_head_json":{"title":"5G per i cittadini e per le imprese. Quali rischi se l\u2019Italia rimane indietro e non include il territorio? -","robots":{"index":"index","follow":"follow","max-snippet":"max-snippet:-1","max-image-preview":"max-image-preview:large","max-video-preview":"max-video-preview:-1"},"canonical":"https:\/\/www.italiaeconomiaonline.it\/web\/5g-per-i-cittadini-e-per-le-imprese-quali-rischi-se-litalia-rimane-indietro-e-non-include-il-territorio\/","og_locale":"it_IT","og_type":"article","og_title":"5G per i cittadini e per le imprese. Quali rischi se l\u2019Italia rimane indietro e non include il territorio? -","og_description":"Il 5G sar\u00e0 un acceleratore della crescita e dello sviluppo per i cittadini e per le imprese. Ma quali rischi potrebbe correre l\u2019Italia se rimanesse indietro? Perch\u00e9 \u00e8 importante includere il territorio in questo processo tecnologico? Se ne discuter\u00e0 domani venerd\u00ec 19 giugno alle 17 nel Talk organizzato da Competere.Eu, \u00a0che si aprir\u00e0 con l\u2019intervento [&hellip;]","og_url":"https:\/\/www.italiaeconomiaonline.it\/web\/5g-per-i-cittadini-e-per-le-imprese-quali-rischi-se-litalia-rimane-indietro-e-non-include-il-territorio\/","og_site_name":"ItaliaEconomiaOnline","article_published_time":"2020-06-18T22:03:59+00:00","og_image":[{"width":960,"height":678,"url":"https:\/\/www.italiaeconomiaonline.it\/web\/wp-content\/uploads\/2019\/10\/mondo-rete-condivisione-internet.jpg","type":"image\/jpeg"}],"author":"ladyitaliaeconomia","twitter_card":"summary_large_image","twitter_misc":{"Scritto da":"ladyitaliaeconomia","Tempo di lettura stimato":"2 minuti"},"schema":{"@context":"https:\/\/schema.org","@graph":[{"@type":"WebPage","@id":"https:\/\/www.italiaeconomiaonline.it\/web\/5g-per-i-cittadini-e-per-le-imprese-quali-rischi-se-litalia-rimane-indietro-e-non-include-il-territorio\/","url":"https:\/\/www.italiaeconomiaonline.it\/web\/5g-per-i-cittadini-e-per-le-imprese-quali-rischi-se-litalia-rimane-indietro-e-non-include-il-territorio\/","name":"5G per i cittadini e per le imprese. Quali rischi se l\u2019Italia rimane indietro e non include il territorio? -","isPartOf":{"@id":"https:\/\/www.italiaeconomiaonline.it\/web\/#website"},"primaryImageOfPage":{"@id":"https:\/\/www.italiaeconomiaonline.it\/web\/5g-per-i-cittadini-e-per-le-imprese-quali-rischi-se-litalia-rimane-indietro-e-non-include-il-territorio\/#primaryimage"},"image":{"@id":"https:\/\/www.italiaeconomiaonline.it\/web\/5g-per-i-cittadini-e-per-le-imprese-quali-rischi-se-litalia-rimane-indietro-e-non-include-il-territorio\/#primaryimage"},"thumbnailUrl":"https:\/\/www.italiaeconomiaonline.it\/web\/wp-content\/uploads\/2019\/10\/mondo-rete-condivisione-internet.jpg","datePublished":"2020-06-18T22:03:59+00:00","dateModified":"2020-06-18T22:03:59+00:00","author":{"@id":"https:\/\/www.italiaeconomiaonline.it\/web\/#\/schema\/person\/909a49cce752523b020fbc37d5ab1c31"},"breadcrumb":{"@id":"https:\/\/www.italiaeconomiaonline.it\/web\/5g-per-i-cittadini-e-per-le-imprese-quali-rischi-se-litalia-rimane-indietro-e-non-include-il-territorio\/#breadcrumb"},"inLanguage":"it-IT","potentialAction":[{"@type":"ReadAction","target":["https:\/\/www.italiaeconomiaonline.it\/web\/5g-per-i-cittadini-e-per-le-imprese-quali-rischi-se-litalia-rimane-indietro-e-non-include-il-territorio\/"]}]},{"@type":"ImageObject","inLanguage":"it-IT","@id":"https:\/\/www.italiaeconomiaonline.it\/web\/5g-per-i-cittadini-e-per-le-imprese-quali-rischi-se-litalia-rimane-indietro-e-non-include-il-territorio\/#primaryimage","url":"https:\/\/www.italiaeconomiaonline.it\/web\/wp-content\/uploads\/2019\/10\/mondo-rete-condivisione-internet.jpg","contentUrl":"https:\/\/www.italiaeconomiaonline.it\/web\/wp-content\/uploads\/2019\/10\/mondo-rete-condivisione-internet.jpg","width":960,"height":678},{"@type":"BreadcrumbList","@id":"https:\/\/www.italiaeconomiaonline.it\/web\/5g-per-i-cittadini-e-per-le-imprese-quali-rischi-se-litalia-rimane-indietro-e-non-include-il-territorio\/#breadcrumb","itemListElement":[{"@type":"ListItem","position":1,"name":"Home","item":"https:\/\/www.italiaeconomiaonline.it\/web\/"},{"@type":"ListItem","position":2,"name":"5G per i cittadini e per le imprese. Quali rischi se l\u2019Italia rimane indietro e non include il territorio?"}]},{"@type":"WebSite","@id":"https:\/\/www.italiaeconomiaonline.it\/web\/#website","url":"https:\/\/www.italiaeconomiaonline.it\/web\/","name":"ItaliaEconomiaOnline","description":"Quotidiano Economico Online","potentialAction":[{"@type":"SearchAction","target":{"@type":"EntryPoint","urlTemplate":"https:\/\/www.italiaeconomiaonline.it\/web\/?s={search_term_string}"},"query-input":"required name=search_term_string"}],"inLanguage":"it-IT"},{"@type":"Person","@id":"https:\/\/www.italiaeconomiaonline.it\/web\/#\/schema\/person\/909a49cce752523b020fbc37d5ab1c31","name":"ladyitaliaeconomia","image":{"@type":"ImageObject","inLanguage":"it-IT","@id":"https:\/\/www.italiaeconomiaonline.it\/web\/#\/schema\/person\/image\/","url":"https:\/\/secure.gravatar.com\/avatar\/cedca10ce7416a579b9fa6bce9c0a8f2?s=96&d=mm&r=g","contentUrl":"https:\/\/secure.gravatar.com\/avatar\/cedca10ce7416a579b9fa6bce9c0a8f2?s=96&d=mm&r=g","caption":"ladyitaliaeconomia"},"url":"https:\/\/www.italiaeconomiaonline.it\/web\/author\/ladyitaliaeconomia\/"}]}},"_links":{"self":[{"href":"https:\/\/www.italiaeconomiaonline.it\/web\/wp-json\/wp\/v2\/posts\/3407"}],"collection":[{"href":"https:\/\/www.italiaeconomiaonline.it\/web\/wp-json\/wp\/v2\/posts"}],"about":[{"href":"https:\/\/www.italiaeconomiaonline.it\/web\/wp-json\/wp\/v2\/types\/post"}],"author":[{"embeddable":true,"href":"https:\/\/www.italiaeconomiaonline.it\/web\/wp-json\/wp\/v2\/users\/1"}],"replies":[{"embeddable":true,"href":"https:\/\/www.italiaeconomiaonline.it\/web\/wp-json\/wp\/v2\/comments?post=3407"}],"version-history":[{"count":1,"href":"https:\/\/www.italiaeconomiaonline.it\/web\/wp-json\/wp\/v2\/posts\/3407\/revisions"}],"predecessor-version":[{"id":3408,"href":"https:\/\/www.italiaeconomiaonline.it\/web\/wp-json\/wp\/v2\/posts\/3407\/revisions\/3408"}],"wp:featuredmedia":[{"embeddable":true,"href":"https:\/\/www.italiaeconomiaonline.it\/web\/wp-json\/wp\/v2\/media\/1874"}],"wp:attachment":[{"href":"https:\/\/www.italiaeconomiaonline.it\/web\/wp-json\/wp\/v2\/media?parent=3407"}],"wp:term":[{"taxonomy":"category","embeddable":true,"href":"https:\/\/www.italiaeconomiaonline.it\/web\/wp-json\/wp\/v2\/categories?post=3407"},{"taxonomy":"post_tag","embeddable":true,"href":"https:\/\/www.italiaeconomiaonline.it\/web\/wp-json\/wp\/v2\/tags?post=3407"}],"curies":[{"name":"wp","href":"https:\/\/api.w.org\/{rel}","templated":true}]}}