{"id":3443,"date":"2020-06-22T15:13:05","date_gmt":"2020-06-22T13:13:05","guid":{"rendered":"http:\/\/www.italiaeconomiaonline.it\/web\/?p=3443"},"modified":"2020-06-22T15:15:06","modified_gmt":"2020-06-22T13:15:06","slug":"anitec-assinform-presentato-il-rapporto-il-digitale-in-italia-2020","status":"publish","type":"post","link":"https:\/\/www.italiaeconomiaonline.it\/web\/anitec-assinform-presentato-il-rapporto-il-digitale-in-italia-2020\/","title":{"rendered":"Anitec-Assinform: presentato il rapporto Il Digitale in Italia 2020"},"content":{"rendered":"<p><em><span class=\"dropcap dropcap3\">S<\/span>ino a tre mesi fa contavamo di presentare un andamento complessivo del mercato digitale italiano sostanzialmente in linea con le previsioni. In crescita del 2,1% per il 2019, e atteso crescere anche di un punto in pi\u00f9 nel 2020, a conferma di un moderato progresso nella digitalizzazione di imprese, amministrazioni pubbliche e famiglie<\/em>.<\/p>\n<p><em>Poi \u00e8 arrivata l\u2019emergenza sanitaria a stravolgere tutto, con la prospettiva di un Pil 2020 in calo di un pesantissimo 8-9%. Il mercato dell\u2019ICT nel 2020 limiter\u00e0 il calo al 3,1% per recuperare nel 2021, per la capacit\u00e0 del digitale di dare ossigeno all\u2019economia nelle fasi pi\u00f9 difficili, la sua anticiclicit\u00e0 e la sua vocazione a sostenere una ripartenza che sar\u00f2 lunga. Sono aspetti che invocano visioni e politiche adeguate per il digitale, e soprattutto concretezza, anche in vista del sostegno dell\u2019Europa.\u201d \u2013 <\/em><\/p>\n<p>Questo il primo commento di <strong>Marco Gay, Presidente di Anitec-Assinform,<\/strong> l\u2019Associazione di Confindustria che raggruppa le principali aziende dell\u2019ICT, alla presentazione del rapporto annuale Il Digitale in Italia, realizzato con la collaborazione di NetConsulting cube.<\/p>\n<p><em>\u201cIl 2019 non va dimenticato. Ci ha consegnato un Paese ancora in ritardo nell\u2019innovazione digitale, ma pur sempre in progresso e con una dotazione di sistemi, reti e servizi che ha permesso di attenuare gli effetti del lockdown \u2013 <\/em>ha continuato Gay.<\/p>\n<p>Nel 2019 il mercato digitale italiano \u00e8 cresciuto del 2,1% a 71,9 miliardi di euro (71.932 milioni), proseguendo la crescita, anche se a un tasso leggermente inferiore rispetto all\u2019anno precedente per effetto della pressione sulle tariffe dei servizi di rete. In tutti gli altri comparti la progressione \u00e8 risultata netta e diffusa: Servizi ICT a 12.302 milioni (+5,8%); Software e Soluzioni ICT a 7.694 milioni (+7,8%); Dispositivi e Sistemi a 19.125 milioni (+1,7%), mentre i Contenuti Digitali e Digital Advertising (12.093 milioni, +8,4%) hanno mantenuto un andamento sostenuto.<\/p>\n<p>Ancora nel 2019, si \u00e8 confermato il ruolo trainante delle componenti pi\u00f9 innovative (IoT, Cybersecurity, Big Data, Piattaforme per la gestione Web, Mobile business, e altro ancora) dette Digital Enabler.\u00a0 Nell\u2019insieme sono cresciute con tassi a due cifre e hanno visto progredire la loro quota sull\u2019intero mercato digitale al 19,5%\u00a0 dal 13,4% del 2018.<\/p>\n<p><em>\u201cSono questi i fatti che poi, nei primi mesi del 2020, hanno permesso il lavoro a distanza di milioni di addetti, la continuit\u00e0 delle attivit\u00e0 nelle imprese che pi\u00f9 hanno investito nel digitale, l\u2019accesso all\u2019informazione, la salvaguardia di servizi pubblici essenziali, dalla sanit\u00e0 sino alla scuola da remoto. Ci\u00f2 dovrebbe essere all\u2019evidenza di chi, proprio in questi giorni, sta affinando il quadro dei provvedimenti per il rilancio, e invoca la progettualit\u00e0 necessaria ad accedere ai fondi straordinari dell\u2019Unione Europea. Perch\u00e9 il digitale \u00e8 centrale in una strategia d\u2019intervento che vada oltre il contingente e dia basi solide alla ripartenza, agendo da moltiplicatore. Oggi, non basta accontentarsi della sua maggiore capacit\u00e0 di resistere in un momento difficile, e men che meno di farne il belletto per riveicolare approcci lenti e conservativi \u2013<\/em> ha aggiunto Gay.<\/p>\n<p>Nel 2020 le dinamiche del mercato digitale passeranno al segno meno (Servizi ICT -3,7%,\u00a0 Software e Soluzioni ICT -1,1%, Dispositivi e Sistemi -3,5%, Servizi di Rete -3,9%, Contenuti Digitali e Digital Advertising -1,5%) ma mostreranno una resilienza maggiore rispetto a quasi tutti gli altri mercati, mentre continueranno a crescere a tassi a due cifre le componenti pi\u00f9 innovative, a partire dal Cloud, dalla Cybersecurity, dall\u2019IoT e dalle piattaforme di lavoro collaborative e da remoto (smartworking incluso).<\/p>\n<p><em>\u201cLa globalizzazione si \u00e8 manifestata in tutte le sue componenti, anche di rischio, sollecitando una progettualit\u00e0-paese che gi\u00e0 si imponeva in condizioni di normalit\u00e0 per ricuperare efficienza. La necessit\u00f2 di assicurare liquidit\u00e0 alle imprese \u00e8 prioritaria in questi mesi, ed \u00e8 essenziale che l\u2019erogazione dei crediti recuperi in toto i ritardi; e ancora, che tutti i provvedimenti varati trovino effettiva attuazione. Ma non basta\u201d <\/em>\u2013 ha precisato Gay<\/p>\n<p><em>\u201cLa ripartenza sar\u00e0 solo un fuoco di paglia fondato sul debito se l\u2019aiuto emergenziale non lascer\u00e0 progressivamente spazio a una politica di ricostruzione fondata sull\u2019investimento in eccellenze produttive e di servizio, capaci di creare valore. Queste sono le stesse condizioni poste dalla UE per accedere a fondi straordinari che, se approvati in toto, renderanno disponibili al nostro\u00a0 Paese 172 miliardi di euro, tra prestiti e contributi a fondo perduto, per investimenti. E il digitale \u00e8 essenziale per questo cambio di passo. Passo che \u00e8 comunque alla base del recupero della fiducia a investire nelle imprese di tutti i settori e nello stesso comparto ICT; e che \u00e8 essenziale per dare impulso alla digitalizzazione della PA e della Sanit\u00e0, accelerare lo sviluppo delle infrastrutture a banda ultralarga fisse e mobili, sostenere le startup innovative e ammodernare l\u2019istruzione, anche per colmare il gap di competenze digitali. Mai come oggi appare strategico e urgente dotarsi di una politica digitale all\u2019altezza dei tempi, e attuarla.\u201d\u00a0 \u2013 <\/em>ha concluso Gay.<\/p>\n<p>Anitec-Assinform, anche tenendo conto della recente evoluzione legislativa, ha individuato pi\u00f9 assi di intervento per una rinnovata politica digitale, sia sul fronte della domanda digitale che dello stesso settore ICT.<\/p>\n<p>Sul fronte della domanda si tratta di dare:<\/p>\n<ul>\n<li><em>alle imprese di tutti i settori la possibilit\u00e0 di non rallentare i processi di trasformazione digitale<\/em> o di avviarli, rafforzando stabilmente i fondi d\u2019incentivazione e allungando i tempi di crediti di imposta, ammortamenti e scadenze di rimborso dei finanziamenti;<\/li>\n<li><em>alle infrastrutture a banda ultra-larga nuova spinta realizzativa, <\/em>semplificando gli iter autorizzativi, quindi lanciando i nuovi bandi per le aree grigie e attivando le incentivazioni d\u2019utenza a famiglie, PMI e centri per l&#8217;impiego, tutte cose gi\u00e0 cofinanziate da fondi UE;<\/li>\n<li><em>alla PA la possibilit\u00e0 di contare su gare di minor complessit\u00e0 e durata<\/em>, e su risorse e progettualit\u00e0 utili a ricuperare i ritardi di interoperabilit\u00e0 tra Amministrazioni;<\/li>\n<li><em>alla scuola strategie, infrastrutture e competenze specifiche alla didattica a distanza;<\/em><\/li>\n<li><em>alla sanit\u00e0 spinta alla digitalizzazione delle in aree chiave, <\/em>dai grandi database per la prevenzione, alla diffusione in tutte le regioni del Fascicolo Sanitario Elettronico, all\u2019interoperabilit\u00e0 dei sistemi.<\/li>\n<\/ul>\n<p>Sul fronte dell\u2019offerta, e cio\u00e8 dello stesso settore ICT, si tratta di:<\/p>\n<ul>\n<li><em>dare stabilit\u00e0 nel tempo agli incentivi alla R&amp;S introdotti pi\u00f9 di recente e di concentrarli <\/em>sugli ambiti a maggiore potenzialit\u00e0, privilegiando le possibilit\u00e0 di industrializzazione e\u00a0 identificando poli e atenei su cui far leva;<\/li>\n<li><em>dare attuazione e continuit\u00e0 al rinnovato supporto alle start-up hi-tech &#8211; <\/em>con particolare riferimento al Fondo Innovazione, Fondo centrale di garanzia ad esse riservato, alla\u00a0 defiscalizzazione chi vi investe &#8211; e di\u00a0 ampliare la detraibilit\u00e0 delle perdite di esercizio iniziali;<\/li>\n<li><em>superare un gap di competenze che interessa migliaia di posizioni<\/em> e che limita le potenzialit\u00e0 del settore, intervenendo sul sistema formativo attraverso l\u2019aggiornamento dei percorsi di studio, la valutazione delle performance degli atenei, la costante promozione dei percorsi di studio ICT a livello di laurea e Istituti Tecnici Superiori.<\/li>\n<\/ul>\n","protected":false},"excerpt":{"rendered":"<p>Sino a tre mesi fa contavamo di presentare un andamento complessivo del mercato digitale italiano sostanzialmente in linea con le previsioni. In crescita del 2,1% per il 2019, e atteso crescere anche di un punto in pi\u00f9 nel 2020, a conferma di un moderato progresso nella digitalizzazione di imprese, amministrazioni pubbliche e famiglie. Poi \u00e8 [&hellip;]<\/p>\n","protected":false},"author":1,"featured_media":3444,"comment_status":"closed","ping_status":"open","sticky":false,"template":"","format":"standard","meta":{"footnotes":""},"categories":[309],"tags":[1056,1055,1052,1058,137,790,1057,1054,1053],"yoast_head":"<!-- This site is optimized with the Yoast SEO plugin v22.2 - https:\/\/yoast.com\/wordpress\/plugins\/seo\/ -->\n<title>Anitec-Assinform: presentato il rapporto Il Digitale in Italia 2020 -<\/title>\n<meta name=\"robots\" content=\"index, follow, max-snippet:-1, max-image-preview:large, max-video-preview:-1\" \/>\n<link rel=\"canonical\" href=\"https:\/\/www.italiaeconomiaonline.it\/web\/anitec-assinform-presentato-il-rapporto-il-digitale-in-italia-2020\/\" \/>\n<meta property=\"og:locale\" content=\"it_IT\" \/>\n<meta property=\"og:type\" content=\"article\" \/>\n<meta property=\"og:title\" content=\"Anitec-Assinform: presentato il rapporto Il Digitale in Italia 2020 -\" \/>\n<meta property=\"og:description\" content=\"Sino a tre mesi fa contavamo di presentare un andamento complessivo del mercato digitale italiano sostanzialmente in linea con le previsioni. In crescita del 2,1% per il 2019, e atteso crescere anche di un punto in pi\u00f9 nel 2020, a conferma di un moderato progresso nella digitalizzazione di imprese, amministrazioni pubbliche e famiglie. Poi \u00e8 [&hellip;]\" \/>\n<meta property=\"og:url\" content=\"https:\/\/www.italiaeconomiaonline.it\/web\/anitec-assinform-presentato-il-rapporto-il-digitale-in-italia-2020\/\" \/>\n<meta property=\"og:site_name\" content=\"ItaliaEconomiaOnline\" \/>\n<meta property=\"article:published_time\" content=\"2020-06-22T13:13:05+00:00\" \/>\n<meta property=\"article:modified_time\" content=\"2020-06-22T13:15:06+00:00\" \/>\n<meta property=\"og:image\" content=\"https:\/\/www.italiaeconomiaonline.it\/web\/wp-content\/uploads\/2020\/06\/Schermata-2020-06-22-alle-15.11.50.png\" \/>\n\t<meta property=\"og:image:width\" content=\"1236\" \/>\n\t<meta property=\"og:image:height\" content=\"644\" \/>\n\t<meta property=\"og:image:type\" content=\"image\/png\" \/>\n<meta name=\"author\" content=\"ladyitaliaeconomia\" \/>\n<meta name=\"twitter:card\" content=\"summary_large_image\" \/>\n<meta name=\"twitter:label1\" content=\"Scritto da\" \/>\n\t<meta name=\"twitter:data1\" content=\"ladyitaliaeconomia\" \/>\n\t<meta name=\"twitter:label2\" content=\"Tempo di lettura stimato\" \/>\n\t<meta name=\"twitter:data2\" content=\"6 minuti\" \/>\n<script type=\"application\/ld+json\" class=\"yoast-schema-graph\">{\"@context\":\"https:\/\/schema.org\",\"@graph\":[{\"@type\":\"WebPage\",\"@id\":\"https:\/\/www.italiaeconomiaonline.it\/web\/anitec-assinform-presentato-il-rapporto-il-digitale-in-italia-2020\/\",\"url\":\"https:\/\/www.italiaeconomiaonline.it\/web\/anitec-assinform-presentato-il-rapporto-il-digitale-in-italia-2020\/\",\"name\":\"Anitec-Assinform: presentato il rapporto Il Digitale in Italia 2020 -\",\"isPartOf\":{\"@id\":\"https:\/\/www.italiaeconomiaonline.it\/web\/#website\"},\"primaryImageOfPage\":{\"@id\":\"https:\/\/www.italiaeconomiaonline.it\/web\/anitec-assinform-presentato-il-rapporto-il-digitale-in-italia-2020\/#primaryimage\"},\"image\":{\"@id\":\"https:\/\/www.italiaeconomiaonline.it\/web\/anitec-assinform-presentato-il-rapporto-il-digitale-in-italia-2020\/#primaryimage\"},\"thumbnailUrl\":\"https:\/\/www.italiaeconomiaonline.it\/web\/wp-content\/uploads\/2020\/06\/Schermata-2020-06-22-alle-15.11.50.png\",\"datePublished\":\"2020-06-22T13:13:05+00:00\",\"dateModified\":\"2020-06-22T13:15:06+00:00\",\"author\":{\"@id\":\"https:\/\/www.italiaeconomiaonline.it\/web\/#\/schema\/person\/909a49cce752523b020fbc37d5ab1c31\"},\"breadcrumb\":{\"@id\":\"https:\/\/www.italiaeconomiaonline.it\/web\/anitec-assinform-presentato-il-rapporto-il-digitale-in-italia-2020\/#breadcrumb\"},\"inLanguage\":\"it-IT\",\"potentialAction\":[{\"@type\":\"ReadAction\",\"target\":[\"https:\/\/www.italiaeconomiaonline.it\/web\/anitec-assinform-presentato-il-rapporto-il-digitale-in-italia-2020\/\"]}]},{\"@type\":\"ImageObject\",\"inLanguage\":\"it-IT\",\"@id\":\"https:\/\/www.italiaeconomiaonline.it\/web\/anitec-assinform-presentato-il-rapporto-il-digitale-in-italia-2020\/#primaryimage\",\"url\":\"https:\/\/www.italiaeconomiaonline.it\/web\/wp-content\/uploads\/2020\/06\/Schermata-2020-06-22-alle-15.11.50.png\",\"contentUrl\":\"https:\/\/www.italiaeconomiaonline.it\/web\/wp-content\/uploads\/2020\/06\/Schermata-2020-06-22-alle-15.11.50.png\",\"width\":1236,\"height\":644,\"caption\":\"Marco Gay\"},{\"@type\":\"BreadcrumbList\",\"@id\":\"https:\/\/www.italiaeconomiaonline.it\/web\/anitec-assinform-presentato-il-rapporto-il-digitale-in-italia-2020\/#breadcrumb\",\"itemListElement\":[{\"@type\":\"ListItem\",\"position\":1,\"name\":\"Home\",\"item\":\"https:\/\/www.italiaeconomiaonline.it\/web\/\"},{\"@type\":\"ListItem\",\"position\":2,\"name\":\"Anitec-Assinform: presentato il rapporto Il Digitale in Italia 2020\"}]},{\"@type\":\"WebSite\",\"@id\":\"https:\/\/www.italiaeconomiaonline.it\/web\/#website\",\"url\":\"https:\/\/www.italiaeconomiaonline.it\/web\/\",\"name\":\"ItaliaEconomiaOnline\",\"description\":\"Quotidiano Economico Online\",\"potentialAction\":[{\"@type\":\"SearchAction\",\"target\":{\"@type\":\"EntryPoint\",\"urlTemplate\":\"https:\/\/www.italiaeconomiaonline.it\/web\/?s={search_term_string}\"},\"query-input\":\"required name=search_term_string\"}],\"inLanguage\":\"it-IT\"},{\"@type\":\"Person\",\"@id\":\"https:\/\/www.italiaeconomiaonline.it\/web\/#\/schema\/person\/909a49cce752523b020fbc37d5ab1c31\",\"name\":\"ladyitaliaeconomia\",\"image\":{\"@type\":\"ImageObject\",\"inLanguage\":\"it-IT\",\"@id\":\"https:\/\/www.italiaeconomiaonline.it\/web\/#\/schema\/person\/image\/\",\"url\":\"https:\/\/secure.gravatar.com\/avatar\/cedca10ce7416a579b9fa6bce9c0a8f2?s=96&d=mm&r=g\",\"contentUrl\":\"https:\/\/secure.gravatar.com\/avatar\/cedca10ce7416a579b9fa6bce9c0a8f2?s=96&d=mm&r=g\",\"caption\":\"ladyitaliaeconomia\"},\"url\":\"https:\/\/www.italiaeconomiaonline.it\/web\/author\/ladyitaliaeconomia\/\"}]}<\/script>\n<!-- \/ Yoast SEO plugin. -->","yoast_head_json":{"title":"Anitec-Assinform: presentato il rapporto Il Digitale in Italia 2020 -","robots":{"index":"index","follow":"follow","max-snippet":"max-snippet:-1","max-image-preview":"max-image-preview:large","max-video-preview":"max-video-preview:-1"},"canonical":"https:\/\/www.italiaeconomiaonline.it\/web\/anitec-assinform-presentato-il-rapporto-il-digitale-in-italia-2020\/","og_locale":"it_IT","og_type":"article","og_title":"Anitec-Assinform: presentato il rapporto Il Digitale in Italia 2020 -","og_description":"Sino a tre mesi fa contavamo di presentare un andamento complessivo del mercato digitale italiano sostanzialmente in linea con le previsioni. In crescita del 2,1% per il 2019, e atteso crescere anche di un punto in pi\u00f9 nel 2020, a conferma di un moderato progresso nella digitalizzazione di imprese, amministrazioni pubbliche e famiglie. Poi \u00e8 [&hellip;]","og_url":"https:\/\/www.italiaeconomiaonline.it\/web\/anitec-assinform-presentato-il-rapporto-il-digitale-in-italia-2020\/","og_site_name":"ItaliaEconomiaOnline","article_published_time":"2020-06-22T13:13:05+00:00","article_modified_time":"2020-06-22T13:15:06+00:00","og_image":[{"width":1236,"height":644,"url":"https:\/\/www.italiaeconomiaonline.it\/web\/wp-content\/uploads\/2020\/06\/Schermata-2020-06-22-alle-15.11.50.png","type":"image\/png"}],"author":"ladyitaliaeconomia","twitter_card":"summary_large_image","twitter_misc":{"Scritto da":"ladyitaliaeconomia","Tempo di lettura stimato":"6 minuti"},"schema":{"@context":"https:\/\/schema.org","@graph":[{"@type":"WebPage","@id":"https:\/\/www.italiaeconomiaonline.it\/web\/anitec-assinform-presentato-il-rapporto-il-digitale-in-italia-2020\/","url":"https:\/\/www.italiaeconomiaonline.it\/web\/anitec-assinform-presentato-il-rapporto-il-digitale-in-italia-2020\/","name":"Anitec-Assinform: presentato il rapporto Il Digitale in Italia 2020 -","isPartOf":{"@id":"https:\/\/www.italiaeconomiaonline.it\/web\/#website"},"primaryImageOfPage":{"@id":"https:\/\/www.italiaeconomiaonline.it\/web\/anitec-assinform-presentato-il-rapporto-il-digitale-in-italia-2020\/#primaryimage"},"image":{"@id":"https:\/\/www.italiaeconomiaonline.it\/web\/anitec-assinform-presentato-il-rapporto-il-digitale-in-italia-2020\/#primaryimage"},"thumbnailUrl":"https:\/\/www.italiaeconomiaonline.it\/web\/wp-content\/uploads\/2020\/06\/Schermata-2020-06-22-alle-15.11.50.png","datePublished":"2020-06-22T13:13:05+00:00","dateModified":"2020-06-22T13:15:06+00:00","author":{"@id":"https:\/\/www.italiaeconomiaonline.it\/web\/#\/schema\/person\/909a49cce752523b020fbc37d5ab1c31"},"breadcrumb":{"@id":"https:\/\/www.italiaeconomiaonline.it\/web\/anitec-assinform-presentato-il-rapporto-il-digitale-in-italia-2020\/#breadcrumb"},"inLanguage":"it-IT","potentialAction":[{"@type":"ReadAction","target":["https:\/\/www.italiaeconomiaonline.it\/web\/anitec-assinform-presentato-il-rapporto-il-digitale-in-italia-2020\/"]}]},{"@type":"ImageObject","inLanguage":"it-IT","@id":"https:\/\/www.italiaeconomiaonline.it\/web\/anitec-assinform-presentato-il-rapporto-il-digitale-in-italia-2020\/#primaryimage","url":"https:\/\/www.italiaeconomiaonline.it\/web\/wp-content\/uploads\/2020\/06\/Schermata-2020-06-22-alle-15.11.50.png","contentUrl":"https:\/\/www.italiaeconomiaonline.it\/web\/wp-content\/uploads\/2020\/06\/Schermata-2020-06-22-alle-15.11.50.png","width":1236,"height":644,"caption":"Marco Gay"},{"@type":"BreadcrumbList","@id":"https:\/\/www.italiaeconomiaonline.it\/web\/anitec-assinform-presentato-il-rapporto-il-digitale-in-italia-2020\/#breadcrumb","itemListElement":[{"@type":"ListItem","position":1,"name":"Home","item":"https:\/\/www.italiaeconomiaonline.it\/web\/"},{"@type":"ListItem","position":2,"name":"Anitec-Assinform: presentato il rapporto Il Digitale in Italia 2020"}]},{"@type":"WebSite","@id":"https:\/\/www.italiaeconomiaonline.it\/web\/#website","url":"https:\/\/www.italiaeconomiaonline.it\/web\/","name":"ItaliaEconomiaOnline","description":"Quotidiano Economico Online","potentialAction":[{"@type":"SearchAction","target":{"@type":"EntryPoint","urlTemplate":"https:\/\/www.italiaeconomiaonline.it\/web\/?s={search_term_string}"},"query-input":"required name=search_term_string"}],"inLanguage":"it-IT"},{"@type":"Person","@id":"https:\/\/www.italiaeconomiaonline.it\/web\/#\/schema\/person\/909a49cce752523b020fbc37d5ab1c31","name":"ladyitaliaeconomia","image":{"@type":"ImageObject","inLanguage":"it-IT","@id":"https:\/\/www.italiaeconomiaonline.it\/web\/#\/schema\/person\/image\/","url":"https:\/\/secure.gravatar.com\/avatar\/cedca10ce7416a579b9fa6bce9c0a8f2?s=96&d=mm&r=g","contentUrl":"https:\/\/secure.gravatar.com\/avatar\/cedca10ce7416a579b9fa6bce9c0a8f2?s=96&d=mm&r=g","caption":"ladyitaliaeconomia"},"url":"https:\/\/www.italiaeconomiaonline.it\/web\/author\/ladyitaliaeconomia\/"}]}},"_links":{"self":[{"href":"https:\/\/www.italiaeconomiaonline.it\/web\/wp-json\/wp\/v2\/posts\/3443"}],"collection":[{"href":"https:\/\/www.italiaeconomiaonline.it\/web\/wp-json\/wp\/v2\/posts"}],"about":[{"href":"https:\/\/www.italiaeconomiaonline.it\/web\/wp-json\/wp\/v2\/types\/post"}],"author":[{"embeddable":true,"href":"https:\/\/www.italiaeconomiaonline.it\/web\/wp-json\/wp\/v2\/users\/1"}],"replies":[{"embeddable":true,"href":"https:\/\/www.italiaeconomiaonline.it\/web\/wp-json\/wp\/v2\/comments?post=3443"}],"version-history":[{"count":1,"href":"https:\/\/www.italiaeconomiaonline.it\/web\/wp-json\/wp\/v2\/posts\/3443\/revisions"}],"predecessor-version":[{"id":3445,"href":"https:\/\/www.italiaeconomiaonline.it\/web\/wp-json\/wp\/v2\/posts\/3443\/revisions\/3445"}],"wp:featuredmedia":[{"embeddable":true,"href":"https:\/\/www.italiaeconomiaonline.it\/web\/wp-json\/wp\/v2\/media\/3444"}],"wp:attachment":[{"href":"https:\/\/www.italiaeconomiaonline.it\/web\/wp-json\/wp\/v2\/media?parent=3443"}],"wp:term":[{"taxonomy":"category","embeddable":true,"href":"https:\/\/www.italiaeconomiaonline.it\/web\/wp-json\/wp\/v2\/categories?post=3443"},{"taxonomy":"post_tag","embeddable":true,"href":"https:\/\/www.italiaeconomiaonline.it\/web\/wp-json\/wp\/v2\/tags?post=3443"}],"curies":[{"name":"wp","href":"https:\/\/api.w.org\/{rel}","templated":true}]}}