{"id":3476,"date":"2020-06-25T09:55:56","date_gmt":"2020-06-25T07:55:56","guid":{"rendered":"http:\/\/www.italiaeconomiaonline.it\/web\/?p=3476"},"modified":"2020-06-25T09:55:56","modified_gmt":"2020-06-25T07:55:56","slug":"corte-dei-conti-giansanti-semplificazione-priorita-per-il-paese","status":"publish","type":"post","link":"https:\/\/www.italiaeconomiaonline.it\/web\/corte-dei-conti-giansanti-semplificazione-priorita-per-il-paese\/","title":{"rendered":"Corte dei Conti, Giansanti: semplificazione priorit\u00e0 per il Paese"},"content":{"rendered":"<p><span class=\"dropcap dropcap3\">C<\/span>i auguriamo che il decreto sulla semplificazione annunciato dal governo consenta di fare reali e sostanziali passi in avanti verso l\u2019efficienza amministrativa a tutti i livelli. A riguardo, sosteniamo l\u2019intervento odierno della Corte dei Conti che sollecita una riorganizzazione pi\u00f9 efficiente della macchina amministrativa e dei servizi fondamentali da garantire alla cittadinanza\u201d.<\/p>\n<p>Il presidente di Confagricoltura, Massimiliano Giansanti, commenta cos\u00ec il passaggio della relazione della Corte dei Conti inerente la necessit\u00e0 di un drastico taglio alla burocrazia.<\/p>\n<p>\u201cLa semplificazione \u00e8 una delle priorit\u00e0 improcrastinabili per il nostro Paese, ancora di pi\u00f9 oggi. Come Confagricoltura abbiamo avanzato alcune proposte normative al ministro delle Politiche Agricole per alleggerire il peso burocratico nel settore primario\u201d.<\/p>\n<p>\u201cIn un Paese che vuole essere all\u2019avanguardia, lo abbiamo anche ribadito al premier Conte agli Stati Generali dell\u2019Economia, i ritardi bloccano l\u2019erogazione di provvedimenti attesi da migliaia di cittadini e imprese in difficolt\u00e0 e impediscono, di fatto, la ripresa\u201d.<\/p>\n<p>\u201cNelle prossime settimane &#8211; conclude Giansanti \u2013 Confagricoltura riprender\u00e0 il lavoro su questo argomento, avviato insieme alle istituzioni e agli stakeholders a Villa Blanc nel mese di gennaio, prima dell\u2019emergenza Coronavirus\u201d.<\/p>\n","protected":false},"excerpt":{"rendered":"<p>Ci auguriamo che il decreto sulla semplificazione annunciato dal governo consenta di fare reali e sostanziali passi in avanti verso l\u2019efficienza amministrativa a tutti i livelli. A riguardo, sosteniamo l\u2019intervento odierno della Corte dei Conti che sollecita una riorganizzazione pi\u00f9 efficiente della macchina amministrativa e dei servizi fondamentali da garantire alla cittadinanza\u201d. Il presidente di [&hellip;]<\/p>\n","protected":false},"author":1,"featured_media":177,"comment_status":"closed","ping_status":"open","sticky":false,"template":"","format":"standard","meta":{"footnotes":""},"categories":[537],"tags":[20,877,1067,59],"yoast_head":"<!-- This site is optimized with the Yoast SEO plugin v22.2 - https:\/\/yoast.com\/wordpress\/plugins\/seo\/ -->\n<title>Corte dei Conti, Giansanti: semplificazione priorit\u00e0 per il Paese -<\/title>\n<meta name=\"robots\" content=\"index, follow, max-snippet:-1, max-image-preview:large, max-video-preview:-1\" \/>\n<link rel=\"canonical\" href=\"https:\/\/www.italiaeconomiaonline.it\/web\/corte-dei-conti-giansanti-semplificazione-priorita-per-il-paese\/\" \/>\n<meta property=\"og:locale\" content=\"it_IT\" \/>\n<meta property=\"og:type\" content=\"article\" \/>\n<meta property=\"og:title\" content=\"Corte dei Conti, Giansanti: semplificazione priorit\u00e0 per il Paese -\" \/>\n<meta property=\"og:description\" content=\"Ci auguriamo che il decreto sulla semplificazione annunciato dal governo consenta di fare reali e sostanziali passi in avanti verso l\u2019efficienza amministrativa a tutti i livelli. A riguardo, sosteniamo l\u2019intervento odierno della Corte dei Conti che sollecita una riorganizzazione pi\u00f9 efficiente della macchina amministrativa e dei servizi fondamentali da garantire alla cittadinanza\u201d. Il presidente di [&hellip;]\" \/>\n<meta property=\"og:url\" content=\"https:\/\/www.italiaeconomiaonline.it\/web\/corte-dei-conti-giansanti-semplificazione-priorita-per-il-paese\/\" \/>\n<meta property=\"og:site_name\" content=\"ItaliaEconomiaOnline\" \/>\n<meta property=\"article:published_time\" content=\"2020-06-25T07:55:56+00:00\" \/>\n<meta property=\"og:image\" content=\"https:\/\/www.italiaeconomiaonline.it\/web\/wp-content\/uploads\/2018\/07\/massimiliano-giansanti.jpg\" \/>\n\t<meta property=\"og:image:width\" content=\"626\" \/>\n\t<meta property=\"og:image:height\" content=\"512\" \/>\n\t<meta property=\"og:image:type\" content=\"image\/jpeg\" \/>\n<meta name=\"author\" content=\"ladyitaliaeconomia\" \/>\n<meta name=\"twitter:card\" content=\"summary_large_image\" \/>\n<meta name=\"twitter:label1\" content=\"Scritto da\" \/>\n\t<meta name=\"twitter:data1\" content=\"ladyitaliaeconomia\" \/>\n\t<meta name=\"twitter:label2\" content=\"Tempo di lettura stimato\" \/>\n\t<meta name=\"twitter:data2\" content=\"1 minuto\" \/>\n<script type=\"application\/ld+json\" class=\"yoast-schema-graph\">{\"@context\":\"https:\/\/schema.org\",\"@graph\":[{\"@type\":\"WebPage\",\"@id\":\"https:\/\/www.italiaeconomiaonline.it\/web\/corte-dei-conti-giansanti-semplificazione-priorita-per-il-paese\/\",\"url\":\"https:\/\/www.italiaeconomiaonline.it\/web\/corte-dei-conti-giansanti-semplificazione-priorita-per-il-paese\/\",\"name\":\"Corte dei Conti, Giansanti: semplificazione priorit\u00e0 per il Paese -\",\"isPartOf\":{\"@id\":\"https:\/\/www.italiaeconomiaonline.it\/web\/#website\"},\"primaryImageOfPage\":{\"@id\":\"https:\/\/www.italiaeconomiaonline.it\/web\/corte-dei-conti-giansanti-semplificazione-priorita-per-il-paese\/#primaryimage\"},\"image\":{\"@id\":\"https:\/\/www.italiaeconomiaonline.it\/web\/corte-dei-conti-giansanti-semplificazione-priorita-per-il-paese\/#primaryimage\"},\"thumbnailUrl\":\"https:\/\/www.italiaeconomiaonline.it\/web\/wp-content\/uploads\/2018\/07\/massimiliano-giansanti.jpg\",\"datePublished\":\"2020-06-25T07:55:56+00:00\",\"dateModified\":\"2020-06-25T07:55:56+00:00\",\"author\":{\"@id\":\"https:\/\/www.italiaeconomiaonline.it\/web\/#\/schema\/person\/909a49cce752523b020fbc37d5ab1c31\"},\"breadcrumb\":{\"@id\":\"https:\/\/www.italiaeconomiaonline.it\/web\/corte-dei-conti-giansanti-semplificazione-priorita-per-il-paese\/#breadcrumb\"},\"inLanguage\":\"it-IT\",\"potentialAction\":[{\"@type\":\"ReadAction\",\"target\":[\"https:\/\/www.italiaeconomiaonline.it\/web\/corte-dei-conti-giansanti-semplificazione-priorita-per-il-paese\/\"]}]},{\"@type\":\"ImageObject\",\"inLanguage\":\"it-IT\",\"@id\":\"https:\/\/www.italiaeconomiaonline.it\/web\/corte-dei-conti-giansanti-semplificazione-priorita-per-il-paese\/#primaryimage\",\"url\":\"https:\/\/www.italiaeconomiaonline.it\/web\/wp-content\/uploads\/2018\/07\/massimiliano-giansanti.jpg\",\"contentUrl\":\"https:\/\/www.italiaeconomiaonline.it\/web\/wp-content\/uploads\/2018\/07\/massimiliano-giansanti.jpg\",\"width\":626,\"height\":512,\"caption\":\"Massimiliano Giansanti\"},{\"@type\":\"BreadcrumbList\",\"@id\":\"https:\/\/www.italiaeconomiaonline.it\/web\/corte-dei-conti-giansanti-semplificazione-priorita-per-il-paese\/#breadcrumb\",\"itemListElement\":[{\"@type\":\"ListItem\",\"position\":1,\"name\":\"Home\",\"item\":\"https:\/\/www.italiaeconomiaonline.it\/web\/\"},{\"@type\":\"ListItem\",\"position\":2,\"name\":\"Corte dei Conti, Giansanti: semplificazione priorit\u00e0 per il Paese\"}]},{\"@type\":\"WebSite\",\"@id\":\"https:\/\/www.italiaeconomiaonline.it\/web\/#website\",\"url\":\"https:\/\/www.italiaeconomiaonline.it\/web\/\",\"name\":\"ItaliaEconomiaOnline\",\"description\":\"Quotidiano Economico Online\",\"potentialAction\":[{\"@type\":\"SearchAction\",\"target\":{\"@type\":\"EntryPoint\",\"urlTemplate\":\"https:\/\/www.italiaeconomiaonline.it\/web\/?s={search_term_string}\"},\"query-input\":\"required name=search_term_string\"}],\"inLanguage\":\"it-IT\"},{\"@type\":\"Person\",\"@id\":\"https:\/\/www.italiaeconomiaonline.it\/web\/#\/schema\/person\/909a49cce752523b020fbc37d5ab1c31\",\"name\":\"ladyitaliaeconomia\",\"image\":{\"@type\":\"ImageObject\",\"inLanguage\":\"it-IT\",\"@id\":\"https:\/\/www.italiaeconomiaonline.it\/web\/#\/schema\/person\/image\/\",\"url\":\"https:\/\/secure.gravatar.com\/avatar\/cedca10ce7416a579b9fa6bce9c0a8f2?s=96&d=mm&r=g\",\"contentUrl\":\"https:\/\/secure.gravatar.com\/avatar\/cedca10ce7416a579b9fa6bce9c0a8f2?s=96&d=mm&r=g\",\"caption\":\"ladyitaliaeconomia\"},\"url\":\"https:\/\/www.italiaeconomiaonline.it\/web\/author\/ladyitaliaeconomia\/\"}]}<\/script>\n<!-- \/ Yoast SEO plugin. -->","yoast_head_json":{"title":"Corte dei Conti, Giansanti: semplificazione priorit\u00e0 per il Paese -","robots":{"index":"index","follow":"follow","max-snippet":"max-snippet:-1","max-image-preview":"max-image-preview:large","max-video-preview":"max-video-preview:-1"},"canonical":"https:\/\/www.italiaeconomiaonline.it\/web\/corte-dei-conti-giansanti-semplificazione-priorita-per-il-paese\/","og_locale":"it_IT","og_type":"article","og_title":"Corte dei Conti, Giansanti: semplificazione priorit\u00e0 per il Paese -","og_description":"Ci auguriamo che il decreto sulla semplificazione annunciato dal governo consenta di fare reali e sostanziali passi in avanti verso l\u2019efficienza amministrativa a tutti i livelli. A riguardo, sosteniamo l\u2019intervento odierno della Corte dei Conti che sollecita una riorganizzazione pi\u00f9 efficiente della macchina amministrativa e dei servizi fondamentali da garantire alla cittadinanza\u201d. Il presidente di [&hellip;]","og_url":"https:\/\/www.italiaeconomiaonline.it\/web\/corte-dei-conti-giansanti-semplificazione-priorita-per-il-paese\/","og_site_name":"ItaliaEconomiaOnline","article_published_time":"2020-06-25T07:55:56+00:00","og_image":[{"width":626,"height":512,"url":"https:\/\/www.italiaeconomiaonline.it\/web\/wp-content\/uploads\/2018\/07\/massimiliano-giansanti.jpg","type":"image\/jpeg"}],"author":"ladyitaliaeconomia","twitter_card":"summary_large_image","twitter_misc":{"Scritto da":"ladyitaliaeconomia","Tempo di lettura stimato":"1 minuto"},"schema":{"@context":"https:\/\/schema.org","@graph":[{"@type":"WebPage","@id":"https:\/\/www.italiaeconomiaonline.it\/web\/corte-dei-conti-giansanti-semplificazione-priorita-per-il-paese\/","url":"https:\/\/www.italiaeconomiaonline.it\/web\/corte-dei-conti-giansanti-semplificazione-priorita-per-il-paese\/","name":"Corte dei Conti, Giansanti: semplificazione priorit\u00e0 per il Paese -","isPartOf":{"@id":"https:\/\/www.italiaeconomiaonline.it\/web\/#website"},"primaryImageOfPage":{"@id":"https:\/\/www.italiaeconomiaonline.it\/web\/corte-dei-conti-giansanti-semplificazione-priorita-per-il-paese\/#primaryimage"},"image":{"@id":"https:\/\/www.italiaeconomiaonline.it\/web\/corte-dei-conti-giansanti-semplificazione-priorita-per-il-paese\/#primaryimage"},"thumbnailUrl":"https:\/\/www.italiaeconomiaonline.it\/web\/wp-content\/uploads\/2018\/07\/massimiliano-giansanti.jpg","datePublished":"2020-06-25T07:55:56+00:00","dateModified":"2020-06-25T07:55:56+00:00","author":{"@id":"https:\/\/www.italiaeconomiaonline.it\/web\/#\/schema\/person\/909a49cce752523b020fbc37d5ab1c31"},"breadcrumb":{"@id":"https:\/\/www.italiaeconomiaonline.it\/web\/corte-dei-conti-giansanti-semplificazione-priorita-per-il-paese\/#breadcrumb"},"inLanguage":"it-IT","potentialAction":[{"@type":"ReadAction","target":["https:\/\/www.italiaeconomiaonline.it\/web\/corte-dei-conti-giansanti-semplificazione-priorita-per-il-paese\/"]}]},{"@type":"ImageObject","inLanguage":"it-IT","@id":"https:\/\/www.italiaeconomiaonline.it\/web\/corte-dei-conti-giansanti-semplificazione-priorita-per-il-paese\/#primaryimage","url":"https:\/\/www.italiaeconomiaonline.it\/web\/wp-content\/uploads\/2018\/07\/massimiliano-giansanti.jpg","contentUrl":"https:\/\/www.italiaeconomiaonline.it\/web\/wp-content\/uploads\/2018\/07\/massimiliano-giansanti.jpg","width":626,"height":512,"caption":"Massimiliano Giansanti"},{"@type":"BreadcrumbList","@id":"https:\/\/www.italiaeconomiaonline.it\/web\/corte-dei-conti-giansanti-semplificazione-priorita-per-il-paese\/#breadcrumb","itemListElement":[{"@type":"ListItem","position":1,"name":"Home","item":"https:\/\/www.italiaeconomiaonline.it\/web\/"},{"@type":"ListItem","position":2,"name":"Corte dei Conti, Giansanti: semplificazione priorit\u00e0 per il Paese"}]},{"@type":"WebSite","@id":"https:\/\/www.italiaeconomiaonline.it\/web\/#website","url":"https:\/\/www.italiaeconomiaonline.it\/web\/","name":"ItaliaEconomiaOnline","description":"Quotidiano Economico Online","potentialAction":[{"@type":"SearchAction","target":{"@type":"EntryPoint","urlTemplate":"https:\/\/www.italiaeconomiaonline.it\/web\/?s={search_term_string}"},"query-input":"required name=search_term_string"}],"inLanguage":"it-IT"},{"@type":"Person","@id":"https:\/\/www.italiaeconomiaonline.it\/web\/#\/schema\/person\/909a49cce752523b020fbc37d5ab1c31","name":"ladyitaliaeconomia","image":{"@type":"ImageObject","inLanguage":"it-IT","@id":"https:\/\/www.italiaeconomiaonline.it\/web\/#\/schema\/person\/image\/","url":"https:\/\/secure.gravatar.com\/avatar\/cedca10ce7416a579b9fa6bce9c0a8f2?s=96&d=mm&r=g","contentUrl":"https:\/\/secure.gravatar.com\/avatar\/cedca10ce7416a579b9fa6bce9c0a8f2?s=96&d=mm&r=g","caption":"ladyitaliaeconomia"},"url":"https:\/\/www.italiaeconomiaonline.it\/web\/author\/ladyitaliaeconomia\/"}]}},"_links":{"self":[{"href":"https:\/\/www.italiaeconomiaonline.it\/web\/wp-json\/wp\/v2\/posts\/3476"}],"collection":[{"href":"https:\/\/www.italiaeconomiaonline.it\/web\/wp-json\/wp\/v2\/posts"}],"about":[{"href":"https:\/\/www.italiaeconomiaonline.it\/web\/wp-json\/wp\/v2\/types\/post"}],"author":[{"embeddable":true,"href":"https:\/\/www.italiaeconomiaonline.it\/web\/wp-json\/wp\/v2\/users\/1"}],"replies":[{"embeddable":true,"href":"https:\/\/www.italiaeconomiaonline.it\/web\/wp-json\/wp\/v2\/comments?post=3476"}],"version-history":[{"count":1,"href":"https:\/\/www.italiaeconomiaonline.it\/web\/wp-json\/wp\/v2\/posts\/3476\/revisions"}],"predecessor-version":[{"id":3477,"href":"https:\/\/www.italiaeconomiaonline.it\/web\/wp-json\/wp\/v2\/posts\/3476\/revisions\/3477"}],"wp:featuredmedia":[{"embeddable":true,"href":"https:\/\/www.italiaeconomiaonline.it\/web\/wp-json\/wp\/v2\/media\/177"}],"wp:attachment":[{"href":"https:\/\/www.italiaeconomiaonline.it\/web\/wp-json\/wp\/v2\/media?parent=3476"}],"wp:term":[{"taxonomy":"category","embeddable":true,"href":"https:\/\/www.italiaeconomiaonline.it\/web\/wp-json\/wp\/v2\/categories?post=3476"},{"taxonomy":"post_tag","embeddable":true,"href":"https:\/\/www.italiaeconomiaonline.it\/web\/wp-json\/wp\/v2\/tags?post=3476"}],"curies":[{"name":"wp","href":"https:\/\/api.w.org\/{rel}","templated":true}]}}