{"id":3480,"date":"2020-06-25T11:55:50","date_gmt":"2020-06-25T09:55:50","guid":{"rendered":"http:\/\/www.italiaeconomiaonline.it\/web\/?p=3480"},"modified":"2020-06-25T11:55:50","modified_gmt":"2020-06-25T09:55:50","slug":"unioncamere-veneto-svizzera-le-opportunita-per-i-settori-vinicolo-e-agroalimentare","status":"publish","type":"post","link":"https:\/\/www.italiaeconomiaonline.it\/web\/unioncamere-veneto-svizzera-le-opportunita-per-i-settori-vinicolo-e-agroalimentare\/","title":{"rendered":"Unioncamere Veneto: Svizzera, le opportunit\u00e0 per i settori vinicolo e agroalimentare"},"content":{"rendered":"<p><span class=\"dropcap dropcap3\">L<\/span>a Svizzera \u00e8 il quarto mercato di destinazione delle esportazioni italiane, \u00e8 un mercato ad alto potere di acquisto e con forte interesse per il prodotto italiano autentico e di qualit\u00e0.<\/p>\n<p>Se \u00e8 vero che la crisi dovuta alla pandemia Covid-19 ha rallentato la domanda degli scorsi mesi a causa della chiusura forzata dei ristoranti, \u00e8 altrettanto vero che si \u00e8 verificato <strong>un aumento della richiesta dei prodotti di qualit\u00e0 e un aumento del business nel comparto della grande distribuzione<\/strong>.<\/p>\n<p>Italia e Svizzera sono due Paesi vicini e legati da tradizioni e passione per l&#8217;alta qualit\u00e0: due presupposti che stanno alla base di una cooperazione solida e di scambi commerciali fiorenti.<\/p>\n<p>Il seminario &#8211; <strong>in programma marted\u00ec 30 giugno ore 14.30<\/strong> &#8211; sar\u00e0 occasione di studio e approfondimento delle prospettive commerciali in Svizzera per il settore vinicolo e agroalimentare. A seguito del seminario, i relatori saranno a disposizione delle aziende venete partecipanti per incontri individuali, secondo un\u2019agenda prefissata di appuntamenti. Il numero degli appuntamenti \u00e8 limitato e pertanto verranno organizzati massimo 1 appuntamento ad azienda, in ordine di registrazione. Gli orari degli appuntamenti verranno comunicati successivamente.<\/p>\n<p>PROGRAMMA:<br \/>\nMarted\u00ec 30 giugno ore 14:30 WEBINAR<br \/>\n<strong>Indirizzi di saluto<br \/>\n<\/strong><em>Nuovo Centro Estero Veneto e Coldiretti Veneto<br \/>\n<\/em><strong>Introduzione al mercato agroalimentare svizzero<br \/>\n<\/strong><em>Fabio Franceschini, coordinatore area agroalimentare Camera di Commercio Italiana in Svizzera<br \/>\n<\/em><strong>Il mercato svizzero del food, presente e futuro<br \/>\n<\/strong><em>Simone Saccardi, Divina Food (comparto food)<br \/>\n<\/em><strong>Il mercato svizzero del vino, presente e futuro<br \/>\n<\/strong><em>Andreas Battistel, Sch\u00fcler Weine (comparto vino)<\/p>\n<p><\/em>ore 15:30-17:30 INCONTRI VIRTUALI CON GLI ESPERTI<br \/>\nFabio Franceschini, coordinatore area agroalimentare Camera di Commercio Italiana in Svizzera<br \/>\nSimone Saccardi, Divina Food (comparto food)<br \/>\nAndreas Battistel, Sch\u00fcler Weine (comparto vino)<\/p>\n<p>La partecipazione \u00e8 gratuita.<\/p>\n","protected":false},"excerpt":{"rendered":"<p>La Svizzera \u00e8 il quarto mercato di destinazione delle esportazioni italiane, \u00e8 un mercato ad alto potere di acquisto e con forte interesse per il prodotto italiano autentico e di qualit\u00e0. Se \u00e8 vero che la crisi dovuta alla pandemia Covid-19 ha rallentato la domanda degli scorsi mesi a causa della chiusura forzata dei ristoranti, [&hellip;]<\/p>\n","protected":false},"author":1,"featured_media":397,"comment_status":"closed","ping_status":"open","sticky":false,"template":"","format":"standard","meta":{"footnotes":""},"categories":[17],"tags":[379,1070,1069,1068],"yoast_head":"<!-- This site is optimized with the Yoast SEO plugin v22.2 - https:\/\/yoast.com\/wordpress\/plugins\/seo\/ -->\n<title>Unioncamere Veneto: Svizzera, le opportunit\u00e0 per i settori vinicolo e agroalimentare -<\/title>\n<meta name=\"robots\" content=\"index, follow, max-snippet:-1, max-image-preview:large, max-video-preview:-1\" \/>\n<link rel=\"canonical\" href=\"https:\/\/www.italiaeconomiaonline.it\/web\/unioncamere-veneto-svizzera-le-opportunita-per-i-settori-vinicolo-e-agroalimentare\/\" \/>\n<meta property=\"og:locale\" content=\"it_IT\" \/>\n<meta property=\"og:type\" content=\"article\" \/>\n<meta property=\"og:title\" content=\"Unioncamere Veneto: Svizzera, le opportunit\u00e0 per i settori vinicolo e agroalimentare -\" \/>\n<meta property=\"og:description\" content=\"La Svizzera \u00e8 il quarto mercato di destinazione delle esportazioni italiane, \u00e8 un mercato ad alto potere di acquisto e con forte interesse per il prodotto italiano autentico e di qualit\u00e0. Se \u00e8 vero che la crisi dovuta alla pandemia Covid-19 ha rallentato la domanda degli scorsi mesi a causa della chiusura forzata dei ristoranti, [&hellip;]\" \/>\n<meta property=\"og:url\" content=\"https:\/\/www.italiaeconomiaonline.it\/web\/unioncamere-veneto-svizzera-le-opportunita-per-i-settori-vinicolo-e-agroalimentare\/\" \/>\n<meta property=\"og:site_name\" content=\"ItaliaEconomiaOnline\" \/>\n<meta property=\"article:published_time\" content=\"2020-06-25T09:55:50+00:00\" \/>\n<meta property=\"og:image\" content=\"https:\/\/www.italiaeconomiaonline.it\/web\/wp-content\/uploads\/2019\/04\/vino.jpg\" \/>\n\t<meta property=\"og:image:width\" content=\"960\" \/>\n\t<meta property=\"og:image:height\" content=\"640\" \/>\n\t<meta property=\"og:image:type\" content=\"image\/jpeg\" \/>\n<meta name=\"author\" content=\"ladyitaliaeconomia\" \/>\n<meta name=\"twitter:card\" content=\"summary_large_image\" \/>\n<meta name=\"twitter:label1\" content=\"Scritto da\" \/>\n\t<meta name=\"twitter:data1\" content=\"ladyitaliaeconomia\" \/>\n\t<meta name=\"twitter:label2\" content=\"Tempo di lettura stimato\" \/>\n\t<meta name=\"twitter:data2\" content=\"1 minuto\" \/>\n<script type=\"application\/ld+json\" class=\"yoast-schema-graph\">{\"@context\":\"https:\/\/schema.org\",\"@graph\":[{\"@type\":\"WebPage\",\"@id\":\"https:\/\/www.italiaeconomiaonline.it\/web\/unioncamere-veneto-svizzera-le-opportunita-per-i-settori-vinicolo-e-agroalimentare\/\",\"url\":\"https:\/\/www.italiaeconomiaonline.it\/web\/unioncamere-veneto-svizzera-le-opportunita-per-i-settori-vinicolo-e-agroalimentare\/\",\"name\":\"Unioncamere Veneto: Svizzera, le opportunit\u00e0 per i settori vinicolo e agroalimentare -\",\"isPartOf\":{\"@id\":\"https:\/\/www.italiaeconomiaonline.it\/web\/#website\"},\"primaryImageOfPage\":{\"@id\":\"https:\/\/www.italiaeconomiaonline.it\/web\/unioncamere-veneto-svizzera-le-opportunita-per-i-settori-vinicolo-e-agroalimentare\/#primaryimage\"},\"image\":{\"@id\":\"https:\/\/www.italiaeconomiaonline.it\/web\/unioncamere-veneto-svizzera-le-opportunita-per-i-settori-vinicolo-e-agroalimentare\/#primaryimage\"},\"thumbnailUrl\":\"https:\/\/www.italiaeconomiaonline.it\/web\/wp-content\/uploads\/2019\/04\/vino.jpg\",\"datePublished\":\"2020-06-25T09:55:50+00:00\",\"dateModified\":\"2020-06-25T09:55:50+00:00\",\"author\":{\"@id\":\"https:\/\/www.italiaeconomiaonline.it\/web\/#\/schema\/person\/909a49cce752523b020fbc37d5ab1c31\"},\"breadcrumb\":{\"@id\":\"https:\/\/www.italiaeconomiaonline.it\/web\/unioncamere-veneto-svizzera-le-opportunita-per-i-settori-vinicolo-e-agroalimentare\/#breadcrumb\"},\"inLanguage\":\"it-IT\",\"potentialAction\":[{\"@type\":\"ReadAction\",\"target\":[\"https:\/\/www.italiaeconomiaonline.it\/web\/unioncamere-veneto-svizzera-le-opportunita-per-i-settori-vinicolo-e-agroalimentare\/\"]}]},{\"@type\":\"ImageObject\",\"inLanguage\":\"it-IT\",\"@id\":\"https:\/\/www.italiaeconomiaonline.it\/web\/unioncamere-veneto-svizzera-le-opportunita-per-i-settori-vinicolo-e-agroalimentare\/#primaryimage\",\"url\":\"https:\/\/www.italiaeconomiaonline.it\/web\/wp-content\/uploads\/2019\/04\/vino.jpg\",\"contentUrl\":\"https:\/\/www.italiaeconomiaonline.it\/web\/wp-content\/uploads\/2019\/04\/vino.jpg\",\"width\":960,\"height\":640},{\"@type\":\"BreadcrumbList\",\"@id\":\"https:\/\/www.italiaeconomiaonline.it\/web\/unioncamere-veneto-svizzera-le-opportunita-per-i-settori-vinicolo-e-agroalimentare\/#breadcrumb\",\"itemListElement\":[{\"@type\":\"ListItem\",\"position\":1,\"name\":\"Home\",\"item\":\"https:\/\/www.italiaeconomiaonline.it\/web\/\"},{\"@type\":\"ListItem\",\"position\":2,\"name\":\"Unioncamere Veneto: Svizzera, le opportunit\u00e0 per i settori vinicolo e agroalimentare\"}]},{\"@type\":\"WebSite\",\"@id\":\"https:\/\/www.italiaeconomiaonline.it\/web\/#website\",\"url\":\"https:\/\/www.italiaeconomiaonline.it\/web\/\",\"name\":\"ItaliaEconomiaOnline\",\"description\":\"Quotidiano Economico Online\",\"potentialAction\":[{\"@type\":\"SearchAction\",\"target\":{\"@type\":\"EntryPoint\",\"urlTemplate\":\"https:\/\/www.italiaeconomiaonline.it\/web\/?s={search_term_string}\"},\"query-input\":\"required name=search_term_string\"}],\"inLanguage\":\"it-IT\"},{\"@type\":\"Person\",\"@id\":\"https:\/\/www.italiaeconomiaonline.it\/web\/#\/schema\/person\/909a49cce752523b020fbc37d5ab1c31\",\"name\":\"ladyitaliaeconomia\",\"image\":{\"@type\":\"ImageObject\",\"inLanguage\":\"it-IT\",\"@id\":\"https:\/\/www.italiaeconomiaonline.it\/web\/#\/schema\/person\/image\/\",\"url\":\"https:\/\/secure.gravatar.com\/avatar\/cedca10ce7416a579b9fa6bce9c0a8f2?s=96&d=mm&r=g\",\"contentUrl\":\"https:\/\/secure.gravatar.com\/avatar\/cedca10ce7416a579b9fa6bce9c0a8f2?s=96&d=mm&r=g\",\"caption\":\"ladyitaliaeconomia\"},\"url\":\"https:\/\/www.italiaeconomiaonline.it\/web\/author\/ladyitaliaeconomia\/\"}]}<\/script>\n<!-- \/ Yoast SEO plugin. -->","yoast_head_json":{"title":"Unioncamere Veneto: Svizzera, le opportunit\u00e0 per i settori vinicolo e agroalimentare -","robots":{"index":"index","follow":"follow","max-snippet":"max-snippet:-1","max-image-preview":"max-image-preview:large","max-video-preview":"max-video-preview:-1"},"canonical":"https:\/\/www.italiaeconomiaonline.it\/web\/unioncamere-veneto-svizzera-le-opportunita-per-i-settori-vinicolo-e-agroalimentare\/","og_locale":"it_IT","og_type":"article","og_title":"Unioncamere Veneto: Svizzera, le opportunit\u00e0 per i settori vinicolo e agroalimentare -","og_description":"La Svizzera \u00e8 il quarto mercato di destinazione delle esportazioni italiane, \u00e8 un mercato ad alto potere di acquisto e con forte interesse per il prodotto italiano autentico e di qualit\u00e0. Se \u00e8 vero che la crisi dovuta alla pandemia Covid-19 ha rallentato la domanda degli scorsi mesi a causa della chiusura forzata dei ristoranti, [&hellip;]","og_url":"https:\/\/www.italiaeconomiaonline.it\/web\/unioncamere-veneto-svizzera-le-opportunita-per-i-settori-vinicolo-e-agroalimentare\/","og_site_name":"ItaliaEconomiaOnline","article_published_time":"2020-06-25T09:55:50+00:00","og_image":[{"width":960,"height":640,"url":"https:\/\/www.italiaeconomiaonline.it\/web\/wp-content\/uploads\/2019\/04\/vino.jpg","type":"image\/jpeg"}],"author":"ladyitaliaeconomia","twitter_card":"summary_large_image","twitter_misc":{"Scritto da":"ladyitaliaeconomia","Tempo di lettura stimato":"1 minuto"},"schema":{"@context":"https:\/\/schema.org","@graph":[{"@type":"WebPage","@id":"https:\/\/www.italiaeconomiaonline.it\/web\/unioncamere-veneto-svizzera-le-opportunita-per-i-settori-vinicolo-e-agroalimentare\/","url":"https:\/\/www.italiaeconomiaonline.it\/web\/unioncamere-veneto-svizzera-le-opportunita-per-i-settori-vinicolo-e-agroalimentare\/","name":"Unioncamere Veneto: Svizzera, le opportunit\u00e0 per i settori vinicolo e agroalimentare -","isPartOf":{"@id":"https:\/\/www.italiaeconomiaonline.it\/web\/#website"},"primaryImageOfPage":{"@id":"https:\/\/www.italiaeconomiaonline.it\/web\/unioncamere-veneto-svizzera-le-opportunita-per-i-settori-vinicolo-e-agroalimentare\/#primaryimage"},"image":{"@id":"https:\/\/www.italiaeconomiaonline.it\/web\/unioncamere-veneto-svizzera-le-opportunita-per-i-settori-vinicolo-e-agroalimentare\/#primaryimage"},"thumbnailUrl":"https:\/\/www.italiaeconomiaonline.it\/web\/wp-content\/uploads\/2019\/04\/vino.jpg","datePublished":"2020-06-25T09:55:50+00:00","dateModified":"2020-06-25T09:55:50+00:00","author":{"@id":"https:\/\/www.italiaeconomiaonline.it\/web\/#\/schema\/person\/909a49cce752523b020fbc37d5ab1c31"},"breadcrumb":{"@id":"https:\/\/www.italiaeconomiaonline.it\/web\/unioncamere-veneto-svizzera-le-opportunita-per-i-settori-vinicolo-e-agroalimentare\/#breadcrumb"},"inLanguage":"it-IT","potentialAction":[{"@type":"ReadAction","target":["https:\/\/www.italiaeconomiaonline.it\/web\/unioncamere-veneto-svizzera-le-opportunita-per-i-settori-vinicolo-e-agroalimentare\/"]}]},{"@type":"ImageObject","inLanguage":"it-IT","@id":"https:\/\/www.italiaeconomiaonline.it\/web\/unioncamere-veneto-svizzera-le-opportunita-per-i-settori-vinicolo-e-agroalimentare\/#primaryimage","url":"https:\/\/www.italiaeconomiaonline.it\/web\/wp-content\/uploads\/2019\/04\/vino.jpg","contentUrl":"https:\/\/www.italiaeconomiaonline.it\/web\/wp-content\/uploads\/2019\/04\/vino.jpg","width":960,"height":640},{"@type":"BreadcrumbList","@id":"https:\/\/www.italiaeconomiaonline.it\/web\/unioncamere-veneto-svizzera-le-opportunita-per-i-settori-vinicolo-e-agroalimentare\/#breadcrumb","itemListElement":[{"@type":"ListItem","position":1,"name":"Home","item":"https:\/\/www.italiaeconomiaonline.it\/web\/"},{"@type":"ListItem","position":2,"name":"Unioncamere Veneto: Svizzera, le opportunit\u00e0 per i settori vinicolo e agroalimentare"}]},{"@type":"WebSite","@id":"https:\/\/www.italiaeconomiaonline.it\/web\/#website","url":"https:\/\/www.italiaeconomiaonline.it\/web\/","name":"ItaliaEconomiaOnline","description":"Quotidiano Economico Online","potentialAction":[{"@type":"SearchAction","target":{"@type":"EntryPoint","urlTemplate":"https:\/\/www.italiaeconomiaonline.it\/web\/?s={search_term_string}"},"query-input":"required name=search_term_string"}],"inLanguage":"it-IT"},{"@type":"Person","@id":"https:\/\/www.italiaeconomiaonline.it\/web\/#\/schema\/person\/909a49cce752523b020fbc37d5ab1c31","name":"ladyitaliaeconomia","image":{"@type":"ImageObject","inLanguage":"it-IT","@id":"https:\/\/www.italiaeconomiaonline.it\/web\/#\/schema\/person\/image\/","url":"https:\/\/secure.gravatar.com\/avatar\/cedca10ce7416a579b9fa6bce9c0a8f2?s=96&d=mm&r=g","contentUrl":"https:\/\/secure.gravatar.com\/avatar\/cedca10ce7416a579b9fa6bce9c0a8f2?s=96&d=mm&r=g","caption":"ladyitaliaeconomia"},"url":"https:\/\/www.italiaeconomiaonline.it\/web\/author\/ladyitaliaeconomia\/"}]}},"_links":{"self":[{"href":"https:\/\/www.italiaeconomiaonline.it\/web\/wp-json\/wp\/v2\/posts\/3480"}],"collection":[{"href":"https:\/\/www.italiaeconomiaonline.it\/web\/wp-json\/wp\/v2\/posts"}],"about":[{"href":"https:\/\/www.italiaeconomiaonline.it\/web\/wp-json\/wp\/v2\/types\/post"}],"author":[{"embeddable":true,"href":"https:\/\/www.italiaeconomiaonline.it\/web\/wp-json\/wp\/v2\/users\/1"}],"replies":[{"embeddable":true,"href":"https:\/\/www.italiaeconomiaonline.it\/web\/wp-json\/wp\/v2\/comments?post=3480"}],"version-history":[{"count":1,"href":"https:\/\/www.italiaeconomiaonline.it\/web\/wp-json\/wp\/v2\/posts\/3480\/revisions"}],"predecessor-version":[{"id":3481,"href":"https:\/\/www.italiaeconomiaonline.it\/web\/wp-json\/wp\/v2\/posts\/3480\/revisions\/3481"}],"wp:featuredmedia":[{"embeddable":true,"href":"https:\/\/www.italiaeconomiaonline.it\/web\/wp-json\/wp\/v2\/media\/397"}],"wp:attachment":[{"href":"https:\/\/www.italiaeconomiaonline.it\/web\/wp-json\/wp\/v2\/media?parent=3480"}],"wp:term":[{"taxonomy":"category","embeddable":true,"href":"https:\/\/www.italiaeconomiaonline.it\/web\/wp-json\/wp\/v2\/categories?post=3480"},{"taxonomy":"post_tag","embeddable":true,"href":"https:\/\/www.italiaeconomiaonline.it\/web\/wp-json\/wp\/v2\/tags?post=3480"}],"curies":[{"name":"wp","href":"https:\/\/api.w.org\/{rel}","templated":true}]}}