{"id":3487,"date":"2020-06-25T12:41:49","date_gmt":"2020-06-25T10:41:49","guid":{"rendered":"http:\/\/www.italiaeconomiaonline.it\/web\/?p=3487"},"modified":"2020-06-25T12:41:49","modified_gmt":"2020-06-25T10:41:49","slug":"dazi-usa-confagricoltura-il-nostro-export-gia-penalizzato-salvaguardiamo-lagroalimentare-italiano","status":"publish","type":"post","link":"https:\/\/www.italiaeconomiaonline.it\/web\/dazi-usa-confagricoltura-il-nostro-export-gia-penalizzato-salvaguardiamo-lagroalimentare-italiano\/","title":{"rendered":"Dazi Usa, Confagricoltura: il nostro export gi\u00e0 penalizzato salvaguardiamo l&#8217;agroalimentare italiano"},"content":{"rendered":"<p><span class=\"dropcap dropcap3\">S<\/span>ollecitiamo un\u2019iniziativa politica e diplomatica del governo sull\u2019amministrazione statunitense per salvaguardare le nostre esportazioni agroalimentare. Gi\u00e0 paghiamo un conto eccessivo per un contenzioso che non ci riguarda n\u00e9 come Paese, n\u00e9 come settore\u201d.<\/p>\n<p>E\u2019 la richiesta lanciata dal presidente di Confagricoltura, <strong>Massimiliano Giansanti,<\/strong> a seguito dell\u2019avvio delle procedure, a Washington, per rivedere la lista dei prodotti importati dalla UE sui quali si applicano dazi aggiuntivi dall\u2019ottobre 2019.<\/p>\n<p>\u201cL\u2019iniziativa era in programma &#8211; rileva Giansanti &#8211; Rientra nel cosiddetto sistema \u2018carosello\u2019 scelto dagli Stati Uniti per dare seguito alla pronuncia dell\u2019Organizzazione mondiale del commercio che ha ritenuto illegali gli aiuti pubblici assegnati al consorzio <strong>Airbus<\/strong>.<\/p>\n<p>\u201cLa precedente revisione \u00e8 stata effettuata lo scorso febbraio \u2013 ricorda Giansanti \u2013 senza ulteriori penalizzazioni per i nostri prodotti, grazie all\u2019efficace azione svolta dal governo\u201d.<\/p>\n<p>Attualmente i dazi aggiuntivi USA, pari al 25% del valore, si applicano sulle importazioni dall\u2019Italia di formaggi, salumi, agrumi e alcuni liquori per un controvalore di 500 milioni di euro.<\/p>\n<p>\u201cIl modo migliore per risolvere un contenzioso che si trascina da oltre un decennio, sarebbe quello di un negoziato tra la Commissione e le autorit\u00e0 statunitensi. Finora \u00e8 stato impossibile avviare le trattative &#8211; sottolinea il presidente di Confagricoltura &#8211; Per questo risulta essenziale l\u2019iniziativa diretta del nostro governo per tutelare le esportazioni agroalimentari italiane sul mercato Usa che superano i 4 miliardi di euro l\u2019anno\u201d.<\/p>\n<p>\u201cGli eventuali dazi aggiuntivi sui nostri prodotti avrebbero un effetto particolarmente pesante &#8211; conclude Giansanti &#8211; Sarebbero un ostacolo in pi\u00f9 sulla strada del rilancio economico dopo l\u2019emergenza sanitaria\u201d.<\/p>\n<p>Confagricoltura evidenzia che, sulla base dei dati diffusi dalla Commissione Ue, per effetto dei dazi gi\u00e0 in vigore, si \u00e8 registrata una contrazione di 66 milioni di euro delle esportazioni agroalimentari dell\u2019Unione sul mercato statunitense. La contrazione, pi\u00f9 del 20%, ha riguardato soprattutto i vini francesi e spagnoli che, a differenza di quelli italiani, sono gi\u00e0 sottoposti alle tariffe doganali USA.<\/p>\n","protected":false},"excerpt":{"rendered":"<p>Sollecitiamo un\u2019iniziativa politica e diplomatica del governo sull\u2019amministrazione statunitense per salvaguardare le nostre esportazioni agroalimentare. Gi\u00e0 paghiamo un conto eccessivo per un contenzioso che non ci riguarda n\u00e9 come Paese, n\u00e9 come settore\u201d. E\u2019 la richiesta lanciata dal presidente di Confagricoltura, Massimiliano Giansanti, a seguito dell\u2019avvio delle procedure, a Washington, per rivedere la lista dei [&hellip;]<\/p>\n","protected":false},"author":1,"featured_media":3339,"comment_status":"closed","ping_status":"open","sticky":false,"template":"","format":"standard","meta":{"footnotes":""},"categories":[537],"tags":[20,1073,59],"yoast_head":"<!-- This site is optimized with the Yoast SEO plugin v22.2 - https:\/\/yoast.com\/wordpress\/plugins\/seo\/ -->\n<title>Dazi Usa, Confagricoltura: il nostro export gi\u00e0 penalizzato salvaguardiamo l&#039;agroalimentare italiano -<\/title>\n<meta name=\"robots\" content=\"index, follow, max-snippet:-1, max-image-preview:large, max-video-preview:-1\" \/>\n<link rel=\"canonical\" href=\"https:\/\/www.italiaeconomiaonline.it\/web\/dazi-usa-confagricoltura-il-nostro-export-gia-penalizzato-salvaguardiamo-lagroalimentare-italiano\/\" \/>\n<meta property=\"og:locale\" content=\"it_IT\" \/>\n<meta property=\"og:type\" content=\"article\" \/>\n<meta property=\"og:title\" content=\"Dazi Usa, Confagricoltura: il nostro export gi\u00e0 penalizzato salvaguardiamo l&#039;agroalimentare italiano -\" \/>\n<meta property=\"og:description\" content=\"Sollecitiamo un\u2019iniziativa politica e diplomatica del governo sull\u2019amministrazione statunitense per salvaguardare le nostre esportazioni agroalimentare. Gi\u00e0 paghiamo un conto eccessivo per un contenzioso che non ci riguarda n\u00e9 come Paese, n\u00e9 come settore\u201d. E\u2019 la richiesta lanciata dal presidente di Confagricoltura, Massimiliano Giansanti, a seguito dell\u2019avvio delle procedure, a Washington, per rivedere la lista dei [&hellip;]\" \/>\n<meta property=\"og:url\" content=\"https:\/\/www.italiaeconomiaonline.it\/web\/dazi-usa-confagricoltura-il-nostro-export-gia-penalizzato-salvaguardiamo-lagroalimentare-italiano\/\" \/>\n<meta property=\"og:site_name\" content=\"ItaliaEconomiaOnline\" \/>\n<meta property=\"article:published_time\" content=\"2020-06-25T10:41:49+00:00\" \/>\n<meta property=\"og:image\" content=\"https:\/\/www.italiaeconomiaonline.it\/web\/wp-content\/uploads\/2020\/06\/Schermata-2020-06-15-alle-10.11.48.png\" \/>\n\t<meta property=\"og:image:width\" content=\"1550\" \/>\n\t<meta property=\"og:image:height\" content=\"968\" \/>\n\t<meta property=\"og:image:type\" content=\"image\/png\" \/>\n<meta name=\"author\" content=\"ladyitaliaeconomia\" \/>\n<meta name=\"twitter:card\" content=\"summary_large_image\" \/>\n<meta name=\"twitter:label1\" content=\"Scritto da\" \/>\n\t<meta name=\"twitter:data1\" content=\"ladyitaliaeconomia\" \/>\n\t<meta name=\"twitter:label2\" content=\"Tempo di lettura stimato\" \/>\n\t<meta name=\"twitter:data2\" content=\"2 minuti\" \/>\n<script type=\"application\/ld+json\" class=\"yoast-schema-graph\">{\"@context\":\"https:\/\/schema.org\",\"@graph\":[{\"@type\":\"WebPage\",\"@id\":\"https:\/\/www.italiaeconomiaonline.it\/web\/dazi-usa-confagricoltura-il-nostro-export-gia-penalizzato-salvaguardiamo-lagroalimentare-italiano\/\",\"url\":\"https:\/\/www.italiaeconomiaonline.it\/web\/dazi-usa-confagricoltura-il-nostro-export-gia-penalizzato-salvaguardiamo-lagroalimentare-italiano\/\",\"name\":\"Dazi Usa, Confagricoltura: il nostro export gi\u00e0 penalizzato salvaguardiamo l'agroalimentare italiano -\",\"isPartOf\":{\"@id\":\"https:\/\/www.italiaeconomiaonline.it\/web\/#website\"},\"primaryImageOfPage\":{\"@id\":\"https:\/\/www.italiaeconomiaonline.it\/web\/dazi-usa-confagricoltura-il-nostro-export-gia-penalizzato-salvaguardiamo-lagroalimentare-italiano\/#primaryimage\"},\"image\":{\"@id\":\"https:\/\/www.italiaeconomiaonline.it\/web\/dazi-usa-confagricoltura-il-nostro-export-gia-penalizzato-salvaguardiamo-lagroalimentare-italiano\/#primaryimage\"},\"thumbnailUrl\":\"https:\/\/www.italiaeconomiaonline.it\/web\/wp-content\/uploads\/2020\/06\/Schermata-2020-06-15-alle-10.11.48.png\",\"datePublished\":\"2020-06-25T10:41:49+00:00\",\"dateModified\":\"2020-06-25T10:41:49+00:00\",\"author\":{\"@id\":\"https:\/\/www.italiaeconomiaonline.it\/web\/#\/schema\/person\/909a49cce752523b020fbc37d5ab1c31\"},\"breadcrumb\":{\"@id\":\"https:\/\/www.italiaeconomiaonline.it\/web\/dazi-usa-confagricoltura-il-nostro-export-gia-penalizzato-salvaguardiamo-lagroalimentare-italiano\/#breadcrumb\"},\"inLanguage\":\"it-IT\",\"potentialAction\":[{\"@type\":\"ReadAction\",\"target\":[\"https:\/\/www.italiaeconomiaonline.it\/web\/dazi-usa-confagricoltura-il-nostro-export-gia-penalizzato-salvaguardiamo-lagroalimentare-italiano\/\"]}]},{\"@type\":\"ImageObject\",\"inLanguage\":\"it-IT\",\"@id\":\"https:\/\/www.italiaeconomiaonline.it\/web\/dazi-usa-confagricoltura-il-nostro-export-gia-penalizzato-salvaguardiamo-lagroalimentare-italiano\/#primaryimage\",\"url\":\"https:\/\/www.italiaeconomiaonline.it\/web\/wp-content\/uploads\/2020\/06\/Schermata-2020-06-15-alle-10.11.48.png\",\"contentUrl\":\"https:\/\/www.italiaeconomiaonline.it\/web\/wp-content\/uploads\/2020\/06\/Schermata-2020-06-15-alle-10.11.48.png\",\"width\":1550,\"height\":968},{\"@type\":\"BreadcrumbList\",\"@id\":\"https:\/\/www.italiaeconomiaonline.it\/web\/dazi-usa-confagricoltura-il-nostro-export-gia-penalizzato-salvaguardiamo-lagroalimentare-italiano\/#breadcrumb\",\"itemListElement\":[{\"@type\":\"ListItem\",\"position\":1,\"name\":\"Home\",\"item\":\"https:\/\/www.italiaeconomiaonline.it\/web\/\"},{\"@type\":\"ListItem\",\"position\":2,\"name\":\"Dazi Usa, Confagricoltura: il nostro export gi\u00e0 penalizzato salvaguardiamo l&#8217;agroalimentare italiano\"}]},{\"@type\":\"WebSite\",\"@id\":\"https:\/\/www.italiaeconomiaonline.it\/web\/#website\",\"url\":\"https:\/\/www.italiaeconomiaonline.it\/web\/\",\"name\":\"ItaliaEconomiaOnline\",\"description\":\"Quotidiano Economico Online\",\"potentialAction\":[{\"@type\":\"SearchAction\",\"target\":{\"@type\":\"EntryPoint\",\"urlTemplate\":\"https:\/\/www.italiaeconomiaonline.it\/web\/?s={search_term_string}\"},\"query-input\":\"required name=search_term_string\"}],\"inLanguage\":\"it-IT\"},{\"@type\":\"Person\",\"@id\":\"https:\/\/www.italiaeconomiaonline.it\/web\/#\/schema\/person\/909a49cce752523b020fbc37d5ab1c31\",\"name\":\"ladyitaliaeconomia\",\"image\":{\"@type\":\"ImageObject\",\"inLanguage\":\"it-IT\",\"@id\":\"https:\/\/www.italiaeconomiaonline.it\/web\/#\/schema\/person\/image\/\",\"url\":\"https:\/\/secure.gravatar.com\/avatar\/cedca10ce7416a579b9fa6bce9c0a8f2?s=96&d=mm&r=g\",\"contentUrl\":\"https:\/\/secure.gravatar.com\/avatar\/cedca10ce7416a579b9fa6bce9c0a8f2?s=96&d=mm&r=g\",\"caption\":\"ladyitaliaeconomia\"},\"url\":\"https:\/\/www.italiaeconomiaonline.it\/web\/author\/ladyitaliaeconomia\/\"}]}<\/script>\n<!-- \/ Yoast SEO plugin. -->","yoast_head_json":{"title":"Dazi Usa, Confagricoltura: il nostro export gi\u00e0 penalizzato salvaguardiamo l'agroalimentare italiano -","robots":{"index":"index","follow":"follow","max-snippet":"max-snippet:-1","max-image-preview":"max-image-preview:large","max-video-preview":"max-video-preview:-1"},"canonical":"https:\/\/www.italiaeconomiaonline.it\/web\/dazi-usa-confagricoltura-il-nostro-export-gia-penalizzato-salvaguardiamo-lagroalimentare-italiano\/","og_locale":"it_IT","og_type":"article","og_title":"Dazi Usa, Confagricoltura: il nostro export gi\u00e0 penalizzato salvaguardiamo l'agroalimentare italiano -","og_description":"Sollecitiamo un\u2019iniziativa politica e diplomatica del governo sull\u2019amministrazione statunitense per salvaguardare le nostre esportazioni agroalimentare. Gi\u00e0 paghiamo un conto eccessivo per un contenzioso che non ci riguarda n\u00e9 come Paese, n\u00e9 come settore\u201d. E\u2019 la richiesta lanciata dal presidente di Confagricoltura, Massimiliano Giansanti, a seguito dell\u2019avvio delle procedure, a Washington, per rivedere la lista dei [&hellip;]","og_url":"https:\/\/www.italiaeconomiaonline.it\/web\/dazi-usa-confagricoltura-il-nostro-export-gia-penalizzato-salvaguardiamo-lagroalimentare-italiano\/","og_site_name":"ItaliaEconomiaOnline","article_published_time":"2020-06-25T10:41:49+00:00","og_image":[{"width":1550,"height":968,"url":"https:\/\/www.italiaeconomiaonline.it\/web\/wp-content\/uploads\/2020\/06\/Schermata-2020-06-15-alle-10.11.48.png","type":"image\/png"}],"author":"ladyitaliaeconomia","twitter_card":"summary_large_image","twitter_misc":{"Scritto da":"ladyitaliaeconomia","Tempo di lettura stimato":"2 minuti"},"schema":{"@context":"https:\/\/schema.org","@graph":[{"@type":"WebPage","@id":"https:\/\/www.italiaeconomiaonline.it\/web\/dazi-usa-confagricoltura-il-nostro-export-gia-penalizzato-salvaguardiamo-lagroalimentare-italiano\/","url":"https:\/\/www.italiaeconomiaonline.it\/web\/dazi-usa-confagricoltura-il-nostro-export-gia-penalizzato-salvaguardiamo-lagroalimentare-italiano\/","name":"Dazi Usa, Confagricoltura: il nostro export gi\u00e0 penalizzato salvaguardiamo l'agroalimentare italiano -","isPartOf":{"@id":"https:\/\/www.italiaeconomiaonline.it\/web\/#website"},"primaryImageOfPage":{"@id":"https:\/\/www.italiaeconomiaonline.it\/web\/dazi-usa-confagricoltura-il-nostro-export-gia-penalizzato-salvaguardiamo-lagroalimentare-italiano\/#primaryimage"},"image":{"@id":"https:\/\/www.italiaeconomiaonline.it\/web\/dazi-usa-confagricoltura-il-nostro-export-gia-penalizzato-salvaguardiamo-lagroalimentare-italiano\/#primaryimage"},"thumbnailUrl":"https:\/\/www.italiaeconomiaonline.it\/web\/wp-content\/uploads\/2020\/06\/Schermata-2020-06-15-alle-10.11.48.png","datePublished":"2020-06-25T10:41:49+00:00","dateModified":"2020-06-25T10:41:49+00:00","author":{"@id":"https:\/\/www.italiaeconomiaonline.it\/web\/#\/schema\/person\/909a49cce752523b020fbc37d5ab1c31"},"breadcrumb":{"@id":"https:\/\/www.italiaeconomiaonline.it\/web\/dazi-usa-confagricoltura-il-nostro-export-gia-penalizzato-salvaguardiamo-lagroalimentare-italiano\/#breadcrumb"},"inLanguage":"it-IT","potentialAction":[{"@type":"ReadAction","target":["https:\/\/www.italiaeconomiaonline.it\/web\/dazi-usa-confagricoltura-il-nostro-export-gia-penalizzato-salvaguardiamo-lagroalimentare-italiano\/"]}]},{"@type":"ImageObject","inLanguage":"it-IT","@id":"https:\/\/www.italiaeconomiaonline.it\/web\/dazi-usa-confagricoltura-il-nostro-export-gia-penalizzato-salvaguardiamo-lagroalimentare-italiano\/#primaryimage","url":"https:\/\/www.italiaeconomiaonline.it\/web\/wp-content\/uploads\/2020\/06\/Schermata-2020-06-15-alle-10.11.48.png","contentUrl":"https:\/\/www.italiaeconomiaonline.it\/web\/wp-content\/uploads\/2020\/06\/Schermata-2020-06-15-alle-10.11.48.png","width":1550,"height":968},{"@type":"BreadcrumbList","@id":"https:\/\/www.italiaeconomiaonline.it\/web\/dazi-usa-confagricoltura-il-nostro-export-gia-penalizzato-salvaguardiamo-lagroalimentare-italiano\/#breadcrumb","itemListElement":[{"@type":"ListItem","position":1,"name":"Home","item":"https:\/\/www.italiaeconomiaonline.it\/web\/"},{"@type":"ListItem","position":2,"name":"Dazi Usa, Confagricoltura: il nostro export gi\u00e0 penalizzato salvaguardiamo l&#8217;agroalimentare italiano"}]},{"@type":"WebSite","@id":"https:\/\/www.italiaeconomiaonline.it\/web\/#website","url":"https:\/\/www.italiaeconomiaonline.it\/web\/","name":"ItaliaEconomiaOnline","description":"Quotidiano Economico Online","potentialAction":[{"@type":"SearchAction","target":{"@type":"EntryPoint","urlTemplate":"https:\/\/www.italiaeconomiaonline.it\/web\/?s={search_term_string}"},"query-input":"required name=search_term_string"}],"inLanguage":"it-IT"},{"@type":"Person","@id":"https:\/\/www.italiaeconomiaonline.it\/web\/#\/schema\/person\/909a49cce752523b020fbc37d5ab1c31","name":"ladyitaliaeconomia","image":{"@type":"ImageObject","inLanguage":"it-IT","@id":"https:\/\/www.italiaeconomiaonline.it\/web\/#\/schema\/person\/image\/","url":"https:\/\/secure.gravatar.com\/avatar\/cedca10ce7416a579b9fa6bce9c0a8f2?s=96&d=mm&r=g","contentUrl":"https:\/\/secure.gravatar.com\/avatar\/cedca10ce7416a579b9fa6bce9c0a8f2?s=96&d=mm&r=g","caption":"ladyitaliaeconomia"},"url":"https:\/\/www.italiaeconomiaonline.it\/web\/author\/ladyitaliaeconomia\/"}]}},"_links":{"self":[{"href":"https:\/\/www.italiaeconomiaonline.it\/web\/wp-json\/wp\/v2\/posts\/3487"}],"collection":[{"href":"https:\/\/www.italiaeconomiaonline.it\/web\/wp-json\/wp\/v2\/posts"}],"about":[{"href":"https:\/\/www.italiaeconomiaonline.it\/web\/wp-json\/wp\/v2\/types\/post"}],"author":[{"embeddable":true,"href":"https:\/\/www.italiaeconomiaonline.it\/web\/wp-json\/wp\/v2\/users\/1"}],"replies":[{"embeddable":true,"href":"https:\/\/www.italiaeconomiaonline.it\/web\/wp-json\/wp\/v2\/comments?post=3487"}],"version-history":[{"count":1,"href":"https:\/\/www.italiaeconomiaonline.it\/web\/wp-json\/wp\/v2\/posts\/3487\/revisions"}],"predecessor-version":[{"id":3488,"href":"https:\/\/www.italiaeconomiaonline.it\/web\/wp-json\/wp\/v2\/posts\/3487\/revisions\/3488"}],"wp:featuredmedia":[{"embeddable":true,"href":"https:\/\/www.italiaeconomiaonline.it\/web\/wp-json\/wp\/v2\/media\/3339"}],"wp:attachment":[{"href":"https:\/\/www.italiaeconomiaonline.it\/web\/wp-json\/wp\/v2\/media?parent=3487"}],"wp:term":[{"taxonomy":"category","embeddable":true,"href":"https:\/\/www.italiaeconomiaonline.it\/web\/wp-json\/wp\/v2\/categories?post=3487"},{"taxonomy":"post_tag","embeddable":true,"href":"https:\/\/www.italiaeconomiaonline.it\/web\/wp-json\/wp\/v2\/tags?post=3487"}],"curies":[{"name":"wp","href":"https:\/\/api.w.org\/{rel}","templated":true}]}}