{"id":3617,"date":"2020-07-08T13:22:59","date_gmt":"2020-07-08T11:22:59","guid":{"rendered":"http:\/\/www.italiaeconomiaonline.it\/web\/?p=3617"},"modified":"2020-07-08T13:22:59","modified_gmt":"2020-07-08T11:22:59","slug":"con-italo-e-unestate-italiana-al-via-il-nuovo-concorso","status":"publish","type":"post","link":"https:\/\/www.italiaeconomiaonline.it\/web\/con-italo-e-unestate-italiana-al-via-il-nuovo-concorso\/","title":{"rendered":"Con Italo \u00e8 un&#8217;estate italiana, al via il nuovo concorso"},"content":{"rendered":"<p><span class=\"dropcap dropcap3\">L<\/span>\u2019estate di Italo \u00e8 ricca di novit\u00e0: nuove citt\u00e0 nel network, tante localit\u00e0 dove poter trascorrere le vacanze come la <strong>Calabria<\/strong>, il <strong>Cilento<\/strong> e la riviera <strong>Adriatica<\/strong>, e nuovi collegamenti per agevolare gli spostamenti dei viaggiatori.<\/p>\n<p>In questa stagione estiva dedicata al turismo interno, dando modo agli Italiani di riscoprire le bellezze nostrane, Italo ha deciso anche di lanciare un concorso per premiare la sua community. L\u2019iniziativa ESTATE ITALIANA infatti consente ai viaggiatori iscritti al programma fedelt\u00e0 Italo Pi\u00f9 di poter vincere quotidianamente dei voucher da utilizzare per i viaggi futuri.<\/p>\n<p>Direttamente dal <a href=\"http:\/\/www.italoestateitaliana.it\">sito<\/a> , rispondendo a brevi quesiti sulle novit\u00e0 estive lanciate da Italo ed il suo programma fedelt\u00e0, si potranno vincere voucher quotidiani da 10\u20ac. Per gli iscritti Italo Pi\u00f9 che acquisteranno un biglietto entro il 13 settembre il divertimento raddoppia: potranno vincere quotidianamente voucher da 20\u20ac invece che da 10 ed inoltre avranno la possibilit\u00e0 di partecipare all\u2019estrazione finale con in palio voucher Italo fino a 500\u20ac.<\/p>\n<p>Un motivo in pi\u00f9 per iscriversi al programma fedelt\u00e0 Italo Pi\u00f9 e pianificare i propri spostamenti con Italo, immergendosi nelle meraviglie italiane. La societ\u00e0, che attualmente offre 87 servizi giornalieri, collega tutta Italia da Nord a Sud in massimo confort: con un unico treno, senza cambi intermedi, si pu\u00f2 viaggiare da Torino a Reggio Calabria (passando anche dal Cilento), da Milano e Bologna si possono raggiungere Rimini, Riccione, Pesaro e Ancona, sempre da Milano (lungo la trasversale Milano \u2013Venezia) si pu\u00f2 comodamente arrivare a Desenzano e Peschiera per godersi le bellezze del Lago di Garda.<br \/>\nUn\u2019offerta costantemente in crescita, che mette a disposizione numerose soluzioni di viaggio in vista delle vacanze in quest\u2019estate italiana.<\/p>\n","protected":false},"excerpt":{"rendered":"<p>L\u2019estate di Italo \u00e8 ricca di novit\u00e0: nuove citt\u00e0 nel network, tante localit\u00e0 dove poter trascorrere le vacanze come la Calabria, il Cilento e la riviera Adriatica, e nuovi collegamenti per agevolare gli spostamenti dei viaggiatori. In questa stagione estiva dedicata al turismo interno, dando modo agli Italiani di riscoprire le bellezze nostrane, Italo ha [&hellip;]<\/p>\n","protected":false},"author":1,"featured_media":3618,"comment_status":"closed","ping_status":"open","sticky":false,"template":"","format":"standard","meta":{"footnotes":""},"categories":[130],"tags":[1138,594],"yoast_head":"<!-- This site is optimized with the Yoast SEO plugin v22.2 - https:\/\/yoast.com\/wordpress\/plugins\/seo\/ -->\n<title>Con Italo \u00e8 un&#039;estate italiana, al via il nuovo concorso -<\/title>\n<meta name=\"robots\" content=\"index, follow, max-snippet:-1, max-image-preview:large, max-video-preview:-1\" \/>\n<link rel=\"canonical\" href=\"https:\/\/www.italiaeconomiaonline.it\/web\/con-italo-e-unestate-italiana-al-via-il-nuovo-concorso\/\" \/>\n<meta property=\"og:locale\" content=\"it_IT\" \/>\n<meta property=\"og:type\" content=\"article\" \/>\n<meta property=\"og:title\" content=\"Con Italo \u00e8 un&#039;estate italiana, al via il nuovo concorso -\" \/>\n<meta property=\"og:description\" content=\"L\u2019estate di Italo \u00e8 ricca di novit\u00e0: nuove citt\u00e0 nel network, tante localit\u00e0 dove poter trascorrere le vacanze come la Calabria, il Cilento e la riviera Adriatica, e nuovi collegamenti per agevolare gli spostamenti dei viaggiatori. In questa stagione estiva dedicata al turismo interno, dando modo agli Italiani di riscoprire le bellezze nostrane, Italo ha [&hellip;]\" \/>\n<meta property=\"og:url\" content=\"https:\/\/www.italiaeconomiaonline.it\/web\/con-italo-e-unestate-italiana-al-via-il-nuovo-concorso\/\" \/>\n<meta property=\"og:site_name\" content=\"ItaliaEconomiaOnline\" \/>\n<meta property=\"article:published_time\" content=\"2020-07-08T11:22:59+00:00\" \/>\n<meta property=\"og:image\" content=\"https:\/\/www.italiaeconomiaonline.it\/web\/wp-content\/uploads\/2020\/07\/ITALO-CONCORSO_DEM_BOLLINO_600X250.jpg\" \/>\n\t<meta property=\"og:image:width\" content=\"600\" \/>\n\t<meta property=\"og:image:height\" content=\"250\" \/>\n\t<meta property=\"og:image:type\" content=\"image\/jpeg\" \/>\n<meta name=\"author\" content=\"ladyitaliaeconomia\" \/>\n<meta name=\"twitter:card\" content=\"summary_large_image\" \/>\n<meta name=\"twitter:label1\" content=\"Scritto da\" \/>\n\t<meta name=\"twitter:data1\" content=\"ladyitaliaeconomia\" \/>\n\t<meta name=\"twitter:label2\" content=\"Tempo di lettura stimato\" \/>\n\t<meta name=\"twitter:data2\" content=\"1 minuto\" \/>\n<script type=\"application\/ld+json\" class=\"yoast-schema-graph\">{\"@context\":\"https:\/\/schema.org\",\"@graph\":[{\"@type\":\"WebPage\",\"@id\":\"https:\/\/www.italiaeconomiaonline.it\/web\/con-italo-e-unestate-italiana-al-via-il-nuovo-concorso\/\",\"url\":\"https:\/\/www.italiaeconomiaonline.it\/web\/con-italo-e-unestate-italiana-al-via-il-nuovo-concorso\/\",\"name\":\"Con Italo \u00e8 un'estate italiana, al via il nuovo concorso -\",\"isPartOf\":{\"@id\":\"https:\/\/www.italiaeconomiaonline.it\/web\/#website\"},\"primaryImageOfPage\":{\"@id\":\"https:\/\/www.italiaeconomiaonline.it\/web\/con-italo-e-unestate-italiana-al-via-il-nuovo-concorso\/#primaryimage\"},\"image\":{\"@id\":\"https:\/\/www.italiaeconomiaonline.it\/web\/con-italo-e-unestate-italiana-al-via-il-nuovo-concorso\/#primaryimage\"},\"thumbnailUrl\":\"https:\/\/www.italiaeconomiaonline.it\/web\/wp-content\/uploads\/2020\/07\/ITALO-CONCORSO_DEM_BOLLINO_600X250.jpg\",\"datePublished\":\"2020-07-08T11:22:59+00:00\",\"dateModified\":\"2020-07-08T11:22:59+00:00\",\"author\":{\"@id\":\"https:\/\/www.italiaeconomiaonline.it\/web\/#\/schema\/person\/909a49cce752523b020fbc37d5ab1c31\"},\"breadcrumb\":{\"@id\":\"https:\/\/www.italiaeconomiaonline.it\/web\/con-italo-e-unestate-italiana-al-via-il-nuovo-concorso\/#breadcrumb\"},\"inLanguage\":\"it-IT\",\"potentialAction\":[{\"@type\":\"ReadAction\",\"target\":[\"https:\/\/www.italiaeconomiaonline.it\/web\/con-italo-e-unestate-italiana-al-via-il-nuovo-concorso\/\"]}]},{\"@type\":\"ImageObject\",\"inLanguage\":\"it-IT\",\"@id\":\"https:\/\/www.italiaeconomiaonline.it\/web\/con-italo-e-unestate-italiana-al-via-il-nuovo-concorso\/#primaryimage\",\"url\":\"https:\/\/www.italiaeconomiaonline.it\/web\/wp-content\/uploads\/2020\/07\/ITALO-CONCORSO_DEM_BOLLINO_600X250.jpg\",\"contentUrl\":\"https:\/\/www.italiaeconomiaonline.it\/web\/wp-content\/uploads\/2020\/07\/ITALO-CONCORSO_DEM_BOLLINO_600X250.jpg\",\"width\":600,\"height\":250},{\"@type\":\"BreadcrumbList\",\"@id\":\"https:\/\/www.italiaeconomiaonline.it\/web\/con-italo-e-unestate-italiana-al-via-il-nuovo-concorso\/#breadcrumb\",\"itemListElement\":[{\"@type\":\"ListItem\",\"position\":1,\"name\":\"Home\",\"item\":\"https:\/\/www.italiaeconomiaonline.it\/web\/\"},{\"@type\":\"ListItem\",\"position\":2,\"name\":\"Con Italo \u00e8 un&#8217;estate italiana, al via il nuovo concorso\"}]},{\"@type\":\"WebSite\",\"@id\":\"https:\/\/www.italiaeconomiaonline.it\/web\/#website\",\"url\":\"https:\/\/www.italiaeconomiaonline.it\/web\/\",\"name\":\"ItaliaEconomiaOnline\",\"description\":\"Quotidiano Economico Online\",\"potentialAction\":[{\"@type\":\"SearchAction\",\"target\":{\"@type\":\"EntryPoint\",\"urlTemplate\":\"https:\/\/www.italiaeconomiaonline.it\/web\/?s={search_term_string}\"},\"query-input\":\"required name=search_term_string\"}],\"inLanguage\":\"it-IT\"},{\"@type\":\"Person\",\"@id\":\"https:\/\/www.italiaeconomiaonline.it\/web\/#\/schema\/person\/909a49cce752523b020fbc37d5ab1c31\",\"name\":\"ladyitaliaeconomia\",\"image\":{\"@type\":\"ImageObject\",\"inLanguage\":\"it-IT\",\"@id\":\"https:\/\/www.italiaeconomiaonline.it\/web\/#\/schema\/person\/image\/\",\"url\":\"https:\/\/secure.gravatar.com\/avatar\/cedca10ce7416a579b9fa6bce9c0a8f2?s=96&d=mm&r=g\",\"contentUrl\":\"https:\/\/secure.gravatar.com\/avatar\/cedca10ce7416a579b9fa6bce9c0a8f2?s=96&d=mm&r=g\",\"caption\":\"ladyitaliaeconomia\"},\"url\":\"https:\/\/www.italiaeconomiaonline.it\/web\/author\/ladyitaliaeconomia\/\"}]}<\/script>\n<!-- \/ Yoast SEO plugin. -->","yoast_head_json":{"title":"Con Italo \u00e8 un'estate italiana, al via il nuovo concorso -","robots":{"index":"index","follow":"follow","max-snippet":"max-snippet:-1","max-image-preview":"max-image-preview:large","max-video-preview":"max-video-preview:-1"},"canonical":"https:\/\/www.italiaeconomiaonline.it\/web\/con-italo-e-unestate-italiana-al-via-il-nuovo-concorso\/","og_locale":"it_IT","og_type":"article","og_title":"Con Italo \u00e8 un'estate italiana, al via il nuovo concorso -","og_description":"L\u2019estate di Italo \u00e8 ricca di novit\u00e0: nuove citt\u00e0 nel network, tante localit\u00e0 dove poter trascorrere le vacanze come la Calabria, il Cilento e la riviera Adriatica, e nuovi collegamenti per agevolare gli spostamenti dei viaggiatori. In questa stagione estiva dedicata al turismo interno, dando modo agli Italiani di riscoprire le bellezze nostrane, Italo ha [&hellip;]","og_url":"https:\/\/www.italiaeconomiaonline.it\/web\/con-italo-e-unestate-italiana-al-via-il-nuovo-concorso\/","og_site_name":"ItaliaEconomiaOnline","article_published_time":"2020-07-08T11:22:59+00:00","og_image":[{"width":600,"height":250,"url":"https:\/\/www.italiaeconomiaonline.it\/web\/wp-content\/uploads\/2020\/07\/ITALO-CONCORSO_DEM_BOLLINO_600X250.jpg","type":"image\/jpeg"}],"author":"ladyitaliaeconomia","twitter_card":"summary_large_image","twitter_misc":{"Scritto da":"ladyitaliaeconomia","Tempo di lettura stimato":"1 minuto"},"schema":{"@context":"https:\/\/schema.org","@graph":[{"@type":"WebPage","@id":"https:\/\/www.italiaeconomiaonline.it\/web\/con-italo-e-unestate-italiana-al-via-il-nuovo-concorso\/","url":"https:\/\/www.italiaeconomiaonline.it\/web\/con-italo-e-unestate-italiana-al-via-il-nuovo-concorso\/","name":"Con Italo \u00e8 un'estate italiana, al via il nuovo concorso -","isPartOf":{"@id":"https:\/\/www.italiaeconomiaonline.it\/web\/#website"},"primaryImageOfPage":{"@id":"https:\/\/www.italiaeconomiaonline.it\/web\/con-italo-e-unestate-italiana-al-via-il-nuovo-concorso\/#primaryimage"},"image":{"@id":"https:\/\/www.italiaeconomiaonline.it\/web\/con-italo-e-unestate-italiana-al-via-il-nuovo-concorso\/#primaryimage"},"thumbnailUrl":"https:\/\/www.italiaeconomiaonline.it\/web\/wp-content\/uploads\/2020\/07\/ITALO-CONCORSO_DEM_BOLLINO_600X250.jpg","datePublished":"2020-07-08T11:22:59+00:00","dateModified":"2020-07-08T11:22:59+00:00","author":{"@id":"https:\/\/www.italiaeconomiaonline.it\/web\/#\/schema\/person\/909a49cce752523b020fbc37d5ab1c31"},"breadcrumb":{"@id":"https:\/\/www.italiaeconomiaonline.it\/web\/con-italo-e-unestate-italiana-al-via-il-nuovo-concorso\/#breadcrumb"},"inLanguage":"it-IT","potentialAction":[{"@type":"ReadAction","target":["https:\/\/www.italiaeconomiaonline.it\/web\/con-italo-e-unestate-italiana-al-via-il-nuovo-concorso\/"]}]},{"@type":"ImageObject","inLanguage":"it-IT","@id":"https:\/\/www.italiaeconomiaonline.it\/web\/con-italo-e-unestate-italiana-al-via-il-nuovo-concorso\/#primaryimage","url":"https:\/\/www.italiaeconomiaonline.it\/web\/wp-content\/uploads\/2020\/07\/ITALO-CONCORSO_DEM_BOLLINO_600X250.jpg","contentUrl":"https:\/\/www.italiaeconomiaonline.it\/web\/wp-content\/uploads\/2020\/07\/ITALO-CONCORSO_DEM_BOLLINO_600X250.jpg","width":600,"height":250},{"@type":"BreadcrumbList","@id":"https:\/\/www.italiaeconomiaonline.it\/web\/con-italo-e-unestate-italiana-al-via-il-nuovo-concorso\/#breadcrumb","itemListElement":[{"@type":"ListItem","position":1,"name":"Home","item":"https:\/\/www.italiaeconomiaonline.it\/web\/"},{"@type":"ListItem","position":2,"name":"Con Italo \u00e8 un&#8217;estate italiana, al via il nuovo concorso"}]},{"@type":"WebSite","@id":"https:\/\/www.italiaeconomiaonline.it\/web\/#website","url":"https:\/\/www.italiaeconomiaonline.it\/web\/","name":"ItaliaEconomiaOnline","description":"Quotidiano Economico Online","potentialAction":[{"@type":"SearchAction","target":{"@type":"EntryPoint","urlTemplate":"https:\/\/www.italiaeconomiaonline.it\/web\/?s={search_term_string}"},"query-input":"required name=search_term_string"}],"inLanguage":"it-IT"},{"@type":"Person","@id":"https:\/\/www.italiaeconomiaonline.it\/web\/#\/schema\/person\/909a49cce752523b020fbc37d5ab1c31","name":"ladyitaliaeconomia","image":{"@type":"ImageObject","inLanguage":"it-IT","@id":"https:\/\/www.italiaeconomiaonline.it\/web\/#\/schema\/person\/image\/","url":"https:\/\/secure.gravatar.com\/avatar\/cedca10ce7416a579b9fa6bce9c0a8f2?s=96&d=mm&r=g","contentUrl":"https:\/\/secure.gravatar.com\/avatar\/cedca10ce7416a579b9fa6bce9c0a8f2?s=96&d=mm&r=g","caption":"ladyitaliaeconomia"},"url":"https:\/\/www.italiaeconomiaonline.it\/web\/author\/ladyitaliaeconomia\/"}]}},"_links":{"self":[{"href":"https:\/\/www.italiaeconomiaonline.it\/web\/wp-json\/wp\/v2\/posts\/3617"}],"collection":[{"href":"https:\/\/www.italiaeconomiaonline.it\/web\/wp-json\/wp\/v2\/posts"}],"about":[{"href":"https:\/\/www.italiaeconomiaonline.it\/web\/wp-json\/wp\/v2\/types\/post"}],"author":[{"embeddable":true,"href":"https:\/\/www.italiaeconomiaonline.it\/web\/wp-json\/wp\/v2\/users\/1"}],"replies":[{"embeddable":true,"href":"https:\/\/www.italiaeconomiaonline.it\/web\/wp-json\/wp\/v2\/comments?post=3617"}],"version-history":[{"count":1,"href":"https:\/\/www.italiaeconomiaonline.it\/web\/wp-json\/wp\/v2\/posts\/3617\/revisions"}],"predecessor-version":[{"id":3619,"href":"https:\/\/www.italiaeconomiaonline.it\/web\/wp-json\/wp\/v2\/posts\/3617\/revisions\/3619"}],"wp:featuredmedia":[{"embeddable":true,"href":"https:\/\/www.italiaeconomiaonline.it\/web\/wp-json\/wp\/v2\/media\/3618"}],"wp:attachment":[{"href":"https:\/\/www.italiaeconomiaonline.it\/web\/wp-json\/wp\/v2\/media?parent=3617"}],"wp:term":[{"taxonomy":"category","embeddable":true,"href":"https:\/\/www.italiaeconomiaonline.it\/web\/wp-json\/wp\/v2\/categories?post=3617"},{"taxonomy":"post_tag","embeddable":true,"href":"https:\/\/www.italiaeconomiaonline.it\/web\/wp-json\/wp\/v2\/tags?post=3617"}],"curies":[{"name":"wp","href":"https:\/\/api.w.org\/{rel}","templated":true}]}}