{"id":3665,"date":"2020-07-14T10:56:34","date_gmt":"2020-07-14T08:56:34","guid":{"rendered":"http:\/\/www.italiaeconomiaonline.it\/web\/?p=3665"},"modified":"2020-07-14T10:56:34","modified_gmt":"2020-07-14T08:56:34","slug":"coldiretti-9mila-fattorie-salvano-famiglie-disagiate","status":"publish","type":"post","link":"https:\/\/www.italiaeconomiaonline.it\/web\/coldiretti-9mila-fattorie-salvano-famiglie-disagiate\/","title":{"rendered":"Coldiretti, 9mila fattorie salvano famiglie disagiate"},"content":{"rendered":"<p><span class=\"dropcap dropcap3\">P<\/span>er sostenere le famiglie in difficolt\u00e0, gli anziani, i bambini, i disabili e le fasce pi\u00f9 disagiate della popolazione travolte dalla crisi generata dall\u2019emergenza coronavirus scende in campo la prima rete nazionale delle fattorie sociali di Coldiretti per offrire nuovi servizi nelle campagne dove all\u2019aria aperta \u00e8 pi\u00f9 facile il rispetto del distanziamento e minori i rischi di contagio.<\/p>\n<p>E\u2019 quanto emerge dal primo rapporto di Coldiretti dedicato a \u201cLa vera agricoltura sociale fa bene all\u2019Italia\u201d presentato a Roma a Palazzo Rospigliosi alla presenza del Presidente della Coldiretti <strong>Ettore Prandini<\/strong> e del ministro delle Politiche agricole <strong>Teresa Bellanova<\/strong> alla quale \u00e8 stato donato il primo gel disinfettante a base di prodotti naturali come lavanda e timo prodotto durante il lockdown da una fattoria sociale di Comano Terme (TN) che produce erbe officinali e\u00a0 accoglie in azienda bambini per la didattica e persone in difficolt\u00e0 per interventi assistiti con gli animali.<\/p>\n<p>&nbsp;<\/p>\n<p>Dai primi centri estivi rurali per i bambini agli agriospizi per gli anziani, dalla cura delle dipendenze al reinserimento lavorativo, dall\u2019ortoterapia alla pet therapy, dall\u2019assistenza sanitaria e psicologica all\u2019integrazione culturale, sono solo alcune delIe opportunit\u00e0 offerte dal nuovo welfare \u201cverde\u201d al tempo del coronavirus per affiancare \u2013 sottolinea la Coldiretti &#8211; il sistema dei servizi pubblici messo sotto pressione.<\/p>\n<p>&nbsp;<\/p>\n<p>Lungo tutta la penisola sono circa 9mila le fattorie impegnate nel sociale con un aumento di 7 volte dal 2013 in grado di offrire oggi un valore di servizi sanitari ed educativi che ha raggiunto il miliardo di euro secondo le stime della Coldiretti. Nell\u2019ultimo anno \u2013 spiega la Coldiretti \u2013 oltre 40mila famiglie hanno usufruito dei servizi nati grazie all\u2019impegno sociale degli agricoltori con azioni di aiuto e sostegno a disabili motori e cognitivi, a persone con autismo, a detenuti ed ex detenuti, a minori disagiati o con difficolt\u00e0 di apprendimento, a donne vittime di abusi, ad anziani, a persone con problemi relazionali oppure con dipendenze fino ai disoccupati e agli stranieri.<\/p>\n<p>&nbsp;<\/p>\n<p>Una area di disagio molto ampia cresciuta ancora di pi\u00f9 in questi mesi di pandemia con oltre un milione i nuovi poveri che \u2013 continua la Coldiretti \u2013 hanno bisogno di aiuto anche per mangiare per effetto della crisi economica e sociale provocata dall\u2019emergenza coronavirus e dalla conseguente perdita di opportunit\u00e0 di lavoro con persone e famiglie che mai prima d\u2019ora avevano sperimentato condizioni di vita cos\u00ec problematiche. Una crisi collettiva nazionale trasversale per demografia e lavoro senza precedenti dai tempi del dopoguerra e che \u2013 evidenzia il rapporto di Coldiretti \u2013 pu\u00f2 trovare delle risposte nelle esperienze di agricoltura sociale diffuse su tutto il territorio nazionale: il 52,4% al Nord, il 21,4% al Centro e il 26,2% al Sud. Il nuovo welfare \u201cverde\u201d \u2013 sottolinea la Coldiretti \u2013 nasce dall\u2019innesto dei percorsi di riabilitazione e di reinserimento sociale grazie ad attivit\u00e0 agricole tradizionali come la coltivazioni, l\u2019allevamento, l\u2019agriturismo, le fattorie didattiche e anche le vendite dirette che coinvolgono l\u201980% delle fattorie sociali italiane la cui dimensione media raggiunge i 24 ettari pi\u00f9 del triplo delle altre aziende agricole.<\/p>\n<p>&nbsp;<\/p>\n<p>\u201cOggi produrre in agricoltura non vuol dire soltanto portare il buon cibo sulle tavole degli italiani, ma rispondere a precise necessit\u00e0 della societ\u00e0 in ambiti diversi. Grazie agli agricoltori si realizzano progetti che offrono servizi di qualit\u00e0 a persone svantaggiate con percorsi di integrazione e formazione che spesso sfociano in contratti di lavoro che restituiscono dignit\u00e0 e traiettorie di futuro\u201d spiega il Presidente della Coldiretti Ettore Prandini nel sottolineare che \u201cnei prodotti e nei servizi offerti dall\u2019agricoltura non c\u2019\u00e8 solo il loro valore intrinseco, ma anche un bene comune per la collettivit\u00e0 fatto di tutela ambientale, di difesa della salute, di qualit\u00e0 della vita e di valorizzazione della persona\u201d.<\/p>\n<p>&nbsp;<\/p>\n","protected":false},"excerpt":{"rendered":"<p>Per sostenere le famiglie in difficolt\u00e0, gli anziani, i bambini, i disabili e le fasce pi\u00f9 disagiate della popolazione travolte dalla crisi generata dall\u2019emergenza coronavirus scende in campo la prima rete nazionale delle fattorie sociali di Coldiretti per offrire nuovi servizi nelle campagne dove all\u2019aria aperta \u00e8 pi\u00f9 facile il rispetto del distanziamento e minori [&hellip;]<\/p>\n","protected":false},"author":1,"featured_media":3666,"comment_status":"closed","ping_status":"open","sticky":false,"template":"","format":"standard","meta":{"footnotes":""},"categories":[537],"tags":[],"yoast_head":"<!-- This site is optimized with the Yoast SEO plugin v22.2 - https:\/\/yoast.com\/wordpress\/plugins\/seo\/ -->\n<title>Coldiretti, 9mila fattorie salvano famiglie disagiate -<\/title>\n<meta name=\"robots\" content=\"index, follow, max-snippet:-1, max-image-preview:large, max-video-preview:-1\" \/>\n<link rel=\"canonical\" href=\"https:\/\/www.italiaeconomiaonline.it\/web\/coldiretti-9mila-fattorie-salvano-famiglie-disagiate\/\" \/>\n<meta property=\"og:locale\" content=\"it_IT\" \/>\n<meta property=\"og:type\" content=\"article\" \/>\n<meta property=\"og:title\" content=\"Coldiretti, 9mila fattorie salvano famiglie disagiate -\" \/>\n<meta property=\"og:description\" content=\"Per sostenere le famiglie in difficolt\u00e0, gli anziani, i bambini, i disabili e le fasce pi\u00f9 disagiate della popolazione travolte dalla crisi generata dall\u2019emergenza coronavirus scende in campo la prima rete nazionale delle fattorie sociali di Coldiretti per offrire nuovi servizi nelle campagne dove all\u2019aria aperta \u00e8 pi\u00f9 facile il rispetto del distanziamento e minori [&hellip;]\" \/>\n<meta property=\"og:url\" content=\"https:\/\/www.italiaeconomiaonline.it\/web\/coldiretti-9mila-fattorie-salvano-famiglie-disagiate\/\" \/>\n<meta property=\"og:site_name\" content=\"ItaliaEconomiaOnline\" \/>\n<meta property=\"article:published_time\" content=\"2020-07-14T08:56:34+00:00\" \/>\n<meta property=\"og:image\" content=\"https:\/\/www.italiaeconomiaonline.it\/web\/wp-content\/uploads\/2020\/07\/Ministro-Bellanova-con-gel-disinfettante-naturale-Coldiretti.jpg\" \/>\n\t<meta property=\"og:image:width\" content=\"1600\" \/>\n\t<meta property=\"og:image:height\" content=\"757\" \/>\n\t<meta property=\"og:image:type\" content=\"image\/jpeg\" \/>\n<meta name=\"author\" content=\"ladyitaliaeconomia\" \/>\n<meta name=\"twitter:card\" content=\"summary_large_image\" \/>\n<meta name=\"twitter:label1\" content=\"Scritto da\" \/>\n\t<meta name=\"twitter:data1\" content=\"ladyitaliaeconomia\" \/>\n\t<meta name=\"twitter:label2\" content=\"Tempo di lettura stimato\" \/>\n\t<meta name=\"twitter:data2\" content=\"3 minuti\" \/>\n<script type=\"application\/ld+json\" class=\"yoast-schema-graph\">{\"@context\":\"https:\/\/schema.org\",\"@graph\":[{\"@type\":\"WebPage\",\"@id\":\"https:\/\/www.italiaeconomiaonline.it\/web\/coldiretti-9mila-fattorie-salvano-famiglie-disagiate\/\",\"url\":\"https:\/\/www.italiaeconomiaonline.it\/web\/coldiretti-9mila-fattorie-salvano-famiglie-disagiate\/\",\"name\":\"Coldiretti, 9mila fattorie salvano famiglie disagiate -\",\"isPartOf\":{\"@id\":\"https:\/\/www.italiaeconomiaonline.it\/web\/#website\"},\"primaryImageOfPage\":{\"@id\":\"https:\/\/www.italiaeconomiaonline.it\/web\/coldiretti-9mila-fattorie-salvano-famiglie-disagiate\/#primaryimage\"},\"image\":{\"@id\":\"https:\/\/www.italiaeconomiaonline.it\/web\/coldiretti-9mila-fattorie-salvano-famiglie-disagiate\/#primaryimage\"},\"thumbnailUrl\":\"https:\/\/www.italiaeconomiaonline.it\/web\/wp-content\/uploads\/2020\/07\/Ministro-Bellanova-con-gel-disinfettante-naturale-Coldiretti.jpg\",\"datePublished\":\"2020-07-14T08:56:34+00:00\",\"dateModified\":\"2020-07-14T08:56:34+00:00\",\"author\":{\"@id\":\"https:\/\/www.italiaeconomiaonline.it\/web\/#\/schema\/person\/909a49cce752523b020fbc37d5ab1c31\"},\"breadcrumb\":{\"@id\":\"https:\/\/www.italiaeconomiaonline.it\/web\/coldiretti-9mila-fattorie-salvano-famiglie-disagiate\/#breadcrumb\"},\"inLanguage\":\"it-IT\",\"potentialAction\":[{\"@type\":\"ReadAction\",\"target\":[\"https:\/\/www.italiaeconomiaonline.it\/web\/coldiretti-9mila-fattorie-salvano-famiglie-disagiate\/\"]}]},{\"@type\":\"ImageObject\",\"inLanguage\":\"it-IT\",\"@id\":\"https:\/\/www.italiaeconomiaonline.it\/web\/coldiretti-9mila-fattorie-salvano-famiglie-disagiate\/#primaryimage\",\"url\":\"https:\/\/www.italiaeconomiaonline.it\/web\/wp-content\/uploads\/2020\/07\/Ministro-Bellanova-con-gel-disinfettante-naturale-Coldiretti.jpg\",\"contentUrl\":\"https:\/\/www.italiaeconomiaonline.it\/web\/wp-content\/uploads\/2020\/07\/Ministro-Bellanova-con-gel-disinfettante-naturale-Coldiretti.jpg\",\"width\":1600,\"height\":757},{\"@type\":\"BreadcrumbList\",\"@id\":\"https:\/\/www.italiaeconomiaonline.it\/web\/coldiretti-9mila-fattorie-salvano-famiglie-disagiate\/#breadcrumb\",\"itemListElement\":[{\"@type\":\"ListItem\",\"position\":1,\"name\":\"Home\",\"item\":\"https:\/\/www.italiaeconomiaonline.it\/web\/\"},{\"@type\":\"ListItem\",\"position\":2,\"name\":\"Coldiretti, 9mila fattorie salvano famiglie disagiate\"}]},{\"@type\":\"WebSite\",\"@id\":\"https:\/\/www.italiaeconomiaonline.it\/web\/#website\",\"url\":\"https:\/\/www.italiaeconomiaonline.it\/web\/\",\"name\":\"ItaliaEconomiaOnline\",\"description\":\"Quotidiano Economico Online\",\"potentialAction\":[{\"@type\":\"SearchAction\",\"target\":{\"@type\":\"EntryPoint\",\"urlTemplate\":\"https:\/\/www.italiaeconomiaonline.it\/web\/?s={search_term_string}\"},\"query-input\":\"required name=search_term_string\"}],\"inLanguage\":\"it-IT\"},{\"@type\":\"Person\",\"@id\":\"https:\/\/www.italiaeconomiaonline.it\/web\/#\/schema\/person\/909a49cce752523b020fbc37d5ab1c31\",\"name\":\"ladyitaliaeconomia\",\"image\":{\"@type\":\"ImageObject\",\"inLanguage\":\"it-IT\",\"@id\":\"https:\/\/www.italiaeconomiaonline.it\/web\/#\/schema\/person\/image\/\",\"url\":\"https:\/\/secure.gravatar.com\/avatar\/cedca10ce7416a579b9fa6bce9c0a8f2?s=96&d=mm&r=g\",\"contentUrl\":\"https:\/\/secure.gravatar.com\/avatar\/cedca10ce7416a579b9fa6bce9c0a8f2?s=96&d=mm&r=g\",\"caption\":\"ladyitaliaeconomia\"},\"url\":\"https:\/\/www.italiaeconomiaonline.it\/web\/author\/ladyitaliaeconomia\/\"}]}<\/script>\n<!-- \/ Yoast SEO plugin. -->","yoast_head_json":{"title":"Coldiretti, 9mila fattorie salvano famiglie disagiate -","robots":{"index":"index","follow":"follow","max-snippet":"max-snippet:-1","max-image-preview":"max-image-preview:large","max-video-preview":"max-video-preview:-1"},"canonical":"https:\/\/www.italiaeconomiaonline.it\/web\/coldiretti-9mila-fattorie-salvano-famiglie-disagiate\/","og_locale":"it_IT","og_type":"article","og_title":"Coldiretti, 9mila fattorie salvano famiglie disagiate -","og_description":"Per sostenere le famiglie in difficolt\u00e0, gli anziani, i bambini, i disabili e le fasce pi\u00f9 disagiate della popolazione travolte dalla crisi generata dall\u2019emergenza coronavirus scende in campo la prima rete nazionale delle fattorie sociali di Coldiretti per offrire nuovi servizi nelle campagne dove all\u2019aria aperta \u00e8 pi\u00f9 facile il rispetto del distanziamento e minori [&hellip;]","og_url":"https:\/\/www.italiaeconomiaonline.it\/web\/coldiretti-9mila-fattorie-salvano-famiglie-disagiate\/","og_site_name":"ItaliaEconomiaOnline","article_published_time":"2020-07-14T08:56:34+00:00","og_image":[{"width":1600,"height":757,"url":"https:\/\/www.italiaeconomiaonline.it\/web\/wp-content\/uploads\/2020\/07\/Ministro-Bellanova-con-gel-disinfettante-naturale-Coldiretti.jpg","type":"image\/jpeg"}],"author":"ladyitaliaeconomia","twitter_card":"summary_large_image","twitter_misc":{"Scritto da":"ladyitaliaeconomia","Tempo di lettura stimato":"3 minuti"},"schema":{"@context":"https:\/\/schema.org","@graph":[{"@type":"WebPage","@id":"https:\/\/www.italiaeconomiaonline.it\/web\/coldiretti-9mila-fattorie-salvano-famiglie-disagiate\/","url":"https:\/\/www.italiaeconomiaonline.it\/web\/coldiretti-9mila-fattorie-salvano-famiglie-disagiate\/","name":"Coldiretti, 9mila fattorie salvano famiglie disagiate -","isPartOf":{"@id":"https:\/\/www.italiaeconomiaonline.it\/web\/#website"},"primaryImageOfPage":{"@id":"https:\/\/www.italiaeconomiaonline.it\/web\/coldiretti-9mila-fattorie-salvano-famiglie-disagiate\/#primaryimage"},"image":{"@id":"https:\/\/www.italiaeconomiaonline.it\/web\/coldiretti-9mila-fattorie-salvano-famiglie-disagiate\/#primaryimage"},"thumbnailUrl":"https:\/\/www.italiaeconomiaonline.it\/web\/wp-content\/uploads\/2020\/07\/Ministro-Bellanova-con-gel-disinfettante-naturale-Coldiretti.jpg","datePublished":"2020-07-14T08:56:34+00:00","dateModified":"2020-07-14T08:56:34+00:00","author":{"@id":"https:\/\/www.italiaeconomiaonline.it\/web\/#\/schema\/person\/909a49cce752523b020fbc37d5ab1c31"},"breadcrumb":{"@id":"https:\/\/www.italiaeconomiaonline.it\/web\/coldiretti-9mila-fattorie-salvano-famiglie-disagiate\/#breadcrumb"},"inLanguage":"it-IT","potentialAction":[{"@type":"ReadAction","target":["https:\/\/www.italiaeconomiaonline.it\/web\/coldiretti-9mila-fattorie-salvano-famiglie-disagiate\/"]}]},{"@type":"ImageObject","inLanguage":"it-IT","@id":"https:\/\/www.italiaeconomiaonline.it\/web\/coldiretti-9mila-fattorie-salvano-famiglie-disagiate\/#primaryimage","url":"https:\/\/www.italiaeconomiaonline.it\/web\/wp-content\/uploads\/2020\/07\/Ministro-Bellanova-con-gel-disinfettante-naturale-Coldiretti.jpg","contentUrl":"https:\/\/www.italiaeconomiaonline.it\/web\/wp-content\/uploads\/2020\/07\/Ministro-Bellanova-con-gel-disinfettante-naturale-Coldiretti.jpg","width":1600,"height":757},{"@type":"BreadcrumbList","@id":"https:\/\/www.italiaeconomiaonline.it\/web\/coldiretti-9mila-fattorie-salvano-famiglie-disagiate\/#breadcrumb","itemListElement":[{"@type":"ListItem","position":1,"name":"Home","item":"https:\/\/www.italiaeconomiaonline.it\/web\/"},{"@type":"ListItem","position":2,"name":"Coldiretti, 9mila fattorie salvano famiglie disagiate"}]},{"@type":"WebSite","@id":"https:\/\/www.italiaeconomiaonline.it\/web\/#website","url":"https:\/\/www.italiaeconomiaonline.it\/web\/","name":"ItaliaEconomiaOnline","description":"Quotidiano Economico Online","potentialAction":[{"@type":"SearchAction","target":{"@type":"EntryPoint","urlTemplate":"https:\/\/www.italiaeconomiaonline.it\/web\/?s={search_term_string}"},"query-input":"required name=search_term_string"}],"inLanguage":"it-IT"},{"@type":"Person","@id":"https:\/\/www.italiaeconomiaonline.it\/web\/#\/schema\/person\/909a49cce752523b020fbc37d5ab1c31","name":"ladyitaliaeconomia","image":{"@type":"ImageObject","inLanguage":"it-IT","@id":"https:\/\/www.italiaeconomiaonline.it\/web\/#\/schema\/person\/image\/","url":"https:\/\/secure.gravatar.com\/avatar\/cedca10ce7416a579b9fa6bce9c0a8f2?s=96&d=mm&r=g","contentUrl":"https:\/\/secure.gravatar.com\/avatar\/cedca10ce7416a579b9fa6bce9c0a8f2?s=96&d=mm&r=g","caption":"ladyitaliaeconomia"},"url":"https:\/\/www.italiaeconomiaonline.it\/web\/author\/ladyitaliaeconomia\/"}]}},"_links":{"self":[{"href":"https:\/\/www.italiaeconomiaonline.it\/web\/wp-json\/wp\/v2\/posts\/3665"}],"collection":[{"href":"https:\/\/www.italiaeconomiaonline.it\/web\/wp-json\/wp\/v2\/posts"}],"about":[{"href":"https:\/\/www.italiaeconomiaonline.it\/web\/wp-json\/wp\/v2\/types\/post"}],"author":[{"embeddable":true,"href":"https:\/\/www.italiaeconomiaonline.it\/web\/wp-json\/wp\/v2\/users\/1"}],"replies":[{"embeddable":true,"href":"https:\/\/www.italiaeconomiaonline.it\/web\/wp-json\/wp\/v2\/comments?post=3665"}],"version-history":[{"count":1,"href":"https:\/\/www.italiaeconomiaonline.it\/web\/wp-json\/wp\/v2\/posts\/3665\/revisions"}],"predecessor-version":[{"id":3667,"href":"https:\/\/www.italiaeconomiaonline.it\/web\/wp-json\/wp\/v2\/posts\/3665\/revisions\/3667"}],"wp:featuredmedia":[{"embeddable":true,"href":"https:\/\/www.italiaeconomiaonline.it\/web\/wp-json\/wp\/v2\/media\/3666"}],"wp:attachment":[{"href":"https:\/\/www.italiaeconomiaonline.it\/web\/wp-json\/wp\/v2\/media?parent=3665"}],"wp:term":[{"taxonomy":"category","embeddable":true,"href":"https:\/\/www.italiaeconomiaonline.it\/web\/wp-json\/wp\/v2\/categories?post=3665"},{"taxonomy":"post_tag","embeddable":true,"href":"https:\/\/www.italiaeconomiaonline.it\/web\/wp-json\/wp\/v2\/tags?post=3665"}],"curies":[{"name":"wp","href":"https:\/\/api.w.org\/{rel}","templated":true}]}}