{"id":3680,"date":"2020-07-15T22:15:22","date_gmt":"2020-07-15T20:15:22","guid":{"rendered":"http:\/\/www.italiaeconomiaonline.it\/web\/?p=3680"},"modified":"2020-07-15T22:15:22","modified_gmt":"2020-07-15T20:15:22","slug":"uil-essenziale-garantire-occupazione-e-completare-opere","status":"publish","type":"post","link":"https:\/\/www.italiaeconomiaonline.it\/web\/uil-essenziale-garantire-occupazione-e-completare-opere\/","title":{"rendered":"UIL: &#8220;Essenziale garantire occupazione e completare opere&#8221;"},"content":{"rendered":"<div><span class=\"dropcap dropcap3\">A<\/span>ver raggiunto un accordo \u00e8 sicuramente un fatto apprezzabile, ma garantire l\u2019occupazione e realizzare le opere per la sicurezza e l&#8217;ammodernamento della rete autostradale \u00e8 ancora pi\u00f9 urgente.<\/div>\n<div><\/div>\n<div>E\u2019 quanto dichiarato in una nota congiunta dal Segretario Uil Bombardieri e dal Segretario FenealUil Panzarella riguardo la decisione assunta dal Consiglio dei Ministri su Autostrade per l\u2019Italia. \u201cSono ancora tanti i lavori e gli interventi da completare e sar\u00e0 necessario fare in modo che proseguano rapidamente.\u201d<\/div>\n<div><\/div>\n<div>Per Bombardieri e Panzarella \u201coccorre tradurre in cantieri le opere previste da anni e mai realizzate, a partire dalla Gronda di Genova, solo per citarne una, perch\u00e9 il Paese non pu\u00f2 pi\u00f9 attendere. Concretizzare finalmente un serio programma di ammodernamento strutturale pu\u00f2 servire a rilanciare la crescita e a rimettere in moto tutta l&#8217;economia.\u201d<\/div>\n<div><\/div>\n<div>\u201cBisogna innanzitutto garantire gli interessi dei cittadini e dei lavoratori, a partire dai dipendenti delle societ\u00e0 del Gruppo specializzate nella manutenzione progettazione e realizzazione delle opere che chiediamo passino sotto il diretto controllo di Aspi. Il nuovo corso, infatti, deve ripartire proprio dai lavoratori, puntando sulle loro professionalit\u00e0 e competenze, all&#8217;interno di un quadro operativo chiaro e trasparente, fondato sulla qualit\u00e0 e la valorizzazione del lavoro.\u201d<\/div>\n<div><\/div>\n","protected":false},"excerpt":{"rendered":"<p>Aver raggiunto un accordo \u00e8 sicuramente un fatto apprezzabile, ma garantire l\u2019occupazione e realizzare le opere per la sicurezza e l&#8217;ammodernamento della rete autostradale \u00e8 ancora pi\u00f9 urgente. E\u2019 quanto dichiarato in una nota congiunta dal Segretario Uil Bombardieri e dal Segretario FenealUil Panzarella riguardo la decisione assunta dal Consiglio dei Ministri su Autostrade per [&hellip;]<\/p>\n","protected":false},"author":1,"featured_media":448,"comment_status":"closed","ping_status":"open","sticky":false,"template":"","format":"standard","meta":{"footnotes":""},"categories":[56],"tags":[],"yoast_head":"<!-- This site is optimized with the Yoast SEO plugin v22.2 - https:\/\/yoast.com\/wordpress\/plugins\/seo\/ -->\n<title>UIL: &quot;Essenziale garantire occupazione e completare opere&quot; -<\/title>\n<meta name=\"robots\" content=\"index, follow, max-snippet:-1, max-image-preview:large, max-video-preview:-1\" \/>\n<link rel=\"canonical\" href=\"https:\/\/www.italiaeconomiaonline.it\/web\/uil-essenziale-garantire-occupazione-e-completare-opere\/\" \/>\n<meta property=\"og:locale\" content=\"it_IT\" \/>\n<meta property=\"og:type\" content=\"article\" \/>\n<meta property=\"og:title\" content=\"UIL: &quot;Essenziale garantire occupazione e completare opere&quot; -\" \/>\n<meta property=\"og:description\" content=\"Aver raggiunto un accordo \u00e8 sicuramente un fatto apprezzabile, ma garantire l\u2019occupazione e realizzare le opere per la sicurezza e l&#8217;ammodernamento della rete autostradale \u00e8 ancora pi\u00f9 urgente. E\u2019 quanto dichiarato in una nota congiunta dal Segretario Uil Bombardieri e dal Segretario FenealUil Panzarella riguardo la decisione assunta dal Consiglio dei Ministri su Autostrade per [&hellip;]\" \/>\n<meta property=\"og:url\" content=\"https:\/\/www.italiaeconomiaonline.it\/web\/uil-essenziale-garantire-occupazione-e-completare-opere\/\" \/>\n<meta property=\"og:site_name\" content=\"ItaliaEconomiaOnline\" \/>\n<meta property=\"article:published_time\" content=\"2020-07-15T20:15:22+00:00\" \/>\n<meta property=\"og:image\" content=\"https:\/\/www.italiaeconomiaonline.it\/web\/wp-content\/uploads\/2019\/04\/strada.jpg\" \/>\n\t<meta property=\"og:image:width\" content=\"960\" \/>\n\t<meta property=\"og:image:height\" content=\"684\" \/>\n\t<meta property=\"og:image:type\" content=\"image\/jpeg\" \/>\n<meta name=\"author\" content=\"ladyitaliaeconomia\" \/>\n<meta name=\"twitter:card\" content=\"summary_large_image\" \/>\n<meta name=\"twitter:label1\" content=\"Scritto da\" \/>\n\t<meta name=\"twitter:data1\" content=\"ladyitaliaeconomia\" \/>\n\t<meta name=\"twitter:label2\" content=\"Tempo di lettura stimato\" \/>\n\t<meta name=\"twitter:data2\" content=\"1 minuto\" \/>\n<script type=\"application\/ld+json\" class=\"yoast-schema-graph\">{\"@context\":\"https:\/\/schema.org\",\"@graph\":[{\"@type\":\"WebPage\",\"@id\":\"https:\/\/www.italiaeconomiaonline.it\/web\/uil-essenziale-garantire-occupazione-e-completare-opere\/\",\"url\":\"https:\/\/www.italiaeconomiaonline.it\/web\/uil-essenziale-garantire-occupazione-e-completare-opere\/\",\"name\":\"UIL: \\\"Essenziale garantire occupazione e completare opere\\\" -\",\"isPartOf\":{\"@id\":\"https:\/\/www.italiaeconomiaonline.it\/web\/#website\"},\"primaryImageOfPage\":{\"@id\":\"https:\/\/www.italiaeconomiaonline.it\/web\/uil-essenziale-garantire-occupazione-e-completare-opere\/#primaryimage\"},\"image\":{\"@id\":\"https:\/\/www.italiaeconomiaonline.it\/web\/uil-essenziale-garantire-occupazione-e-completare-opere\/#primaryimage\"},\"thumbnailUrl\":\"https:\/\/www.italiaeconomiaonline.it\/web\/wp-content\/uploads\/2019\/04\/strada.jpg\",\"datePublished\":\"2020-07-15T20:15:22+00:00\",\"dateModified\":\"2020-07-15T20:15:22+00:00\",\"author\":{\"@id\":\"https:\/\/www.italiaeconomiaonline.it\/web\/#\/schema\/person\/909a49cce752523b020fbc37d5ab1c31\"},\"breadcrumb\":{\"@id\":\"https:\/\/www.italiaeconomiaonline.it\/web\/uil-essenziale-garantire-occupazione-e-completare-opere\/#breadcrumb\"},\"inLanguage\":\"it-IT\",\"potentialAction\":[{\"@type\":\"ReadAction\",\"target\":[\"https:\/\/www.italiaeconomiaonline.it\/web\/uil-essenziale-garantire-occupazione-e-completare-opere\/\"]}]},{\"@type\":\"ImageObject\",\"inLanguage\":\"it-IT\",\"@id\":\"https:\/\/www.italiaeconomiaonline.it\/web\/uil-essenziale-garantire-occupazione-e-completare-opere\/#primaryimage\",\"url\":\"https:\/\/www.italiaeconomiaonline.it\/web\/wp-content\/uploads\/2019\/04\/strada.jpg\",\"contentUrl\":\"https:\/\/www.italiaeconomiaonline.it\/web\/wp-content\/uploads\/2019\/04\/strada.jpg\",\"width\":960,\"height\":684},{\"@type\":\"BreadcrumbList\",\"@id\":\"https:\/\/www.italiaeconomiaonline.it\/web\/uil-essenziale-garantire-occupazione-e-completare-opere\/#breadcrumb\",\"itemListElement\":[{\"@type\":\"ListItem\",\"position\":1,\"name\":\"Home\",\"item\":\"https:\/\/www.italiaeconomiaonline.it\/web\/\"},{\"@type\":\"ListItem\",\"position\":2,\"name\":\"UIL: &#8220;Essenziale garantire occupazione e completare opere&#8221;\"}]},{\"@type\":\"WebSite\",\"@id\":\"https:\/\/www.italiaeconomiaonline.it\/web\/#website\",\"url\":\"https:\/\/www.italiaeconomiaonline.it\/web\/\",\"name\":\"ItaliaEconomiaOnline\",\"description\":\"Quotidiano Economico Online\",\"potentialAction\":[{\"@type\":\"SearchAction\",\"target\":{\"@type\":\"EntryPoint\",\"urlTemplate\":\"https:\/\/www.italiaeconomiaonline.it\/web\/?s={search_term_string}\"},\"query-input\":\"required name=search_term_string\"}],\"inLanguage\":\"it-IT\"},{\"@type\":\"Person\",\"@id\":\"https:\/\/www.italiaeconomiaonline.it\/web\/#\/schema\/person\/909a49cce752523b020fbc37d5ab1c31\",\"name\":\"ladyitaliaeconomia\",\"image\":{\"@type\":\"ImageObject\",\"inLanguage\":\"it-IT\",\"@id\":\"https:\/\/www.italiaeconomiaonline.it\/web\/#\/schema\/person\/image\/\",\"url\":\"https:\/\/secure.gravatar.com\/avatar\/cedca10ce7416a579b9fa6bce9c0a8f2?s=96&d=mm&r=g\",\"contentUrl\":\"https:\/\/secure.gravatar.com\/avatar\/cedca10ce7416a579b9fa6bce9c0a8f2?s=96&d=mm&r=g\",\"caption\":\"ladyitaliaeconomia\"},\"url\":\"https:\/\/www.italiaeconomiaonline.it\/web\/author\/ladyitaliaeconomia\/\"}]}<\/script>\n<!-- \/ Yoast SEO plugin. -->","yoast_head_json":{"title":"UIL: \"Essenziale garantire occupazione e completare opere\" -","robots":{"index":"index","follow":"follow","max-snippet":"max-snippet:-1","max-image-preview":"max-image-preview:large","max-video-preview":"max-video-preview:-1"},"canonical":"https:\/\/www.italiaeconomiaonline.it\/web\/uil-essenziale-garantire-occupazione-e-completare-opere\/","og_locale":"it_IT","og_type":"article","og_title":"UIL: \"Essenziale garantire occupazione e completare opere\" -","og_description":"Aver raggiunto un accordo \u00e8 sicuramente un fatto apprezzabile, ma garantire l\u2019occupazione e realizzare le opere per la sicurezza e l&#8217;ammodernamento della rete autostradale \u00e8 ancora pi\u00f9 urgente. E\u2019 quanto dichiarato in una nota congiunta dal Segretario Uil Bombardieri e dal Segretario FenealUil Panzarella riguardo la decisione assunta dal Consiglio dei Ministri su Autostrade per [&hellip;]","og_url":"https:\/\/www.italiaeconomiaonline.it\/web\/uil-essenziale-garantire-occupazione-e-completare-opere\/","og_site_name":"ItaliaEconomiaOnline","article_published_time":"2020-07-15T20:15:22+00:00","og_image":[{"width":960,"height":684,"url":"https:\/\/www.italiaeconomiaonline.it\/web\/wp-content\/uploads\/2019\/04\/strada.jpg","type":"image\/jpeg"}],"author":"ladyitaliaeconomia","twitter_card":"summary_large_image","twitter_misc":{"Scritto da":"ladyitaliaeconomia","Tempo di lettura stimato":"1 minuto"},"schema":{"@context":"https:\/\/schema.org","@graph":[{"@type":"WebPage","@id":"https:\/\/www.italiaeconomiaonline.it\/web\/uil-essenziale-garantire-occupazione-e-completare-opere\/","url":"https:\/\/www.italiaeconomiaonline.it\/web\/uil-essenziale-garantire-occupazione-e-completare-opere\/","name":"UIL: \"Essenziale garantire occupazione e completare opere\" -","isPartOf":{"@id":"https:\/\/www.italiaeconomiaonline.it\/web\/#website"},"primaryImageOfPage":{"@id":"https:\/\/www.italiaeconomiaonline.it\/web\/uil-essenziale-garantire-occupazione-e-completare-opere\/#primaryimage"},"image":{"@id":"https:\/\/www.italiaeconomiaonline.it\/web\/uil-essenziale-garantire-occupazione-e-completare-opere\/#primaryimage"},"thumbnailUrl":"https:\/\/www.italiaeconomiaonline.it\/web\/wp-content\/uploads\/2019\/04\/strada.jpg","datePublished":"2020-07-15T20:15:22+00:00","dateModified":"2020-07-15T20:15:22+00:00","author":{"@id":"https:\/\/www.italiaeconomiaonline.it\/web\/#\/schema\/person\/909a49cce752523b020fbc37d5ab1c31"},"breadcrumb":{"@id":"https:\/\/www.italiaeconomiaonline.it\/web\/uil-essenziale-garantire-occupazione-e-completare-opere\/#breadcrumb"},"inLanguage":"it-IT","potentialAction":[{"@type":"ReadAction","target":["https:\/\/www.italiaeconomiaonline.it\/web\/uil-essenziale-garantire-occupazione-e-completare-opere\/"]}]},{"@type":"ImageObject","inLanguage":"it-IT","@id":"https:\/\/www.italiaeconomiaonline.it\/web\/uil-essenziale-garantire-occupazione-e-completare-opere\/#primaryimage","url":"https:\/\/www.italiaeconomiaonline.it\/web\/wp-content\/uploads\/2019\/04\/strada.jpg","contentUrl":"https:\/\/www.italiaeconomiaonline.it\/web\/wp-content\/uploads\/2019\/04\/strada.jpg","width":960,"height":684},{"@type":"BreadcrumbList","@id":"https:\/\/www.italiaeconomiaonline.it\/web\/uil-essenziale-garantire-occupazione-e-completare-opere\/#breadcrumb","itemListElement":[{"@type":"ListItem","position":1,"name":"Home","item":"https:\/\/www.italiaeconomiaonline.it\/web\/"},{"@type":"ListItem","position":2,"name":"UIL: &#8220;Essenziale garantire occupazione e completare opere&#8221;"}]},{"@type":"WebSite","@id":"https:\/\/www.italiaeconomiaonline.it\/web\/#website","url":"https:\/\/www.italiaeconomiaonline.it\/web\/","name":"ItaliaEconomiaOnline","description":"Quotidiano Economico Online","potentialAction":[{"@type":"SearchAction","target":{"@type":"EntryPoint","urlTemplate":"https:\/\/www.italiaeconomiaonline.it\/web\/?s={search_term_string}"},"query-input":"required name=search_term_string"}],"inLanguage":"it-IT"},{"@type":"Person","@id":"https:\/\/www.italiaeconomiaonline.it\/web\/#\/schema\/person\/909a49cce752523b020fbc37d5ab1c31","name":"ladyitaliaeconomia","image":{"@type":"ImageObject","inLanguage":"it-IT","@id":"https:\/\/www.italiaeconomiaonline.it\/web\/#\/schema\/person\/image\/","url":"https:\/\/secure.gravatar.com\/avatar\/cedca10ce7416a579b9fa6bce9c0a8f2?s=96&d=mm&r=g","contentUrl":"https:\/\/secure.gravatar.com\/avatar\/cedca10ce7416a579b9fa6bce9c0a8f2?s=96&d=mm&r=g","caption":"ladyitaliaeconomia"},"url":"https:\/\/www.italiaeconomiaonline.it\/web\/author\/ladyitaliaeconomia\/"}]}},"_links":{"self":[{"href":"https:\/\/www.italiaeconomiaonline.it\/web\/wp-json\/wp\/v2\/posts\/3680"}],"collection":[{"href":"https:\/\/www.italiaeconomiaonline.it\/web\/wp-json\/wp\/v2\/posts"}],"about":[{"href":"https:\/\/www.italiaeconomiaonline.it\/web\/wp-json\/wp\/v2\/types\/post"}],"author":[{"embeddable":true,"href":"https:\/\/www.italiaeconomiaonline.it\/web\/wp-json\/wp\/v2\/users\/1"}],"replies":[{"embeddable":true,"href":"https:\/\/www.italiaeconomiaonline.it\/web\/wp-json\/wp\/v2\/comments?post=3680"}],"version-history":[{"count":1,"href":"https:\/\/www.italiaeconomiaonline.it\/web\/wp-json\/wp\/v2\/posts\/3680\/revisions"}],"predecessor-version":[{"id":3681,"href":"https:\/\/www.italiaeconomiaonline.it\/web\/wp-json\/wp\/v2\/posts\/3680\/revisions\/3681"}],"wp:featuredmedia":[{"embeddable":true,"href":"https:\/\/www.italiaeconomiaonline.it\/web\/wp-json\/wp\/v2\/media\/448"}],"wp:attachment":[{"href":"https:\/\/www.italiaeconomiaonline.it\/web\/wp-json\/wp\/v2\/media?parent=3680"}],"wp:term":[{"taxonomy":"category","embeddable":true,"href":"https:\/\/www.italiaeconomiaonline.it\/web\/wp-json\/wp\/v2\/categories?post=3680"},{"taxonomy":"post_tag","embeddable":true,"href":"https:\/\/www.italiaeconomiaonline.it\/web\/wp-json\/wp\/v2\/tags?post=3680"}],"curies":[{"name":"wp","href":"https:\/\/api.w.org\/{rel}","templated":true}]}}