{"id":3688,"date":"2020-07-17T11:38:10","date_gmt":"2020-07-17T09:38:10","guid":{"rendered":"http:\/\/www.italiaeconomiaonline.it\/web\/?p=3688"},"modified":"2020-07-17T11:38:10","modified_gmt":"2020-07-17T09:38:10","slug":"confcommercio-ancora-forte-cali-per-pil-e-consumi","status":"publish","type":"post","link":"https:\/\/www.italiaeconomiaonline.it\/web\/confcommercio-ancora-forte-cali-per-pil-e-consumi\/","title":{"rendered":"Confcommercio: ancora forte cali per Pil e consumi"},"content":{"rendered":"<div class=\"confcommercio-dettaglio-news--text\">\n<p><span class=\"dropcap dropcap3\">A<\/span> giugno, nonostante quasi tutte le attivit\u00e0 siano tornate operative e siano venuti meno i vincoli alla mobilit\u00e0 interna e, progressivamente, con i paesi dell\u2019area Schengen, il recupero si \u00e8 confermato difficile e complesso.<\/p>\n<p>I rimbalzi congiunturali, pur di dimensioni importanti, lasciano il livello di attivit\u00e0 economica su valori ancora molto contenuti.<\/p>\n<p>I comportamenti delle famiglie in materia di consumo si sono confermati prudenti. Nel confronto annuo l\u2019indicatore dei consumi (ICC) segnala un calo del 15,2%, dato meno negativo se confrontato con il trimestre precedente, ma ancora lontano dai valori pre-pandemia.<\/p>\n<p>La figura 1 indica con grande chiarezza a che punto si trovano alcune delle principali voci di spesa delle famiglie. Se per l\u2019alimentare, dopo il moderato aumento registrato nei mesi di <em>lockdown<\/em>, si conferma una stabilizzazione, per altri segmenti il rimbalzo di aprile e maggio ha solo attenuato i contorni di una situazione estremamente grave.<\/p>\n<p>Per la filiera turistica, che nei mesi estivi concentra gran parte del fatturato annuo, la distanza tra una situazione normale e quella attuale \u00e8 abissale, cos\u00ec come per l\u2019abbigliamento e per il segmento delle auto, settori vitali per la ripresa del Paese.<\/p>\n<p>Le prospettive a breve si confermano piene di incognite, anche in considerazione delle difficolt\u00e0 che vivono molte famiglie. Il disagio sociale, misurato sulla base del <a href=\"https:\/\/www.confcommercio.it\/search?q=%22Misery%20Index%20Confcommercio%22\" target=\"\" rel=\"noopener noreferrer\">Misery Index Confcommercio<\/a> (MIC), seppure in ridimensionamento, si attesta anche a maggio a livelli record, a testimoniare una situazione critica del mercato del lavoro, nella sostanza prima pi\u00f9 che nelle statistiche.<\/p>\n<p>A questo si aggiungono le difficolt\u00e0 degli altri Paesi ed i problemi di mobilit\u00e0 internazionale, elementi che portano a spostare oltre l\u2019autunno il ritorno dei dati della filiera turistica su valori meno drammatici. Il quadro d\u2019insieme indica come, pur in presenza di un tessuto imprenditoriale vivace e coraggioso, sia le riduzioni pi\u00f9 profonde di quanto atteso ad aprile sia una ripresa pi\u00f9 lenta a maggio e giugno, comporteranno una revisione della variazione del PIL per il 2020 in prossimit\u00e0 del -9%\/-10%.<\/p>\n<p>Se il PNR non dovesse portare ai risultati sperati, cio\u00e8 a un incremento strutturale del tasso di crescita del prodotto potenziale e, quindi, del prodotto osservato, la pandemia comporter\u00e0 un nuovo equilibrio di sotto-occupazione con espulsione permanente di occupati dal mercato del lavoro, maggiore spesa per l\u2019assistenza e, in definitiva, un contesto macroeconomico compromesso.<\/p>\n<h3>Pil mensile<\/h3>\n<p>A maggio nonostante la fine del <em>lockdown<\/em> abbia determinato un rimbalzo congiunturale del 42,1% della produzione industriale al netto dei fattori stagionali, la riduzione su base annua si attesta al 20,3%. Nello stesso mese l\u2019occupazione registra un calo dello 0,4% rispetto al mese precedente e del 2,6% sullo stesso mese dello scorso anno. Il <em>sentiment<\/em> delle imprese del commercio al dettaglio ha registrato nel mese di giugno un aumento del 16,3% congiunturale, a fronte di una riduzione tendenziale del 25,4%.<\/p>\n<p>Dopo le buone performance di maggio il recupero dell\u2019attivit\u00e0 \u00e8 proseguito a ritmi meno intensi, con una stima per il mese di luglio di una crescita congiunturale del PIL, al netto dei fattori stagionali, del 4,3%, valutazione che comporterebbe un livello inferiore del 12,5% rispetto allo stesso mese del 2019 (tab. 1). Nel secondo trimestre il PIL \u00e8 stimato ridursi del 18% rispetto all\u2019ultimo quarto e del 22,5% nel confronto annuo.<\/p>\n<div class=\"flourish-embed flourish-table\" data-src=\"visualisation\/3196458\" data-url=\"https:\/\/flo.uri.sh\/visualisation\/3196458\/embed\">\n<div class=\"flourish-credit\"><\/div>\n<\/div>\n<h3>ICC\u00a0(Indicatore Consumi Confcommercio)<\/h3>\n<p>A giugno \u00e8 proseguito, in linea con il progressivo ritorno alla normalit\u00e0, il recupero della domanda. L\u2019indicatore dei consumi registra, nel confronto annuo, un calo del 15,2%. Nel complesso del secondo trimestre la riduzione \u00e8 stata, nel confronto con lo stesso periodo del 2019, del 29,7%, valore che si attesta al 54,5% per la domanda di servizi.<\/p>\n<h3>Le dinamiche tendenziali<\/h3>\n<p>Nel confronto tra giugno 2020 e lo stesso mese del 2019, pur confermandosi ancora trend negativi per la quasi totalit\u00e0 degli aggregati, si consolidano i tentativi di recupero sia pure con dimensioni molto articolate. In generale, il segmento dei beni sembra tornare pi\u00f9 velocemente sui livelli di consumo dello scorso anno, anche se le perdite accumulate nei periodi precedenti determinano per alcune voci di spesa un gap difficilmente colmabile in tempi rapidi.<\/p>\n<p>Pi\u00f9 complessa e articolata appare la situazione sul versante della domanda per i servizi (-37,9% nel confronto annuo), ormai la componente pi\u00f9 importante dei consumi. Alle difficolt\u00e0 generate sul versante interno della domanda si associa, in molti casi, la pressoch\u00e9 totale l\u2019assenza della domanda estera.<\/p>\n<h3>Prezzi: Le tendenze a breve termine dei prezzi al consumo<\/h3>\n<p>Sulla base delle dinamiche registrate dalle diverse variabili che concorrono alla formazione dei prezzi al consumo, per il mese di luglio 2020 si stima una variazione dello 0,1% in termini congiunturali e una diminuzione dello 0,1% nel confronto con lo stesso mese del 2019.<\/p>\n<div class=\"flourish-embed flourish-table\" data-src=\"visualisation\/3196473\" data-url=\"https:\/\/flo.uri.sh\/visualisation\/3196473\/embed\">\n<div class=\"flourish-credit\"><\/div>\n<\/div>\n<\/div>\n","protected":false},"excerpt":{"rendered":"<p>A giugno, nonostante quasi tutte le attivit\u00e0 siano tornate operative e siano venuti meno i vincoli alla mobilit\u00e0 interna e, progressivamente, con i paesi dell\u2019area Schengen, il recupero si \u00e8 confermato difficile e complesso. I rimbalzi congiunturali, pur di dimensioni importanti, lasciano il livello di attivit\u00e0 economica su valori ancora molto contenuti. I comportamenti delle [&hellip;]<\/p>\n","protected":false},"author":1,"featured_media":173,"comment_status":"closed","ping_status":"open","sticky":false,"template":"","format":"standard","meta":{"footnotes":""},"categories":[56],"tags":[726,1159],"yoast_head":"<!-- This site is optimized with the Yoast SEO plugin v22.2 - https:\/\/yoast.com\/wordpress\/plugins\/seo\/ -->\n<title>Confcommercio: ancora forte cali per Pil e consumi -<\/title>\n<meta name=\"robots\" content=\"index, follow, max-snippet:-1, max-image-preview:large, max-video-preview:-1\" \/>\n<link rel=\"canonical\" href=\"https:\/\/www.italiaeconomiaonline.it\/web\/confcommercio-ancora-forte-cali-per-pil-e-consumi\/\" \/>\n<meta property=\"og:locale\" content=\"it_IT\" \/>\n<meta property=\"og:type\" content=\"article\" \/>\n<meta property=\"og:title\" content=\"Confcommercio: ancora forte cali per Pil e consumi -\" \/>\n<meta property=\"og:description\" content=\"A giugno, nonostante quasi tutte le attivit\u00e0 siano tornate operative e siano venuti meno i vincoli alla mobilit\u00e0 interna e, progressivamente, con i paesi dell\u2019area Schengen, il recupero si \u00e8 confermato difficile e complesso. I rimbalzi congiunturali, pur di dimensioni importanti, lasciano il livello di attivit\u00e0 economica su valori ancora molto contenuti. I comportamenti delle [&hellip;]\" \/>\n<meta property=\"og:url\" content=\"https:\/\/www.italiaeconomiaonline.it\/web\/confcommercio-ancora-forte-cali-per-pil-e-consumi\/\" \/>\n<meta property=\"og:site_name\" content=\"ItaliaEconomiaOnline\" \/>\n<meta property=\"article:published_time\" content=\"2020-07-17T09:38:10+00:00\" \/>\n<meta property=\"og:image\" content=\"https:\/\/www.italiaeconomiaonline.it\/web\/wp-content\/uploads\/2018\/07\/istat_tasse_famiglie-696x522.jpg\" \/>\n\t<meta property=\"og:image:width\" content=\"696\" \/>\n\t<meta property=\"og:image:height\" content=\"522\" \/>\n\t<meta property=\"og:image:type\" content=\"image\/jpeg\" \/>\n<meta name=\"author\" content=\"ladyitaliaeconomia\" \/>\n<meta name=\"twitter:card\" content=\"summary_large_image\" \/>\n<meta name=\"twitter:label1\" content=\"Scritto da\" \/>\n\t<meta name=\"twitter:data1\" content=\"ladyitaliaeconomia\" \/>\n\t<meta name=\"twitter:label2\" content=\"Tempo di lettura stimato\" \/>\n\t<meta name=\"twitter:data2\" content=\"4 minuti\" \/>\n<script type=\"application\/ld+json\" class=\"yoast-schema-graph\">{\"@context\":\"https:\/\/schema.org\",\"@graph\":[{\"@type\":\"WebPage\",\"@id\":\"https:\/\/www.italiaeconomiaonline.it\/web\/confcommercio-ancora-forte-cali-per-pil-e-consumi\/\",\"url\":\"https:\/\/www.italiaeconomiaonline.it\/web\/confcommercio-ancora-forte-cali-per-pil-e-consumi\/\",\"name\":\"Confcommercio: ancora forte cali per Pil e consumi -\",\"isPartOf\":{\"@id\":\"https:\/\/www.italiaeconomiaonline.it\/web\/#website\"},\"primaryImageOfPage\":{\"@id\":\"https:\/\/www.italiaeconomiaonline.it\/web\/confcommercio-ancora-forte-cali-per-pil-e-consumi\/#primaryimage\"},\"image\":{\"@id\":\"https:\/\/www.italiaeconomiaonline.it\/web\/confcommercio-ancora-forte-cali-per-pil-e-consumi\/#primaryimage\"},\"thumbnailUrl\":\"https:\/\/www.italiaeconomiaonline.it\/web\/wp-content\/uploads\/2018\/07\/istat_tasse_famiglie-696x522.jpg\",\"datePublished\":\"2020-07-17T09:38:10+00:00\",\"dateModified\":\"2020-07-17T09:38:10+00:00\",\"author\":{\"@id\":\"https:\/\/www.italiaeconomiaonline.it\/web\/#\/schema\/person\/909a49cce752523b020fbc37d5ab1c31\"},\"breadcrumb\":{\"@id\":\"https:\/\/www.italiaeconomiaonline.it\/web\/confcommercio-ancora-forte-cali-per-pil-e-consumi\/#breadcrumb\"},\"inLanguage\":\"it-IT\",\"potentialAction\":[{\"@type\":\"ReadAction\",\"target\":[\"https:\/\/www.italiaeconomiaonline.it\/web\/confcommercio-ancora-forte-cali-per-pil-e-consumi\/\"]}]},{\"@type\":\"ImageObject\",\"inLanguage\":\"it-IT\",\"@id\":\"https:\/\/www.italiaeconomiaonline.it\/web\/confcommercio-ancora-forte-cali-per-pil-e-consumi\/#primaryimage\",\"url\":\"https:\/\/www.italiaeconomiaonline.it\/web\/wp-content\/uploads\/2018\/07\/istat_tasse_famiglie-696x522.jpg\",\"contentUrl\":\"https:\/\/www.italiaeconomiaonline.it\/web\/wp-content\/uploads\/2018\/07\/istat_tasse_famiglie-696x522.jpg\",\"width\":696,\"height\":522},{\"@type\":\"BreadcrumbList\",\"@id\":\"https:\/\/www.italiaeconomiaonline.it\/web\/confcommercio-ancora-forte-cali-per-pil-e-consumi\/#breadcrumb\",\"itemListElement\":[{\"@type\":\"ListItem\",\"position\":1,\"name\":\"Home\",\"item\":\"https:\/\/www.italiaeconomiaonline.it\/web\/\"},{\"@type\":\"ListItem\",\"position\":2,\"name\":\"Confcommercio: ancora forte cali per Pil e consumi\"}]},{\"@type\":\"WebSite\",\"@id\":\"https:\/\/www.italiaeconomiaonline.it\/web\/#website\",\"url\":\"https:\/\/www.italiaeconomiaonline.it\/web\/\",\"name\":\"ItaliaEconomiaOnline\",\"description\":\"Quotidiano Economico Online\",\"potentialAction\":[{\"@type\":\"SearchAction\",\"target\":{\"@type\":\"EntryPoint\",\"urlTemplate\":\"https:\/\/www.italiaeconomiaonline.it\/web\/?s={search_term_string}\"},\"query-input\":\"required name=search_term_string\"}],\"inLanguage\":\"it-IT\"},{\"@type\":\"Person\",\"@id\":\"https:\/\/www.italiaeconomiaonline.it\/web\/#\/schema\/person\/909a49cce752523b020fbc37d5ab1c31\",\"name\":\"ladyitaliaeconomia\",\"image\":{\"@type\":\"ImageObject\",\"inLanguage\":\"it-IT\",\"@id\":\"https:\/\/www.italiaeconomiaonline.it\/web\/#\/schema\/person\/image\/\",\"url\":\"https:\/\/secure.gravatar.com\/avatar\/cedca10ce7416a579b9fa6bce9c0a8f2?s=96&d=mm&r=g\",\"contentUrl\":\"https:\/\/secure.gravatar.com\/avatar\/cedca10ce7416a579b9fa6bce9c0a8f2?s=96&d=mm&r=g\",\"caption\":\"ladyitaliaeconomia\"},\"url\":\"https:\/\/www.italiaeconomiaonline.it\/web\/author\/ladyitaliaeconomia\/\"}]}<\/script>\n<!-- \/ Yoast SEO plugin. -->","yoast_head_json":{"title":"Confcommercio: ancora forte cali per Pil e consumi -","robots":{"index":"index","follow":"follow","max-snippet":"max-snippet:-1","max-image-preview":"max-image-preview:large","max-video-preview":"max-video-preview:-1"},"canonical":"https:\/\/www.italiaeconomiaonline.it\/web\/confcommercio-ancora-forte-cali-per-pil-e-consumi\/","og_locale":"it_IT","og_type":"article","og_title":"Confcommercio: ancora forte cali per Pil e consumi -","og_description":"A giugno, nonostante quasi tutte le attivit\u00e0 siano tornate operative e siano venuti meno i vincoli alla mobilit\u00e0 interna e, progressivamente, con i paesi dell\u2019area Schengen, il recupero si \u00e8 confermato difficile e complesso. I rimbalzi congiunturali, pur di dimensioni importanti, lasciano il livello di attivit\u00e0 economica su valori ancora molto contenuti. I comportamenti delle [&hellip;]","og_url":"https:\/\/www.italiaeconomiaonline.it\/web\/confcommercio-ancora-forte-cali-per-pil-e-consumi\/","og_site_name":"ItaliaEconomiaOnline","article_published_time":"2020-07-17T09:38:10+00:00","og_image":[{"width":696,"height":522,"url":"https:\/\/www.italiaeconomiaonline.it\/web\/wp-content\/uploads\/2018\/07\/istat_tasse_famiglie-696x522.jpg","type":"image\/jpeg"}],"author":"ladyitaliaeconomia","twitter_card":"summary_large_image","twitter_misc":{"Scritto da":"ladyitaliaeconomia","Tempo di lettura stimato":"4 minuti"},"schema":{"@context":"https:\/\/schema.org","@graph":[{"@type":"WebPage","@id":"https:\/\/www.italiaeconomiaonline.it\/web\/confcommercio-ancora-forte-cali-per-pil-e-consumi\/","url":"https:\/\/www.italiaeconomiaonline.it\/web\/confcommercio-ancora-forte-cali-per-pil-e-consumi\/","name":"Confcommercio: ancora forte cali per Pil e consumi -","isPartOf":{"@id":"https:\/\/www.italiaeconomiaonline.it\/web\/#website"},"primaryImageOfPage":{"@id":"https:\/\/www.italiaeconomiaonline.it\/web\/confcommercio-ancora-forte-cali-per-pil-e-consumi\/#primaryimage"},"image":{"@id":"https:\/\/www.italiaeconomiaonline.it\/web\/confcommercio-ancora-forte-cali-per-pil-e-consumi\/#primaryimage"},"thumbnailUrl":"https:\/\/www.italiaeconomiaonline.it\/web\/wp-content\/uploads\/2018\/07\/istat_tasse_famiglie-696x522.jpg","datePublished":"2020-07-17T09:38:10+00:00","dateModified":"2020-07-17T09:38:10+00:00","author":{"@id":"https:\/\/www.italiaeconomiaonline.it\/web\/#\/schema\/person\/909a49cce752523b020fbc37d5ab1c31"},"breadcrumb":{"@id":"https:\/\/www.italiaeconomiaonline.it\/web\/confcommercio-ancora-forte-cali-per-pil-e-consumi\/#breadcrumb"},"inLanguage":"it-IT","potentialAction":[{"@type":"ReadAction","target":["https:\/\/www.italiaeconomiaonline.it\/web\/confcommercio-ancora-forte-cali-per-pil-e-consumi\/"]}]},{"@type":"ImageObject","inLanguage":"it-IT","@id":"https:\/\/www.italiaeconomiaonline.it\/web\/confcommercio-ancora-forte-cali-per-pil-e-consumi\/#primaryimage","url":"https:\/\/www.italiaeconomiaonline.it\/web\/wp-content\/uploads\/2018\/07\/istat_tasse_famiglie-696x522.jpg","contentUrl":"https:\/\/www.italiaeconomiaonline.it\/web\/wp-content\/uploads\/2018\/07\/istat_tasse_famiglie-696x522.jpg","width":696,"height":522},{"@type":"BreadcrumbList","@id":"https:\/\/www.italiaeconomiaonline.it\/web\/confcommercio-ancora-forte-cali-per-pil-e-consumi\/#breadcrumb","itemListElement":[{"@type":"ListItem","position":1,"name":"Home","item":"https:\/\/www.italiaeconomiaonline.it\/web\/"},{"@type":"ListItem","position":2,"name":"Confcommercio: ancora forte cali per Pil e consumi"}]},{"@type":"WebSite","@id":"https:\/\/www.italiaeconomiaonline.it\/web\/#website","url":"https:\/\/www.italiaeconomiaonline.it\/web\/","name":"ItaliaEconomiaOnline","description":"Quotidiano Economico Online","potentialAction":[{"@type":"SearchAction","target":{"@type":"EntryPoint","urlTemplate":"https:\/\/www.italiaeconomiaonline.it\/web\/?s={search_term_string}"},"query-input":"required name=search_term_string"}],"inLanguage":"it-IT"},{"@type":"Person","@id":"https:\/\/www.italiaeconomiaonline.it\/web\/#\/schema\/person\/909a49cce752523b020fbc37d5ab1c31","name":"ladyitaliaeconomia","image":{"@type":"ImageObject","inLanguage":"it-IT","@id":"https:\/\/www.italiaeconomiaonline.it\/web\/#\/schema\/person\/image\/","url":"https:\/\/secure.gravatar.com\/avatar\/cedca10ce7416a579b9fa6bce9c0a8f2?s=96&d=mm&r=g","contentUrl":"https:\/\/secure.gravatar.com\/avatar\/cedca10ce7416a579b9fa6bce9c0a8f2?s=96&d=mm&r=g","caption":"ladyitaliaeconomia"},"url":"https:\/\/www.italiaeconomiaonline.it\/web\/author\/ladyitaliaeconomia\/"}]}},"_links":{"self":[{"href":"https:\/\/www.italiaeconomiaonline.it\/web\/wp-json\/wp\/v2\/posts\/3688"}],"collection":[{"href":"https:\/\/www.italiaeconomiaonline.it\/web\/wp-json\/wp\/v2\/posts"}],"about":[{"href":"https:\/\/www.italiaeconomiaonline.it\/web\/wp-json\/wp\/v2\/types\/post"}],"author":[{"embeddable":true,"href":"https:\/\/www.italiaeconomiaonline.it\/web\/wp-json\/wp\/v2\/users\/1"}],"replies":[{"embeddable":true,"href":"https:\/\/www.italiaeconomiaonline.it\/web\/wp-json\/wp\/v2\/comments?post=3688"}],"version-history":[{"count":1,"href":"https:\/\/www.italiaeconomiaonline.it\/web\/wp-json\/wp\/v2\/posts\/3688\/revisions"}],"predecessor-version":[{"id":3689,"href":"https:\/\/www.italiaeconomiaonline.it\/web\/wp-json\/wp\/v2\/posts\/3688\/revisions\/3689"}],"wp:featuredmedia":[{"embeddable":true,"href":"https:\/\/www.italiaeconomiaonline.it\/web\/wp-json\/wp\/v2\/media\/173"}],"wp:attachment":[{"href":"https:\/\/www.italiaeconomiaonline.it\/web\/wp-json\/wp\/v2\/media?parent=3688"}],"wp:term":[{"taxonomy":"category","embeddable":true,"href":"https:\/\/www.italiaeconomiaonline.it\/web\/wp-json\/wp\/v2\/categories?post=3688"},{"taxonomy":"post_tag","embeddable":true,"href":"https:\/\/www.italiaeconomiaonline.it\/web\/wp-json\/wp\/v2\/tags?post=3688"}],"curies":[{"name":"wp","href":"https:\/\/api.w.org\/{rel}","templated":true}]}}