{"id":3697,"date":"2020-07-18T11:51:33","date_gmt":"2020-07-18T09:51:33","guid":{"rendered":"http:\/\/www.italiaeconomiaonline.it\/web\/?p=3697"},"modified":"2020-07-18T11:51:33","modified_gmt":"2020-07-18T09:51:33","slug":"goletta-verde-2020-si-alleolico-no-alle-fonti-fossili","status":"publish","type":"post","link":"https:\/\/www.italiaeconomiaonline.it\/web\/goletta-verde-2020-si-alleolico-no-alle-fonti-fossili\/","title":{"rendered":"Goletta Verde 2020, \u201cS\u00ec all\u2019eolico, no alle fonti fossili\u201d"},"content":{"rendered":"<p><span class=\"dropcap dropcap3\">F<\/span>lash mob e dibattito questa mattina a Riccione per ribadire la necessit\u00e0 di smantellare le piattaforme petrolifere nell\u2019Adriatico e per fare il punto sulle potenzialit\u00e0 dell\u2019eolico, ancora non abbastanza sfruttate, in occasione della tappa in Emilia Romagna della <strong>Goletta Verde 2020.<\/strong><\/p>\n<p>In particolare, Legambiente ribadisce il proprio appoggio al progetto di eolico in mare al largo di Rimini, per 330 MW di potenza.<\/p>\n<p>In Italia, l\u2019energia pulita cresce ancora troppo lentamente rispetto a quanto si potrebbe e si dovrebbe fare per rispettare gli impegni nella lotta ai cambiamenti climatici: di questo passo, gli obiettivi fissati al 2030 dal Piano energia e clima (Pniec) verrebbero raggiungi con 20 anni di ritardo.<\/p>\n<p>Quest\u2019anno la storica campagna estiva di Legambiente in difesa delle acque e delle coste italiane non viaggia, come sempre, coast to coast ma assume una formula inedita a causa delle restrizioni e del distanziamento fisico imposti dalla pandemia. Citizen science e territorialit\u00e0 sono le parole chiave per continuare a non abbassare la guardia sulla qualit\u00e0 delle acque e sugli abusi che minacciano le coste. Tra i grandi temi portati avanti dalla Goletta si inserisce naturalmente la questione climatica e la lotta alle fonti fossili che l\u2019innalzamento delle temperature ci impone di sostituire subito con le tecnologie pulite.<\/p>\n<p>Tra queste, sicuramente non rientra il Carbon Capture and Storage (CCS), la cattura e il sequestro del carbonio, tecnologia costosa e fallimentare di cui l\u2019Eni intende realizzare a Ravenna il pi\u00f9 grande hub al mondo, utilizzando le risorse comunitarie dell\u2019Innovation Fund come attivatore di possibili ulteriori finanziamenti attraverso il Recovery Plan. Un progetto che rappresenta, in pratica, un ulteriore sussidio alle fonti fossili, distogliendo risorse pubbliche a progetti davvero innovativi.<\/p>\n<p>La richiesta presentata, invece, dagli sviluppatori del progetto off-shore a largo di Rimini alle autorit\u00e0 competenti (richiesta per una\u00a0concessione trentennale\u00a0di uno specchio acqueo all\u2019interno di un\u2019area marina di 114 km\u00b2 nel Mare Adriatico, nel tratto antistante i comuni di Rimini, Riccione, Misano Adriatico e Cattolica) \u00e8 secondo Legambiente una proposta che pu\u00f2 rappresentare un elemento importante per il settore energetico del territorio e nella riconversione del settore estrattivo, considerata la crisi del settore oil and gas e in vista dell\u2019ormai necessario programma di decommissioning delle\u00a0piattaforme estrattive\u00a0inattive.<\/p>\n<p>La crisi climatica e le sue conseguenze impongono, infatti, di progettare il futuro del settore energetico dell\u2019Alto Adriatico, riconvertendo aziende e lavoratori, e di dare finalmente il via al programma di dismissione delle piattaforme di idrocarburi in Italia ormai pronto dal 2018 dopo due anni di confronti tecnici tra gli stakeholder.<\/p>\n<p>Il piano contenuto nel programma prevede lo smantellamento e la messa in sicurezza ambientale nel breve periodo (2020-2025) di 22 relitti industriali, pericolosi per l\u2019ambiente e la navigazione, e di altri 12 nel medio periodo. Le linee guida per l\u2019individuazione delle piattaforme da mandare a dismissione sono state emanate e il procedimento \u00e8 di fatto possibile.<\/p>\n<p>\u201cOggi non esistono ragioni tecniche o economiche per rinviare ancora queste scelte e disegnare uno scenario di rilancio ambientale ed economico ambizioso per il nostro Paese &#8211; dichiara il presidente di Legambiente Stefano Ciafani -. Non \u00e8 neanche un problema di risorse per gli investimenti perch\u00e9 lo sviluppo delle fonti rinnovabili consente di ridurre fortemente le importazioni di gas e carbone, mentre il prezzo degli investimenti nell\u2019eolico, cos\u00ec come nel solare, scendono anno dopo anno.<\/p>\n<p>Tutto dipende dalla volont\u00e0 politica del governo, dalla burocrazia e dalle preoccupazioni territoriali. Le risorse dell\u2019Innovation Fund \u2013 ha proseguito il presidente di Legambiente \u2013 devono essere destinate a sostenere l\u2019efficienza energetica e le rinnovabili per accelerare la transizione verso un\u2019Europa libera da fonti fossili e con zero emissioni nette entro il 2040, per contribuire cos\u00ec a contenere il surriscaldamento del pianeta entro la soglia critica di 1.5\u00b0C in coerenza con l\u2019Accordo di Parigi. Il denaro dei contribuenti europei deve servire per tradurre in realt\u00e0 il Green Deal Europeo, non pu\u00f2 essere sprecato finanziando progetti, come la cattura e il sequestro del carbonio, che guardano al passato e rendono pi\u00f9 acuta l\u2019emergenza climatica\u201d.<\/p>\n<p>\u201cDiversi soggetti stanno valutando ipotesi di eolico off-shore nell\u2019Alto Adriatico &#8211; aggiunge Lorenzo Frattini, presidente di Legambiente Emilia-Romagna -. Occorre che la politica e il dibattito locale colgano questa opportunit\u00e0 per il clima, inserendola in un progetto territoriale per l\u2019economia: da una parte il settore turistico romagnolo, da sempre connotato come innovativo, potrebbe proporsi come distretto CO2 free; dall\u2019altra l\u2019eolico potrebbe dare nuove prospettive a un settore dell\u2019oil and gas in crisi, i cui addetti oggi sono ormai un terzo di quelli degli anni 90\u201d.<\/p>\n<p>I dati sull\u2019eolico in Italia raccontano, purtroppo, che il nostro impegno \u00e8 largamente insufficiente. Il Piano d\u2019Azione Nazionale (PAN) individuava nel 2010 in attuazione della Direttiva 2009\/28\/CE un obiettivo di installazioni al 2020 pari a circa 12.680 MW di cui 12.000 MW on-shore e 680 MW off-shore. Siamo a due mila MW in meno sulla terra ferma e il target per l\u2019off shore \u00e8 totalmente mancato.<\/p>\n<p>La media di installazioni di impianti eolici all\u2019anno, dal 2015 a oggi, \u00e8 di appena 390 MW. Nel 2019 le installazioni sono leggermente cresciute con 400 nuovi MW (meno 118 MW rispetto al 2018), arrivando a 10,7 GW di potenza complessiva, numeri assolutamente inadeguati per raggiungere gli obiettivi fissati al 2030 dal Piano Energia e Clima, e che presto dovranno essere rivisti con l\u2019innalzamento dei target previsti a livello europeo.<\/p>\n<p>L\u2019Italia dovr\u00e0 infatti impegnarsi a installare almeno 1 GW di potenza eolica l\u2019anno con impianti a terra e in mare, e in parallelo realizzare investimenti diffusi per ridurre drasticamente consumi energetici e emissioni di CO2 in tutti i settori produttivi.<\/p>\n<p>Uno studio di Anev stima il potenziale dell\u2019eolico off shore italiano in almeno 950 MW, di cui almeno 650 MW tra le coste dell\u2019Abruzzo e della Puglia e altri 300 MW tra Sardegna e Sicilia, senza considerare l\u2019eolico galleggiante che consentirebbe di portare il potenziale a ben altri numeri. Complessivamente, le tecnologie pulite hanno prodotto nel 2019 circa 114 TWh di energia elettrica e circa 10.661 ktep (dato al 2018) di energia termica, arrivando a coprire il 36% dei consumi elettrici e 19% dei consumi dei consumi complessivi.<\/p>\n<p>A dimostrazione che la strada dell\u2019eolico \u00e8 ampiamente percorribile, basta guardare quello che succede nel mondo dove questa tecnologia continua a crescere a tassi rilevanti. La Cina \u00e8 il Paese con i maggiori investimenti nel settore, con 25,8 GW realizzati e una potenza complessiva di oltre 210 GW, mentre in Europa i paesi con pi\u00f9 installazioni sono stati nel 2019 Germania e Francia, rispettivamente con 1.979 MW e 1.360 MW, ben lontani dai 400 MW dell\u2019Italia. Secondo il report di WindEurope, il 2019 \u00e8 stato un anno record per l\u2019eolico offshore, con l\u2019Europa che ha installato 3,6 GW di nuova capacit\u00e0 eolica offshore, per un totale di 22 GW di eolico in mare.<\/p>\n<p>La Commissione Europea afferma che l\u2019Europa ha bisogno di una capacit\u00e0 compresa tra i 230 e i 450 GW di vento offshore entro il 2050 per decarbonizzare il sistema energetico e raggiungere gli obiettivi del Green Deal. Ci\u00f2 significa che l\u2019Europa dovr\u00e0 installare 7 GW di nuovo eolico offshore all\u2019anno entro il 2030 e 18 GW all\u2019anno entro il 2050.<\/p>\n","protected":false},"excerpt":{"rendered":"<p>Flash mob e dibattito questa mattina a Riccione per ribadire la necessit\u00e0 di smantellare le piattaforme petrolifere nell\u2019Adriatico e per fare il punto sulle potenzialit\u00e0 dell\u2019eolico, ancora non abbastanza sfruttate, in occasione della tappa in Emilia Romagna della Goletta Verde 2020. In particolare, Legambiente ribadisce il proprio appoggio al progetto di eolico in mare al [&hellip;]<\/p>\n","protected":false},"author":1,"featured_media":3698,"comment_status":"closed","ping_status":"open","sticky":false,"template":"","format":"standard","meta":{"footnotes":""},"categories":[127],"tags":[1163],"yoast_head":"<!-- This site is optimized with the Yoast SEO plugin v22.2 - https:\/\/yoast.com\/wordpress\/plugins\/seo\/ -->\n<title>Goletta Verde 2020, \u201cS\u00ec all\u2019eolico, no alle fonti fossili\u201d -<\/title>\n<meta name=\"robots\" content=\"index, follow, max-snippet:-1, max-image-preview:large, max-video-preview:-1\" \/>\n<link rel=\"canonical\" href=\"https:\/\/www.italiaeconomiaonline.it\/web\/goletta-verde-2020-si-alleolico-no-alle-fonti-fossili\/\" \/>\n<meta property=\"og:locale\" content=\"it_IT\" \/>\n<meta property=\"og:type\" content=\"article\" \/>\n<meta property=\"og:title\" content=\"Goletta Verde 2020, \u201cS\u00ec all\u2019eolico, no alle fonti fossili\u201d -\" \/>\n<meta property=\"og:description\" content=\"Flash mob e dibattito questa mattina a Riccione per ribadire la necessit\u00e0 di smantellare le piattaforme petrolifere nell\u2019Adriatico e per fare il punto sulle potenzialit\u00e0 dell\u2019eolico, ancora non abbastanza sfruttate, in occasione della tappa in Emilia Romagna della Goletta Verde 2020. In particolare, Legambiente ribadisce il proprio appoggio al progetto di eolico in mare al [&hellip;]\" \/>\n<meta property=\"og:url\" content=\"https:\/\/www.italiaeconomiaonline.it\/web\/goletta-verde-2020-si-alleolico-no-alle-fonti-fossili\/\" \/>\n<meta property=\"og:site_name\" content=\"ItaliaEconomiaOnline\" \/>\n<meta property=\"article:published_time\" content=\"2020-07-18T09:51:33+00:00\" \/>\n<meta property=\"og:image\" content=\"https:\/\/www.italiaeconomiaonline.it\/web\/wp-content\/uploads\/2020\/07\/golettaverde.png\" \/>\n\t<meta property=\"og:image:width\" content=\"1106\" \/>\n\t<meta property=\"og:image:height\" content=\"624\" \/>\n\t<meta property=\"og:image:type\" content=\"image\/png\" \/>\n<meta name=\"author\" content=\"ladyitaliaeconomia\" \/>\n<meta name=\"twitter:card\" content=\"summary_large_image\" \/>\n<meta name=\"twitter:label1\" content=\"Scritto da\" \/>\n\t<meta name=\"twitter:data1\" content=\"ladyitaliaeconomia\" \/>\n\t<meta name=\"twitter:label2\" content=\"Tempo di lettura stimato\" \/>\n\t<meta name=\"twitter:data2\" content=\"6 minuti\" \/>\n<script type=\"application\/ld+json\" class=\"yoast-schema-graph\">{\"@context\":\"https:\/\/schema.org\",\"@graph\":[{\"@type\":\"WebPage\",\"@id\":\"https:\/\/www.italiaeconomiaonline.it\/web\/goletta-verde-2020-si-alleolico-no-alle-fonti-fossili\/\",\"url\":\"https:\/\/www.italiaeconomiaonline.it\/web\/goletta-verde-2020-si-alleolico-no-alle-fonti-fossili\/\",\"name\":\"Goletta Verde 2020, \u201cS\u00ec all\u2019eolico, no alle fonti fossili\u201d -\",\"isPartOf\":{\"@id\":\"https:\/\/www.italiaeconomiaonline.it\/web\/#website\"},\"primaryImageOfPage\":{\"@id\":\"https:\/\/www.italiaeconomiaonline.it\/web\/goletta-verde-2020-si-alleolico-no-alle-fonti-fossili\/#primaryimage\"},\"image\":{\"@id\":\"https:\/\/www.italiaeconomiaonline.it\/web\/goletta-verde-2020-si-alleolico-no-alle-fonti-fossili\/#primaryimage\"},\"thumbnailUrl\":\"https:\/\/www.italiaeconomiaonline.it\/web\/wp-content\/uploads\/2020\/07\/golettaverde.png\",\"datePublished\":\"2020-07-18T09:51:33+00:00\",\"dateModified\":\"2020-07-18T09:51:33+00:00\",\"author\":{\"@id\":\"https:\/\/www.italiaeconomiaonline.it\/web\/#\/schema\/person\/909a49cce752523b020fbc37d5ab1c31\"},\"breadcrumb\":{\"@id\":\"https:\/\/www.italiaeconomiaonline.it\/web\/goletta-verde-2020-si-alleolico-no-alle-fonti-fossili\/#breadcrumb\"},\"inLanguage\":\"it-IT\",\"potentialAction\":[{\"@type\":\"ReadAction\",\"target\":[\"https:\/\/www.italiaeconomiaonline.it\/web\/goletta-verde-2020-si-alleolico-no-alle-fonti-fossili\/\"]}]},{\"@type\":\"ImageObject\",\"inLanguage\":\"it-IT\",\"@id\":\"https:\/\/www.italiaeconomiaonline.it\/web\/goletta-verde-2020-si-alleolico-no-alle-fonti-fossili\/#primaryimage\",\"url\":\"https:\/\/www.italiaeconomiaonline.it\/web\/wp-content\/uploads\/2020\/07\/golettaverde.png\",\"contentUrl\":\"https:\/\/www.italiaeconomiaonline.it\/web\/wp-content\/uploads\/2020\/07\/golettaverde.png\",\"width\":1106,\"height\":624},{\"@type\":\"BreadcrumbList\",\"@id\":\"https:\/\/www.italiaeconomiaonline.it\/web\/goletta-verde-2020-si-alleolico-no-alle-fonti-fossili\/#breadcrumb\",\"itemListElement\":[{\"@type\":\"ListItem\",\"position\":1,\"name\":\"Home\",\"item\":\"https:\/\/www.italiaeconomiaonline.it\/web\/\"},{\"@type\":\"ListItem\",\"position\":2,\"name\":\"Goletta Verde 2020, \u201cS\u00ec all\u2019eolico, no alle fonti fossili\u201d\"}]},{\"@type\":\"WebSite\",\"@id\":\"https:\/\/www.italiaeconomiaonline.it\/web\/#website\",\"url\":\"https:\/\/www.italiaeconomiaonline.it\/web\/\",\"name\":\"ItaliaEconomiaOnline\",\"description\":\"Quotidiano Economico Online\",\"potentialAction\":[{\"@type\":\"SearchAction\",\"target\":{\"@type\":\"EntryPoint\",\"urlTemplate\":\"https:\/\/www.italiaeconomiaonline.it\/web\/?s={search_term_string}\"},\"query-input\":\"required name=search_term_string\"}],\"inLanguage\":\"it-IT\"},{\"@type\":\"Person\",\"@id\":\"https:\/\/www.italiaeconomiaonline.it\/web\/#\/schema\/person\/909a49cce752523b020fbc37d5ab1c31\",\"name\":\"ladyitaliaeconomia\",\"image\":{\"@type\":\"ImageObject\",\"inLanguage\":\"it-IT\",\"@id\":\"https:\/\/www.italiaeconomiaonline.it\/web\/#\/schema\/person\/image\/\",\"url\":\"https:\/\/secure.gravatar.com\/avatar\/cedca10ce7416a579b9fa6bce9c0a8f2?s=96&d=mm&r=g\",\"contentUrl\":\"https:\/\/secure.gravatar.com\/avatar\/cedca10ce7416a579b9fa6bce9c0a8f2?s=96&d=mm&r=g\",\"caption\":\"ladyitaliaeconomia\"},\"url\":\"https:\/\/www.italiaeconomiaonline.it\/web\/author\/ladyitaliaeconomia\/\"}]}<\/script>\n<!-- \/ Yoast SEO plugin. -->","yoast_head_json":{"title":"Goletta Verde 2020, \u201cS\u00ec all\u2019eolico, no alle fonti fossili\u201d -","robots":{"index":"index","follow":"follow","max-snippet":"max-snippet:-1","max-image-preview":"max-image-preview:large","max-video-preview":"max-video-preview:-1"},"canonical":"https:\/\/www.italiaeconomiaonline.it\/web\/goletta-verde-2020-si-alleolico-no-alle-fonti-fossili\/","og_locale":"it_IT","og_type":"article","og_title":"Goletta Verde 2020, \u201cS\u00ec all\u2019eolico, no alle fonti fossili\u201d -","og_description":"Flash mob e dibattito questa mattina a Riccione per ribadire la necessit\u00e0 di smantellare le piattaforme petrolifere nell\u2019Adriatico e per fare il punto sulle potenzialit\u00e0 dell\u2019eolico, ancora non abbastanza sfruttate, in occasione della tappa in Emilia Romagna della Goletta Verde 2020. In particolare, Legambiente ribadisce il proprio appoggio al progetto di eolico in mare al [&hellip;]","og_url":"https:\/\/www.italiaeconomiaonline.it\/web\/goletta-verde-2020-si-alleolico-no-alle-fonti-fossili\/","og_site_name":"ItaliaEconomiaOnline","article_published_time":"2020-07-18T09:51:33+00:00","og_image":[{"width":1106,"height":624,"url":"https:\/\/www.italiaeconomiaonline.it\/web\/wp-content\/uploads\/2020\/07\/golettaverde.png","type":"image\/png"}],"author":"ladyitaliaeconomia","twitter_card":"summary_large_image","twitter_misc":{"Scritto da":"ladyitaliaeconomia","Tempo di lettura stimato":"6 minuti"},"schema":{"@context":"https:\/\/schema.org","@graph":[{"@type":"WebPage","@id":"https:\/\/www.italiaeconomiaonline.it\/web\/goletta-verde-2020-si-alleolico-no-alle-fonti-fossili\/","url":"https:\/\/www.italiaeconomiaonline.it\/web\/goletta-verde-2020-si-alleolico-no-alle-fonti-fossili\/","name":"Goletta Verde 2020, \u201cS\u00ec all\u2019eolico, no alle fonti fossili\u201d -","isPartOf":{"@id":"https:\/\/www.italiaeconomiaonline.it\/web\/#website"},"primaryImageOfPage":{"@id":"https:\/\/www.italiaeconomiaonline.it\/web\/goletta-verde-2020-si-alleolico-no-alle-fonti-fossili\/#primaryimage"},"image":{"@id":"https:\/\/www.italiaeconomiaonline.it\/web\/goletta-verde-2020-si-alleolico-no-alle-fonti-fossili\/#primaryimage"},"thumbnailUrl":"https:\/\/www.italiaeconomiaonline.it\/web\/wp-content\/uploads\/2020\/07\/golettaverde.png","datePublished":"2020-07-18T09:51:33+00:00","dateModified":"2020-07-18T09:51:33+00:00","author":{"@id":"https:\/\/www.italiaeconomiaonline.it\/web\/#\/schema\/person\/909a49cce752523b020fbc37d5ab1c31"},"breadcrumb":{"@id":"https:\/\/www.italiaeconomiaonline.it\/web\/goletta-verde-2020-si-alleolico-no-alle-fonti-fossili\/#breadcrumb"},"inLanguage":"it-IT","potentialAction":[{"@type":"ReadAction","target":["https:\/\/www.italiaeconomiaonline.it\/web\/goletta-verde-2020-si-alleolico-no-alle-fonti-fossili\/"]}]},{"@type":"ImageObject","inLanguage":"it-IT","@id":"https:\/\/www.italiaeconomiaonline.it\/web\/goletta-verde-2020-si-alleolico-no-alle-fonti-fossili\/#primaryimage","url":"https:\/\/www.italiaeconomiaonline.it\/web\/wp-content\/uploads\/2020\/07\/golettaverde.png","contentUrl":"https:\/\/www.italiaeconomiaonline.it\/web\/wp-content\/uploads\/2020\/07\/golettaverde.png","width":1106,"height":624},{"@type":"BreadcrumbList","@id":"https:\/\/www.italiaeconomiaonline.it\/web\/goletta-verde-2020-si-alleolico-no-alle-fonti-fossili\/#breadcrumb","itemListElement":[{"@type":"ListItem","position":1,"name":"Home","item":"https:\/\/www.italiaeconomiaonline.it\/web\/"},{"@type":"ListItem","position":2,"name":"Goletta Verde 2020, \u201cS\u00ec all\u2019eolico, no alle fonti fossili\u201d"}]},{"@type":"WebSite","@id":"https:\/\/www.italiaeconomiaonline.it\/web\/#website","url":"https:\/\/www.italiaeconomiaonline.it\/web\/","name":"ItaliaEconomiaOnline","description":"Quotidiano Economico Online","potentialAction":[{"@type":"SearchAction","target":{"@type":"EntryPoint","urlTemplate":"https:\/\/www.italiaeconomiaonline.it\/web\/?s={search_term_string}"},"query-input":"required name=search_term_string"}],"inLanguage":"it-IT"},{"@type":"Person","@id":"https:\/\/www.italiaeconomiaonline.it\/web\/#\/schema\/person\/909a49cce752523b020fbc37d5ab1c31","name":"ladyitaliaeconomia","image":{"@type":"ImageObject","inLanguage":"it-IT","@id":"https:\/\/www.italiaeconomiaonline.it\/web\/#\/schema\/person\/image\/","url":"https:\/\/secure.gravatar.com\/avatar\/cedca10ce7416a579b9fa6bce9c0a8f2?s=96&d=mm&r=g","contentUrl":"https:\/\/secure.gravatar.com\/avatar\/cedca10ce7416a579b9fa6bce9c0a8f2?s=96&d=mm&r=g","caption":"ladyitaliaeconomia"},"url":"https:\/\/www.italiaeconomiaonline.it\/web\/author\/ladyitaliaeconomia\/"}]}},"_links":{"self":[{"href":"https:\/\/www.italiaeconomiaonline.it\/web\/wp-json\/wp\/v2\/posts\/3697"}],"collection":[{"href":"https:\/\/www.italiaeconomiaonline.it\/web\/wp-json\/wp\/v2\/posts"}],"about":[{"href":"https:\/\/www.italiaeconomiaonline.it\/web\/wp-json\/wp\/v2\/types\/post"}],"author":[{"embeddable":true,"href":"https:\/\/www.italiaeconomiaonline.it\/web\/wp-json\/wp\/v2\/users\/1"}],"replies":[{"embeddable":true,"href":"https:\/\/www.italiaeconomiaonline.it\/web\/wp-json\/wp\/v2\/comments?post=3697"}],"version-history":[{"count":1,"href":"https:\/\/www.italiaeconomiaonline.it\/web\/wp-json\/wp\/v2\/posts\/3697\/revisions"}],"predecessor-version":[{"id":3699,"href":"https:\/\/www.italiaeconomiaonline.it\/web\/wp-json\/wp\/v2\/posts\/3697\/revisions\/3699"}],"wp:featuredmedia":[{"embeddable":true,"href":"https:\/\/www.italiaeconomiaonline.it\/web\/wp-json\/wp\/v2\/media\/3698"}],"wp:attachment":[{"href":"https:\/\/www.italiaeconomiaonline.it\/web\/wp-json\/wp\/v2\/media?parent=3697"}],"wp:term":[{"taxonomy":"category","embeddable":true,"href":"https:\/\/www.italiaeconomiaonline.it\/web\/wp-json\/wp\/v2\/categories?post=3697"},{"taxonomy":"post_tag","embeddable":true,"href":"https:\/\/www.italiaeconomiaonline.it\/web\/wp-json\/wp\/v2\/tags?post=3697"}],"curies":[{"name":"wp","href":"https:\/\/api.w.org\/{rel}","templated":true}]}}