{"id":3702,"date":"2020-07-19T23:22:41","date_gmt":"2020-07-19T21:22:41","guid":{"rendered":"http:\/\/www.italiaeconomiaonline.it\/web\/?p=3702"},"modified":"2020-07-19T23:22:41","modified_gmt":"2020-07-19T21:22:41","slug":"recovery-fund-furlan-cisl-i-governi-europei-dimostrino-senso-di-di-responsabilita-non-sprechino-questa-occasione-storica","status":"publish","type":"post","link":"https:\/\/www.italiaeconomiaonline.it\/web\/recovery-fund-furlan-cisl-i-governi-europei-dimostrino-senso-di-di-responsabilita-non-sprechino-questa-occasione-storica\/","title":{"rendered":"Recovery Fund: Furlan (Cisl) &#8211; I Governi Europei dimostrino senso di di responsabilit\u00e0. Non sprechino questa occasione storica"},"content":{"rendered":"<div align=\"left\"><span style=\"color: #000000; font-family: Geneva;\"><span class=\"dropcap dropcap3\">I<\/span> Governi europei dimostrino unit\u00e0, solidariet\u00e0 e senso di responsabilit\u00e0. Non possiamo sprecare questa grande occasione storica.<\/span><\/div>\n<div align=\"left\"><\/div>\n<div align=\"left\"><span style=\"color: #000000; font-family: Geneva;\">Di fronte alla tragedia del Coronavirus si mettano da parte i veti, gli egoismi, i nazionalismi. Il Recovery Fund pu\u00f2 essere la risposta forte e tangibile per venire incontro ai bisogni concreti di famiglie, lavoratori, imprese\u201d. Lo scrive su twitter la Segretaria Generale della Cisl, Annamaria Furlan, commentando il vertice di Bruxelles sul Recovery Fund.<\/span><\/div>\n","protected":false},"excerpt":{"rendered":"<p>I Governi europei dimostrino unit\u00e0, solidariet\u00e0 e senso di responsabilit\u00e0. Non possiamo sprecare questa grande occasione storica. Di fronte alla tragedia del Coronavirus si mettano da parte i veti, gli egoismi, i nazionalismi. Il Recovery Fund pu\u00f2 essere la risposta forte e tangibile per venire incontro ai bisogni concreti di famiglie, lavoratori, imprese\u201d. Lo scrive [&hellip;]<\/p>\n","protected":false},"author":1,"featured_media":1417,"comment_status":"closed","ping_status":"open","sticky":false,"template":"","format":"standard","meta":{"footnotes":""},"categories":[56],"tags":[665,485,1164],"yoast_head":"<!-- This site is optimized with the Yoast SEO plugin v22.2 - https:\/\/yoast.com\/wordpress\/plugins\/seo\/ -->\n<title>Recovery Fund: Furlan (Cisl) - I Governi Europei dimostrino senso di di responsabilit\u00e0. Non sprechino questa occasione storica -<\/title>\n<meta name=\"robots\" content=\"index, follow, max-snippet:-1, max-image-preview:large, max-video-preview:-1\" \/>\n<link rel=\"canonical\" href=\"https:\/\/www.italiaeconomiaonline.it\/web\/recovery-fund-furlan-cisl-i-governi-europei-dimostrino-senso-di-di-responsabilita-non-sprechino-questa-occasione-storica\/\" \/>\n<meta property=\"og:locale\" content=\"it_IT\" \/>\n<meta property=\"og:type\" content=\"article\" \/>\n<meta property=\"og:title\" content=\"Recovery Fund: Furlan (Cisl) - I Governi Europei dimostrino senso di di responsabilit\u00e0. Non sprechino questa occasione storica -\" \/>\n<meta property=\"og:description\" content=\"I Governi europei dimostrino unit\u00e0, solidariet\u00e0 e senso di responsabilit\u00e0. Non possiamo sprecare questa grande occasione storica. Di fronte alla tragedia del Coronavirus si mettano da parte i veti, gli egoismi, i nazionalismi. Il Recovery Fund pu\u00f2 essere la risposta forte e tangibile per venire incontro ai bisogni concreti di famiglie, lavoratori, imprese\u201d. Lo scrive [&hellip;]\" \/>\n<meta property=\"og:url\" content=\"https:\/\/www.italiaeconomiaonline.it\/web\/recovery-fund-furlan-cisl-i-governi-europei-dimostrino-senso-di-di-responsabilita-non-sprechino-questa-occasione-storica\/\" \/>\n<meta property=\"og:site_name\" content=\"ItaliaEconomiaOnline\" \/>\n<meta property=\"article:published_time\" content=\"2020-07-19T21:22:41+00:00\" \/>\n<meta property=\"og:image\" content=\"https:\/\/www.italiaeconomiaonline.it\/web\/wp-content\/uploads\/2019\/07\/Schermata-2019-07-27-alle-12.31.34.png\" \/>\n\t<meta property=\"og:image:width\" content=\"511\" \/>\n\t<meta property=\"og:image:height\" content=\"407\" \/>\n\t<meta property=\"og:image:type\" content=\"image\/png\" \/>\n<meta name=\"author\" content=\"ladyitaliaeconomia\" \/>\n<meta name=\"twitter:card\" content=\"summary_large_image\" \/>\n<meta name=\"twitter:label1\" content=\"Scritto da\" \/>\n\t<meta name=\"twitter:data1\" content=\"ladyitaliaeconomia\" \/>\n<script type=\"application\/ld+json\" class=\"yoast-schema-graph\">{\"@context\":\"https:\/\/schema.org\",\"@graph\":[{\"@type\":\"WebPage\",\"@id\":\"https:\/\/www.italiaeconomiaonline.it\/web\/recovery-fund-furlan-cisl-i-governi-europei-dimostrino-senso-di-di-responsabilita-non-sprechino-questa-occasione-storica\/\",\"url\":\"https:\/\/www.italiaeconomiaonline.it\/web\/recovery-fund-furlan-cisl-i-governi-europei-dimostrino-senso-di-di-responsabilita-non-sprechino-questa-occasione-storica\/\",\"name\":\"Recovery Fund: Furlan (Cisl) - I Governi Europei dimostrino senso di di responsabilit\u00e0. Non sprechino questa occasione storica -\",\"isPartOf\":{\"@id\":\"https:\/\/www.italiaeconomiaonline.it\/web\/#website\"},\"primaryImageOfPage\":{\"@id\":\"https:\/\/www.italiaeconomiaonline.it\/web\/recovery-fund-furlan-cisl-i-governi-europei-dimostrino-senso-di-di-responsabilita-non-sprechino-questa-occasione-storica\/#primaryimage\"},\"image\":{\"@id\":\"https:\/\/www.italiaeconomiaonline.it\/web\/recovery-fund-furlan-cisl-i-governi-europei-dimostrino-senso-di-di-responsabilita-non-sprechino-questa-occasione-storica\/#primaryimage\"},\"thumbnailUrl\":\"https:\/\/www.italiaeconomiaonline.it\/web\/wp-content\/uploads\/2019\/07\/Schermata-2019-07-27-alle-12.31.34.png\",\"datePublished\":\"2020-07-19T21:22:41+00:00\",\"dateModified\":\"2020-07-19T21:22:41+00:00\",\"author\":{\"@id\":\"https:\/\/www.italiaeconomiaonline.it\/web\/#\/schema\/person\/909a49cce752523b020fbc37d5ab1c31\"},\"breadcrumb\":{\"@id\":\"https:\/\/www.italiaeconomiaonline.it\/web\/recovery-fund-furlan-cisl-i-governi-europei-dimostrino-senso-di-di-responsabilita-non-sprechino-questa-occasione-storica\/#breadcrumb\"},\"inLanguage\":\"it-IT\",\"potentialAction\":[{\"@type\":\"ReadAction\",\"target\":[\"https:\/\/www.italiaeconomiaonline.it\/web\/recovery-fund-furlan-cisl-i-governi-europei-dimostrino-senso-di-di-responsabilita-non-sprechino-questa-occasione-storica\/\"]}]},{\"@type\":\"ImageObject\",\"inLanguage\":\"it-IT\",\"@id\":\"https:\/\/www.italiaeconomiaonline.it\/web\/recovery-fund-furlan-cisl-i-governi-europei-dimostrino-senso-di-di-responsabilita-non-sprechino-questa-occasione-storica\/#primaryimage\",\"url\":\"https:\/\/www.italiaeconomiaonline.it\/web\/wp-content\/uploads\/2019\/07\/Schermata-2019-07-27-alle-12.31.34.png\",\"contentUrl\":\"https:\/\/www.italiaeconomiaonline.it\/web\/wp-content\/uploads\/2019\/07\/Schermata-2019-07-27-alle-12.31.34.png\",\"width\":511,\"height\":407,\"caption\":\"Annamaria Furlan\"},{\"@type\":\"BreadcrumbList\",\"@id\":\"https:\/\/www.italiaeconomiaonline.it\/web\/recovery-fund-furlan-cisl-i-governi-europei-dimostrino-senso-di-di-responsabilita-non-sprechino-questa-occasione-storica\/#breadcrumb\",\"itemListElement\":[{\"@type\":\"ListItem\",\"position\":1,\"name\":\"Home\",\"item\":\"https:\/\/www.italiaeconomiaonline.it\/web\/\"},{\"@type\":\"ListItem\",\"position\":2,\"name\":\"Recovery Fund: Furlan (Cisl) &#8211; I Governi Europei dimostrino senso di di responsabilit\u00e0. Non sprechino questa occasione storica\"}]},{\"@type\":\"WebSite\",\"@id\":\"https:\/\/www.italiaeconomiaonline.it\/web\/#website\",\"url\":\"https:\/\/www.italiaeconomiaonline.it\/web\/\",\"name\":\"ItaliaEconomiaOnline\",\"description\":\"Quotidiano Economico Online\",\"potentialAction\":[{\"@type\":\"SearchAction\",\"target\":{\"@type\":\"EntryPoint\",\"urlTemplate\":\"https:\/\/www.italiaeconomiaonline.it\/web\/?s={search_term_string}\"},\"query-input\":\"required name=search_term_string\"}],\"inLanguage\":\"it-IT\"},{\"@type\":\"Person\",\"@id\":\"https:\/\/www.italiaeconomiaonline.it\/web\/#\/schema\/person\/909a49cce752523b020fbc37d5ab1c31\",\"name\":\"ladyitaliaeconomia\",\"image\":{\"@type\":\"ImageObject\",\"inLanguage\":\"it-IT\",\"@id\":\"https:\/\/www.italiaeconomiaonline.it\/web\/#\/schema\/person\/image\/\",\"url\":\"https:\/\/secure.gravatar.com\/avatar\/cedca10ce7416a579b9fa6bce9c0a8f2?s=96&d=mm&r=g\",\"contentUrl\":\"https:\/\/secure.gravatar.com\/avatar\/cedca10ce7416a579b9fa6bce9c0a8f2?s=96&d=mm&r=g\",\"caption\":\"ladyitaliaeconomia\"},\"url\":\"https:\/\/www.italiaeconomiaonline.it\/web\/author\/ladyitaliaeconomia\/\"}]}<\/script>\n<!-- \/ Yoast SEO plugin. -->","yoast_head_json":{"title":"Recovery Fund: Furlan (Cisl) - I Governi Europei dimostrino senso di di responsabilit\u00e0. Non sprechino questa occasione storica -","robots":{"index":"index","follow":"follow","max-snippet":"max-snippet:-1","max-image-preview":"max-image-preview:large","max-video-preview":"max-video-preview:-1"},"canonical":"https:\/\/www.italiaeconomiaonline.it\/web\/recovery-fund-furlan-cisl-i-governi-europei-dimostrino-senso-di-di-responsabilita-non-sprechino-questa-occasione-storica\/","og_locale":"it_IT","og_type":"article","og_title":"Recovery Fund: Furlan (Cisl) - I Governi Europei dimostrino senso di di responsabilit\u00e0. Non sprechino questa occasione storica -","og_description":"I Governi europei dimostrino unit\u00e0, solidariet\u00e0 e senso di responsabilit\u00e0. Non possiamo sprecare questa grande occasione storica. Di fronte alla tragedia del Coronavirus si mettano da parte i veti, gli egoismi, i nazionalismi. Il Recovery Fund pu\u00f2 essere la risposta forte e tangibile per venire incontro ai bisogni concreti di famiglie, lavoratori, imprese\u201d. Lo scrive [&hellip;]","og_url":"https:\/\/www.italiaeconomiaonline.it\/web\/recovery-fund-furlan-cisl-i-governi-europei-dimostrino-senso-di-di-responsabilita-non-sprechino-questa-occasione-storica\/","og_site_name":"ItaliaEconomiaOnline","article_published_time":"2020-07-19T21:22:41+00:00","og_image":[{"width":511,"height":407,"url":"https:\/\/www.italiaeconomiaonline.it\/web\/wp-content\/uploads\/2019\/07\/Schermata-2019-07-27-alle-12.31.34.png","type":"image\/png"}],"author":"ladyitaliaeconomia","twitter_card":"summary_large_image","twitter_misc":{"Scritto da":"ladyitaliaeconomia"},"schema":{"@context":"https:\/\/schema.org","@graph":[{"@type":"WebPage","@id":"https:\/\/www.italiaeconomiaonline.it\/web\/recovery-fund-furlan-cisl-i-governi-europei-dimostrino-senso-di-di-responsabilita-non-sprechino-questa-occasione-storica\/","url":"https:\/\/www.italiaeconomiaonline.it\/web\/recovery-fund-furlan-cisl-i-governi-europei-dimostrino-senso-di-di-responsabilita-non-sprechino-questa-occasione-storica\/","name":"Recovery Fund: Furlan (Cisl) - I Governi Europei dimostrino senso di di responsabilit\u00e0. Non sprechino questa occasione storica -","isPartOf":{"@id":"https:\/\/www.italiaeconomiaonline.it\/web\/#website"},"primaryImageOfPage":{"@id":"https:\/\/www.italiaeconomiaonline.it\/web\/recovery-fund-furlan-cisl-i-governi-europei-dimostrino-senso-di-di-responsabilita-non-sprechino-questa-occasione-storica\/#primaryimage"},"image":{"@id":"https:\/\/www.italiaeconomiaonline.it\/web\/recovery-fund-furlan-cisl-i-governi-europei-dimostrino-senso-di-di-responsabilita-non-sprechino-questa-occasione-storica\/#primaryimage"},"thumbnailUrl":"https:\/\/www.italiaeconomiaonline.it\/web\/wp-content\/uploads\/2019\/07\/Schermata-2019-07-27-alle-12.31.34.png","datePublished":"2020-07-19T21:22:41+00:00","dateModified":"2020-07-19T21:22:41+00:00","author":{"@id":"https:\/\/www.italiaeconomiaonline.it\/web\/#\/schema\/person\/909a49cce752523b020fbc37d5ab1c31"},"breadcrumb":{"@id":"https:\/\/www.italiaeconomiaonline.it\/web\/recovery-fund-furlan-cisl-i-governi-europei-dimostrino-senso-di-di-responsabilita-non-sprechino-questa-occasione-storica\/#breadcrumb"},"inLanguage":"it-IT","potentialAction":[{"@type":"ReadAction","target":["https:\/\/www.italiaeconomiaonline.it\/web\/recovery-fund-furlan-cisl-i-governi-europei-dimostrino-senso-di-di-responsabilita-non-sprechino-questa-occasione-storica\/"]}]},{"@type":"ImageObject","inLanguage":"it-IT","@id":"https:\/\/www.italiaeconomiaonline.it\/web\/recovery-fund-furlan-cisl-i-governi-europei-dimostrino-senso-di-di-responsabilita-non-sprechino-questa-occasione-storica\/#primaryimage","url":"https:\/\/www.italiaeconomiaonline.it\/web\/wp-content\/uploads\/2019\/07\/Schermata-2019-07-27-alle-12.31.34.png","contentUrl":"https:\/\/www.italiaeconomiaonline.it\/web\/wp-content\/uploads\/2019\/07\/Schermata-2019-07-27-alle-12.31.34.png","width":511,"height":407,"caption":"Annamaria Furlan"},{"@type":"BreadcrumbList","@id":"https:\/\/www.italiaeconomiaonline.it\/web\/recovery-fund-furlan-cisl-i-governi-europei-dimostrino-senso-di-di-responsabilita-non-sprechino-questa-occasione-storica\/#breadcrumb","itemListElement":[{"@type":"ListItem","position":1,"name":"Home","item":"https:\/\/www.italiaeconomiaonline.it\/web\/"},{"@type":"ListItem","position":2,"name":"Recovery Fund: Furlan (Cisl) &#8211; I Governi Europei dimostrino senso di di responsabilit\u00e0. Non sprechino questa occasione storica"}]},{"@type":"WebSite","@id":"https:\/\/www.italiaeconomiaonline.it\/web\/#website","url":"https:\/\/www.italiaeconomiaonline.it\/web\/","name":"ItaliaEconomiaOnline","description":"Quotidiano Economico Online","potentialAction":[{"@type":"SearchAction","target":{"@type":"EntryPoint","urlTemplate":"https:\/\/www.italiaeconomiaonline.it\/web\/?s={search_term_string}"},"query-input":"required name=search_term_string"}],"inLanguage":"it-IT"},{"@type":"Person","@id":"https:\/\/www.italiaeconomiaonline.it\/web\/#\/schema\/person\/909a49cce752523b020fbc37d5ab1c31","name":"ladyitaliaeconomia","image":{"@type":"ImageObject","inLanguage":"it-IT","@id":"https:\/\/www.italiaeconomiaonline.it\/web\/#\/schema\/person\/image\/","url":"https:\/\/secure.gravatar.com\/avatar\/cedca10ce7416a579b9fa6bce9c0a8f2?s=96&d=mm&r=g","contentUrl":"https:\/\/secure.gravatar.com\/avatar\/cedca10ce7416a579b9fa6bce9c0a8f2?s=96&d=mm&r=g","caption":"ladyitaliaeconomia"},"url":"https:\/\/www.italiaeconomiaonline.it\/web\/author\/ladyitaliaeconomia\/"}]}},"_links":{"self":[{"href":"https:\/\/www.italiaeconomiaonline.it\/web\/wp-json\/wp\/v2\/posts\/3702"}],"collection":[{"href":"https:\/\/www.italiaeconomiaonline.it\/web\/wp-json\/wp\/v2\/posts"}],"about":[{"href":"https:\/\/www.italiaeconomiaonline.it\/web\/wp-json\/wp\/v2\/types\/post"}],"author":[{"embeddable":true,"href":"https:\/\/www.italiaeconomiaonline.it\/web\/wp-json\/wp\/v2\/users\/1"}],"replies":[{"embeddable":true,"href":"https:\/\/www.italiaeconomiaonline.it\/web\/wp-json\/wp\/v2\/comments?post=3702"}],"version-history":[{"count":1,"href":"https:\/\/www.italiaeconomiaonline.it\/web\/wp-json\/wp\/v2\/posts\/3702\/revisions"}],"predecessor-version":[{"id":3703,"href":"https:\/\/www.italiaeconomiaonline.it\/web\/wp-json\/wp\/v2\/posts\/3702\/revisions\/3703"}],"wp:featuredmedia":[{"embeddable":true,"href":"https:\/\/www.italiaeconomiaonline.it\/web\/wp-json\/wp\/v2\/media\/1417"}],"wp:attachment":[{"href":"https:\/\/www.italiaeconomiaonline.it\/web\/wp-json\/wp\/v2\/media?parent=3702"}],"wp:term":[{"taxonomy":"category","embeddable":true,"href":"https:\/\/www.italiaeconomiaonline.it\/web\/wp-json\/wp\/v2\/categories?post=3702"},{"taxonomy":"post_tag","embeddable":true,"href":"https:\/\/www.italiaeconomiaonline.it\/web\/wp-json\/wp\/v2\/tags?post=3702"}],"curies":[{"name":"wp","href":"https:\/\/api.w.org\/{rel}","templated":true}]}}