{"id":3706,"date":"2020-07-20T10:00:45","date_gmt":"2020-07-20T08:00:45","guid":{"rendered":"http:\/\/www.italiaeconomiaonline.it\/web\/?p=3706"},"modified":"2020-07-20T10:00:45","modified_gmt":"2020-07-20T08:00:45","slug":"questa-mattina-a-bruxelles-il-consiglio-agricolo-dellue","status":"publish","type":"post","link":"https:\/\/www.italiaeconomiaonline.it\/web\/questa-mattina-a-bruxelles-il-consiglio-agricolo-dellue\/","title":{"rendered":"Questa mattina a Bruxelles il Consiglio agricolo dell\u2019Ue"},"content":{"rendered":"<p><span class=\"dropcap dropcap3\">I<\/span>l consiglio dei <strong>Ministri UE dell\u2019agricoltura<\/strong> si riunir\u00e0 questa mattina alle 10, nella prima sessione dal vivo dall\u2019inizio della pandemia.<\/p>\n<p>La Presidenza tedesca presenter\u00e0 le proprie priorit\u00e0 per il semestre; in seguito, i Ministri discuteranno della strategia from farm to fork e della riforma della pac per chiudere con una discussione sulla situazione dei mercati.<\/p>\n<p>In merito alla strategia, i ministri saranno chiamati a rispondere a un questionario.<br \/>\nLa prima domanda cui i ministri dovranno rispondere: quali opportunit\u00e0 o sfide i Ministri vedono nella proposta della Commissione di implementare la Strategia F2F attraverso raccomandazioni della Commissione che saranno utilizzate per la valutazione dei Piani strategici nazionali e quali misura di protezione servono per assicurazione sufficiente trasparenza nel processo di approvazione per tutti gli stati membri.<\/p>\n<p>Contesto: La Commissione ha infatti proposto che i principi ed i targets contenuti nelle due strategie,\u00a0biodiversit\u00e0 e From Farm To Fork, siano inserite nei Piani Strategici Nazionali (PSN) attraverso una serie di Raccomandazioni. I PSN saranno quindi valutati dalla Commissione anche alla luce di queste\u00a0raccomandazioni.<\/p>\n<p>\u00c8 necessario, secondo la Commissione, che gli agricoltori ed i piscicoltori della UE\u00a0siano remunerati per il raggiungimento degli obiettivi del <strong>Green Deal<\/strong> e ci\u00f2 deve avvenire attraverso\u00a0la PAC.<\/p>\n<p>La seconda domanda: Le priorit\u00e0 e le misure proposte nelle strategie F2F e Biodiversit\u00e0 sono appropriate e sufficienti per raggiungere i molteplici obiettivi della strategia Farm to Fork in materia di protezione dell&#8217;ambiente e del clima, promozione della salute pubblica e di un&#8217;agricoltura pi\u00f9 sostenibile? In quali settori vede conflitti di obiettivi che non sono ancora sufficientemente affrontati dalle misure proposte, esistono misure complementari che dovrebbero essere prese in considerazione?<\/p>\n<p>Terza domanda: Le misure menzionate nella strategia Farm to Fork sono appropriate e adeguate perch\u00e9 il consumatore possa effettuare una scelta sostenibile e sana? Come si pu\u00f2 garantire che coloro che sostengono maggiori sforzi per produrre in modo sostenibile beneficino anche di un aumento dei prezzi sul prodotto finale?<\/p>\n<p>La Commissione sta quindi tentando in tutti i modi di inserire nella riforma le due strategie, attraverso un meccanismo che alcuni Ministri avevano contestato. In effetti, viste le tempistiche, l\u2019unica possibilit\u00e0 di poter inserire gli obiettivi della F2F nella riforma, \u00e8 verificare che i PSN contengano gi\u00e0 dall\u2019inizio, gli indirizzi per raggiungere tali obiettivi.<br \/>\nIn merito alle discussioni sulla riforma della PAC, i ministri dovranno esprimersi in merito alla nuova architettura verde, vale a dire eco-schemi e condizionalit\u00e0 rafforzata.<\/p>\n<p>In particolare, sugli ecoschemi, che, come noto, sono obbligatori per lo Stato ma non per gli agricoltori, i Ministri si erano gi\u00e0 espressi chiedendo maggiore flessibilit\u00e0 per i meccanismi economici in modo tale da non \u00a0perdere fondi. La Commissione aveva inoltre proposto, nel maggio scorso, una percentuale minima di fondi (ring-fencing) da destinare agli eco-schemi.<\/p>\n<p>I ministri saranno chiamati ad esprimersi sulla base delle seguenti domande:<\/p>\n<p>&#8211; Quali flessibilit\u00e0 nella pianificazione e nell&#8217;attuazione ritiene necessarie per sostenere un&#8217;uniforme ring-fencing a livello dell&#8217;UE per i sistemi ecologici?<br \/>\n&#8211; Quali criteri ritiene decisivi per determinare il livello di un possibile ring fencing a livello dell&#8217;UE?<br \/>\n&#8211; Ritiene che sarebbe utile fissare una percentuale minima uniforme di aree ed elementi non produttivi a livello dell&#8217;UE nella GAEC 9? In caso affermativo, a quale livello dovrebbe essere fissata? E anche le aree produttive dovrebbero essere tenute in considerazione rispetto a questa percentuale?<\/p>\n<p>I ministri discuteranno quindi la situazione dei mercati della UE.<br \/>\nLa delegazione ceca informer\u00e0 inoltre i ministri in merito a una dichiarazione congiunta del gruppo di Visegrad (Repubblica ceca, Ungheria, Polonia, Slovacchia) pi\u00f9 Bulgaria e Romania sulla riforma della politica agricola comune alla luce del Green Deal, delle strategie Farm to Fork e biodiversit\u00e0 e della pandemia COVID19.<\/p>\n","protected":false},"excerpt":{"rendered":"<p>Il consiglio dei Ministri UE dell\u2019agricoltura si riunir\u00e0 questa mattina alle 10, nella prima sessione dal vivo dall\u2019inizio della pandemia. La Presidenza tedesca presenter\u00e0 le proprie priorit\u00e0 per il semestre; in seguito, i Ministri discuteranno della strategia from farm to fork e della riforma della pac per chiudere con una discussione sulla situazione dei mercati. [&hellip;]<\/p>\n","protected":false},"author":1,"featured_media":230,"comment_status":"closed","ping_status":"open","sticky":false,"template":"","format":"standard","meta":{"footnotes":""},"categories":[537],"tags":[1076,1165],"yoast_head":"<!-- This site is optimized with the Yoast SEO plugin v22.2 - https:\/\/yoast.com\/wordpress\/plugins\/seo\/ -->\n<title>Questa mattina a Bruxelles il Consiglio agricolo dell\u2019Ue -<\/title>\n<meta name=\"robots\" content=\"index, follow, max-snippet:-1, max-image-preview:large, max-video-preview:-1\" \/>\n<link rel=\"canonical\" href=\"https:\/\/www.italiaeconomiaonline.it\/web\/questa-mattina-a-bruxelles-il-consiglio-agricolo-dellue\/\" \/>\n<meta property=\"og:locale\" content=\"it_IT\" \/>\n<meta property=\"og:type\" content=\"article\" \/>\n<meta property=\"og:title\" content=\"Questa mattina a Bruxelles il Consiglio agricolo dell\u2019Ue -\" \/>\n<meta property=\"og:description\" content=\"Il consiglio dei Ministri UE dell\u2019agricoltura si riunir\u00e0 questa mattina alle 10, nella prima sessione dal vivo dall\u2019inizio della pandemia. La Presidenza tedesca presenter\u00e0 le proprie priorit\u00e0 per il semestre; in seguito, i Ministri discuteranno della strategia from farm to fork e della riforma della pac per chiudere con una discussione sulla situazione dei mercati. [&hellip;]\" \/>\n<meta property=\"og:url\" content=\"https:\/\/www.italiaeconomiaonline.it\/web\/questa-mattina-a-bruxelles-il-consiglio-agricolo-dellue\/\" \/>\n<meta property=\"og:site_name\" content=\"ItaliaEconomiaOnline\" \/>\n<meta property=\"article:published_time\" content=\"2020-07-20T08:00:45+00:00\" \/>\n<meta property=\"og:image\" content=\"https:\/\/www.italiaeconomiaonline.it\/web\/wp-content\/uploads\/2018\/09\/agricoltura.jpg\" \/>\n\t<meta property=\"og:image:width\" content=\"960\" \/>\n\t<meta property=\"og:image:height\" content=\"516\" \/>\n\t<meta property=\"og:image:type\" content=\"image\/jpeg\" \/>\n<meta name=\"author\" content=\"ladyitaliaeconomia\" \/>\n<meta name=\"twitter:card\" content=\"summary_large_image\" \/>\n<meta name=\"twitter:label1\" content=\"Scritto da\" \/>\n\t<meta name=\"twitter:data1\" content=\"ladyitaliaeconomia\" \/>\n\t<meta name=\"twitter:label2\" content=\"Tempo di lettura stimato\" \/>\n\t<meta name=\"twitter:data2\" content=\"3 minuti\" \/>\n<script type=\"application\/ld+json\" class=\"yoast-schema-graph\">{\"@context\":\"https:\/\/schema.org\",\"@graph\":[{\"@type\":\"WebPage\",\"@id\":\"https:\/\/www.italiaeconomiaonline.it\/web\/questa-mattina-a-bruxelles-il-consiglio-agricolo-dellue\/\",\"url\":\"https:\/\/www.italiaeconomiaonline.it\/web\/questa-mattina-a-bruxelles-il-consiglio-agricolo-dellue\/\",\"name\":\"Questa mattina a Bruxelles il Consiglio agricolo dell\u2019Ue -\",\"isPartOf\":{\"@id\":\"https:\/\/www.italiaeconomiaonline.it\/web\/#website\"},\"primaryImageOfPage\":{\"@id\":\"https:\/\/www.italiaeconomiaonline.it\/web\/questa-mattina-a-bruxelles-il-consiglio-agricolo-dellue\/#primaryimage\"},\"image\":{\"@id\":\"https:\/\/www.italiaeconomiaonline.it\/web\/questa-mattina-a-bruxelles-il-consiglio-agricolo-dellue\/#primaryimage\"},\"thumbnailUrl\":\"https:\/\/www.italiaeconomiaonline.it\/web\/wp-content\/uploads\/2018\/09\/agricoltura.jpg\",\"datePublished\":\"2020-07-20T08:00:45+00:00\",\"dateModified\":\"2020-07-20T08:00:45+00:00\",\"author\":{\"@id\":\"https:\/\/www.italiaeconomiaonline.it\/web\/#\/schema\/person\/909a49cce752523b020fbc37d5ab1c31\"},\"breadcrumb\":{\"@id\":\"https:\/\/www.italiaeconomiaonline.it\/web\/questa-mattina-a-bruxelles-il-consiglio-agricolo-dellue\/#breadcrumb\"},\"inLanguage\":\"it-IT\",\"potentialAction\":[{\"@type\":\"ReadAction\",\"target\":[\"https:\/\/www.italiaeconomiaonline.it\/web\/questa-mattina-a-bruxelles-il-consiglio-agricolo-dellue\/\"]}]},{\"@type\":\"ImageObject\",\"inLanguage\":\"it-IT\",\"@id\":\"https:\/\/www.italiaeconomiaonline.it\/web\/questa-mattina-a-bruxelles-il-consiglio-agricolo-dellue\/#primaryimage\",\"url\":\"https:\/\/www.italiaeconomiaonline.it\/web\/wp-content\/uploads\/2018\/09\/agricoltura.jpg\",\"contentUrl\":\"https:\/\/www.italiaeconomiaonline.it\/web\/wp-content\/uploads\/2018\/09\/agricoltura.jpg\",\"width\":960,\"height\":516},{\"@type\":\"BreadcrumbList\",\"@id\":\"https:\/\/www.italiaeconomiaonline.it\/web\/questa-mattina-a-bruxelles-il-consiglio-agricolo-dellue\/#breadcrumb\",\"itemListElement\":[{\"@type\":\"ListItem\",\"position\":1,\"name\":\"Home\",\"item\":\"https:\/\/www.italiaeconomiaonline.it\/web\/\"},{\"@type\":\"ListItem\",\"position\":2,\"name\":\"Questa mattina a Bruxelles il Consiglio agricolo dell\u2019Ue\"}]},{\"@type\":\"WebSite\",\"@id\":\"https:\/\/www.italiaeconomiaonline.it\/web\/#website\",\"url\":\"https:\/\/www.italiaeconomiaonline.it\/web\/\",\"name\":\"ItaliaEconomiaOnline\",\"description\":\"Quotidiano Economico Online\",\"potentialAction\":[{\"@type\":\"SearchAction\",\"target\":{\"@type\":\"EntryPoint\",\"urlTemplate\":\"https:\/\/www.italiaeconomiaonline.it\/web\/?s={search_term_string}\"},\"query-input\":\"required name=search_term_string\"}],\"inLanguage\":\"it-IT\"},{\"@type\":\"Person\",\"@id\":\"https:\/\/www.italiaeconomiaonline.it\/web\/#\/schema\/person\/909a49cce752523b020fbc37d5ab1c31\",\"name\":\"ladyitaliaeconomia\",\"image\":{\"@type\":\"ImageObject\",\"inLanguage\":\"it-IT\",\"@id\":\"https:\/\/www.italiaeconomiaonline.it\/web\/#\/schema\/person\/image\/\",\"url\":\"https:\/\/secure.gravatar.com\/avatar\/cedca10ce7416a579b9fa6bce9c0a8f2?s=96&d=mm&r=g\",\"contentUrl\":\"https:\/\/secure.gravatar.com\/avatar\/cedca10ce7416a579b9fa6bce9c0a8f2?s=96&d=mm&r=g\",\"caption\":\"ladyitaliaeconomia\"},\"url\":\"https:\/\/www.italiaeconomiaonline.it\/web\/author\/ladyitaliaeconomia\/\"}]}<\/script>\n<!-- \/ Yoast SEO plugin. -->","yoast_head_json":{"title":"Questa mattina a Bruxelles il Consiglio agricolo dell\u2019Ue -","robots":{"index":"index","follow":"follow","max-snippet":"max-snippet:-1","max-image-preview":"max-image-preview:large","max-video-preview":"max-video-preview:-1"},"canonical":"https:\/\/www.italiaeconomiaonline.it\/web\/questa-mattina-a-bruxelles-il-consiglio-agricolo-dellue\/","og_locale":"it_IT","og_type":"article","og_title":"Questa mattina a Bruxelles il Consiglio agricolo dell\u2019Ue -","og_description":"Il consiglio dei Ministri UE dell\u2019agricoltura si riunir\u00e0 questa mattina alle 10, nella prima sessione dal vivo dall\u2019inizio della pandemia. La Presidenza tedesca presenter\u00e0 le proprie priorit\u00e0 per il semestre; in seguito, i Ministri discuteranno della strategia from farm to fork e della riforma della pac per chiudere con una discussione sulla situazione dei mercati. [&hellip;]","og_url":"https:\/\/www.italiaeconomiaonline.it\/web\/questa-mattina-a-bruxelles-il-consiglio-agricolo-dellue\/","og_site_name":"ItaliaEconomiaOnline","article_published_time":"2020-07-20T08:00:45+00:00","og_image":[{"width":960,"height":516,"url":"https:\/\/www.italiaeconomiaonline.it\/web\/wp-content\/uploads\/2018\/09\/agricoltura.jpg","type":"image\/jpeg"}],"author":"ladyitaliaeconomia","twitter_card":"summary_large_image","twitter_misc":{"Scritto da":"ladyitaliaeconomia","Tempo di lettura stimato":"3 minuti"},"schema":{"@context":"https:\/\/schema.org","@graph":[{"@type":"WebPage","@id":"https:\/\/www.italiaeconomiaonline.it\/web\/questa-mattina-a-bruxelles-il-consiglio-agricolo-dellue\/","url":"https:\/\/www.italiaeconomiaonline.it\/web\/questa-mattina-a-bruxelles-il-consiglio-agricolo-dellue\/","name":"Questa mattina a Bruxelles il Consiglio agricolo dell\u2019Ue -","isPartOf":{"@id":"https:\/\/www.italiaeconomiaonline.it\/web\/#website"},"primaryImageOfPage":{"@id":"https:\/\/www.italiaeconomiaonline.it\/web\/questa-mattina-a-bruxelles-il-consiglio-agricolo-dellue\/#primaryimage"},"image":{"@id":"https:\/\/www.italiaeconomiaonline.it\/web\/questa-mattina-a-bruxelles-il-consiglio-agricolo-dellue\/#primaryimage"},"thumbnailUrl":"https:\/\/www.italiaeconomiaonline.it\/web\/wp-content\/uploads\/2018\/09\/agricoltura.jpg","datePublished":"2020-07-20T08:00:45+00:00","dateModified":"2020-07-20T08:00:45+00:00","author":{"@id":"https:\/\/www.italiaeconomiaonline.it\/web\/#\/schema\/person\/909a49cce752523b020fbc37d5ab1c31"},"breadcrumb":{"@id":"https:\/\/www.italiaeconomiaonline.it\/web\/questa-mattina-a-bruxelles-il-consiglio-agricolo-dellue\/#breadcrumb"},"inLanguage":"it-IT","potentialAction":[{"@type":"ReadAction","target":["https:\/\/www.italiaeconomiaonline.it\/web\/questa-mattina-a-bruxelles-il-consiglio-agricolo-dellue\/"]}]},{"@type":"ImageObject","inLanguage":"it-IT","@id":"https:\/\/www.italiaeconomiaonline.it\/web\/questa-mattina-a-bruxelles-il-consiglio-agricolo-dellue\/#primaryimage","url":"https:\/\/www.italiaeconomiaonline.it\/web\/wp-content\/uploads\/2018\/09\/agricoltura.jpg","contentUrl":"https:\/\/www.italiaeconomiaonline.it\/web\/wp-content\/uploads\/2018\/09\/agricoltura.jpg","width":960,"height":516},{"@type":"BreadcrumbList","@id":"https:\/\/www.italiaeconomiaonline.it\/web\/questa-mattina-a-bruxelles-il-consiglio-agricolo-dellue\/#breadcrumb","itemListElement":[{"@type":"ListItem","position":1,"name":"Home","item":"https:\/\/www.italiaeconomiaonline.it\/web\/"},{"@type":"ListItem","position":2,"name":"Questa mattina a Bruxelles il Consiglio agricolo dell\u2019Ue"}]},{"@type":"WebSite","@id":"https:\/\/www.italiaeconomiaonline.it\/web\/#website","url":"https:\/\/www.italiaeconomiaonline.it\/web\/","name":"ItaliaEconomiaOnline","description":"Quotidiano Economico Online","potentialAction":[{"@type":"SearchAction","target":{"@type":"EntryPoint","urlTemplate":"https:\/\/www.italiaeconomiaonline.it\/web\/?s={search_term_string}"},"query-input":"required name=search_term_string"}],"inLanguage":"it-IT"},{"@type":"Person","@id":"https:\/\/www.italiaeconomiaonline.it\/web\/#\/schema\/person\/909a49cce752523b020fbc37d5ab1c31","name":"ladyitaliaeconomia","image":{"@type":"ImageObject","inLanguage":"it-IT","@id":"https:\/\/www.italiaeconomiaonline.it\/web\/#\/schema\/person\/image\/","url":"https:\/\/secure.gravatar.com\/avatar\/cedca10ce7416a579b9fa6bce9c0a8f2?s=96&d=mm&r=g","contentUrl":"https:\/\/secure.gravatar.com\/avatar\/cedca10ce7416a579b9fa6bce9c0a8f2?s=96&d=mm&r=g","caption":"ladyitaliaeconomia"},"url":"https:\/\/www.italiaeconomiaonline.it\/web\/author\/ladyitaliaeconomia\/"}]}},"_links":{"self":[{"href":"https:\/\/www.italiaeconomiaonline.it\/web\/wp-json\/wp\/v2\/posts\/3706"}],"collection":[{"href":"https:\/\/www.italiaeconomiaonline.it\/web\/wp-json\/wp\/v2\/posts"}],"about":[{"href":"https:\/\/www.italiaeconomiaonline.it\/web\/wp-json\/wp\/v2\/types\/post"}],"author":[{"embeddable":true,"href":"https:\/\/www.italiaeconomiaonline.it\/web\/wp-json\/wp\/v2\/users\/1"}],"replies":[{"embeddable":true,"href":"https:\/\/www.italiaeconomiaonline.it\/web\/wp-json\/wp\/v2\/comments?post=3706"}],"version-history":[{"count":1,"href":"https:\/\/www.italiaeconomiaonline.it\/web\/wp-json\/wp\/v2\/posts\/3706\/revisions"}],"predecessor-version":[{"id":3707,"href":"https:\/\/www.italiaeconomiaonline.it\/web\/wp-json\/wp\/v2\/posts\/3706\/revisions\/3707"}],"wp:featuredmedia":[{"embeddable":true,"href":"https:\/\/www.italiaeconomiaonline.it\/web\/wp-json\/wp\/v2\/media\/230"}],"wp:attachment":[{"href":"https:\/\/www.italiaeconomiaonline.it\/web\/wp-json\/wp\/v2\/media?parent=3706"}],"wp:term":[{"taxonomy":"category","embeddable":true,"href":"https:\/\/www.italiaeconomiaonline.it\/web\/wp-json\/wp\/v2\/categories?post=3706"},{"taxonomy":"post_tag","embeddable":true,"href":"https:\/\/www.italiaeconomiaonline.it\/web\/wp-json\/wp\/v2\/tags?post=3706"}],"curies":[{"name":"wp","href":"https:\/\/api.w.org\/{rel}","templated":true}]}}