{"id":3708,"date":"2020-07-20T10:46:02","date_gmt":"2020-07-20T08:46:02","guid":{"rendered":"http:\/\/www.italiaeconomiaonline.it\/web\/?p=3708"},"modified":"2020-07-20T10:46:02","modified_gmt":"2020-07-20T08:46:02","slug":"de-luca-confassociazioni-nellera-del-covid19-la-nuova-corte-digitale-di-arbitrato-e-mediazione","status":"publish","type":"post","link":"https:\/\/www.italiaeconomiaonline.it\/web\/de-luca-confassociazioni-nellera-del-covid19-la-nuova-corte-digitale-di-arbitrato-e-mediazione\/","title":{"rendered":"De Luca, Confassociazioni: &#8220;Nell&#8217;era del Covid19, la nuova corte digitale di arbitrato e mediazione&#8221;"},"content":{"rendered":"<p><span class=\"dropcap dropcap3\">I<\/span>l quadro che emerge dalle tempistiche della giustizia civile italiana ai tempi del COVID19 \u00e8 piuttosto preoccupante. Ma \u00e8 fondamentale cercare nuove strade che, seppur celate, esistono anche in una situazione emergenziale quale questa che stiamo vivendo tutti noi.<\/p>\n<p>La nostra? La nuova Corte Digitale di Arbitrato e Mediazione di CONFASSOCIAZIONI.\u201d Lo ha dichiarato in una nota <strong>Daniela DE LUCA, Presidente di CONFASSOCIAZIONI Centro-Italia. <\/strong><\/p>\n<p>&nbsp;<\/p>\n<p>\u201cUna delle anomalie generate dalla pandemia \u00e8 il non riuscire a prevedere la durata della temporanea sospensione dell\u2019attivit\u00e0 giudiziaria &#8211; ha proseguito <strong>Daniela DE LUCA, che \u00e8 anche Vice Presidente di CONFASSOCIAZIONI Imprese e Consumatori con delega alle ADR<\/strong> &#8211; aggravando cos\u00ec i tempi della giustizia in un Paese che gi\u00e0 brillava per litigiosit\u00e0, disfunzionalit\u00e0 e lentezza nello smaltimento dei contenziosi.<\/p>\n<p>Per questo, noi avevamo gi\u00e0 puntato alla riorganizzazione digitale per cui, fin da gennaio, avevamo annunciato la nascita della<strong> Corte Digitale di Arbitrato e Mediazione di CONFASSOCIAZIONI<\/strong>, con regolamenti e piattaforme approvate dal Ministero di Giustizia ed un potale dedicato atto a garantire sicurezza e riservatezza sia dei dati che delle informazioni\u201d.<\/p>\n<p>\u201cPer questo, stiamo puntando ancor pi\u00f9 sulla Giustizia digitale &#8211; ha evidenziato <strong>la Presidente di CONFASSOCIAZIONI Centro Italia <\/strong>&#8211; perch\u00e9 le nostre imprese, gi\u00e0 in crisi per la pandemia, non possono permettersi di sostenere inutili e costosi sprechi di tempo e risorse generati dalle tempistiche burocratiche del sistema giudiziario. Diventa allora imprescindibile il ricorso alle procedure stragiudiziali come l\u2019Arbitrato e la Mediazione Civile e Commerciale: strumenti che, determinando una tempestiva risoluzione delle controversie e l\u2019adozione di procedure giudiziarie pi\u00f9 efficaci, contribuiscono ad instaurare un clima di maggiore fiducia anche rispetto alla risoluzione di liti transnazionali, vantaggio ancor pi\u00f9 evidente in un sistema economico \u00a0basato sull\u2019export come il nostro\u201d.<\/p>\n<p>&nbsp;<\/p>\n<p>\u201cGestire i conflitti con successo come pure prevenirli attraverso strumenti efficaci, veloci e snelli &#8211; ha concluso il Presidente di<strong> CONFASSOCIAZIONI, Angelo DEIANA <\/strong>&#8211; rappresenta una delle chiavi di volta per rilanciare l\u2019Italia facendo cose semplici. E la <strong>Corte Digitale di Arbitrato e Mediazione di CONFASSOCIAZIONI <\/strong>rappresenta un modus operandi strategico non solo per ogni impresa e ogni professionista aderente alla nostra Confederazione, ma anche per tutto il bacino di relazioni che lo circonda nella vita quotidiana. Nella consapevolezza che questa piattaforma innovativa generer\u00e0 riscontri positivi in termini di attrattivit\u00e0 sul mercato, sui potenziali clienti e sugli investitori, permettendo a ciascuno dei nostri associati di sentirsi finalmente protagonista della propria vita professionale\u201d.<\/p>\n<p>&nbsp;<\/p>\n<p>&nbsp;<\/p>\n<p>&nbsp;<\/p>\n<table width=\"100%\">\n<tbody>\n<tr>\n<th><\/th>\n<\/tr>\n<\/tbody>\n<\/table>\n","protected":false},"excerpt":{"rendered":"<p>Il quadro che emerge dalle tempistiche della giustizia civile italiana ai tempi del COVID19 \u00e8 piuttosto preoccupante. Ma \u00e8 fondamentale cercare nuove strade che, seppur celate, esistono anche in una situazione emergenziale quale questa che stiamo vivendo tutti noi. La nostra? La nuova Corte Digitale di Arbitrato e Mediazione di CONFASSOCIAZIONI.\u201d Lo ha dichiarato in [&hellip;]<\/p>\n","protected":false},"author":1,"featured_media":2917,"comment_status":"closed","ping_status":"open","sticky":false,"template":"","format":"standard","meta":{"footnotes":""},"categories":[35],"tags":[1166,1168,1169,1167],"yoast_head":"<!-- This site is optimized with the Yoast SEO plugin v22.2 - https:\/\/yoast.com\/wordpress\/plugins\/seo\/ -->\n<title>De Luca, Confassociazioni: &quot;Nell&#039;era del Covid19, la nuova corte digitale di arbitrato e mediazione&quot; -<\/title>\n<meta name=\"robots\" content=\"index, follow, max-snippet:-1, max-image-preview:large, max-video-preview:-1\" \/>\n<link rel=\"canonical\" href=\"http:\/\/www.italiaeconomiaonline.it\/web\/de-luca-confassociazioni-nellera-del-covid19-la-nuova-corte-digitale-di-arbitrato-e-mediazione\/\" \/>\n<meta property=\"og:locale\" content=\"it_IT\" \/>\n<meta property=\"og:type\" content=\"article\" \/>\n<meta property=\"og:title\" content=\"De Luca, Confassociazioni: &quot;Nell&#039;era del Covid19, la nuova corte digitale di arbitrato e mediazione&quot; -\" \/>\n<meta property=\"og:description\" content=\"Il quadro che emerge dalle tempistiche della giustizia civile italiana ai tempi del COVID19 \u00e8 piuttosto preoccupante. Ma \u00e8 fondamentale cercare nuove strade che, seppur celate, esistono anche in una situazione emergenziale quale questa che stiamo vivendo tutti noi. La nostra? La nuova Corte Digitale di Arbitrato e Mediazione di CONFASSOCIAZIONI.\u201d Lo ha dichiarato in [&hellip;]\" \/>\n<meta property=\"og:url\" content=\"http:\/\/www.italiaeconomiaonline.it\/web\/de-luca-confassociazioni-nellera-del-covid19-la-nuova-corte-digitale-di-arbitrato-e-mediazione\/\" \/>\n<meta property=\"og:site_name\" content=\"ItaliaEconomiaOnline\" \/>\n<meta property=\"article:published_time\" content=\"2020-07-20T08:46:02+00:00\" \/>\n<meta property=\"og:image\" content=\"http:\/\/www.italiaeconomiaonline.it\/web\/wp-content\/uploads\/2020\/04\/Schermata-2020-04-17-alle-10.07.50.png\" \/>\n\t<meta property=\"og:image:width\" content=\"912\" \/>\n\t<meta property=\"og:image:height\" content=\"580\" \/>\n\t<meta property=\"og:image:type\" content=\"image\/png\" \/>\n<meta name=\"author\" content=\"ladyitaliaeconomia\" \/>\n<meta name=\"twitter:card\" content=\"summary_large_image\" \/>\n<meta name=\"twitter:label1\" content=\"Scritto da\" \/>\n\t<meta name=\"twitter:data1\" content=\"ladyitaliaeconomia\" \/>\n\t<meta name=\"twitter:label2\" content=\"Tempo di lettura stimato\" \/>\n\t<meta name=\"twitter:data2\" content=\"2 minuti\" \/>\n<script type=\"application\/ld+json\" class=\"yoast-schema-graph\">{\"@context\":\"https:\/\/schema.org\",\"@graph\":[{\"@type\":\"WebPage\",\"@id\":\"http:\/\/www.italiaeconomiaonline.it\/web\/de-luca-confassociazioni-nellera-del-covid19-la-nuova-corte-digitale-di-arbitrato-e-mediazione\/\",\"url\":\"http:\/\/www.italiaeconomiaonline.it\/web\/de-luca-confassociazioni-nellera-del-covid19-la-nuova-corte-digitale-di-arbitrato-e-mediazione\/\",\"name\":\"De Luca, Confassociazioni: \\\"Nell'era del Covid19, la nuova corte digitale di arbitrato e mediazione\\\" -\",\"isPartOf\":{\"@id\":\"https:\/\/www.italiaeconomiaonline.it\/web\/#website\"},\"primaryImageOfPage\":{\"@id\":\"http:\/\/www.italiaeconomiaonline.it\/web\/de-luca-confassociazioni-nellera-del-covid19-la-nuova-corte-digitale-di-arbitrato-e-mediazione\/#primaryimage\"},\"image\":{\"@id\":\"http:\/\/www.italiaeconomiaonline.it\/web\/de-luca-confassociazioni-nellera-del-covid19-la-nuova-corte-digitale-di-arbitrato-e-mediazione\/#primaryimage\"},\"thumbnailUrl\":\"https:\/\/www.italiaeconomiaonline.it\/web\/wp-content\/uploads\/2020\/04\/Schermata-2020-04-17-alle-10.07.50.png\",\"datePublished\":\"2020-07-20T08:46:02+00:00\",\"dateModified\":\"2020-07-20T08:46:02+00:00\",\"author\":{\"@id\":\"https:\/\/www.italiaeconomiaonline.it\/web\/#\/schema\/person\/909a49cce752523b020fbc37d5ab1c31\"},\"breadcrumb\":{\"@id\":\"http:\/\/www.italiaeconomiaonline.it\/web\/de-luca-confassociazioni-nellera-del-covid19-la-nuova-corte-digitale-di-arbitrato-e-mediazione\/#breadcrumb\"},\"inLanguage\":\"it-IT\",\"potentialAction\":[{\"@type\":\"ReadAction\",\"target\":[\"http:\/\/www.italiaeconomiaonline.it\/web\/de-luca-confassociazioni-nellera-del-covid19-la-nuova-corte-digitale-di-arbitrato-e-mediazione\/\"]}]},{\"@type\":\"ImageObject\",\"inLanguage\":\"it-IT\",\"@id\":\"http:\/\/www.italiaeconomiaonline.it\/web\/de-luca-confassociazioni-nellera-del-covid19-la-nuova-corte-digitale-di-arbitrato-e-mediazione\/#primaryimage\",\"url\":\"https:\/\/www.italiaeconomiaonline.it\/web\/wp-content\/uploads\/2020\/04\/Schermata-2020-04-17-alle-10.07.50.png\",\"contentUrl\":\"https:\/\/www.italiaeconomiaonline.it\/web\/wp-content\/uploads\/2020\/04\/Schermata-2020-04-17-alle-10.07.50.png\",\"width\":912,\"height\":580},{\"@type\":\"BreadcrumbList\",\"@id\":\"http:\/\/www.italiaeconomiaonline.it\/web\/de-luca-confassociazioni-nellera-del-covid19-la-nuova-corte-digitale-di-arbitrato-e-mediazione\/#breadcrumb\",\"itemListElement\":[{\"@type\":\"ListItem\",\"position\":1,\"name\":\"Home\",\"item\":\"https:\/\/www.italiaeconomiaonline.it\/web\/\"},{\"@type\":\"ListItem\",\"position\":2,\"name\":\"De Luca, Confassociazioni: &#8220;Nell&#8217;era del Covid19, la nuova corte digitale di arbitrato e mediazione&#8221;\"}]},{\"@type\":\"WebSite\",\"@id\":\"https:\/\/www.italiaeconomiaonline.it\/web\/#website\",\"url\":\"https:\/\/www.italiaeconomiaonline.it\/web\/\",\"name\":\"ItaliaEconomiaOnline\",\"description\":\"Quotidiano Economico Online\",\"potentialAction\":[{\"@type\":\"SearchAction\",\"target\":{\"@type\":\"EntryPoint\",\"urlTemplate\":\"https:\/\/www.italiaeconomiaonline.it\/web\/?s={search_term_string}\"},\"query-input\":\"required name=search_term_string\"}],\"inLanguage\":\"it-IT\"},{\"@type\":\"Person\",\"@id\":\"https:\/\/www.italiaeconomiaonline.it\/web\/#\/schema\/person\/909a49cce752523b020fbc37d5ab1c31\",\"name\":\"ladyitaliaeconomia\",\"image\":{\"@type\":\"ImageObject\",\"inLanguage\":\"it-IT\",\"@id\":\"https:\/\/www.italiaeconomiaonline.it\/web\/#\/schema\/person\/image\/\",\"url\":\"https:\/\/secure.gravatar.com\/avatar\/cedca10ce7416a579b9fa6bce9c0a8f2?s=96&d=mm&r=g\",\"contentUrl\":\"https:\/\/secure.gravatar.com\/avatar\/cedca10ce7416a579b9fa6bce9c0a8f2?s=96&d=mm&r=g\",\"caption\":\"ladyitaliaeconomia\"},\"url\":\"https:\/\/www.italiaeconomiaonline.it\/web\/author\/ladyitaliaeconomia\/\"}]}<\/script>\n<!-- \/ Yoast SEO plugin. -->","yoast_head_json":{"title":"De Luca, Confassociazioni: \"Nell'era del Covid19, la nuova corte digitale di arbitrato e mediazione\" -","robots":{"index":"index","follow":"follow","max-snippet":"max-snippet:-1","max-image-preview":"max-image-preview:large","max-video-preview":"max-video-preview:-1"},"canonical":"http:\/\/www.italiaeconomiaonline.it\/web\/de-luca-confassociazioni-nellera-del-covid19-la-nuova-corte-digitale-di-arbitrato-e-mediazione\/","og_locale":"it_IT","og_type":"article","og_title":"De Luca, Confassociazioni: \"Nell'era del Covid19, la nuova corte digitale di arbitrato e mediazione\" -","og_description":"Il quadro che emerge dalle tempistiche della giustizia civile italiana ai tempi del COVID19 \u00e8 piuttosto preoccupante. Ma \u00e8 fondamentale cercare nuove strade che, seppur celate, esistono anche in una situazione emergenziale quale questa che stiamo vivendo tutti noi. La nostra? La nuova Corte Digitale di Arbitrato e Mediazione di CONFASSOCIAZIONI.\u201d Lo ha dichiarato in [&hellip;]","og_url":"http:\/\/www.italiaeconomiaonline.it\/web\/de-luca-confassociazioni-nellera-del-covid19-la-nuova-corte-digitale-di-arbitrato-e-mediazione\/","og_site_name":"ItaliaEconomiaOnline","article_published_time":"2020-07-20T08:46:02+00:00","og_image":[{"width":912,"height":580,"url":"http:\/\/www.italiaeconomiaonline.it\/web\/wp-content\/uploads\/2020\/04\/Schermata-2020-04-17-alle-10.07.50.png","type":"image\/png"}],"author":"ladyitaliaeconomia","twitter_card":"summary_large_image","twitter_misc":{"Scritto da":"ladyitaliaeconomia","Tempo di lettura stimato":"2 minuti"},"schema":{"@context":"https:\/\/schema.org","@graph":[{"@type":"WebPage","@id":"http:\/\/www.italiaeconomiaonline.it\/web\/de-luca-confassociazioni-nellera-del-covid19-la-nuova-corte-digitale-di-arbitrato-e-mediazione\/","url":"http:\/\/www.italiaeconomiaonline.it\/web\/de-luca-confassociazioni-nellera-del-covid19-la-nuova-corte-digitale-di-arbitrato-e-mediazione\/","name":"De Luca, Confassociazioni: \"Nell'era del Covid19, la nuova corte digitale di arbitrato e mediazione\" -","isPartOf":{"@id":"https:\/\/www.italiaeconomiaonline.it\/web\/#website"},"primaryImageOfPage":{"@id":"http:\/\/www.italiaeconomiaonline.it\/web\/de-luca-confassociazioni-nellera-del-covid19-la-nuova-corte-digitale-di-arbitrato-e-mediazione\/#primaryimage"},"image":{"@id":"http:\/\/www.italiaeconomiaonline.it\/web\/de-luca-confassociazioni-nellera-del-covid19-la-nuova-corte-digitale-di-arbitrato-e-mediazione\/#primaryimage"},"thumbnailUrl":"https:\/\/www.italiaeconomiaonline.it\/web\/wp-content\/uploads\/2020\/04\/Schermata-2020-04-17-alle-10.07.50.png","datePublished":"2020-07-20T08:46:02+00:00","dateModified":"2020-07-20T08:46:02+00:00","author":{"@id":"https:\/\/www.italiaeconomiaonline.it\/web\/#\/schema\/person\/909a49cce752523b020fbc37d5ab1c31"},"breadcrumb":{"@id":"http:\/\/www.italiaeconomiaonline.it\/web\/de-luca-confassociazioni-nellera-del-covid19-la-nuova-corte-digitale-di-arbitrato-e-mediazione\/#breadcrumb"},"inLanguage":"it-IT","potentialAction":[{"@type":"ReadAction","target":["http:\/\/www.italiaeconomiaonline.it\/web\/de-luca-confassociazioni-nellera-del-covid19-la-nuova-corte-digitale-di-arbitrato-e-mediazione\/"]}]},{"@type":"ImageObject","inLanguage":"it-IT","@id":"http:\/\/www.italiaeconomiaonline.it\/web\/de-luca-confassociazioni-nellera-del-covid19-la-nuova-corte-digitale-di-arbitrato-e-mediazione\/#primaryimage","url":"https:\/\/www.italiaeconomiaonline.it\/web\/wp-content\/uploads\/2020\/04\/Schermata-2020-04-17-alle-10.07.50.png","contentUrl":"https:\/\/www.italiaeconomiaonline.it\/web\/wp-content\/uploads\/2020\/04\/Schermata-2020-04-17-alle-10.07.50.png","width":912,"height":580},{"@type":"BreadcrumbList","@id":"http:\/\/www.italiaeconomiaonline.it\/web\/de-luca-confassociazioni-nellera-del-covid19-la-nuova-corte-digitale-di-arbitrato-e-mediazione\/#breadcrumb","itemListElement":[{"@type":"ListItem","position":1,"name":"Home","item":"https:\/\/www.italiaeconomiaonline.it\/web\/"},{"@type":"ListItem","position":2,"name":"De Luca, Confassociazioni: &#8220;Nell&#8217;era del Covid19, la nuova corte digitale di arbitrato e mediazione&#8221;"}]},{"@type":"WebSite","@id":"https:\/\/www.italiaeconomiaonline.it\/web\/#website","url":"https:\/\/www.italiaeconomiaonline.it\/web\/","name":"ItaliaEconomiaOnline","description":"Quotidiano Economico Online","potentialAction":[{"@type":"SearchAction","target":{"@type":"EntryPoint","urlTemplate":"https:\/\/www.italiaeconomiaonline.it\/web\/?s={search_term_string}"},"query-input":"required name=search_term_string"}],"inLanguage":"it-IT"},{"@type":"Person","@id":"https:\/\/www.italiaeconomiaonline.it\/web\/#\/schema\/person\/909a49cce752523b020fbc37d5ab1c31","name":"ladyitaliaeconomia","image":{"@type":"ImageObject","inLanguage":"it-IT","@id":"https:\/\/www.italiaeconomiaonline.it\/web\/#\/schema\/person\/image\/","url":"https:\/\/secure.gravatar.com\/avatar\/cedca10ce7416a579b9fa6bce9c0a8f2?s=96&d=mm&r=g","contentUrl":"https:\/\/secure.gravatar.com\/avatar\/cedca10ce7416a579b9fa6bce9c0a8f2?s=96&d=mm&r=g","caption":"ladyitaliaeconomia"},"url":"https:\/\/www.italiaeconomiaonline.it\/web\/author\/ladyitaliaeconomia\/"}]}},"_links":{"self":[{"href":"https:\/\/www.italiaeconomiaonline.it\/web\/wp-json\/wp\/v2\/posts\/3708"}],"collection":[{"href":"https:\/\/www.italiaeconomiaonline.it\/web\/wp-json\/wp\/v2\/posts"}],"about":[{"href":"https:\/\/www.italiaeconomiaonline.it\/web\/wp-json\/wp\/v2\/types\/post"}],"author":[{"embeddable":true,"href":"https:\/\/www.italiaeconomiaonline.it\/web\/wp-json\/wp\/v2\/users\/1"}],"replies":[{"embeddable":true,"href":"https:\/\/www.italiaeconomiaonline.it\/web\/wp-json\/wp\/v2\/comments?post=3708"}],"version-history":[{"count":1,"href":"https:\/\/www.italiaeconomiaonline.it\/web\/wp-json\/wp\/v2\/posts\/3708\/revisions"}],"predecessor-version":[{"id":3709,"href":"https:\/\/www.italiaeconomiaonline.it\/web\/wp-json\/wp\/v2\/posts\/3708\/revisions\/3709"}],"wp:featuredmedia":[{"embeddable":true,"href":"https:\/\/www.italiaeconomiaonline.it\/web\/wp-json\/wp\/v2\/media\/2917"}],"wp:attachment":[{"href":"https:\/\/www.italiaeconomiaonline.it\/web\/wp-json\/wp\/v2\/media?parent=3708"}],"wp:term":[{"taxonomy":"category","embeddable":true,"href":"https:\/\/www.italiaeconomiaonline.it\/web\/wp-json\/wp\/v2\/categories?post=3708"},{"taxonomy":"post_tag","embeddable":true,"href":"https:\/\/www.italiaeconomiaonline.it\/web\/wp-json\/wp\/v2\/tags?post=3708"}],"curies":[{"name":"wp","href":"https:\/\/api.w.org\/{rel}","templated":true}]}}