{"id":3710,"date":"2020-07-20T18:45:28","date_gmt":"2020-07-20T16:45:28","guid":{"rendered":"http:\/\/www.italiaeconomiaonline.it\/web\/?p=3710"},"modified":"2020-07-20T18:45:28","modified_gmt":"2020-07-20T16:45:28","slug":"cassa-integrazione-saldo-negativo-per-31-miliardi-di-euro","status":"publish","type":"post","link":"https:\/\/www.italiaeconomiaonline.it\/web\/cassa-integrazione-saldo-negativo-per-31-miliardi-di-euro\/","title":{"rendered":"Cassa integrazione: saldo negativo per 3,1 miliardi di euro"},"content":{"rendered":"<p><span class=\"dropcap dropcap3\">I<\/span>n 12 anni, dal 2008 al 2019, le risorse complessivamente spese per la cassa integrazione guadagni ammontano a <strong>49,7 miliardi<\/strong> di euro, a fronte di <strong>46,6 miliardi<\/strong> di euro di entrate sostenute da aziende e lavoratori privati, con un saldo negativo nel periodo analizzato pari a <strong>3,1 miliardi<\/strong> di euro.<\/p>\n<p>&nbsp;<\/p>\n<p>E\u2019 quanto emerge da un\u2019analisi del Servizio Lavoro, Coesione e Territorio della UIL che ha elaborato i rendiconti consuntivi dell\u2019INPS.<\/p>\n<p>&nbsp;<\/p>\n<p>Nello specifico &#8211; spiega <strong>Ivana Veronese, Segretaria Confederale UIL<\/strong> &#8211; per quanto riguarda le singole gestioni, <strong>la spesa per la cassa integrazione ordinaria<\/strong> \u00e8 stata di <strong>15,6 miliardi<\/strong> di euro, a fronte di 33,1 miliardi di euro di entrate, ed \u00e8 l\u2019unica gestione ad aver registrato, nei 12 anni considerati, un saldo positivo di 17,5 miliardi di euro.<\/p>\n<p><strong>La gestione straordinaria<\/strong> ha visto costi per <strong>25,4 miliardi<\/strong> di euro ed entrate pari a 13,3 miliardi di euro, chiudendo il periodo con un saldo negativo di 12 miliardi di euro.<\/p>\n<p>Infine, <strong>la cassa integrazione in deroga<\/strong>, totalmente a carico della fiscalit\u00e0 generale, ha registrato uscite per <strong>8,7 miliardi<\/strong> di euro ed entrate pari a 161 milioni di euro, con un saldo negativo di 8,6 miliardi di euro.<\/p>\n<p>&nbsp;<\/p>\n<p>Nel periodo considerato, l\u2019anno pi\u00f9 critico \u00e8 stato il 2013 che ha visto spese per <strong>6,8 miliardi<\/strong> di euro di cui il 52,4% assorbite dalla cassa integrazione straordinaria (con un costo di circa <strong>3,6 miliardi<\/strong> <strong>di euro<\/strong>). Il 2013 registra anche il saldo negativo tra entrate e uscite pi\u00f9 alto pari a circa 3 miliardi di euro.<\/p>\n<p>&nbsp;<\/p>\n<p>Nel 2019 le uscite per la cassa integrazione &#8211; continua Ivana Veronese &#8211; sono pari a <strong>1,4 miliardi<\/strong> di euro di cui 488 milioni di euro per la gestione ordinaria, 890 milioni di euro per la gestione straordinaria e 15 milioni di euro per la gestione in deroga che sono residui di provvedimenti degli anni precedenti. Sempre nel 2019 aziende e dipendenti privati hanno versato contributi per un totale di 4,2 miliardi di euro destinati a garantire il sostegno al reddito in costanza di rapporto di lavoro, con un saldo positivo di 2,8 miliardi di euro.<\/p>\n<p>&nbsp;<\/p>\n<p>Se consideriamo l\u2019insieme degli ammortizzatori sociali del 2019 (cassa integrazione, Naspi, disoccupazione speciale agricoltura, etc.) &#8211; commenta Ivana Veronese &#8211; la spesa ammonta a <strong>19 miliardi<\/strong> di euro, di cui il 7,3% \u00e8 assorbito dai costi della cassa integrazione pari a circa 1,4 miliardi di euro.<\/p>\n<p>&nbsp;<\/p>\n<p>Nei primi 5 mesi del 2020 a fronte di oltre 1,7 miliardi di ore autorizzate di cassa integrazione, la spesa ammonterebbe, secondo una nostra stima dai dati INPS sulla Cassa integrazione, a <strong>14,3 miliardi<\/strong> di euro.<\/p>\n<p>&nbsp;<\/p>\n<p>Ci\u00f2 significa che in soli 5 mesi si \u00e8 spesa <strong>una cifra pari a 10 volte l\u2019importo dell\u2019intero 2019<\/strong>, ovvero quasi 1 punto di PIL.<\/p>\n<p>&nbsp;<\/p>\n<p>Al tavolo sugli ammortizzatori sociali, convocato per il prossimo 23 luglio dalla Ministra del Lavoro \u2013 conclude Veronese &#8211; la UIL proporr\u00e0 la proroga della cassa integrazione e il blocco dei licenziamenti fino a tutto il 2020. Inoltre, per la UIL \u00e8 necessario rendere spendibile velocemente quanto arriver\u00e0 da SURE (strumento europeo contro la disoccupazione) e dare trasparenza sul reale utilizzo della cassa integrazione.<\/p>\n","protected":false},"excerpt":{"rendered":"<p>In 12 anni, dal 2008 al 2019, le risorse complessivamente spese per la cassa integrazione guadagni ammontano a 49,7 miliardi di euro, a fronte di 46,6 miliardi di euro di entrate sostenute da aziende e lavoratori privati, con un saldo negativo nel periodo analizzato pari a 3,1 miliardi di euro. &nbsp; E\u2019 quanto emerge da [&hellip;]<\/p>\n","protected":false},"author":1,"featured_media":2032,"comment_status":"closed","ping_status":"open","sticky":false,"template":"","format":"standard","meta":{"footnotes":""},"categories":[56],"tags":[],"yoast_head":"<!-- This site is optimized with the Yoast SEO plugin v22.2 - https:\/\/yoast.com\/wordpress\/plugins\/seo\/ -->\n<title>Cassa integrazione: saldo negativo per 3,1 miliardi di euro -<\/title>\n<meta name=\"robots\" content=\"index, follow, max-snippet:-1, max-image-preview:large, max-video-preview:-1\" \/>\n<link rel=\"canonical\" href=\"https:\/\/www.italiaeconomiaonline.it\/web\/cassa-integrazione-saldo-negativo-per-31-miliardi-di-euro\/\" \/>\n<meta property=\"og:locale\" content=\"it_IT\" \/>\n<meta property=\"og:type\" content=\"article\" \/>\n<meta property=\"og:title\" content=\"Cassa integrazione: saldo negativo per 3,1 miliardi di euro -\" \/>\n<meta property=\"og:description\" content=\"In 12 anni, dal 2008 al 2019, le risorse complessivamente spese per la cassa integrazione guadagni ammontano a 49,7 miliardi di euro, a fronte di 46,6 miliardi di euro di entrate sostenute da aziende e lavoratori privati, con un saldo negativo nel periodo analizzato pari a 3,1 miliardi di euro. &nbsp; E\u2019 quanto emerge da [&hellip;]\" \/>\n<meta property=\"og:url\" content=\"https:\/\/www.italiaeconomiaonline.it\/web\/cassa-integrazione-saldo-negativo-per-31-miliardi-di-euro\/\" \/>\n<meta property=\"og:site_name\" content=\"ItaliaEconomiaOnline\" \/>\n<meta property=\"article:published_time\" content=\"2020-07-20T16:45:28+00:00\" \/>\n<meta property=\"og:image\" content=\"https:\/\/www.italiaeconomiaonline.it\/web\/wp-content\/uploads\/2019\/11\/impresa-lavoro-ufficio-banca.jpg\" \/>\n\t<meta property=\"og:image:width\" content=\"960\" \/>\n\t<meta property=\"og:image:height\" content=\"640\" \/>\n\t<meta property=\"og:image:type\" content=\"image\/jpeg\" \/>\n<meta name=\"author\" content=\"ladyitaliaeconomia\" \/>\n<meta name=\"twitter:card\" content=\"summary_large_image\" \/>\n<meta name=\"twitter:label1\" content=\"Scritto da\" \/>\n\t<meta name=\"twitter:data1\" content=\"ladyitaliaeconomia\" \/>\n\t<meta name=\"twitter:label2\" content=\"Tempo di lettura stimato\" \/>\n\t<meta name=\"twitter:data2\" content=\"2 minuti\" \/>\n<script type=\"application\/ld+json\" class=\"yoast-schema-graph\">{\"@context\":\"https:\/\/schema.org\",\"@graph\":[{\"@type\":\"WebPage\",\"@id\":\"https:\/\/www.italiaeconomiaonline.it\/web\/cassa-integrazione-saldo-negativo-per-31-miliardi-di-euro\/\",\"url\":\"https:\/\/www.italiaeconomiaonline.it\/web\/cassa-integrazione-saldo-negativo-per-31-miliardi-di-euro\/\",\"name\":\"Cassa integrazione: saldo negativo per 3,1 miliardi di euro -\",\"isPartOf\":{\"@id\":\"https:\/\/www.italiaeconomiaonline.it\/web\/#website\"},\"primaryImageOfPage\":{\"@id\":\"https:\/\/www.italiaeconomiaonline.it\/web\/cassa-integrazione-saldo-negativo-per-31-miliardi-di-euro\/#primaryimage\"},\"image\":{\"@id\":\"https:\/\/www.italiaeconomiaonline.it\/web\/cassa-integrazione-saldo-negativo-per-31-miliardi-di-euro\/#primaryimage\"},\"thumbnailUrl\":\"https:\/\/www.italiaeconomiaonline.it\/web\/wp-content\/uploads\/2019\/11\/impresa-lavoro-ufficio-banca.jpg\",\"datePublished\":\"2020-07-20T16:45:28+00:00\",\"dateModified\":\"2020-07-20T16:45:28+00:00\",\"author\":{\"@id\":\"https:\/\/www.italiaeconomiaonline.it\/web\/#\/schema\/person\/909a49cce752523b020fbc37d5ab1c31\"},\"breadcrumb\":{\"@id\":\"https:\/\/www.italiaeconomiaonline.it\/web\/cassa-integrazione-saldo-negativo-per-31-miliardi-di-euro\/#breadcrumb\"},\"inLanguage\":\"it-IT\",\"potentialAction\":[{\"@type\":\"ReadAction\",\"target\":[\"https:\/\/www.italiaeconomiaonline.it\/web\/cassa-integrazione-saldo-negativo-per-31-miliardi-di-euro\/\"]}]},{\"@type\":\"ImageObject\",\"inLanguage\":\"it-IT\",\"@id\":\"https:\/\/www.italiaeconomiaonline.it\/web\/cassa-integrazione-saldo-negativo-per-31-miliardi-di-euro\/#primaryimage\",\"url\":\"https:\/\/www.italiaeconomiaonline.it\/web\/wp-content\/uploads\/2019\/11\/impresa-lavoro-ufficio-banca.jpg\",\"contentUrl\":\"https:\/\/www.italiaeconomiaonline.it\/web\/wp-content\/uploads\/2019\/11\/impresa-lavoro-ufficio-banca.jpg\",\"width\":960,\"height\":640},{\"@type\":\"BreadcrumbList\",\"@id\":\"https:\/\/www.italiaeconomiaonline.it\/web\/cassa-integrazione-saldo-negativo-per-31-miliardi-di-euro\/#breadcrumb\",\"itemListElement\":[{\"@type\":\"ListItem\",\"position\":1,\"name\":\"Home\",\"item\":\"https:\/\/www.italiaeconomiaonline.it\/web\/\"},{\"@type\":\"ListItem\",\"position\":2,\"name\":\"Cassa integrazione: saldo negativo per 3,1 miliardi di euro\"}]},{\"@type\":\"WebSite\",\"@id\":\"https:\/\/www.italiaeconomiaonline.it\/web\/#website\",\"url\":\"https:\/\/www.italiaeconomiaonline.it\/web\/\",\"name\":\"ItaliaEconomiaOnline\",\"description\":\"Quotidiano Economico Online\",\"potentialAction\":[{\"@type\":\"SearchAction\",\"target\":{\"@type\":\"EntryPoint\",\"urlTemplate\":\"https:\/\/www.italiaeconomiaonline.it\/web\/?s={search_term_string}\"},\"query-input\":\"required name=search_term_string\"}],\"inLanguage\":\"it-IT\"},{\"@type\":\"Person\",\"@id\":\"https:\/\/www.italiaeconomiaonline.it\/web\/#\/schema\/person\/909a49cce752523b020fbc37d5ab1c31\",\"name\":\"ladyitaliaeconomia\",\"image\":{\"@type\":\"ImageObject\",\"inLanguage\":\"it-IT\",\"@id\":\"https:\/\/www.italiaeconomiaonline.it\/web\/#\/schema\/person\/image\/\",\"url\":\"https:\/\/secure.gravatar.com\/avatar\/cedca10ce7416a579b9fa6bce9c0a8f2?s=96&d=mm&r=g\",\"contentUrl\":\"https:\/\/secure.gravatar.com\/avatar\/cedca10ce7416a579b9fa6bce9c0a8f2?s=96&d=mm&r=g\",\"caption\":\"ladyitaliaeconomia\"},\"url\":\"https:\/\/www.italiaeconomiaonline.it\/web\/author\/ladyitaliaeconomia\/\"}]}<\/script>\n<!-- \/ Yoast SEO plugin. -->","yoast_head_json":{"title":"Cassa integrazione: saldo negativo per 3,1 miliardi di euro -","robots":{"index":"index","follow":"follow","max-snippet":"max-snippet:-1","max-image-preview":"max-image-preview:large","max-video-preview":"max-video-preview:-1"},"canonical":"https:\/\/www.italiaeconomiaonline.it\/web\/cassa-integrazione-saldo-negativo-per-31-miliardi-di-euro\/","og_locale":"it_IT","og_type":"article","og_title":"Cassa integrazione: saldo negativo per 3,1 miliardi di euro -","og_description":"In 12 anni, dal 2008 al 2019, le risorse complessivamente spese per la cassa integrazione guadagni ammontano a 49,7 miliardi di euro, a fronte di 46,6 miliardi di euro di entrate sostenute da aziende e lavoratori privati, con un saldo negativo nel periodo analizzato pari a 3,1 miliardi di euro. &nbsp; E\u2019 quanto emerge da [&hellip;]","og_url":"https:\/\/www.italiaeconomiaonline.it\/web\/cassa-integrazione-saldo-negativo-per-31-miliardi-di-euro\/","og_site_name":"ItaliaEconomiaOnline","article_published_time":"2020-07-20T16:45:28+00:00","og_image":[{"width":960,"height":640,"url":"https:\/\/www.italiaeconomiaonline.it\/web\/wp-content\/uploads\/2019\/11\/impresa-lavoro-ufficio-banca.jpg","type":"image\/jpeg"}],"author":"ladyitaliaeconomia","twitter_card":"summary_large_image","twitter_misc":{"Scritto da":"ladyitaliaeconomia","Tempo di lettura stimato":"2 minuti"},"schema":{"@context":"https:\/\/schema.org","@graph":[{"@type":"WebPage","@id":"https:\/\/www.italiaeconomiaonline.it\/web\/cassa-integrazione-saldo-negativo-per-31-miliardi-di-euro\/","url":"https:\/\/www.italiaeconomiaonline.it\/web\/cassa-integrazione-saldo-negativo-per-31-miliardi-di-euro\/","name":"Cassa integrazione: saldo negativo per 3,1 miliardi di euro -","isPartOf":{"@id":"https:\/\/www.italiaeconomiaonline.it\/web\/#website"},"primaryImageOfPage":{"@id":"https:\/\/www.italiaeconomiaonline.it\/web\/cassa-integrazione-saldo-negativo-per-31-miliardi-di-euro\/#primaryimage"},"image":{"@id":"https:\/\/www.italiaeconomiaonline.it\/web\/cassa-integrazione-saldo-negativo-per-31-miliardi-di-euro\/#primaryimage"},"thumbnailUrl":"https:\/\/www.italiaeconomiaonline.it\/web\/wp-content\/uploads\/2019\/11\/impresa-lavoro-ufficio-banca.jpg","datePublished":"2020-07-20T16:45:28+00:00","dateModified":"2020-07-20T16:45:28+00:00","author":{"@id":"https:\/\/www.italiaeconomiaonline.it\/web\/#\/schema\/person\/909a49cce752523b020fbc37d5ab1c31"},"breadcrumb":{"@id":"https:\/\/www.italiaeconomiaonline.it\/web\/cassa-integrazione-saldo-negativo-per-31-miliardi-di-euro\/#breadcrumb"},"inLanguage":"it-IT","potentialAction":[{"@type":"ReadAction","target":["https:\/\/www.italiaeconomiaonline.it\/web\/cassa-integrazione-saldo-negativo-per-31-miliardi-di-euro\/"]}]},{"@type":"ImageObject","inLanguage":"it-IT","@id":"https:\/\/www.italiaeconomiaonline.it\/web\/cassa-integrazione-saldo-negativo-per-31-miliardi-di-euro\/#primaryimage","url":"https:\/\/www.italiaeconomiaonline.it\/web\/wp-content\/uploads\/2019\/11\/impresa-lavoro-ufficio-banca.jpg","contentUrl":"https:\/\/www.italiaeconomiaonline.it\/web\/wp-content\/uploads\/2019\/11\/impresa-lavoro-ufficio-banca.jpg","width":960,"height":640},{"@type":"BreadcrumbList","@id":"https:\/\/www.italiaeconomiaonline.it\/web\/cassa-integrazione-saldo-negativo-per-31-miliardi-di-euro\/#breadcrumb","itemListElement":[{"@type":"ListItem","position":1,"name":"Home","item":"https:\/\/www.italiaeconomiaonline.it\/web\/"},{"@type":"ListItem","position":2,"name":"Cassa integrazione: saldo negativo per 3,1 miliardi di euro"}]},{"@type":"WebSite","@id":"https:\/\/www.italiaeconomiaonline.it\/web\/#website","url":"https:\/\/www.italiaeconomiaonline.it\/web\/","name":"ItaliaEconomiaOnline","description":"Quotidiano Economico Online","potentialAction":[{"@type":"SearchAction","target":{"@type":"EntryPoint","urlTemplate":"https:\/\/www.italiaeconomiaonline.it\/web\/?s={search_term_string}"},"query-input":"required name=search_term_string"}],"inLanguage":"it-IT"},{"@type":"Person","@id":"https:\/\/www.italiaeconomiaonline.it\/web\/#\/schema\/person\/909a49cce752523b020fbc37d5ab1c31","name":"ladyitaliaeconomia","image":{"@type":"ImageObject","inLanguage":"it-IT","@id":"https:\/\/www.italiaeconomiaonline.it\/web\/#\/schema\/person\/image\/","url":"https:\/\/secure.gravatar.com\/avatar\/cedca10ce7416a579b9fa6bce9c0a8f2?s=96&d=mm&r=g","contentUrl":"https:\/\/secure.gravatar.com\/avatar\/cedca10ce7416a579b9fa6bce9c0a8f2?s=96&d=mm&r=g","caption":"ladyitaliaeconomia"},"url":"https:\/\/www.italiaeconomiaonline.it\/web\/author\/ladyitaliaeconomia\/"}]}},"_links":{"self":[{"href":"https:\/\/www.italiaeconomiaonline.it\/web\/wp-json\/wp\/v2\/posts\/3710"}],"collection":[{"href":"https:\/\/www.italiaeconomiaonline.it\/web\/wp-json\/wp\/v2\/posts"}],"about":[{"href":"https:\/\/www.italiaeconomiaonline.it\/web\/wp-json\/wp\/v2\/types\/post"}],"author":[{"embeddable":true,"href":"https:\/\/www.italiaeconomiaonline.it\/web\/wp-json\/wp\/v2\/users\/1"}],"replies":[{"embeddable":true,"href":"https:\/\/www.italiaeconomiaonline.it\/web\/wp-json\/wp\/v2\/comments?post=3710"}],"version-history":[{"count":1,"href":"https:\/\/www.italiaeconomiaonline.it\/web\/wp-json\/wp\/v2\/posts\/3710\/revisions"}],"predecessor-version":[{"id":3711,"href":"https:\/\/www.italiaeconomiaonline.it\/web\/wp-json\/wp\/v2\/posts\/3710\/revisions\/3711"}],"wp:featuredmedia":[{"embeddable":true,"href":"https:\/\/www.italiaeconomiaonline.it\/web\/wp-json\/wp\/v2\/media\/2032"}],"wp:attachment":[{"href":"https:\/\/www.italiaeconomiaonline.it\/web\/wp-json\/wp\/v2\/media?parent=3710"}],"wp:term":[{"taxonomy":"category","embeddable":true,"href":"https:\/\/www.italiaeconomiaonline.it\/web\/wp-json\/wp\/v2\/categories?post=3710"},{"taxonomy":"post_tag","embeddable":true,"href":"https:\/\/www.italiaeconomiaonline.it\/web\/wp-json\/wp\/v2\/tags?post=3710"}],"curies":[{"name":"wp","href":"https:\/\/api.w.org\/{rel}","templated":true}]}}