{"id":3715,"date":"2020-07-21T12:09:04","date_gmt":"2020-07-21T10:09:04","guid":{"rendered":"http:\/\/www.italiaeconomiaonline.it\/web\/?p=3715"},"modified":"2020-07-21T12:09:04","modified_gmt":"2020-07-21T10:09:04","slug":"paese-a-rischio-emergenza-socialeil-governo-ignora-le-richieste-delle-professioni-italiane","status":"publish","type":"post","link":"https:\/\/www.italiaeconomiaonline.it\/web\/paese-a-rischio-emergenza-socialeil-governo-ignora-le-richieste-delle-professioni-italiane\/","title":{"rendered":"\u201cPaese a rischio emergenza sociale\u201dIl Governo ignora le richieste delle professioni italiane"},"content":{"rendered":"<p><span class=\"dropcap dropcap3\">D<\/span>opo mesi di blocco delle attivit\u00e0 economiche del Paese per effetto dell\u2019emergenza sanitaria da Covid-19, la mancanza di liquidit\u00e0 tra imprese, professionisti e contribuenti \u00e8 una situazione di fatto.<\/p>\n<p>Ed \u00e8, quindi, quanto mai ingiustificata la scelta del Governo di non rinviare le scadenze fiscali al 30 settembre 2020, come richiesto dai Commercialisti italiani. Il <strong>Comitato Unitario delle Professioni e la Rete delle Professioni Tecniche<\/strong> scelgono cos\u00ec di fare quadrato intorno all\u2019esigenza di far prendere fiato all\u2019economia di un Paese in cui molte attivit\u00e0 commerciali ancora non hanno potuto riaprire. Appoggiando la protesta del Consiglio nazionale dei dottori commercialisti.<\/p>\n<p>Il rinvio delle scadenze fiscali \u00e8 solo l\u2019ultima proposta delle professioni italiane non accolte dal Governo, nonostante le aperture registrate dallo stesso Esecutivo durante gli Stati Generali dell\u2019economia. Prima c\u2019erano state le diverse richieste dei Consulenti del Lavoro di semplificare gli ammortizzatori sociali a favore di una modalit\u00e0 pi\u00f9 coerente con le esigenze delle imprese in uno dei momenti pi\u00f9 difficili per il mercato del lavoro italiano.<\/p>\n<p>Ma anche la proposta di non escludere, come fatto, gli iscritti agli ordini dai contributi a fondo perduto e la sottolineatura del mancato ampliamento delle funzioni sussidiarie degli ordini. Due sollecitazioni, queste ultime, arrivate al premier <strong>Giuseppe Conte<\/strong>, facendo leva sulla legge 81\/2017 (il c.d. Jobs act degli Autonomi) che ha stabilito a livello normativo, nel primo caso, l\u2019equiparazione fra i professionisti e le imprese italiane e previsto, nel secondo caso, una delega ben precisama mai esercitata dai Governi precedenti.<\/p>\n<p>\u201cL\u2019ormai prossima scadenza delle tutele messe in campo dal Governo in assenza di una vera ripartenza dell\u2019economia, frenata dalle preoccupazioni legate ad una nuova pandemia autunnale, rischia di far scoppiare un\u2019emergenza sociale\u201d sottolineano <strong>Marina Calderone<\/strong>, Presidente del Comitato Unitario delle Professioni, e <strong>Armando Zambrano<\/strong>, Coordinatore della Rete delle Professioni tecniche.<\/p>\n<p>\u201cPer scongiurarla\u201d, continuano, \u201ci professionisti, che con senso di responsabilit\u00e0 stanno assistendo imprese, lavoratori e famiglie nella gestione e nell\u2019attuazione delle misure messe in campo dal Governo, ancora una volta sollecitano l\u2019Esecutivo ad ascoltare chi conosce bene il tessuto produttivo del Paese, le sue difficolt\u00e0 e ha le idee per favorire le vere semplificazioni\u201d.<\/p>\n<div class=\"canvasWrapper\"><\/div>\n","protected":false},"excerpt":{"rendered":"<p>Dopo mesi di blocco delle attivit\u00e0 economiche del Paese per effetto dell\u2019emergenza sanitaria da Covid-19, la mancanza di liquidit\u00e0 tra imprese, professionisti e contribuenti \u00e8 una situazione di fatto. Ed \u00e8, quindi, quanto mai ingiustificata la scelta del Governo di non rinviare le scadenze fiscali al 30 settembre 2020, come richiesto dai Commercialisti italiani. Il [&hellip;]<\/p>\n","protected":false},"author":1,"featured_media":3716,"comment_status":"closed","ping_status":"open","sticky":false,"template":"","format":"standard","meta":{"footnotes":""},"categories":[56],"tags":[1170,968,316],"yoast_head":"<!-- This site is optimized with the Yoast SEO plugin v22.2 - https:\/\/yoast.com\/wordpress\/plugins\/seo\/ -->\n<title>\u201cPaese a rischio emergenza sociale\u201dIl Governo ignora le richieste delle professioni italiane -<\/title>\n<meta name=\"description\" content=\"Dopo mesi di blocco delle attivit\u00e0 economiche del Paese per effetto dell\u2019emergenza sanitaria da Covid-19, la mancanza di liquidit\u00e0 tra imprese\" \/>\n<meta name=\"robots\" content=\"index, follow, max-snippet:-1, max-image-preview:large, max-video-preview:-1\" \/>\n<link rel=\"canonical\" href=\"https:\/\/www.italiaeconomiaonline.it\/web\/paese-a-rischio-emergenza-socialeil-governo-ignora-le-richieste-delle-professioni-italiane\/\" \/>\n<meta property=\"og:locale\" content=\"it_IT\" \/>\n<meta property=\"og:type\" content=\"article\" \/>\n<meta property=\"og:title\" content=\"\u201cPaese a rischio emergenza sociale\u201dIl Governo ignora le richieste delle professioni italiane -\" \/>\n<meta property=\"og:description\" content=\"Dopo mesi di blocco delle attivit\u00e0 economiche del Paese per effetto dell\u2019emergenza sanitaria da Covid-19, la mancanza di liquidit\u00e0 tra imprese\" \/>\n<meta property=\"og:url\" content=\"https:\/\/www.italiaeconomiaonline.it\/web\/paese-a-rischio-emergenza-socialeil-governo-ignora-le-richieste-delle-professioni-italiane\/\" \/>\n<meta property=\"og:site_name\" content=\"ItaliaEconomiaOnline\" \/>\n<meta property=\"article:published_time\" content=\"2020-07-21T10:09:04+00:00\" \/>\n<meta property=\"og:image\" content=\"https:\/\/www.italiaeconomiaonline.it\/web\/wp-content\/uploads\/2020\/07\/Schermata-2020-07-21-alle-12.05.30.png\" \/>\n\t<meta property=\"og:image:width\" content=\"1710\" \/>\n\t<meta property=\"og:image:height\" content=\"924\" \/>\n\t<meta property=\"og:image:type\" content=\"image\/png\" \/>\n<meta name=\"author\" content=\"ladyitaliaeconomia\" \/>\n<meta name=\"twitter:card\" content=\"summary_large_image\" \/>\n<meta name=\"twitter:label1\" content=\"Scritto da\" \/>\n\t<meta name=\"twitter:data1\" content=\"ladyitaliaeconomia\" \/>\n\t<meta name=\"twitter:label2\" content=\"Tempo di lettura stimato\" \/>\n\t<meta name=\"twitter:data2\" content=\"2 minuti\" \/>\n<script type=\"application\/ld+json\" class=\"yoast-schema-graph\">{\"@context\":\"https:\/\/schema.org\",\"@graph\":[{\"@type\":\"WebPage\",\"@id\":\"https:\/\/www.italiaeconomiaonline.it\/web\/paese-a-rischio-emergenza-socialeil-governo-ignora-le-richieste-delle-professioni-italiane\/\",\"url\":\"https:\/\/www.italiaeconomiaonline.it\/web\/paese-a-rischio-emergenza-socialeil-governo-ignora-le-richieste-delle-professioni-italiane\/\",\"name\":\"\u201cPaese a rischio emergenza sociale\u201dIl Governo ignora le richieste delle professioni italiane -\",\"isPartOf\":{\"@id\":\"https:\/\/www.italiaeconomiaonline.it\/web\/#website\"},\"primaryImageOfPage\":{\"@id\":\"https:\/\/www.italiaeconomiaonline.it\/web\/paese-a-rischio-emergenza-socialeil-governo-ignora-le-richieste-delle-professioni-italiane\/#primaryimage\"},\"image\":{\"@id\":\"https:\/\/www.italiaeconomiaonline.it\/web\/paese-a-rischio-emergenza-socialeil-governo-ignora-le-richieste-delle-professioni-italiane\/#primaryimage\"},\"thumbnailUrl\":\"https:\/\/www.italiaeconomiaonline.it\/web\/wp-content\/uploads\/2020\/07\/Schermata-2020-07-21-alle-12.05.30.png\",\"datePublished\":\"2020-07-21T10:09:04+00:00\",\"dateModified\":\"2020-07-21T10:09:04+00:00\",\"author\":{\"@id\":\"https:\/\/www.italiaeconomiaonline.it\/web\/#\/schema\/person\/909a49cce752523b020fbc37d5ab1c31\"},\"description\":\"Dopo mesi di blocco delle attivit\u00e0 economiche del Paese per effetto dell\u2019emergenza sanitaria da Covid-19, la mancanza di liquidit\u00e0 tra imprese\",\"breadcrumb\":{\"@id\":\"https:\/\/www.italiaeconomiaonline.it\/web\/paese-a-rischio-emergenza-socialeil-governo-ignora-le-richieste-delle-professioni-italiane\/#breadcrumb\"},\"inLanguage\":\"it-IT\",\"potentialAction\":[{\"@type\":\"ReadAction\",\"target\":[\"https:\/\/www.italiaeconomiaonline.it\/web\/paese-a-rischio-emergenza-socialeil-governo-ignora-le-richieste-delle-professioni-italiane\/\"]}]},{\"@type\":\"ImageObject\",\"inLanguage\":\"it-IT\",\"@id\":\"https:\/\/www.italiaeconomiaonline.it\/web\/paese-a-rischio-emergenza-socialeil-governo-ignora-le-richieste-delle-professioni-italiane\/#primaryimage\",\"url\":\"https:\/\/www.italiaeconomiaonline.it\/web\/wp-content\/uploads\/2020\/07\/Schermata-2020-07-21-alle-12.05.30.png\",\"contentUrl\":\"https:\/\/www.italiaeconomiaonline.it\/web\/wp-content\/uploads\/2020\/07\/Schermata-2020-07-21-alle-12.05.30.png\",\"width\":1710,\"height\":924},{\"@type\":\"BreadcrumbList\",\"@id\":\"https:\/\/www.italiaeconomiaonline.it\/web\/paese-a-rischio-emergenza-socialeil-governo-ignora-le-richieste-delle-professioni-italiane\/#breadcrumb\",\"itemListElement\":[{\"@type\":\"ListItem\",\"position\":1,\"name\":\"Home\",\"item\":\"https:\/\/www.italiaeconomiaonline.it\/web\/\"},{\"@type\":\"ListItem\",\"position\":2,\"name\":\"\u201cPaese a rischio emergenza sociale\u201dIl Governo ignora le richieste delle professioni italiane\"}]},{\"@type\":\"WebSite\",\"@id\":\"https:\/\/www.italiaeconomiaonline.it\/web\/#website\",\"url\":\"https:\/\/www.italiaeconomiaonline.it\/web\/\",\"name\":\"ItaliaEconomiaOnline\",\"description\":\"Quotidiano Economico Online\",\"potentialAction\":[{\"@type\":\"SearchAction\",\"target\":{\"@type\":\"EntryPoint\",\"urlTemplate\":\"https:\/\/www.italiaeconomiaonline.it\/web\/?s={search_term_string}\"},\"query-input\":\"required name=search_term_string\"}],\"inLanguage\":\"it-IT\"},{\"@type\":\"Person\",\"@id\":\"https:\/\/www.italiaeconomiaonline.it\/web\/#\/schema\/person\/909a49cce752523b020fbc37d5ab1c31\",\"name\":\"ladyitaliaeconomia\",\"image\":{\"@type\":\"ImageObject\",\"inLanguage\":\"it-IT\",\"@id\":\"https:\/\/www.italiaeconomiaonline.it\/web\/#\/schema\/person\/image\/\",\"url\":\"https:\/\/secure.gravatar.com\/avatar\/cedca10ce7416a579b9fa6bce9c0a8f2?s=96&d=mm&r=g\",\"contentUrl\":\"https:\/\/secure.gravatar.com\/avatar\/cedca10ce7416a579b9fa6bce9c0a8f2?s=96&d=mm&r=g\",\"caption\":\"ladyitaliaeconomia\"},\"url\":\"https:\/\/www.italiaeconomiaonline.it\/web\/author\/ladyitaliaeconomia\/\"}]}<\/script>\n<!-- \/ Yoast SEO plugin. -->","yoast_head_json":{"title":"\u201cPaese a rischio emergenza sociale\u201dIl Governo ignora le richieste delle professioni italiane -","description":"Dopo mesi di blocco delle attivit\u00e0 economiche del Paese per effetto dell\u2019emergenza sanitaria da Covid-19, la mancanza di liquidit\u00e0 tra imprese","robots":{"index":"index","follow":"follow","max-snippet":"max-snippet:-1","max-image-preview":"max-image-preview:large","max-video-preview":"max-video-preview:-1"},"canonical":"https:\/\/www.italiaeconomiaonline.it\/web\/paese-a-rischio-emergenza-socialeil-governo-ignora-le-richieste-delle-professioni-italiane\/","og_locale":"it_IT","og_type":"article","og_title":"\u201cPaese a rischio emergenza sociale\u201dIl Governo ignora le richieste delle professioni italiane -","og_description":"Dopo mesi di blocco delle attivit\u00e0 economiche del Paese per effetto dell\u2019emergenza sanitaria da Covid-19, la mancanza di liquidit\u00e0 tra imprese","og_url":"https:\/\/www.italiaeconomiaonline.it\/web\/paese-a-rischio-emergenza-socialeil-governo-ignora-le-richieste-delle-professioni-italiane\/","og_site_name":"ItaliaEconomiaOnline","article_published_time":"2020-07-21T10:09:04+00:00","og_image":[{"width":1710,"height":924,"url":"https:\/\/www.italiaeconomiaonline.it\/web\/wp-content\/uploads\/2020\/07\/Schermata-2020-07-21-alle-12.05.30.png","type":"image\/png"}],"author":"ladyitaliaeconomia","twitter_card":"summary_large_image","twitter_misc":{"Scritto da":"ladyitaliaeconomia","Tempo di lettura stimato":"2 minuti"},"schema":{"@context":"https:\/\/schema.org","@graph":[{"@type":"WebPage","@id":"https:\/\/www.italiaeconomiaonline.it\/web\/paese-a-rischio-emergenza-socialeil-governo-ignora-le-richieste-delle-professioni-italiane\/","url":"https:\/\/www.italiaeconomiaonline.it\/web\/paese-a-rischio-emergenza-socialeil-governo-ignora-le-richieste-delle-professioni-italiane\/","name":"\u201cPaese a rischio emergenza sociale\u201dIl Governo ignora le richieste delle professioni italiane -","isPartOf":{"@id":"https:\/\/www.italiaeconomiaonline.it\/web\/#website"},"primaryImageOfPage":{"@id":"https:\/\/www.italiaeconomiaonline.it\/web\/paese-a-rischio-emergenza-socialeil-governo-ignora-le-richieste-delle-professioni-italiane\/#primaryimage"},"image":{"@id":"https:\/\/www.italiaeconomiaonline.it\/web\/paese-a-rischio-emergenza-socialeil-governo-ignora-le-richieste-delle-professioni-italiane\/#primaryimage"},"thumbnailUrl":"https:\/\/www.italiaeconomiaonline.it\/web\/wp-content\/uploads\/2020\/07\/Schermata-2020-07-21-alle-12.05.30.png","datePublished":"2020-07-21T10:09:04+00:00","dateModified":"2020-07-21T10:09:04+00:00","author":{"@id":"https:\/\/www.italiaeconomiaonline.it\/web\/#\/schema\/person\/909a49cce752523b020fbc37d5ab1c31"},"description":"Dopo mesi di blocco delle attivit\u00e0 economiche del Paese per effetto dell\u2019emergenza sanitaria da Covid-19, la mancanza di liquidit\u00e0 tra imprese","breadcrumb":{"@id":"https:\/\/www.italiaeconomiaonline.it\/web\/paese-a-rischio-emergenza-socialeil-governo-ignora-le-richieste-delle-professioni-italiane\/#breadcrumb"},"inLanguage":"it-IT","potentialAction":[{"@type":"ReadAction","target":["https:\/\/www.italiaeconomiaonline.it\/web\/paese-a-rischio-emergenza-socialeil-governo-ignora-le-richieste-delle-professioni-italiane\/"]}]},{"@type":"ImageObject","inLanguage":"it-IT","@id":"https:\/\/www.italiaeconomiaonline.it\/web\/paese-a-rischio-emergenza-socialeil-governo-ignora-le-richieste-delle-professioni-italiane\/#primaryimage","url":"https:\/\/www.italiaeconomiaonline.it\/web\/wp-content\/uploads\/2020\/07\/Schermata-2020-07-21-alle-12.05.30.png","contentUrl":"https:\/\/www.italiaeconomiaonline.it\/web\/wp-content\/uploads\/2020\/07\/Schermata-2020-07-21-alle-12.05.30.png","width":1710,"height":924},{"@type":"BreadcrumbList","@id":"https:\/\/www.italiaeconomiaonline.it\/web\/paese-a-rischio-emergenza-socialeil-governo-ignora-le-richieste-delle-professioni-italiane\/#breadcrumb","itemListElement":[{"@type":"ListItem","position":1,"name":"Home","item":"https:\/\/www.italiaeconomiaonline.it\/web\/"},{"@type":"ListItem","position":2,"name":"\u201cPaese a rischio emergenza sociale\u201dIl Governo ignora le richieste delle professioni italiane"}]},{"@type":"WebSite","@id":"https:\/\/www.italiaeconomiaonline.it\/web\/#website","url":"https:\/\/www.italiaeconomiaonline.it\/web\/","name":"ItaliaEconomiaOnline","description":"Quotidiano Economico Online","potentialAction":[{"@type":"SearchAction","target":{"@type":"EntryPoint","urlTemplate":"https:\/\/www.italiaeconomiaonline.it\/web\/?s={search_term_string}"},"query-input":"required name=search_term_string"}],"inLanguage":"it-IT"},{"@type":"Person","@id":"https:\/\/www.italiaeconomiaonline.it\/web\/#\/schema\/person\/909a49cce752523b020fbc37d5ab1c31","name":"ladyitaliaeconomia","image":{"@type":"ImageObject","inLanguage":"it-IT","@id":"https:\/\/www.italiaeconomiaonline.it\/web\/#\/schema\/person\/image\/","url":"https:\/\/secure.gravatar.com\/avatar\/cedca10ce7416a579b9fa6bce9c0a8f2?s=96&d=mm&r=g","contentUrl":"https:\/\/secure.gravatar.com\/avatar\/cedca10ce7416a579b9fa6bce9c0a8f2?s=96&d=mm&r=g","caption":"ladyitaliaeconomia"},"url":"https:\/\/www.italiaeconomiaonline.it\/web\/author\/ladyitaliaeconomia\/"}]}},"_links":{"self":[{"href":"https:\/\/www.italiaeconomiaonline.it\/web\/wp-json\/wp\/v2\/posts\/3715"}],"collection":[{"href":"https:\/\/www.italiaeconomiaonline.it\/web\/wp-json\/wp\/v2\/posts"}],"about":[{"href":"https:\/\/www.italiaeconomiaonline.it\/web\/wp-json\/wp\/v2\/types\/post"}],"author":[{"embeddable":true,"href":"https:\/\/www.italiaeconomiaonline.it\/web\/wp-json\/wp\/v2\/users\/1"}],"replies":[{"embeddable":true,"href":"https:\/\/www.italiaeconomiaonline.it\/web\/wp-json\/wp\/v2\/comments?post=3715"}],"version-history":[{"count":1,"href":"https:\/\/www.italiaeconomiaonline.it\/web\/wp-json\/wp\/v2\/posts\/3715\/revisions"}],"predecessor-version":[{"id":3717,"href":"https:\/\/www.italiaeconomiaonline.it\/web\/wp-json\/wp\/v2\/posts\/3715\/revisions\/3717"}],"wp:featuredmedia":[{"embeddable":true,"href":"https:\/\/www.italiaeconomiaonline.it\/web\/wp-json\/wp\/v2\/media\/3716"}],"wp:attachment":[{"href":"https:\/\/www.italiaeconomiaonline.it\/web\/wp-json\/wp\/v2\/media?parent=3715"}],"wp:term":[{"taxonomy":"category","embeddable":true,"href":"https:\/\/www.italiaeconomiaonline.it\/web\/wp-json\/wp\/v2\/categories?post=3715"},{"taxonomy":"post_tag","embeddable":true,"href":"https:\/\/www.italiaeconomiaonline.it\/web\/wp-json\/wp\/v2\/tags?post=3715"}],"curies":[{"name":"wp","href":"https:\/\/api.w.org\/{rel}","templated":true}]}}