{"id":3729,"date":"2020-07-21T16:22:02","date_gmt":"2020-07-21T14:22:02","guid":{"rendered":"http:\/\/www.italiaeconomiaonline.it\/web\/?p=3729"},"modified":"2020-07-21T16:22:02","modified_gmt":"2020-07-21T14:22:02","slug":"recovery-fund-cna-intesa-di-portata-storica-ora-tocca-allitalia-preparare-piani-concreti-e-strutturati","status":"publish","type":"post","link":"https:\/\/www.italiaeconomiaonline.it\/web\/recovery-fund-cna-intesa-di-portata-storica-ora-tocca-allitalia-preparare-piani-concreti-e-strutturati\/","title":{"rendered":"Recovery fund. CNA: \u201cIntesa di portata storica. Ora tocca all\u2019Italia preparare piani concreti e strutturati"},"content":{"rendered":"<p><span class=\"dropcap dropcap3\">\u00c8<\/span> un\u2019intesa di portata storica. Sicuramente la pi\u00f9 importante decisione economica adottata dall\u2019Europa dopo l\u2019introduzione dell\u2019euro. Ma il Fondo per la ripresa associato al Bilancio comunitario, oltre alla enorme capacit\u00e0 finanziaria, possiede un valore politico ancora pi\u00f9 rimarchevole: dimostra che l\u2019unit\u00e0 europea rimane, anzi \u00e8, una costruzione solida. E che sui problemi pi\u00f9 seri \u00e8 capace di fare fronte comune per aiutare davvero i cittadini.<\/p>\n<p>A Bruxelles l\u2019Italia ha saputo fare la sua parte, perseguire gli interessi nazionali ma in un\u2019ottica continentale e, soprattutto, conservando la propria dignit\u00e0. Ora \u00e8 bene, per\u00f2, che il nostro Paese si prepari a utilizzare al meglio i fondi, messi a disposizione dalla Ue, per non sprecare questa occasione unica.<\/p>\n<p>Occorrono piani concreti e strutturati di intervento ai quali le parti sociali, come la CNA, possono e devono dare il loro contributo di idee e di proposte anche per poter esaltare il ruolo, ancora una volta fondamentale, dell\u2019artigianato e delle piccole imprese italiane.<\/p>\n<p>Nel contempo, chiediamo al Governo di avviare immediatamente una profonda riforma della burocrazia e della giustizia per evitare che questi annosi fardelli italiani possano ancora una volta frenare, se non bloccare, le prospettive di crescita oggi di fronte a noi, trasformandole in miraggi\u201d. Lo si legge in un comunicato della CNA.<\/p>\n","protected":false},"excerpt":{"rendered":"<p>\u00c8 un\u2019intesa di portata storica. Sicuramente la pi\u00f9 importante decisione economica adottata dall\u2019Europa dopo l\u2019introduzione dell\u2019euro. Ma il Fondo per la ripresa associato al Bilancio comunitario, oltre alla enorme capacit\u00e0 finanziaria, possiede un valore politico ancora pi\u00f9 rimarchevole: dimostra che l\u2019unit\u00e0 europea rimane, anzi \u00e8, una costruzione solida. E che sui problemi pi\u00f9 seri \u00e8 [&hellip;]<\/p>\n","protected":false},"author":1,"featured_media":1042,"comment_status":"closed","ping_status":"open","sticky":false,"template":"","format":"standard","meta":{"footnotes":""},"categories":[56],"tags":[1164],"yoast_head":"<!-- This site is optimized with the Yoast SEO plugin v22.2 - https:\/\/yoast.com\/wordpress\/plugins\/seo\/ -->\n<title>Recovery fund. CNA: \u201cIntesa di portata storica. Ora tocca all\u2019Italia preparare piani concreti e strutturati -<\/title>\n<meta name=\"robots\" content=\"index, follow, max-snippet:-1, max-image-preview:large, max-video-preview:-1\" \/>\n<link rel=\"canonical\" href=\"https:\/\/www.italiaeconomiaonline.it\/web\/recovery-fund-cna-intesa-di-portata-storica-ora-tocca-allitalia-preparare-piani-concreti-e-strutturati\/\" \/>\n<meta property=\"og:locale\" content=\"it_IT\" \/>\n<meta property=\"og:type\" content=\"article\" \/>\n<meta property=\"og:title\" content=\"Recovery fund. CNA: \u201cIntesa di portata storica. Ora tocca all\u2019Italia preparare piani concreti e strutturati -\" \/>\n<meta property=\"og:description\" content=\"\u00c8 un\u2019intesa di portata storica. Sicuramente la pi\u00f9 importante decisione economica adottata dall\u2019Europa dopo l\u2019introduzione dell\u2019euro. Ma il Fondo per la ripresa associato al Bilancio comunitario, oltre alla enorme capacit\u00e0 finanziaria, possiede un valore politico ancora pi\u00f9 rimarchevole: dimostra che l\u2019unit\u00e0 europea rimane, anzi \u00e8, una costruzione solida. E che sui problemi pi\u00f9 seri \u00e8 [&hellip;]\" \/>\n<meta property=\"og:url\" content=\"https:\/\/www.italiaeconomiaonline.it\/web\/recovery-fund-cna-intesa-di-portata-storica-ora-tocca-allitalia-preparare-piani-concreti-e-strutturati\/\" \/>\n<meta property=\"og:site_name\" content=\"ItaliaEconomiaOnline\" \/>\n<meta property=\"article:published_time\" content=\"2020-07-21T14:22:02+00:00\" \/>\n<meta property=\"og:image\" content=\"https:\/\/www.italiaeconomiaonline.it\/web\/wp-content\/uploads\/2019\/06\/laptop-3196481_960_720.jpg\" \/>\n\t<meta property=\"og:image:width\" content=\"960\" \/>\n\t<meta property=\"og:image:height\" content=\"640\" \/>\n\t<meta property=\"og:image:type\" content=\"image\/jpeg\" \/>\n<meta name=\"author\" content=\"ladyitaliaeconomia\" \/>\n<meta name=\"twitter:card\" content=\"summary_large_image\" \/>\n<meta name=\"twitter:label1\" content=\"Scritto da\" \/>\n\t<meta name=\"twitter:data1\" content=\"ladyitaliaeconomia\" \/>\n\t<meta name=\"twitter:label2\" content=\"Tempo di lettura stimato\" \/>\n\t<meta name=\"twitter:data2\" content=\"1 minuto\" \/>\n<script type=\"application\/ld+json\" class=\"yoast-schema-graph\">{\"@context\":\"https:\/\/schema.org\",\"@graph\":[{\"@type\":\"WebPage\",\"@id\":\"https:\/\/www.italiaeconomiaonline.it\/web\/recovery-fund-cna-intesa-di-portata-storica-ora-tocca-allitalia-preparare-piani-concreti-e-strutturati\/\",\"url\":\"https:\/\/www.italiaeconomiaonline.it\/web\/recovery-fund-cna-intesa-di-portata-storica-ora-tocca-allitalia-preparare-piani-concreti-e-strutturati\/\",\"name\":\"Recovery fund. CNA: \u201cIntesa di portata storica. Ora tocca all\u2019Italia preparare piani concreti e strutturati -\",\"isPartOf\":{\"@id\":\"https:\/\/www.italiaeconomiaonline.it\/web\/#website\"},\"primaryImageOfPage\":{\"@id\":\"https:\/\/www.italiaeconomiaonline.it\/web\/recovery-fund-cna-intesa-di-portata-storica-ora-tocca-allitalia-preparare-piani-concreti-e-strutturati\/#primaryimage\"},\"image\":{\"@id\":\"https:\/\/www.italiaeconomiaonline.it\/web\/recovery-fund-cna-intesa-di-portata-storica-ora-tocca-allitalia-preparare-piani-concreti-e-strutturati\/#primaryimage\"},\"thumbnailUrl\":\"https:\/\/www.italiaeconomiaonline.it\/web\/wp-content\/uploads\/2019\/06\/laptop-3196481_960_720.jpg\",\"datePublished\":\"2020-07-21T14:22:02+00:00\",\"dateModified\":\"2020-07-21T14:22:02+00:00\",\"author\":{\"@id\":\"https:\/\/www.italiaeconomiaonline.it\/web\/#\/schema\/person\/909a49cce752523b020fbc37d5ab1c31\"},\"breadcrumb\":{\"@id\":\"https:\/\/www.italiaeconomiaonline.it\/web\/recovery-fund-cna-intesa-di-portata-storica-ora-tocca-allitalia-preparare-piani-concreti-e-strutturati\/#breadcrumb\"},\"inLanguage\":\"it-IT\",\"potentialAction\":[{\"@type\":\"ReadAction\",\"target\":[\"https:\/\/www.italiaeconomiaonline.it\/web\/recovery-fund-cna-intesa-di-portata-storica-ora-tocca-allitalia-preparare-piani-concreti-e-strutturati\/\"]}]},{\"@type\":\"ImageObject\",\"inLanguage\":\"it-IT\",\"@id\":\"https:\/\/www.italiaeconomiaonline.it\/web\/recovery-fund-cna-intesa-di-portata-storica-ora-tocca-allitalia-preparare-piani-concreti-e-strutturati\/#primaryimage\",\"url\":\"https:\/\/www.italiaeconomiaonline.it\/web\/wp-content\/uploads\/2019\/06\/laptop-3196481_960_720.jpg\",\"contentUrl\":\"https:\/\/www.italiaeconomiaonline.it\/web\/wp-content\/uploads\/2019\/06\/laptop-3196481_960_720.jpg\",\"width\":960,\"height\":640},{\"@type\":\"BreadcrumbList\",\"@id\":\"https:\/\/www.italiaeconomiaonline.it\/web\/recovery-fund-cna-intesa-di-portata-storica-ora-tocca-allitalia-preparare-piani-concreti-e-strutturati\/#breadcrumb\",\"itemListElement\":[{\"@type\":\"ListItem\",\"position\":1,\"name\":\"Home\",\"item\":\"https:\/\/www.italiaeconomiaonline.it\/web\/\"},{\"@type\":\"ListItem\",\"position\":2,\"name\":\"Recovery fund. CNA: \u201cIntesa di portata storica. Ora tocca all\u2019Italia preparare piani concreti e strutturati\"}]},{\"@type\":\"WebSite\",\"@id\":\"https:\/\/www.italiaeconomiaonline.it\/web\/#website\",\"url\":\"https:\/\/www.italiaeconomiaonline.it\/web\/\",\"name\":\"ItaliaEconomiaOnline\",\"description\":\"Quotidiano Economico Online\",\"potentialAction\":[{\"@type\":\"SearchAction\",\"target\":{\"@type\":\"EntryPoint\",\"urlTemplate\":\"https:\/\/www.italiaeconomiaonline.it\/web\/?s={search_term_string}\"},\"query-input\":\"required name=search_term_string\"}],\"inLanguage\":\"it-IT\"},{\"@type\":\"Person\",\"@id\":\"https:\/\/www.italiaeconomiaonline.it\/web\/#\/schema\/person\/909a49cce752523b020fbc37d5ab1c31\",\"name\":\"ladyitaliaeconomia\",\"image\":{\"@type\":\"ImageObject\",\"inLanguage\":\"it-IT\",\"@id\":\"https:\/\/www.italiaeconomiaonline.it\/web\/#\/schema\/person\/image\/\",\"url\":\"https:\/\/secure.gravatar.com\/avatar\/cedca10ce7416a579b9fa6bce9c0a8f2?s=96&d=mm&r=g\",\"contentUrl\":\"https:\/\/secure.gravatar.com\/avatar\/cedca10ce7416a579b9fa6bce9c0a8f2?s=96&d=mm&r=g\",\"caption\":\"ladyitaliaeconomia\"},\"url\":\"https:\/\/www.italiaeconomiaonline.it\/web\/author\/ladyitaliaeconomia\/\"}]}<\/script>\n<!-- \/ Yoast SEO plugin. -->","yoast_head_json":{"title":"Recovery fund. CNA: \u201cIntesa di portata storica. Ora tocca all\u2019Italia preparare piani concreti e strutturati -","robots":{"index":"index","follow":"follow","max-snippet":"max-snippet:-1","max-image-preview":"max-image-preview:large","max-video-preview":"max-video-preview:-1"},"canonical":"https:\/\/www.italiaeconomiaonline.it\/web\/recovery-fund-cna-intesa-di-portata-storica-ora-tocca-allitalia-preparare-piani-concreti-e-strutturati\/","og_locale":"it_IT","og_type":"article","og_title":"Recovery fund. CNA: \u201cIntesa di portata storica. Ora tocca all\u2019Italia preparare piani concreti e strutturati -","og_description":"\u00c8 un\u2019intesa di portata storica. Sicuramente la pi\u00f9 importante decisione economica adottata dall\u2019Europa dopo l\u2019introduzione dell\u2019euro. Ma il Fondo per la ripresa associato al Bilancio comunitario, oltre alla enorme capacit\u00e0 finanziaria, possiede un valore politico ancora pi\u00f9 rimarchevole: dimostra che l\u2019unit\u00e0 europea rimane, anzi \u00e8, una costruzione solida. E che sui problemi pi\u00f9 seri \u00e8 [&hellip;]","og_url":"https:\/\/www.italiaeconomiaonline.it\/web\/recovery-fund-cna-intesa-di-portata-storica-ora-tocca-allitalia-preparare-piani-concreti-e-strutturati\/","og_site_name":"ItaliaEconomiaOnline","article_published_time":"2020-07-21T14:22:02+00:00","og_image":[{"width":960,"height":640,"url":"https:\/\/www.italiaeconomiaonline.it\/web\/wp-content\/uploads\/2019\/06\/laptop-3196481_960_720.jpg","type":"image\/jpeg"}],"author":"ladyitaliaeconomia","twitter_card":"summary_large_image","twitter_misc":{"Scritto da":"ladyitaliaeconomia","Tempo di lettura stimato":"1 minuto"},"schema":{"@context":"https:\/\/schema.org","@graph":[{"@type":"WebPage","@id":"https:\/\/www.italiaeconomiaonline.it\/web\/recovery-fund-cna-intesa-di-portata-storica-ora-tocca-allitalia-preparare-piani-concreti-e-strutturati\/","url":"https:\/\/www.italiaeconomiaonline.it\/web\/recovery-fund-cna-intesa-di-portata-storica-ora-tocca-allitalia-preparare-piani-concreti-e-strutturati\/","name":"Recovery fund. CNA: \u201cIntesa di portata storica. Ora tocca all\u2019Italia preparare piani concreti e strutturati -","isPartOf":{"@id":"https:\/\/www.italiaeconomiaonline.it\/web\/#website"},"primaryImageOfPage":{"@id":"https:\/\/www.italiaeconomiaonline.it\/web\/recovery-fund-cna-intesa-di-portata-storica-ora-tocca-allitalia-preparare-piani-concreti-e-strutturati\/#primaryimage"},"image":{"@id":"https:\/\/www.italiaeconomiaonline.it\/web\/recovery-fund-cna-intesa-di-portata-storica-ora-tocca-allitalia-preparare-piani-concreti-e-strutturati\/#primaryimage"},"thumbnailUrl":"https:\/\/www.italiaeconomiaonline.it\/web\/wp-content\/uploads\/2019\/06\/laptop-3196481_960_720.jpg","datePublished":"2020-07-21T14:22:02+00:00","dateModified":"2020-07-21T14:22:02+00:00","author":{"@id":"https:\/\/www.italiaeconomiaonline.it\/web\/#\/schema\/person\/909a49cce752523b020fbc37d5ab1c31"},"breadcrumb":{"@id":"https:\/\/www.italiaeconomiaonline.it\/web\/recovery-fund-cna-intesa-di-portata-storica-ora-tocca-allitalia-preparare-piani-concreti-e-strutturati\/#breadcrumb"},"inLanguage":"it-IT","potentialAction":[{"@type":"ReadAction","target":["https:\/\/www.italiaeconomiaonline.it\/web\/recovery-fund-cna-intesa-di-portata-storica-ora-tocca-allitalia-preparare-piani-concreti-e-strutturati\/"]}]},{"@type":"ImageObject","inLanguage":"it-IT","@id":"https:\/\/www.italiaeconomiaonline.it\/web\/recovery-fund-cna-intesa-di-portata-storica-ora-tocca-allitalia-preparare-piani-concreti-e-strutturati\/#primaryimage","url":"https:\/\/www.italiaeconomiaonline.it\/web\/wp-content\/uploads\/2019\/06\/laptop-3196481_960_720.jpg","contentUrl":"https:\/\/www.italiaeconomiaonline.it\/web\/wp-content\/uploads\/2019\/06\/laptop-3196481_960_720.jpg","width":960,"height":640},{"@type":"BreadcrumbList","@id":"https:\/\/www.italiaeconomiaonline.it\/web\/recovery-fund-cna-intesa-di-portata-storica-ora-tocca-allitalia-preparare-piani-concreti-e-strutturati\/#breadcrumb","itemListElement":[{"@type":"ListItem","position":1,"name":"Home","item":"https:\/\/www.italiaeconomiaonline.it\/web\/"},{"@type":"ListItem","position":2,"name":"Recovery fund. CNA: \u201cIntesa di portata storica. Ora tocca all\u2019Italia preparare piani concreti e strutturati"}]},{"@type":"WebSite","@id":"https:\/\/www.italiaeconomiaonline.it\/web\/#website","url":"https:\/\/www.italiaeconomiaonline.it\/web\/","name":"ItaliaEconomiaOnline","description":"Quotidiano Economico Online","potentialAction":[{"@type":"SearchAction","target":{"@type":"EntryPoint","urlTemplate":"https:\/\/www.italiaeconomiaonline.it\/web\/?s={search_term_string}"},"query-input":"required name=search_term_string"}],"inLanguage":"it-IT"},{"@type":"Person","@id":"https:\/\/www.italiaeconomiaonline.it\/web\/#\/schema\/person\/909a49cce752523b020fbc37d5ab1c31","name":"ladyitaliaeconomia","image":{"@type":"ImageObject","inLanguage":"it-IT","@id":"https:\/\/www.italiaeconomiaonline.it\/web\/#\/schema\/person\/image\/","url":"https:\/\/secure.gravatar.com\/avatar\/cedca10ce7416a579b9fa6bce9c0a8f2?s=96&d=mm&r=g","contentUrl":"https:\/\/secure.gravatar.com\/avatar\/cedca10ce7416a579b9fa6bce9c0a8f2?s=96&d=mm&r=g","caption":"ladyitaliaeconomia"},"url":"https:\/\/www.italiaeconomiaonline.it\/web\/author\/ladyitaliaeconomia\/"}]}},"_links":{"self":[{"href":"https:\/\/www.italiaeconomiaonline.it\/web\/wp-json\/wp\/v2\/posts\/3729"}],"collection":[{"href":"https:\/\/www.italiaeconomiaonline.it\/web\/wp-json\/wp\/v2\/posts"}],"about":[{"href":"https:\/\/www.italiaeconomiaonline.it\/web\/wp-json\/wp\/v2\/types\/post"}],"author":[{"embeddable":true,"href":"https:\/\/www.italiaeconomiaonline.it\/web\/wp-json\/wp\/v2\/users\/1"}],"replies":[{"embeddable":true,"href":"https:\/\/www.italiaeconomiaonline.it\/web\/wp-json\/wp\/v2\/comments?post=3729"}],"version-history":[{"count":1,"href":"https:\/\/www.italiaeconomiaonline.it\/web\/wp-json\/wp\/v2\/posts\/3729\/revisions"}],"predecessor-version":[{"id":3730,"href":"https:\/\/www.italiaeconomiaonline.it\/web\/wp-json\/wp\/v2\/posts\/3729\/revisions\/3730"}],"wp:featuredmedia":[{"embeddable":true,"href":"https:\/\/www.italiaeconomiaonline.it\/web\/wp-json\/wp\/v2\/media\/1042"}],"wp:attachment":[{"href":"https:\/\/www.italiaeconomiaonline.it\/web\/wp-json\/wp\/v2\/media?parent=3729"}],"wp:term":[{"taxonomy":"category","embeddable":true,"href":"https:\/\/www.italiaeconomiaonline.it\/web\/wp-json\/wp\/v2\/categories?post=3729"},{"taxonomy":"post_tag","embeddable":true,"href":"https:\/\/www.italiaeconomiaonline.it\/web\/wp-json\/wp\/v2\/tags?post=3729"}],"curies":[{"name":"wp","href":"https:\/\/api.w.org\/{rel}","templated":true}]}}