{"id":3739,"date":"2020-07-22T11:25:52","date_gmt":"2020-07-22T09:25:52","guid":{"rendered":"http:\/\/www.italiaeconomiaonline.it\/web\/?p=3739"},"modified":"2020-07-22T11:25:52","modified_gmt":"2020-07-22T09:25:52","slug":"recovery-fund-cia-accordo-chiave-per-ripresa-agricoltura-resti-centrale","status":"publish","type":"post","link":"https:\/\/www.italiaeconomiaonline.it\/web\/recovery-fund-cia-accordo-chiave-per-ripresa-agricoltura-resti-centrale\/","title":{"rendered":"Recovery Fund: Cia, accordo chiave per ripresa. Agricoltura resti centrale"},"content":{"rendered":"<p><span class=\"dropcap dropcap3\">L<\/span>\u2019accordo trovato sul Recovery Fund \u00e8 fondamentale, sia per la ripresa dell\u2019economia dopo il lockdown, sia per la tenuta sociale del sistema Europa.<\/p>\n<p>Adesso altrettanto importante \u00e8 che il governo non temporeggi, ma costruisca fin da subito un concreto progetto di rilancio del Paese, destinando le cospicue risorse comunitarie a misure e investimenti in settori strategici, come l\u2019agricoltura e l\u2019agroalimentare.<\/p>\n<p>Cos\u00ec il presidente di Cia-Agricoltori Italiani, <strong>Dino Scanavino<\/strong>, commenta il risultato raggiunto dal Consiglio Ue, che nella notte ha approvato il piano straordinario \u201cNext Generation Eu\u201d e il bilancio 2021-2027, destinando all\u2019Italia 209 miliardi, vale a dire il 28% delle risorse complessive, di cui quasi 82 miliardi a fondo perduto.<\/p>\n<p>L\u2019agricoltura \u00e8 sempre stata il simbolo dell\u2019Europa, il primo settore ad avere una politica comune a tutti. Ora le risorse assegnate alla nuova Pac, pur aumentando rispetto alle prime proposte della Commissione, subiranno una riduzione del 10% circa -osserva Scanavino-.<\/p>\n<p>Per questo, \u00e8 indispensabile che la diminuzione degli aiuti rispetto all\u2019attuale programmazione possa essere controbilanciata e integrata da altre politiche e fondi Ue, considerato il ruolo primario dell\u2019agricoltura per garantire l\u2019approvvigionamento alimentare e per raggiungere l\u2019obiettivo di un\u2019Europa pi\u00f9 verde, sostenibile e digitale.<\/p>\n<p>L\u2019Italia, insomma, dovr\u00e0 definire un piano nazionale, per implementare la riforma della Pac, davvero strategico per la crescita del settore e che, valorizzando il lavoro degli agricoltori e il contributo ambientale, sociale ed economico che svolgono nelle aree rurali -evidenzia il presidente di Cia- preveda misure rivolte al mercato e un percorso verso la transizione verde in grado di sviluppare innovazione e competitivit\u00e0.<\/p>\n<p>Ancora pi\u00f9 importante \u00e8 far s\u00ec che i fondi del \u201c<strong>Next Generation Eu<\/strong>\u201d per l\u2019agricoltura, ovvero 7,5 miliardi destinati allo Sviluppo rurale, possano essere utilizzati gi\u00e0 con le norme in vigore e non dal 2022 con la riforma della Pac come indicato dalla Commissione, per dare alle imprese la possibilit\u00e0 di restare sul mercato e investire sul futuro, confermandosi uno dei volani del sistema economico europeo.<\/p>\n","protected":false},"excerpt":{"rendered":"<p>L\u2019accordo trovato sul Recovery Fund \u00e8 fondamentale, sia per la ripresa dell\u2019economia dopo il lockdown, sia per la tenuta sociale del sistema Europa. Adesso altrettanto importante \u00e8 che il governo non temporeggi, ma costruisca fin da subito un concreto progetto di rilancio del Paese, destinando le cospicue risorse comunitarie a misure e investimenti in settori [&hellip;]<\/p>\n","protected":false},"author":1,"featured_media":194,"comment_status":"closed","ping_status":"open","sticky":false,"template":"","format":"standard","meta":{"footnotes":""},"categories":[537],"tags":[1076,367,1177,1164],"yoast_head":"<!-- This site is optimized with the Yoast SEO plugin v22.2 - https:\/\/yoast.com\/wordpress\/plugins\/seo\/ -->\n<title>Recovery Fund: Cia, accordo chiave per ripresa. Agricoltura resti centrale -<\/title>\n<meta name=\"robots\" content=\"index, follow, max-snippet:-1, max-image-preview:large, max-video-preview:-1\" \/>\n<link rel=\"canonical\" href=\"https:\/\/www.italiaeconomiaonline.it\/web\/recovery-fund-cia-accordo-chiave-per-ripresa-agricoltura-resti-centrale\/\" \/>\n<meta property=\"og:locale\" content=\"it_IT\" \/>\n<meta property=\"og:type\" content=\"article\" \/>\n<meta property=\"og:title\" content=\"Recovery Fund: Cia, accordo chiave per ripresa. Agricoltura resti centrale -\" \/>\n<meta property=\"og:description\" content=\"L\u2019accordo trovato sul Recovery Fund \u00e8 fondamentale, sia per la ripresa dell\u2019economia dopo il lockdown, sia per la tenuta sociale del sistema Europa. Adesso altrettanto importante \u00e8 che il governo non temporeggi, ma costruisca fin da subito un concreto progetto di rilancio del Paese, destinando le cospicue risorse comunitarie a misure e investimenti in settori [&hellip;]\" \/>\n<meta property=\"og:url\" content=\"https:\/\/www.italiaeconomiaonline.it\/web\/recovery-fund-cia-accordo-chiave-per-ripresa-agricoltura-resti-centrale\/\" \/>\n<meta property=\"og:site_name\" content=\"ItaliaEconomiaOnline\" \/>\n<meta property=\"article:published_time\" content=\"2020-07-22T09:25:52+00:00\" \/>\n<meta property=\"og:image\" content=\"https:\/\/www.italiaeconomiaonline.it\/web\/wp-content\/uploads\/2018\/08\/agricoltura.jpg\" \/>\n\t<meta property=\"og:image:width\" content=\"960\" \/>\n\t<meta property=\"og:image:height\" content=\"625\" \/>\n\t<meta property=\"og:image:type\" content=\"image\/jpeg\" \/>\n<meta name=\"author\" content=\"ladyitaliaeconomia\" \/>\n<meta name=\"twitter:card\" content=\"summary_large_image\" \/>\n<meta name=\"twitter:label1\" content=\"Scritto da\" \/>\n\t<meta name=\"twitter:data1\" content=\"ladyitaliaeconomia\" \/>\n\t<meta name=\"twitter:label2\" content=\"Tempo di lettura stimato\" \/>\n\t<meta name=\"twitter:data2\" content=\"2 minuti\" \/>\n<script type=\"application\/ld+json\" class=\"yoast-schema-graph\">{\"@context\":\"https:\/\/schema.org\",\"@graph\":[{\"@type\":\"WebPage\",\"@id\":\"https:\/\/www.italiaeconomiaonline.it\/web\/recovery-fund-cia-accordo-chiave-per-ripresa-agricoltura-resti-centrale\/\",\"url\":\"https:\/\/www.italiaeconomiaonline.it\/web\/recovery-fund-cia-accordo-chiave-per-ripresa-agricoltura-resti-centrale\/\",\"name\":\"Recovery Fund: Cia, accordo chiave per ripresa. Agricoltura resti centrale -\",\"isPartOf\":{\"@id\":\"https:\/\/www.italiaeconomiaonline.it\/web\/#website\"},\"primaryImageOfPage\":{\"@id\":\"https:\/\/www.italiaeconomiaonline.it\/web\/recovery-fund-cia-accordo-chiave-per-ripresa-agricoltura-resti-centrale\/#primaryimage\"},\"image\":{\"@id\":\"https:\/\/www.italiaeconomiaonline.it\/web\/recovery-fund-cia-accordo-chiave-per-ripresa-agricoltura-resti-centrale\/#primaryimage\"},\"thumbnailUrl\":\"https:\/\/www.italiaeconomiaonline.it\/web\/wp-content\/uploads\/2018\/08\/agricoltura.jpg\",\"datePublished\":\"2020-07-22T09:25:52+00:00\",\"dateModified\":\"2020-07-22T09:25:52+00:00\",\"author\":{\"@id\":\"https:\/\/www.italiaeconomiaonline.it\/web\/#\/schema\/person\/909a49cce752523b020fbc37d5ab1c31\"},\"breadcrumb\":{\"@id\":\"https:\/\/www.italiaeconomiaonline.it\/web\/recovery-fund-cia-accordo-chiave-per-ripresa-agricoltura-resti-centrale\/#breadcrumb\"},\"inLanguage\":\"it-IT\",\"potentialAction\":[{\"@type\":\"ReadAction\",\"target\":[\"https:\/\/www.italiaeconomiaonline.it\/web\/recovery-fund-cia-accordo-chiave-per-ripresa-agricoltura-resti-centrale\/\"]}]},{\"@type\":\"ImageObject\",\"inLanguage\":\"it-IT\",\"@id\":\"https:\/\/www.italiaeconomiaonline.it\/web\/recovery-fund-cia-accordo-chiave-per-ripresa-agricoltura-resti-centrale\/#primaryimage\",\"url\":\"https:\/\/www.italiaeconomiaonline.it\/web\/wp-content\/uploads\/2018\/08\/agricoltura.jpg\",\"contentUrl\":\"https:\/\/www.italiaeconomiaonline.it\/web\/wp-content\/uploads\/2018\/08\/agricoltura.jpg\",\"width\":960,\"height\":625},{\"@type\":\"BreadcrumbList\",\"@id\":\"https:\/\/www.italiaeconomiaonline.it\/web\/recovery-fund-cia-accordo-chiave-per-ripresa-agricoltura-resti-centrale\/#breadcrumb\",\"itemListElement\":[{\"@type\":\"ListItem\",\"position\":1,\"name\":\"Home\",\"item\":\"https:\/\/www.italiaeconomiaonline.it\/web\/\"},{\"@type\":\"ListItem\",\"position\":2,\"name\":\"Recovery Fund: Cia, accordo chiave per ripresa. Agricoltura resti centrale\"}]},{\"@type\":\"WebSite\",\"@id\":\"https:\/\/www.italiaeconomiaonline.it\/web\/#website\",\"url\":\"https:\/\/www.italiaeconomiaonline.it\/web\/\",\"name\":\"ItaliaEconomiaOnline\",\"description\":\"Quotidiano Economico Online\",\"potentialAction\":[{\"@type\":\"SearchAction\",\"target\":{\"@type\":\"EntryPoint\",\"urlTemplate\":\"https:\/\/www.italiaeconomiaonline.it\/web\/?s={search_term_string}\"},\"query-input\":\"required name=search_term_string\"}],\"inLanguage\":\"it-IT\"},{\"@type\":\"Person\",\"@id\":\"https:\/\/www.italiaeconomiaonline.it\/web\/#\/schema\/person\/909a49cce752523b020fbc37d5ab1c31\",\"name\":\"ladyitaliaeconomia\",\"image\":{\"@type\":\"ImageObject\",\"inLanguage\":\"it-IT\",\"@id\":\"https:\/\/www.italiaeconomiaonline.it\/web\/#\/schema\/person\/image\/\",\"url\":\"https:\/\/secure.gravatar.com\/avatar\/cedca10ce7416a579b9fa6bce9c0a8f2?s=96&d=mm&r=g\",\"contentUrl\":\"https:\/\/secure.gravatar.com\/avatar\/cedca10ce7416a579b9fa6bce9c0a8f2?s=96&d=mm&r=g\",\"caption\":\"ladyitaliaeconomia\"},\"url\":\"https:\/\/www.italiaeconomiaonline.it\/web\/author\/ladyitaliaeconomia\/\"}]}<\/script>\n<!-- \/ Yoast SEO plugin. -->","yoast_head_json":{"title":"Recovery Fund: Cia, accordo chiave per ripresa. Agricoltura resti centrale -","robots":{"index":"index","follow":"follow","max-snippet":"max-snippet:-1","max-image-preview":"max-image-preview:large","max-video-preview":"max-video-preview:-1"},"canonical":"https:\/\/www.italiaeconomiaonline.it\/web\/recovery-fund-cia-accordo-chiave-per-ripresa-agricoltura-resti-centrale\/","og_locale":"it_IT","og_type":"article","og_title":"Recovery Fund: Cia, accordo chiave per ripresa. Agricoltura resti centrale -","og_description":"L\u2019accordo trovato sul Recovery Fund \u00e8 fondamentale, sia per la ripresa dell\u2019economia dopo il lockdown, sia per la tenuta sociale del sistema Europa. Adesso altrettanto importante \u00e8 che il governo non temporeggi, ma costruisca fin da subito un concreto progetto di rilancio del Paese, destinando le cospicue risorse comunitarie a misure e investimenti in settori [&hellip;]","og_url":"https:\/\/www.italiaeconomiaonline.it\/web\/recovery-fund-cia-accordo-chiave-per-ripresa-agricoltura-resti-centrale\/","og_site_name":"ItaliaEconomiaOnline","article_published_time":"2020-07-22T09:25:52+00:00","og_image":[{"width":960,"height":625,"url":"https:\/\/www.italiaeconomiaonline.it\/web\/wp-content\/uploads\/2018\/08\/agricoltura.jpg","type":"image\/jpeg"}],"author":"ladyitaliaeconomia","twitter_card":"summary_large_image","twitter_misc":{"Scritto da":"ladyitaliaeconomia","Tempo di lettura stimato":"2 minuti"},"schema":{"@context":"https:\/\/schema.org","@graph":[{"@type":"WebPage","@id":"https:\/\/www.italiaeconomiaonline.it\/web\/recovery-fund-cia-accordo-chiave-per-ripresa-agricoltura-resti-centrale\/","url":"https:\/\/www.italiaeconomiaonline.it\/web\/recovery-fund-cia-accordo-chiave-per-ripresa-agricoltura-resti-centrale\/","name":"Recovery Fund: Cia, accordo chiave per ripresa. Agricoltura resti centrale -","isPartOf":{"@id":"https:\/\/www.italiaeconomiaonline.it\/web\/#website"},"primaryImageOfPage":{"@id":"https:\/\/www.italiaeconomiaonline.it\/web\/recovery-fund-cia-accordo-chiave-per-ripresa-agricoltura-resti-centrale\/#primaryimage"},"image":{"@id":"https:\/\/www.italiaeconomiaonline.it\/web\/recovery-fund-cia-accordo-chiave-per-ripresa-agricoltura-resti-centrale\/#primaryimage"},"thumbnailUrl":"https:\/\/www.italiaeconomiaonline.it\/web\/wp-content\/uploads\/2018\/08\/agricoltura.jpg","datePublished":"2020-07-22T09:25:52+00:00","dateModified":"2020-07-22T09:25:52+00:00","author":{"@id":"https:\/\/www.italiaeconomiaonline.it\/web\/#\/schema\/person\/909a49cce752523b020fbc37d5ab1c31"},"breadcrumb":{"@id":"https:\/\/www.italiaeconomiaonline.it\/web\/recovery-fund-cia-accordo-chiave-per-ripresa-agricoltura-resti-centrale\/#breadcrumb"},"inLanguage":"it-IT","potentialAction":[{"@type":"ReadAction","target":["https:\/\/www.italiaeconomiaonline.it\/web\/recovery-fund-cia-accordo-chiave-per-ripresa-agricoltura-resti-centrale\/"]}]},{"@type":"ImageObject","inLanguage":"it-IT","@id":"https:\/\/www.italiaeconomiaonline.it\/web\/recovery-fund-cia-accordo-chiave-per-ripresa-agricoltura-resti-centrale\/#primaryimage","url":"https:\/\/www.italiaeconomiaonline.it\/web\/wp-content\/uploads\/2018\/08\/agricoltura.jpg","contentUrl":"https:\/\/www.italiaeconomiaonline.it\/web\/wp-content\/uploads\/2018\/08\/agricoltura.jpg","width":960,"height":625},{"@type":"BreadcrumbList","@id":"https:\/\/www.italiaeconomiaonline.it\/web\/recovery-fund-cia-accordo-chiave-per-ripresa-agricoltura-resti-centrale\/#breadcrumb","itemListElement":[{"@type":"ListItem","position":1,"name":"Home","item":"https:\/\/www.italiaeconomiaonline.it\/web\/"},{"@type":"ListItem","position":2,"name":"Recovery Fund: Cia, accordo chiave per ripresa. Agricoltura resti centrale"}]},{"@type":"WebSite","@id":"https:\/\/www.italiaeconomiaonline.it\/web\/#website","url":"https:\/\/www.italiaeconomiaonline.it\/web\/","name":"ItaliaEconomiaOnline","description":"Quotidiano Economico Online","potentialAction":[{"@type":"SearchAction","target":{"@type":"EntryPoint","urlTemplate":"https:\/\/www.italiaeconomiaonline.it\/web\/?s={search_term_string}"},"query-input":"required name=search_term_string"}],"inLanguage":"it-IT"},{"@type":"Person","@id":"https:\/\/www.italiaeconomiaonline.it\/web\/#\/schema\/person\/909a49cce752523b020fbc37d5ab1c31","name":"ladyitaliaeconomia","image":{"@type":"ImageObject","inLanguage":"it-IT","@id":"https:\/\/www.italiaeconomiaonline.it\/web\/#\/schema\/person\/image\/","url":"https:\/\/secure.gravatar.com\/avatar\/cedca10ce7416a579b9fa6bce9c0a8f2?s=96&d=mm&r=g","contentUrl":"https:\/\/secure.gravatar.com\/avatar\/cedca10ce7416a579b9fa6bce9c0a8f2?s=96&d=mm&r=g","caption":"ladyitaliaeconomia"},"url":"https:\/\/www.italiaeconomiaonline.it\/web\/author\/ladyitaliaeconomia\/"}]}},"_links":{"self":[{"href":"https:\/\/www.italiaeconomiaonline.it\/web\/wp-json\/wp\/v2\/posts\/3739"}],"collection":[{"href":"https:\/\/www.italiaeconomiaonline.it\/web\/wp-json\/wp\/v2\/posts"}],"about":[{"href":"https:\/\/www.italiaeconomiaonline.it\/web\/wp-json\/wp\/v2\/types\/post"}],"author":[{"embeddable":true,"href":"https:\/\/www.italiaeconomiaonline.it\/web\/wp-json\/wp\/v2\/users\/1"}],"replies":[{"embeddable":true,"href":"https:\/\/www.italiaeconomiaonline.it\/web\/wp-json\/wp\/v2\/comments?post=3739"}],"version-history":[{"count":1,"href":"https:\/\/www.italiaeconomiaonline.it\/web\/wp-json\/wp\/v2\/posts\/3739\/revisions"}],"predecessor-version":[{"id":3740,"href":"https:\/\/www.italiaeconomiaonline.it\/web\/wp-json\/wp\/v2\/posts\/3739\/revisions\/3740"}],"wp:featuredmedia":[{"embeddable":true,"href":"https:\/\/www.italiaeconomiaonline.it\/web\/wp-json\/wp\/v2\/media\/194"}],"wp:attachment":[{"href":"https:\/\/www.italiaeconomiaonline.it\/web\/wp-json\/wp\/v2\/media?parent=3739"}],"wp:term":[{"taxonomy":"category","embeddable":true,"href":"https:\/\/www.italiaeconomiaonline.it\/web\/wp-json\/wp\/v2\/categories?post=3739"},{"taxonomy":"post_tag","embeddable":true,"href":"https:\/\/www.italiaeconomiaonline.it\/web\/wp-json\/wp\/v2\/tags?post=3739"}],"curies":[{"name":"wp","href":"https:\/\/api.w.org\/{rel}","templated":true}]}}