{"id":3791,"date":"2020-07-28T11:38:49","date_gmt":"2020-07-28T09:38:49","guid":{"rendered":"http:\/\/www.italiaeconomiaonline.it\/web\/?p=3791"},"modified":"2020-07-28T11:38:49","modified_gmt":"2020-07-28T09:38:49","slug":"fase-3-coldiretti-ixe-paese-diviso-su-mascherine-il-27-non-la-indossa","status":"publish","type":"post","link":"https:\/\/www.italiaeconomiaonline.it\/web\/fase-3-coldiretti-ixe-paese-diviso-su-mascherine-il-27-non-la-indossa\/","title":{"rendered":"Fase 3, Coldiretti\/IXe: Paese diviso su mascherine, il 27% non la indossa"},"content":{"rendered":"<p><span class=\"dropcap dropcap3\">P<\/span>i\u00f9 di un italiano su quattro (27%) non indossa la mascherina o lo fa raramente senza curarsi del pericolo di contagio e senza rispettare le misure di sicurezza imposte dalla pandemia.<\/p>\n<p>E\u2019 quanto emerge dall\u2019indagine Coldiretti\/Ix\u00e8 sull\u2019estate ai tempi del coronavirus che evidenzia una tendenza ad abbandonare alcune delle \u201cbuone pratiche\u201d che durante il lockdown e nelle primissime settimane successive erano adottate dalla pressoch\u00e9 totalit\u00e0 del Paese, dall\u2019utilizzo delle protezioni per il viso al distanziamento di almeno un metro, dal divieto di assembramenti al rispetto di norme igieniche fondamentali a partire da lavaggio delle mani.<\/p>\n<p>&nbsp;<\/p>\n<p>Se una cospicua fetta di cittadini \u00e8 diventata &#8220;allergica&#8221; alle mascherine, c\u2019\u00e8 comunque un 32% di italiani \u2013 continua Coldiretti \u2013 che dichiara di usarla spesso, mentre un 44% la indossa addirittura sempre soprattutto in vacanza. Un dato che evidenzia un\u2019attenzione maggiore da parte di chi \u00e8 in viaggio rispetto a quanto accade normalmente nelle citt\u00e0.<\/p>\n<p>&nbsp;<\/p>\n<p>Lo testimonia anche il fatto che il 35% dei vacanzieri trascorre l\u2019estate 2020 evitando il pi\u00f9 possibile contatti con altre persone e restando da soli o con la propria famiglia, secondo l\u2019indagine Codiretti-Ixe\u2019. A questi si aggiunge un altro 59% &#8211; continua la Coldiretti &#8211; che andr\u00e0 in vacanza con gli amici pi\u00f9 stretti e fidati, mentre solo un 8% di \u201ctemerari\u201d non rinuncia alle vacanze di gruppo, cercando anche di fare nuove conoscenze.<\/p>\n<p>&nbsp;<\/p>\n<p>Nell\u2019estate del coronavirus l\u2019Italia quest\u2019anno \u00e8 di gran lunga la destinazione preferita che \u2013 continua la Coldiretti \u2013 \u00e8 scelta come meta dal 93% rispetto all\u201986% dello scorso anno. Ma l\u2019emergenza sanitaria ha portato i 34 milioni di italiani in viaggio per vacanze quest\u2019estate \u2013 riferisce Coldiretti \u2013 a ricalibrare le scelte di alloggio rispetto agli anni scorsi, con un crollo di chi sceglie alberghi a favore\u00a0 di chi utilizza case, di propriet\u00e0 o meno, per assicurarsi anche in vacanza le stesse condizioni di scurezza delle mura domestiche. Incoraggiante &#8211; continua la coldiretti &#8211; la situazione per gli agriturismi che, spesso situati in zone isolate in strutture familiari con un numero contenuto di posti letto e a tavola e con ampi spazi all\u2019aperto, sono forse i luoghi pi\u00f9 sicuri per le ferie estive perch\u00e9 \u00e8 pi\u00f9 facile garantire il rispetto delle misure di precauzione per difendersi dal contagio.<\/p>\n<p>&nbsp;<\/p>\n<p>L\u2019altra novit\u00e0 di quest\u2019estate sta anche nel fatto che \u2013 conclude la Coldiretti \u2013 1 italiano su 4 (25%) ha scelto una destinazione vicino casa, all\u2019interno della propria regione di residenza, nonostante il via libera agli spostamenti su tutto il territorio nazionale e all\u2019estero.<\/p>\n<p>&nbsp;<\/p>\n","protected":false},"excerpt":{"rendered":"<p>Pi\u00f9 di un italiano su quattro (27%) non indossa la mascherina o lo fa raramente senza curarsi del pericolo di contagio e senza rispettare le misure di sicurezza imposte dalla pandemia. E\u2019 quanto emerge dall\u2019indagine Coldiretti\/Ix\u00e8 sull\u2019estate ai tempi del coronavirus che evidenzia una tendenza ad abbandonare alcune delle \u201cbuone pratiche\u201d che durante il lockdown [&hellip;]<\/p>\n","protected":false},"author":1,"featured_media":2645,"comment_status":"closed","ping_status":"open","sticky":false,"template":"","format":"standard","meta":{"footnotes":""},"categories":[128],"tags":[],"yoast_head":"<!-- This site is optimized with the Yoast SEO plugin v22.2 - https:\/\/yoast.com\/wordpress\/plugins\/seo\/ -->\n<title>Fase 3, Coldiretti\/IXe: Paese diviso su mascherine, il 27% non la indossa -<\/title>\n<meta name=\"robots\" content=\"index, follow, max-snippet:-1, max-image-preview:large, max-video-preview:-1\" \/>\n<link rel=\"canonical\" href=\"https:\/\/www.italiaeconomiaonline.it\/web\/fase-3-coldiretti-ixe-paese-diviso-su-mascherine-il-27-non-la-indossa\/\" \/>\n<meta property=\"og:locale\" content=\"it_IT\" \/>\n<meta property=\"og:type\" content=\"article\" \/>\n<meta property=\"og:title\" content=\"Fase 3, Coldiretti\/IXe: Paese diviso su mascherine, il 27% non la indossa -\" \/>\n<meta property=\"og:description\" content=\"Pi\u00f9 di un italiano su quattro (27%) non indossa la mascherina o lo fa raramente senza curarsi del pericolo di contagio e senza rispettare le misure di sicurezza imposte dalla pandemia. E\u2019 quanto emerge dall\u2019indagine Coldiretti\/Ix\u00e8 sull\u2019estate ai tempi del coronavirus che evidenzia una tendenza ad abbandonare alcune delle \u201cbuone pratiche\u201d che durante il lockdown [&hellip;]\" \/>\n<meta property=\"og:url\" content=\"https:\/\/www.italiaeconomiaonline.it\/web\/fase-3-coldiretti-ixe-paese-diviso-su-mascherine-il-27-non-la-indossa\/\" \/>\n<meta property=\"og:site_name\" content=\"ItaliaEconomiaOnline\" \/>\n<meta property=\"article:published_time\" content=\"2020-07-28T09:38:49+00:00\" \/>\n<meta property=\"og:image\" content=\"https:\/\/www.italiaeconomiaonline.it\/web\/wp-content\/uploads\/2020\/03\/Schermata-2020-03-06-alle-17.58.41.png\" \/>\n\t<meta property=\"og:image:width\" content=\"854\" \/>\n\t<meta property=\"og:image:height\" content=\"542\" \/>\n\t<meta property=\"og:image:type\" content=\"image\/png\" \/>\n<meta name=\"author\" content=\"ladyitaliaeconomia\" \/>\n<meta name=\"twitter:card\" content=\"summary_large_image\" \/>\n<meta name=\"twitter:label1\" content=\"Scritto da\" \/>\n\t<meta name=\"twitter:data1\" content=\"ladyitaliaeconomia\" \/>\n\t<meta name=\"twitter:label2\" content=\"Tempo di lettura stimato\" \/>\n\t<meta name=\"twitter:data2\" content=\"2 minuti\" \/>\n<script type=\"application\/ld+json\" class=\"yoast-schema-graph\">{\"@context\":\"https:\/\/schema.org\",\"@graph\":[{\"@type\":\"WebPage\",\"@id\":\"https:\/\/www.italiaeconomiaonline.it\/web\/fase-3-coldiretti-ixe-paese-diviso-su-mascherine-il-27-non-la-indossa\/\",\"url\":\"https:\/\/www.italiaeconomiaonline.it\/web\/fase-3-coldiretti-ixe-paese-diviso-su-mascherine-il-27-non-la-indossa\/\",\"name\":\"Fase 3, Coldiretti\/IXe: Paese diviso su mascherine, il 27% non la indossa -\",\"isPartOf\":{\"@id\":\"https:\/\/www.italiaeconomiaonline.it\/web\/#website\"},\"primaryImageOfPage\":{\"@id\":\"https:\/\/www.italiaeconomiaonline.it\/web\/fase-3-coldiretti-ixe-paese-diviso-su-mascherine-il-27-non-la-indossa\/#primaryimage\"},\"image\":{\"@id\":\"https:\/\/www.italiaeconomiaonline.it\/web\/fase-3-coldiretti-ixe-paese-diviso-su-mascherine-il-27-non-la-indossa\/#primaryimage\"},\"thumbnailUrl\":\"https:\/\/www.italiaeconomiaonline.it\/web\/wp-content\/uploads\/2020\/03\/Schermata-2020-03-06-alle-17.58.41.png\",\"datePublished\":\"2020-07-28T09:38:49+00:00\",\"dateModified\":\"2020-07-28T09:38:49+00:00\",\"author\":{\"@id\":\"https:\/\/www.italiaeconomiaonline.it\/web\/#\/schema\/person\/909a49cce752523b020fbc37d5ab1c31\"},\"breadcrumb\":{\"@id\":\"https:\/\/www.italiaeconomiaonline.it\/web\/fase-3-coldiretti-ixe-paese-diviso-su-mascherine-il-27-non-la-indossa\/#breadcrumb\"},\"inLanguage\":\"it-IT\",\"potentialAction\":[{\"@type\":\"ReadAction\",\"target\":[\"https:\/\/www.italiaeconomiaonline.it\/web\/fase-3-coldiretti-ixe-paese-diviso-su-mascherine-il-27-non-la-indossa\/\"]}]},{\"@type\":\"ImageObject\",\"inLanguage\":\"it-IT\",\"@id\":\"https:\/\/www.italiaeconomiaonline.it\/web\/fase-3-coldiretti-ixe-paese-diviso-su-mascherine-il-27-non-la-indossa\/#primaryimage\",\"url\":\"https:\/\/www.italiaeconomiaonline.it\/web\/wp-content\/uploads\/2020\/03\/Schermata-2020-03-06-alle-17.58.41.png\",\"contentUrl\":\"https:\/\/www.italiaeconomiaonline.it\/web\/wp-content\/uploads\/2020\/03\/Schermata-2020-03-06-alle-17.58.41.png\",\"width\":854,\"height\":542},{\"@type\":\"BreadcrumbList\",\"@id\":\"https:\/\/www.italiaeconomiaonline.it\/web\/fase-3-coldiretti-ixe-paese-diviso-su-mascherine-il-27-non-la-indossa\/#breadcrumb\",\"itemListElement\":[{\"@type\":\"ListItem\",\"position\":1,\"name\":\"Home\",\"item\":\"https:\/\/www.italiaeconomiaonline.it\/web\/\"},{\"@type\":\"ListItem\",\"position\":2,\"name\":\"Fase 3, Coldiretti\/IXe: Paese diviso su mascherine, il 27% non la indossa\"}]},{\"@type\":\"WebSite\",\"@id\":\"https:\/\/www.italiaeconomiaonline.it\/web\/#website\",\"url\":\"https:\/\/www.italiaeconomiaonline.it\/web\/\",\"name\":\"ItaliaEconomiaOnline\",\"description\":\"Quotidiano Economico Online\",\"potentialAction\":[{\"@type\":\"SearchAction\",\"target\":{\"@type\":\"EntryPoint\",\"urlTemplate\":\"https:\/\/www.italiaeconomiaonline.it\/web\/?s={search_term_string}\"},\"query-input\":\"required name=search_term_string\"}],\"inLanguage\":\"it-IT\"},{\"@type\":\"Person\",\"@id\":\"https:\/\/www.italiaeconomiaonline.it\/web\/#\/schema\/person\/909a49cce752523b020fbc37d5ab1c31\",\"name\":\"ladyitaliaeconomia\",\"image\":{\"@type\":\"ImageObject\",\"inLanguage\":\"it-IT\",\"@id\":\"https:\/\/www.italiaeconomiaonline.it\/web\/#\/schema\/person\/image\/\",\"url\":\"https:\/\/secure.gravatar.com\/avatar\/cedca10ce7416a579b9fa6bce9c0a8f2?s=96&d=mm&r=g\",\"contentUrl\":\"https:\/\/secure.gravatar.com\/avatar\/cedca10ce7416a579b9fa6bce9c0a8f2?s=96&d=mm&r=g\",\"caption\":\"ladyitaliaeconomia\"},\"url\":\"https:\/\/www.italiaeconomiaonline.it\/web\/author\/ladyitaliaeconomia\/\"}]}<\/script>\n<!-- \/ Yoast SEO plugin. -->","yoast_head_json":{"title":"Fase 3, Coldiretti\/IXe: Paese diviso su mascherine, il 27% non la indossa -","robots":{"index":"index","follow":"follow","max-snippet":"max-snippet:-1","max-image-preview":"max-image-preview:large","max-video-preview":"max-video-preview:-1"},"canonical":"https:\/\/www.italiaeconomiaonline.it\/web\/fase-3-coldiretti-ixe-paese-diviso-su-mascherine-il-27-non-la-indossa\/","og_locale":"it_IT","og_type":"article","og_title":"Fase 3, Coldiretti\/IXe: Paese diviso su mascherine, il 27% non la indossa -","og_description":"Pi\u00f9 di un italiano su quattro (27%) non indossa la mascherina o lo fa raramente senza curarsi del pericolo di contagio e senza rispettare le misure di sicurezza imposte dalla pandemia. E\u2019 quanto emerge dall\u2019indagine Coldiretti\/Ix\u00e8 sull\u2019estate ai tempi del coronavirus che evidenzia una tendenza ad abbandonare alcune delle \u201cbuone pratiche\u201d che durante il lockdown [&hellip;]","og_url":"https:\/\/www.italiaeconomiaonline.it\/web\/fase-3-coldiretti-ixe-paese-diviso-su-mascherine-il-27-non-la-indossa\/","og_site_name":"ItaliaEconomiaOnline","article_published_time":"2020-07-28T09:38:49+00:00","og_image":[{"width":854,"height":542,"url":"https:\/\/www.italiaeconomiaonline.it\/web\/wp-content\/uploads\/2020\/03\/Schermata-2020-03-06-alle-17.58.41.png","type":"image\/png"}],"author":"ladyitaliaeconomia","twitter_card":"summary_large_image","twitter_misc":{"Scritto da":"ladyitaliaeconomia","Tempo di lettura stimato":"2 minuti"},"schema":{"@context":"https:\/\/schema.org","@graph":[{"@type":"WebPage","@id":"https:\/\/www.italiaeconomiaonline.it\/web\/fase-3-coldiretti-ixe-paese-diviso-su-mascherine-il-27-non-la-indossa\/","url":"https:\/\/www.italiaeconomiaonline.it\/web\/fase-3-coldiretti-ixe-paese-diviso-su-mascherine-il-27-non-la-indossa\/","name":"Fase 3, Coldiretti\/IXe: Paese diviso su mascherine, il 27% non la indossa -","isPartOf":{"@id":"https:\/\/www.italiaeconomiaonline.it\/web\/#website"},"primaryImageOfPage":{"@id":"https:\/\/www.italiaeconomiaonline.it\/web\/fase-3-coldiretti-ixe-paese-diviso-su-mascherine-il-27-non-la-indossa\/#primaryimage"},"image":{"@id":"https:\/\/www.italiaeconomiaonline.it\/web\/fase-3-coldiretti-ixe-paese-diviso-su-mascherine-il-27-non-la-indossa\/#primaryimage"},"thumbnailUrl":"https:\/\/www.italiaeconomiaonline.it\/web\/wp-content\/uploads\/2020\/03\/Schermata-2020-03-06-alle-17.58.41.png","datePublished":"2020-07-28T09:38:49+00:00","dateModified":"2020-07-28T09:38:49+00:00","author":{"@id":"https:\/\/www.italiaeconomiaonline.it\/web\/#\/schema\/person\/909a49cce752523b020fbc37d5ab1c31"},"breadcrumb":{"@id":"https:\/\/www.italiaeconomiaonline.it\/web\/fase-3-coldiretti-ixe-paese-diviso-su-mascherine-il-27-non-la-indossa\/#breadcrumb"},"inLanguage":"it-IT","potentialAction":[{"@type":"ReadAction","target":["https:\/\/www.italiaeconomiaonline.it\/web\/fase-3-coldiretti-ixe-paese-diviso-su-mascherine-il-27-non-la-indossa\/"]}]},{"@type":"ImageObject","inLanguage":"it-IT","@id":"https:\/\/www.italiaeconomiaonline.it\/web\/fase-3-coldiretti-ixe-paese-diviso-su-mascherine-il-27-non-la-indossa\/#primaryimage","url":"https:\/\/www.italiaeconomiaonline.it\/web\/wp-content\/uploads\/2020\/03\/Schermata-2020-03-06-alle-17.58.41.png","contentUrl":"https:\/\/www.italiaeconomiaonline.it\/web\/wp-content\/uploads\/2020\/03\/Schermata-2020-03-06-alle-17.58.41.png","width":854,"height":542},{"@type":"BreadcrumbList","@id":"https:\/\/www.italiaeconomiaonline.it\/web\/fase-3-coldiretti-ixe-paese-diviso-su-mascherine-il-27-non-la-indossa\/#breadcrumb","itemListElement":[{"@type":"ListItem","position":1,"name":"Home","item":"https:\/\/www.italiaeconomiaonline.it\/web\/"},{"@type":"ListItem","position":2,"name":"Fase 3, Coldiretti\/IXe: Paese diviso su mascherine, il 27% non la indossa"}]},{"@type":"WebSite","@id":"https:\/\/www.italiaeconomiaonline.it\/web\/#website","url":"https:\/\/www.italiaeconomiaonline.it\/web\/","name":"ItaliaEconomiaOnline","description":"Quotidiano Economico Online","potentialAction":[{"@type":"SearchAction","target":{"@type":"EntryPoint","urlTemplate":"https:\/\/www.italiaeconomiaonline.it\/web\/?s={search_term_string}"},"query-input":"required name=search_term_string"}],"inLanguage":"it-IT"},{"@type":"Person","@id":"https:\/\/www.italiaeconomiaonline.it\/web\/#\/schema\/person\/909a49cce752523b020fbc37d5ab1c31","name":"ladyitaliaeconomia","image":{"@type":"ImageObject","inLanguage":"it-IT","@id":"https:\/\/www.italiaeconomiaonline.it\/web\/#\/schema\/person\/image\/","url":"https:\/\/secure.gravatar.com\/avatar\/cedca10ce7416a579b9fa6bce9c0a8f2?s=96&d=mm&r=g","contentUrl":"https:\/\/secure.gravatar.com\/avatar\/cedca10ce7416a579b9fa6bce9c0a8f2?s=96&d=mm&r=g","caption":"ladyitaliaeconomia"},"url":"https:\/\/www.italiaeconomiaonline.it\/web\/author\/ladyitaliaeconomia\/"}]}},"_links":{"self":[{"href":"https:\/\/www.italiaeconomiaonline.it\/web\/wp-json\/wp\/v2\/posts\/3791"}],"collection":[{"href":"https:\/\/www.italiaeconomiaonline.it\/web\/wp-json\/wp\/v2\/posts"}],"about":[{"href":"https:\/\/www.italiaeconomiaonline.it\/web\/wp-json\/wp\/v2\/types\/post"}],"author":[{"embeddable":true,"href":"https:\/\/www.italiaeconomiaonline.it\/web\/wp-json\/wp\/v2\/users\/1"}],"replies":[{"embeddable":true,"href":"https:\/\/www.italiaeconomiaonline.it\/web\/wp-json\/wp\/v2\/comments?post=3791"}],"version-history":[{"count":1,"href":"https:\/\/www.italiaeconomiaonline.it\/web\/wp-json\/wp\/v2\/posts\/3791\/revisions"}],"predecessor-version":[{"id":3792,"href":"https:\/\/www.italiaeconomiaonline.it\/web\/wp-json\/wp\/v2\/posts\/3791\/revisions\/3792"}],"wp:featuredmedia":[{"embeddable":true,"href":"https:\/\/www.italiaeconomiaonline.it\/web\/wp-json\/wp\/v2\/media\/2645"}],"wp:attachment":[{"href":"https:\/\/www.italiaeconomiaonline.it\/web\/wp-json\/wp\/v2\/media?parent=3791"}],"wp:term":[{"taxonomy":"category","embeddable":true,"href":"https:\/\/www.italiaeconomiaonline.it\/web\/wp-json\/wp\/v2\/categories?post=3791"},{"taxonomy":"post_tag","embeddable":true,"href":"https:\/\/www.italiaeconomiaonline.it\/web\/wp-json\/wp\/v2\/tags?post=3791"}],"curies":[{"name":"wp","href":"https:\/\/api.w.org\/{rel}","templated":true}]}}