{"id":3795,"date":"2020-07-28T14:00:45","date_gmt":"2020-07-28T12:00:45","guid":{"rendered":"http:\/\/www.italiaeconomiaonline.it\/web\/?p=3795"},"modified":"2020-07-28T11:46:15","modified_gmt":"2020-07-28T09:46:15","slug":"export-giansanti-confagricoltura-in-forte-calo-lagroalimentare-della-ue","status":"publish","type":"post","link":"https:\/\/www.italiaeconomiaonline.it\/web\/export-giansanti-confagricoltura-in-forte-calo-lagroalimentare-della-ue\/","title":{"rendered":"Export, Giansanti (Confagricoltura): In forte calo l&#8217;agroalimentare della UE"},"content":{"rendered":"<p><span class=\"dropcap dropcap3\">F<\/span>orte calo delle esportazioni agroalimentari dell\u2019Unione europea a causa della pandemia Covid-19. Ad aprile, rende noto la Confagricoltura, si \u00e8 registrata una contrazione del 9% in valore rispetto allo stesso mese del 2019.<\/p>\n<p>\u201cE un dato preoccupante \u2013 dichiara il presidente di Confagricoltura <strong>Massimiliano Giansanti<\/strong> \u2013 destinato con tutta probabilit\u00e0 a peggiorare nelle prossime rilevazioni della Commissione europea. Potrebbe, perci\u00f2, risultare indispensabile il varo di ulteriori interventi a sostegno dei settori pi\u00f9 colpiti dalla caduta delle esportazioni\u201d.<\/p>\n<p>\u201cI contraccolpi economici della pandemia saranno prolungati nel tempo\u201d, sottolinea Giansanti.<\/p>\n<p>Nell\u2019ambito dei dati della Commissione UE spicca, tra l\u2019altro, la diminuzione delle esportazioni europee sul mercato del Regno Unito. Nei primi quattro mesi di quest\u2019anno si \u00e8 registrata una contrazione di circa sei punti percentuali (880 milioni di euro in valore assoluto).<\/p>\n<p>\u201cE\u2019 una diminuzione che suona come un campanello d\u2019allarme \u2013 evidenzia il presidente di Confagricoltura \u2013 considerando che fino al prossimo 31 dicembre l\u2019interscambio commerciale \u00e8 regolato secondo la normativa della UE. Nell\u2019incertezza delle future relazioni commerciali con l\u2019Unione, gli operatori britannici stanno forse gi\u00e0 orientandosi verso fornitori alternativi a quelli degli Stati membri\u201d.<\/p>\n<p>\u201cPer due produzioni di particolare interesse per l\u2019Italia &#8211; vini e prodotti ortofrutticoli \u2013 la diminuzione delle esportazioni sul mercato del Regno Unito \u00e8 risultata superiore alla media europea. Per i vini ha sfiorato il 20 per cento, mentre per l\u2019ortofrutta la riduzione \u00e8 stata di dieci punti percentuali\u201d.<\/p>\n<p>\u201cQueste cifre dimostrano, una volta di pi\u00f9, l\u2019importanza di giungere ad un accordo di libero scambio con il Regno Unito per evitare il ritorno dei dazi doganali e dei controlli alle frontiere &#8211; rileva il presidente di Confagricoltura &#8211; che penalizzerebbero i consolidati flussi commerciali\u201d.<\/p>\n<p>Si registra, inoltre, che soprattutto a causa dei dazi imposti dagli Stati Uniti, le esportazioni di vini della UE sul mercato statunitense sono diminuite di circa 490 milioni (meno 10 per cento) nel primo quadrimestre di quest\u2019anno sullo stesso periodo del 2019.<\/p>\n<p>\u201cLe conseguenze a medio e lungo termine della pandemia, le incognite legate alle future relazioni commerciali con il Regno Unito, il contenzioso con gli Stati Uniti &#8211; sottolinea Giansanti &#8211; determinano un contesto di grande incertezza sulle prospettive delle esportazioni agroalimentari italiane ed europee. Occorre tenerne conto nelle discussioni in corso sulla riforma della politica agricola comune (PAC), che dovr\u00e0 salvaguardare il potenziale produttivo del settore\u201d.<\/p>\n","protected":false},"excerpt":{"rendered":"<p>Forte calo delle esportazioni agroalimentari dell\u2019Unione europea a causa della pandemia Covid-19. Ad aprile, rende noto la Confagricoltura, si \u00e8 registrata una contrazione del 9% in valore rispetto allo stesso mese del 2019. \u201cE un dato preoccupante \u2013 dichiara il presidente di Confagricoltura Massimiliano Giansanti \u2013 destinato con tutta probabilit\u00e0 a peggiorare nelle prossime rilevazioni [&hellip;]<\/p>\n","protected":false},"author":1,"featured_media":177,"comment_status":"closed","ping_status":"open","sticky":false,"template":"","format":"standard","meta":{"footnotes":""},"categories":[537],"tags":[20,59],"yoast_head":"<!-- This site is optimized with the Yoast SEO plugin v22.2 - https:\/\/yoast.com\/wordpress\/plugins\/seo\/ -->\n<title>Export, Giansanti (Confagricoltura): In forte calo l&#039;agroalimentare della UE -<\/title>\n<meta name=\"robots\" content=\"index, follow, max-snippet:-1, max-image-preview:large, max-video-preview:-1\" \/>\n<link rel=\"canonical\" href=\"https:\/\/www.italiaeconomiaonline.it\/web\/export-giansanti-confagricoltura-in-forte-calo-lagroalimentare-della-ue\/\" \/>\n<meta property=\"og:locale\" content=\"it_IT\" \/>\n<meta property=\"og:type\" content=\"article\" \/>\n<meta property=\"og:title\" content=\"Export, Giansanti (Confagricoltura): In forte calo l&#039;agroalimentare della UE -\" \/>\n<meta property=\"og:description\" content=\"Forte calo delle esportazioni agroalimentari dell\u2019Unione europea a causa della pandemia Covid-19. Ad aprile, rende noto la Confagricoltura, si \u00e8 registrata una contrazione del 9% in valore rispetto allo stesso mese del 2019. \u201cE un dato preoccupante \u2013 dichiara il presidente di Confagricoltura Massimiliano Giansanti \u2013 destinato con tutta probabilit\u00e0 a peggiorare nelle prossime rilevazioni [&hellip;]\" \/>\n<meta property=\"og:url\" content=\"https:\/\/www.italiaeconomiaonline.it\/web\/export-giansanti-confagricoltura-in-forte-calo-lagroalimentare-della-ue\/\" \/>\n<meta property=\"og:site_name\" content=\"ItaliaEconomiaOnline\" \/>\n<meta property=\"article:published_time\" content=\"2020-07-28T12:00:45+00:00\" \/>\n<meta property=\"article:modified_time\" content=\"2020-07-28T09:46:15+00:00\" \/>\n<meta property=\"og:image\" content=\"https:\/\/www.italiaeconomiaonline.it\/web\/wp-content\/uploads\/2018\/07\/massimiliano-giansanti.jpg\" \/>\n\t<meta property=\"og:image:width\" content=\"626\" \/>\n\t<meta property=\"og:image:height\" content=\"512\" \/>\n\t<meta property=\"og:image:type\" content=\"image\/jpeg\" \/>\n<meta name=\"author\" content=\"ladyitaliaeconomia\" \/>\n<meta name=\"twitter:card\" content=\"summary_large_image\" \/>\n<meta name=\"twitter:label1\" content=\"Scritto da\" \/>\n\t<meta name=\"twitter:data1\" content=\"ladyitaliaeconomia\" \/>\n\t<meta name=\"twitter:label2\" content=\"Tempo di lettura stimato\" \/>\n\t<meta name=\"twitter:data2\" content=\"2 minuti\" \/>\n<script type=\"application\/ld+json\" class=\"yoast-schema-graph\">{\"@context\":\"https:\/\/schema.org\",\"@graph\":[{\"@type\":\"WebPage\",\"@id\":\"https:\/\/www.italiaeconomiaonline.it\/web\/export-giansanti-confagricoltura-in-forte-calo-lagroalimentare-della-ue\/\",\"url\":\"https:\/\/www.italiaeconomiaonline.it\/web\/export-giansanti-confagricoltura-in-forte-calo-lagroalimentare-della-ue\/\",\"name\":\"Export, Giansanti (Confagricoltura): In forte calo l'agroalimentare della UE -\",\"isPartOf\":{\"@id\":\"https:\/\/www.italiaeconomiaonline.it\/web\/#website\"},\"primaryImageOfPage\":{\"@id\":\"https:\/\/www.italiaeconomiaonline.it\/web\/export-giansanti-confagricoltura-in-forte-calo-lagroalimentare-della-ue\/#primaryimage\"},\"image\":{\"@id\":\"https:\/\/www.italiaeconomiaonline.it\/web\/export-giansanti-confagricoltura-in-forte-calo-lagroalimentare-della-ue\/#primaryimage\"},\"thumbnailUrl\":\"https:\/\/www.italiaeconomiaonline.it\/web\/wp-content\/uploads\/2018\/07\/massimiliano-giansanti.jpg\",\"datePublished\":\"2020-07-28T12:00:45+00:00\",\"dateModified\":\"2020-07-28T09:46:15+00:00\",\"author\":{\"@id\":\"https:\/\/www.italiaeconomiaonline.it\/web\/#\/schema\/person\/909a49cce752523b020fbc37d5ab1c31\"},\"breadcrumb\":{\"@id\":\"https:\/\/www.italiaeconomiaonline.it\/web\/export-giansanti-confagricoltura-in-forte-calo-lagroalimentare-della-ue\/#breadcrumb\"},\"inLanguage\":\"it-IT\",\"potentialAction\":[{\"@type\":\"ReadAction\",\"target\":[\"https:\/\/www.italiaeconomiaonline.it\/web\/export-giansanti-confagricoltura-in-forte-calo-lagroalimentare-della-ue\/\"]}]},{\"@type\":\"ImageObject\",\"inLanguage\":\"it-IT\",\"@id\":\"https:\/\/www.italiaeconomiaonline.it\/web\/export-giansanti-confagricoltura-in-forte-calo-lagroalimentare-della-ue\/#primaryimage\",\"url\":\"https:\/\/www.italiaeconomiaonline.it\/web\/wp-content\/uploads\/2018\/07\/massimiliano-giansanti.jpg\",\"contentUrl\":\"https:\/\/www.italiaeconomiaonline.it\/web\/wp-content\/uploads\/2018\/07\/massimiliano-giansanti.jpg\",\"width\":626,\"height\":512,\"caption\":\"Massimiliano Giansanti\"},{\"@type\":\"BreadcrumbList\",\"@id\":\"https:\/\/www.italiaeconomiaonline.it\/web\/export-giansanti-confagricoltura-in-forte-calo-lagroalimentare-della-ue\/#breadcrumb\",\"itemListElement\":[{\"@type\":\"ListItem\",\"position\":1,\"name\":\"Home\",\"item\":\"https:\/\/www.italiaeconomiaonline.it\/web\/\"},{\"@type\":\"ListItem\",\"position\":2,\"name\":\"Export, Giansanti (Confagricoltura): In forte calo l&#8217;agroalimentare della UE\"}]},{\"@type\":\"WebSite\",\"@id\":\"https:\/\/www.italiaeconomiaonline.it\/web\/#website\",\"url\":\"https:\/\/www.italiaeconomiaonline.it\/web\/\",\"name\":\"ItaliaEconomiaOnline\",\"description\":\"Quotidiano Economico Online\",\"potentialAction\":[{\"@type\":\"SearchAction\",\"target\":{\"@type\":\"EntryPoint\",\"urlTemplate\":\"https:\/\/www.italiaeconomiaonline.it\/web\/?s={search_term_string}\"},\"query-input\":\"required name=search_term_string\"}],\"inLanguage\":\"it-IT\"},{\"@type\":\"Person\",\"@id\":\"https:\/\/www.italiaeconomiaonline.it\/web\/#\/schema\/person\/909a49cce752523b020fbc37d5ab1c31\",\"name\":\"ladyitaliaeconomia\",\"image\":{\"@type\":\"ImageObject\",\"inLanguage\":\"it-IT\",\"@id\":\"https:\/\/www.italiaeconomiaonline.it\/web\/#\/schema\/person\/image\/\",\"url\":\"https:\/\/secure.gravatar.com\/avatar\/cedca10ce7416a579b9fa6bce9c0a8f2?s=96&d=mm&r=g\",\"contentUrl\":\"https:\/\/secure.gravatar.com\/avatar\/cedca10ce7416a579b9fa6bce9c0a8f2?s=96&d=mm&r=g\",\"caption\":\"ladyitaliaeconomia\"},\"url\":\"https:\/\/www.italiaeconomiaonline.it\/web\/author\/ladyitaliaeconomia\/\"}]}<\/script>\n<!-- \/ Yoast SEO plugin. -->","yoast_head_json":{"title":"Export, Giansanti (Confagricoltura): In forte calo l'agroalimentare della UE -","robots":{"index":"index","follow":"follow","max-snippet":"max-snippet:-1","max-image-preview":"max-image-preview:large","max-video-preview":"max-video-preview:-1"},"canonical":"https:\/\/www.italiaeconomiaonline.it\/web\/export-giansanti-confagricoltura-in-forte-calo-lagroalimentare-della-ue\/","og_locale":"it_IT","og_type":"article","og_title":"Export, Giansanti (Confagricoltura): In forte calo l'agroalimentare della UE -","og_description":"Forte calo delle esportazioni agroalimentari dell\u2019Unione europea a causa della pandemia Covid-19. Ad aprile, rende noto la Confagricoltura, si \u00e8 registrata una contrazione del 9% in valore rispetto allo stesso mese del 2019. \u201cE un dato preoccupante \u2013 dichiara il presidente di Confagricoltura Massimiliano Giansanti \u2013 destinato con tutta probabilit\u00e0 a peggiorare nelle prossime rilevazioni [&hellip;]","og_url":"https:\/\/www.italiaeconomiaonline.it\/web\/export-giansanti-confagricoltura-in-forte-calo-lagroalimentare-della-ue\/","og_site_name":"ItaliaEconomiaOnline","article_published_time":"2020-07-28T12:00:45+00:00","article_modified_time":"2020-07-28T09:46:15+00:00","og_image":[{"width":626,"height":512,"url":"https:\/\/www.italiaeconomiaonline.it\/web\/wp-content\/uploads\/2018\/07\/massimiliano-giansanti.jpg","type":"image\/jpeg"}],"author":"ladyitaliaeconomia","twitter_card":"summary_large_image","twitter_misc":{"Scritto da":"ladyitaliaeconomia","Tempo di lettura stimato":"2 minuti"},"schema":{"@context":"https:\/\/schema.org","@graph":[{"@type":"WebPage","@id":"https:\/\/www.italiaeconomiaonline.it\/web\/export-giansanti-confagricoltura-in-forte-calo-lagroalimentare-della-ue\/","url":"https:\/\/www.italiaeconomiaonline.it\/web\/export-giansanti-confagricoltura-in-forte-calo-lagroalimentare-della-ue\/","name":"Export, Giansanti (Confagricoltura): In forte calo l'agroalimentare della UE -","isPartOf":{"@id":"https:\/\/www.italiaeconomiaonline.it\/web\/#website"},"primaryImageOfPage":{"@id":"https:\/\/www.italiaeconomiaonline.it\/web\/export-giansanti-confagricoltura-in-forte-calo-lagroalimentare-della-ue\/#primaryimage"},"image":{"@id":"https:\/\/www.italiaeconomiaonline.it\/web\/export-giansanti-confagricoltura-in-forte-calo-lagroalimentare-della-ue\/#primaryimage"},"thumbnailUrl":"https:\/\/www.italiaeconomiaonline.it\/web\/wp-content\/uploads\/2018\/07\/massimiliano-giansanti.jpg","datePublished":"2020-07-28T12:00:45+00:00","dateModified":"2020-07-28T09:46:15+00:00","author":{"@id":"https:\/\/www.italiaeconomiaonline.it\/web\/#\/schema\/person\/909a49cce752523b020fbc37d5ab1c31"},"breadcrumb":{"@id":"https:\/\/www.italiaeconomiaonline.it\/web\/export-giansanti-confagricoltura-in-forte-calo-lagroalimentare-della-ue\/#breadcrumb"},"inLanguage":"it-IT","potentialAction":[{"@type":"ReadAction","target":["https:\/\/www.italiaeconomiaonline.it\/web\/export-giansanti-confagricoltura-in-forte-calo-lagroalimentare-della-ue\/"]}]},{"@type":"ImageObject","inLanguage":"it-IT","@id":"https:\/\/www.italiaeconomiaonline.it\/web\/export-giansanti-confagricoltura-in-forte-calo-lagroalimentare-della-ue\/#primaryimage","url":"https:\/\/www.italiaeconomiaonline.it\/web\/wp-content\/uploads\/2018\/07\/massimiliano-giansanti.jpg","contentUrl":"https:\/\/www.italiaeconomiaonline.it\/web\/wp-content\/uploads\/2018\/07\/massimiliano-giansanti.jpg","width":626,"height":512,"caption":"Massimiliano Giansanti"},{"@type":"BreadcrumbList","@id":"https:\/\/www.italiaeconomiaonline.it\/web\/export-giansanti-confagricoltura-in-forte-calo-lagroalimentare-della-ue\/#breadcrumb","itemListElement":[{"@type":"ListItem","position":1,"name":"Home","item":"https:\/\/www.italiaeconomiaonline.it\/web\/"},{"@type":"ListItem","position":2,"name":"Export, Giansanti (Confagricoltura): In forte calo l&#8217;agroalimentare della UE"}]},{"@type":"WebSite","@id":"https:\/\/www.italiaeconomiaonline.it\/web\/#website","url":"https:\/\/www.italiaeconomiaonline.it\/web\/","name":"ItaliaEconomiaOnline","description":"Quotidiano Economico Online","potentialAction":[{"@type":"SearchAction","target":{"@type":"EntryPoint","urlTemplate":"https:\/\/www.italiaeconomiaonline.it\/web\/?s={search_term_string}"},"query-input":"required name=search_term_string"}],"inLanguage":"it-IT"},{"@type":"Person","@id":"https:\/\/www.italiaeconomiaonline.it\/web\/#\/schema\/person\/909a49cce752523b020fbc37d5ab1c31","name":"ladyitaliaeconomia","image":{"@type":"ImageObject","inLanguage":"it-IT","@id":"https:\/\/www.italiaeconomiaonline.it\/web\/#\/schema\/person\/image\/","url":"https:\/\/secure.gravatar.com\/avatar\/cedca10ce7416a579b9fa6bce9c0a8f2?s=96&d=mm&r=g","contentUrl":"https:\/\/secure.gravatar.com\/avatar\/cedca10ce7416a579b9fa6bce9c0a8f2?s=96&d=mm&r=g","caption":"ladyitaliaeconomia"},"url":"https:\/\/www.italiaeconomiaonline.it\/web\/author\/ladyitaliaeconomia\/"}]}},"_links":{"self":[{"href":"https:\/\/www.italiaeconomiaonline.it\/web\/wp-json\/wp\/v2\/posts\/3795"}],"collection":[{"href":"https:\/\/www.italiaeconomiaonline.it\/web\/wp-json\/wp\/v2\/posts"}],"about":[{"href":"https:\/\/www.italiaeconomiaonline.it\/web\/wp-json\/wp\/v2\/types\/post"}],"author":[{"embeddable":true,"href":"https:\/\/www.italiaeconomiaonline.it\/web\/wp-json\/wp\/v2\/users\/1"}],"replies":[{"embeddable":true,"href":"https:\/\/www.italiaeconomiaonline.it\/web\/wp-json\/wp\/v2\/comments?post=3795"}],"version-history":[{"count":1,"href":"https:\/\/www.italiaeconomiaonline.it\/web\/wp-json\/wp\/v2\/posts\/3795\/revisions"}],"predecessor-version":[{"id":3796,"href":"https:\/\/www.italiaeconomiaonline.it\/web\/wp-json\/wp\/v2\/posts\/3795\/revisions\/3796"}],"wp:featuredmedia":[{"embeddable":true,"href":"https:\/\/www.italiaeconomiaonline.it\/web\/wp-json\/wp\/v2\/media\/177"}],"wp:attachment":[{"href":"https:\/\/www.italiaeconomiaonline.it\/web\/wp-json\/wp\/v2\/media?parent=3795"}],"wp:term":[{"taxonomy":"category","embeddable":true,"href":"https:\/\/www.italiaeconomiaonline.it\/web\/wp-json\/wp\/v2\/categories?post=3795"},{"taxonomy":"post_tag","embeddable":true,"href":"https:\/\/www.italiaeconomiaonline.it\/web\/wp-json\/wp\/v2\/tags?post=3795"}],"curies":[{"name":"wp","href":"https:\/\/api.w.org\/{rel}","templated":true}]}}